{"id":823511,"date":"2019-05-24T11:54:40","date_gmt":"2019-05-24T09:54:40","guid":{"rendered":"https:\/\/www.varesenews.it\/?p=823511"},"modified":"2019-05-24T11:56:20","modified_gmt":"2019-05-24T09:56:20","slug":"elena-cecconi-concerto-al-camelot","status":"publish","type":"post","link":"https:\/\/staging.varesenews.it\/2019\/05\/elena-cecconi-concerto-al-camelot\/823511\/","title":{"rendered":"Elena Cecconi in concerto al Camelot"},"content":{"rendered":"<p>Alla <strong>3SG Camelot\u00a0di Gallarat<\/strong>e, va in scena<strong> l\u2019ultimo appuntamento della stagione \u201cDonatori di musica Gallarate 2018-19\u201d<\/strong> sotto la direzione artistica di Lorenzo Bovitutti.<u><\/u><u><\/u><\/p>\n<p>Venerd\u00ec 24 maggio alle 17,00 toccher\u00e0 al flauto traverso di<strong> Elena Cecconi<\/strong> chiudere un cartellone che ha regalato momenti di grande entusiasmo, forti emozioni e incredibili sorprese.<u><\/u><u><\/u><\/p>\n<p>Per l\u2019ultimo concerto dell\u2019anno ci aspetta un recital di grande impatto, vista la prestigiosa artista che ne \u00e8 interprete: <b>Elena Cecconi <\/b>\u00e8 infatti una concertista di fama internazionale, solista di grande scuola e sensibilit\u00e0, presente nei cartelloni dei pi\u00f9 importanti enti musicali del mondo.\u00a0<u><\/u><u><\/u><\/p>\n<p>Diplomata in Italia con il massimo dei voti con A.Pucello, ha seguito i corsi a Salisburgo con K.H.Zoeller, e si \u00e8 poi perfezionata con W.Schulz presso la Hochschule f\u00fcr Musik di Vienna. Vincitrice di numerosi Concorsi come Palmi, Caltanissetta, presso Orchestre Sinfoniche e Liriche e quello Internazionale dell&#8217;Orchestra Sinfonica dalla Gali\u00e7ia (Spagna), \u00e8 stata Primo Flauto Solista dell&#8217;Orchestra Sinfonica Siciliana ed ha poi collaborato come Primo Flauto\u00a0 con\u00a0 La Fenice di Venezia, &#8220;Toscanini&#8221; di Parma, Teatro Olimpico di Vicenza.<u><\/u><u><\/u><\/p>\n<p>Come solista ha suonato diretta da Maestri quali G.Ferro, H.Soudant, M.Boder\u00a0 U.B.Michelangeli ed altri,\u00a0 con importanti Orchestre esibendosi in molte citt\u00e0\u00a0 e famose sale italiane e\u00a0 straniere, come in Germania, Austria, Norvegia, Francia, Albania, Grecia, Svizzera, Polonia, Turchia, Russia, Spagna, Giappone, Brasile, Argentina, Costarica, Thailandia, Hong Kong-China, Stati Uniti. Nel 1996 ha fondato l&#8217;Ensemble &#8220;La Variazione&#8221; con tourn\u00e9es in Italia, Svizzera, Giappone, Stati Uniti. Inoltre ha fondato il SoulSight duo con il violoncellista Domenico Ermirio e fa parte del progetto \u201cIl Cuore che pensa\u201d con il piano duo Biondi-Brunialti, e Laura Trimarchi e Carmen Pupillo, attrice e vocalist, con tour in Europa ed Hong Kong. Ha in attivo incisioni discografiche internazionali 5 stelle, come solista per Edipan, Ricordi, Bayer Records, Clarinet Classics,Talent Records, Tactus Records, Brilliant, La Bottega Discantica, Urania records. Elena \u00e8 titolare della Cattedra di\u00a0 Flauto al Conservatorio N. Paganini di Genova, dove inoltre dirige e coordina The Joyful Flute Ensemble, da lei fondato, ed ha tenuto MasterClasses presso altri Conservatori e presso Valtidone International Summer Camp-Italia, Assisi UmbriaEstate, Lurisia Terme. Elena collabora con il Festival Gazzelloni di Roccasecca. Ha tenuto Masterclasses e recitals in Turchia, Grecia e presso la Hochschule f\u00fcr Musik &#8220;F. Liszt&#8221;\u00a0 a Weimar, Musik Akademie di Osnabr\u00fcck\u00a0 (Germania), l&#8217;Accademia Musicale di Cracovia ed il Conservatorio Superior de Alicante, Valencia, La Coru\u00f1a,\u00a0 Las Palmas de Gran Canaria &#8211; Spagna; Conservatorio Superiore di Lisbona, Universita di Aveiro &#8211; Portogallo. Tiene Master Classes e\u00a0 Recitals presso Universit\u00e0 in Europa, Sudamerica ( Brasile, Argentina, Costarica), Stati Uniti. Partecipa a numerosi Flute Festival e Convention Internazionali come guest artist. Elena ha fatto parte della Giuria al Mozart International Competition di Berlino ed al Concorso Internazionale Rospigliosi.<u><\/u><u><\/u><\/p>\n<p>Elena Cecconi \u00e8 Dama Magistrale dei Cavalieri di Malta.\u00a0<u><\/u><u><\/u><\/p>\n<p>Suona un flauto Haynes d&#8217;oro 14 K appartenuto a Severino Gazzelloni.<u><\/u><u><\/u><\/p>\n<p>Il Presidente di 3SG dott. Giacomo Peroni, insieme a tutto il Camelot ed al M\u00b0 Lorenzo Bovitutti ringraziano tutti coloro che hanno partecipato a questa Prima Stagione dei \u201cDonatori di Musica\u201d, con un arrivederci all\u2019anno prossimo.<\/p>\n","protected":false},"excerpt":{"rendered":"<p>L&#8217;ultimo appuntamento del cartellone di appuntamenti musicali &#8220;Donatori di musica&#8221;<\/p>\n","protected":false},"author":46,"featured_media":0,"comment_status":"open","ping_status":"open","sticky":false,"template":"","format":"standard","meta":{"footnotes":""},"categories":[3,21],"tags":[573,41324],"acf":[],"yoast_head":"<!-- This site is optimized with the Yoast SEO plugin v20.1 - https:\/\/yoast.com\/wordpress\/plugins\/seo\/ -->\n<title>Elena Cecconi in concerto al Camelot<\/title>\n<meta name=\"description\" content=\"L&#039;ultimo appuntamento del cartellone di appuntamenti musicali &quot;Donatori di musica&quot;\" \/>\n<meta name=\"robots\" content=\"noindex, follow, max-snippet:-1, max-image-preview:large, max-video-preview:-1\" \/>\n<meta property=\"og:locale\" content=\"it_IT\" \/>\n<meta property=\"og:type\" content=\"article\" \/>\n<meta property=\"og:title\" content=\"Elena Cecconi in concerto al Camelot\" \/>\n<meta property=\"og:description\" content=\"L&#039;ultimo appuntamento del cartellone di appuntamenti musicali &quot;Donatori di musica&quot;\" \/>\n<meta property=\"og:url\" content=\"https:\/\/staging.varesenews.it\/2019\/05\/elena-cecconi-concerto-al-camelot\/823511\/\" \/>\n<meta property=\"og:site_name\" content=\"VareseNews\" \/>\n<meta property=\"article:publisher\" content=\"https:\/\/www.facebook.com\/varesenews\" \/>\n<meta property=\"article:published_time\" content=\"2019-05-24T09:54:40+00:00\" \/>\n<meta property=\"article:modified_time\" content=\"2019-05-24T09:56:20+00:00\" \/>\n<meta name=\"author\" content=\"Roberto Morandi\" \/>\n<meta name=\"twitter:card\" content=\"summary_large_image\" \/>\n<meta name=\"twitter:creator\" content=\"@ilmorands\" \/>\n<meta name=\"twitter:site\" content=\"@varesenews\" \/>\n<meta name=\"twitter:label1\" content=\"Scritto da\" \/>\n\t<meta name=\"twitter:data1\" content=\"Roberto Morandi\" \/>\n\t<meta name=\"twitter:label2\" content=\"Tempo di lettura stimato\" \/>\n\t<meta name=\"twitter:data2\" content=\"3 minuti\" \/>\n<script type=\"application\/ld+json\" class=\"yoast-schema-graph\">{\"@context\":\"https:\/\/schema.org\",\"@graph\":[{\"@type\":\"WebPage\",\"@id\":\"https:\/\/staging.varesenews.it\/2019\/05\/elena-cecconi-concerto-al-camelot\/823511\/\",\"url\":\"https:\/\/staging.varesenews.it\/2019\/05\/elena-cecconi-concerto-al-camelot\/823511\/\",\"name\":\"Elena Cecconi in concerto al Camelot\",\"isPartOf\":{\"@id\":\"https:\/\/staging.varesenews.it\/#website\"},\"datePublished\":\"2019-05-24T09:54:40+00:00\",\"dateModified\":\"2019-05-24T09:56:20+00:00\",\"author\":{\"@id\":\"https:\/\/staging.varesenews.it\/#\/schema\/person\/efe592ae4c76536b551f89d8b6674bc3\"},\"description\":\"L'ultimo appuntamento del cartellone di appuntamenti musicali \\\"Donatori di musica\\\"\",\"breadcrumb\":{\"@id\":\"https:\/\/staging.varesenews.it\/2019\/05\/elena-cecconi-concerto-al-camelot\/823511\/#breadcrumb\"},\"inLanguage\":\"it-IT\",\"potentialAction\":[{\"@type\":\"ReadAction\",\"target\":[\"https:\/\/staging.varesenews.it\/2019\/05\/elena-cecconi-concerto-al-camelot\/823511\/\"]}]},{\"@type\":\"BreadcrumbList\",\"@id\":\"https:\/\/staging.varesenews.it\/2019\/05\/elena-cecconi-concerto-al-camelot\/823511\/#breadcrumb\",\"itemListElement\":[{\"@type\":\"ListItem\",\"position\":1,\"name\":\"Home\",\"item\":\"https:\/\/www.varesenews.it\/\"},{\"@type\":\"ListItem\",\"position\":2,\"name\":\"Elena Cecconi in concerto al Camelot\"}]},{\"@type\":\"WebSite\",\"@id\":\"https:\/\/staging.varesenews.it\/#website\",\"url\":\"https:\/\/staging.varesenews.it\/\",\"name\":\"VareseNews\",\"description\":\"\",\"potentialAction\":[{\"@type\":\"SearchAction\",\"target\":{\"@type\":\"EntryPoint\",\"urlTemplate\":\"https:\/\/staging.varesenews.it\/?s={search_term_string}\"},\"query-input\":\"required name=search_term_string\"}],\"inLanguage\":\"it-IT\"},{\"@type\":\"Person\",\"@id\":\"https:\/\/staging.varesenews.it\/#\/schema\/person\/efe592ae4c76536b551f89d8b6674bc3\",\"name\":\"Roberto Morandi\",\"image\":{\"@type\":\"ImageObject\",\"inLanguage\":\"it-IT\",\"@id\":\"https:\/\/staging.varesenews.it\/#\/schema\/person\/image\/\",\"url\":\"https:\/\/staging.varesenews.it\/wp-content\/uploads\/2020\/12\/roberto_morandi_colori_500.jpg\",\"contentUrl\":\"https:\/\/staging.varesenews.it\/wp-content\/uploads\/2020\/12\/roberto_morandi_colori_500.jpg\",\"caption\":\"Roberto Morandi\"},\"description\":\"Classe 1980, laureato in storia, mi occupo dell&rsquo;area di Gallarate e di Malpensa, di trasporti e mobilit&agrave;. Amo molto la dimensione della citt&agrave;, come luogo d&rsquo;incontro di persone diverse e come organismo che si trasforma costantemente. Mi piace anche raccontare le piccole e grandi vicende, anche locali, che compongono la Storia con la S maiuscola. Appassionato di bicicletta: la macchina perfetta per muoversi in citt&agrave; e per viaggiare.\",\"sameAs\":[\"https:\/\/twitter.com\/ilmorands\"],\"url\":\"https:\/\/staging.varesenews.it\/persona\/roberto-morandi1\/\"}]}<\/script>\n<!-- \/ Yoast SEO plugin. -->","yoast_head_json":{"title":"Elena Cecconi in concerto al Camelot","description":"L'ultimo appuntamento del cartellone di appuntamenti musicali \"Donatori di musica\"","robots":{"index":"noindex","follow":"follow","max-snippet":"max-snippet:-1","max-image-preview":"max-image-preview:large","max-video-preview":"max-video-preview:-1"},"og_locale":"it_IT","og_type":"article","og_title":"Elena Cecconi in concerto al Camelot","og_description":"L'ultimo appuntamento del cartellone di appuntamenti musicali \"Donatori di musica\"","og_url":"https:\/\/staging.varesenews.it\/2019\/05\/elena-cecconi-concerto-al-camelot\/823511\/","og_site_name":"VareseNews","article_publisher":"https:\/\/www.facebook.com\/varesenews","article_published_time":"2019-05-24T09:54:40+00:00","article_modified_time":"2019-05-24T09:56:20+00:00","author":"Roberto Morandi","twitter_card":"summary_large_image","twitter_creator":"@ilmorands","twitter_site":"@varesenews","twitter_misc":{"Scritto da":"Roberto Morandi","Tempo di lettura stimato":"3 minuti"},"schema":{"@context":"https:\/\/schema.org","@graph":[{"@type":"WebPage","@id":"https:\/\/staging.varesenews.it\/2019\/05\/elena-cecconi-concerto-al-camelot\/823511\/","url":"https:\/\/staging.varesenews.it\/2019\/05\/elena-cecconi-concerto-al-camelot\/823511\/","name":"Elena Cecconi in concerto al Camelot","isPartOf":{"@id":"https:\/\/staging.varesenews.it\/#website"},"datePublished":"2019-05-24T09:54:40+00:00","dateModified":"2019-05-24T09:56:20+00:00","author":{"@id":"https:\/\/staging.varesenews.it\/#\/schema\/person\/efe592ae4c76536b551f89d8b6674bc3"},"description":"L'ultimo appuntamento del cartellone di appuntamenti musicali \"Donatori di musica\"","breadcrumb":{"@id":"https:\/\/staging.varesenews.it\/2019\/05\/elena-cecconi-concerto-al-camelot\/823511\/#breadcrumb"},"inLanguage":"it-IT","potentialAction":[{"@type":"ReadAction","target":["https:\/\/staging.varesenews.it\/2019\/05\/elena-cecconi-concerto-al-camelot\/823511\/"]}]},{"@type":"BreadcrumbList","@id":"https:\/\/staging.varesenews.it\/2019\/05\/elena-cecconi-concerto-al-camelot\/823511\/#breadcrumb","itemListElement":[{"@type":"ListItem","position":1,"name":"Home","item":"https:\/\/www.varesenews.it\/"},{"@type":"ListItem","position":2,"name":"Elena Cecconi in concerto al Camelot"}]},{"@type":"WebSite","@id":"https:\/\/staging.varesenews.it\/#website","url":"https:\/\/staging.varesenews.it\/","name":"VareseNews","description":"","potentialAction":[{"@type":"SearchAction","target":{"@type":"EntryPoint","urlTemplate":"https:\/\/staging.varesenews.it\/?s={search_term_string}"},"query-input":"required name=search_term_string"}],"inLanguage":"it-IT"},{"@type":"Person","@id":"https:\/\/staging.varesenews.it\/#\/schema\/person\/efe592ae4c76536b551f89d8b6674bc3","name":"Roberto Morandi","image":{"@type":"ImageObject","inLanguage":"it-IT","@id":"https:\/\/staging.varesenews.it\/#\/schema\/person\/image\/","url":"https:\/\/staging.varesenews.it\/wp-content\/uploads\/2020\/12\/roberto_morandi_colori_500.jpg","contentUrl":"https:\/\/staging.varesenews.it\/wp-content\/uploads\/2020\/12\/roberto_morandi_colori_500.jpg","caption":"Roberto Morandi"},"description":"Classe 1980, laureato in storia, mi occupo dell&rsquo;area di Gallarate e di Malpensa, di trasporti e mobilit&agrave;. Amo molto la dimensione della citt&agrave;, come luogo d&rsquo;incontro di persone diverse e come organismo che si trasforma costantemente. Mi piace anche raccontare le piccole e grandi vicende, anche locali, che compongono la Storia con la S maiuscola. Appassionato di bicicletta: la macchina perfetta per muoversi in citt&agrave; e per viaggiare.","sameAs":["https:\/\/twitter.com\/ilmorands"],"url":"https:\/\/staging.varesenews.it\/persona\/roberto-morandi1\/"}]}},"post_meta":{"_edit_lock":"1558692873:46","_edit_last":"46","_category_permalink":"a:1:{s:8:\"category\";s:1:\"3\";}","ratings_users":"0","ratings_score":"0","ratings_average":"0","foto":"567314","firma_come_redazione":"1","argomento":"Gallarate","_yoast_wpseo_content_score":"30","_jd_tweet_this":"yes","_wpt_short_url":"https:\/\/www.varesenews.it\/2019\/05\/gli-allievi-del-puccini-concerto-al-camelot\/823511\/","_wp_jd_target":"https:\/\/www.varesenews.it\/2019\/05\/gli-allievi-del-puccini-concerto-al-camelot\/823511\/","_jd_wp_twitter":"a:1:{i:0;s:157:\"Gli allievi del Puccini in concerto al Camelot https:\/\/www.varesenews.it\/2019\/05\/gli-allievi-del-puccini-concerto-al-camelot\/823511\/ #3SG #gallarate #weekend\";}","_wpt_status_message":"Tweet inviato con successo.","_wp_old_slug":"gli-allievi-del-puccini-concerto-al-camelot"},"photos":[{"original":"https:\/\/staging.varesenews.it\/photogallery_new\/images\/2016\/09\/gallarate-generico-567314.jpg","full":"https:\/\/staging.varesenews.it\/photogallery_new\/images\/2016\/09\/gallarate-generico-567314.1024x768.jpg","large":"https:\/\/staging.varesenews.it\/photogallery_new\/images\/2016\/09\/gallarate-generico-567314.610x431.jpg"}],"_links":{"self":[{"href":"https:\/\/staging.varesenews.it\/swgapi\/v1\/wp\/v2\/posts\/823511"}],"collection":[{"href":"https:\/\/staging.varesenews.it\/swgapi\/v1\/wp\/v2\/posts"}],"about":[{"href":"https:\/\/staging.varesenews.it\/swgapi\/v1\/wp\/v2\/types\/post"}],"author":[{"embeddable":true,"href":"https:\/\/staging.varesenews.it\/swgapi\/v1\/wp\/v2\/users\/46"}],"replies":[{"embeddable":true,"href":"https:\/\/staging.varesenews.it\/swgapi\/v1\/wp\/v2\/comments?post=823511"}],"version-history":[{"count":0,"href":"https:\/\/staging.varesenews.it\/swgapi\/v1\/wp\/v2\/posts\/823511\/revisions"}],"wp:attachment":[{"href":"https:\/\/staging.varesenews.it\/swgapi\/v1\/wp\/v2\/media?parent=823511"}],"wp:term":[{"taxonomy":"category","embeddable":true,"href":"https:\/\/staging.varesenews.it\/swgapi\/v1\/wp\/v2\/categories?post=823511"},{"taxonomy":"post_tag","embeddable":true,"href":"https:\/\/staging.varesenews.it\/swgapi\/v1\/wp\/v2\/tags?post=823511"}],"curies":[{"name":"wp","href":"https:\/\/api.w.org\/{rel}","templated":true}]}}