{"id":823836,"date":"2019-05-25T15:47:29","date_gmt":"2019-05-25T13:47:29","guid":{"rendered":"https:\/\/www.varesenews.it\/?p=823836"},"modified":"2019-05-25T15:47:29","modified_gmt":"2019-05-25T13:47:29","slug":"vuoi-mercato-varese-sondaggio-del-comune","status":"publish","type":"post","link":"https:\/\/staging.varesenews.it\/2019\/05\/vuoi-mercato-varese-sondaggio-del-comune\/823836\/","title":{"rendered":"Dove vuoi il mercato a Varese? Sondaggio del Comune"},"content":{"rendered":"<p style=\"font-weight: 400;\"><strong>Mercato di Varese: tu dove lo vorresti?<\/strong> Il <strong>Comune di Varese chiede ai cittadini di esprimere la propria preferenza<\/strong> attraverso un sondaggio messo online questa mattina, sabato 25 maggio.<\/p>\n<p><strong>Tre le opzioni tra cui scegliere<\/strong>: spostamento con un mercato giornaliero in piazza della Repubblica, oppure trasferimento in un&#8217;area vasta fuori dal centro citt\u00e0 e infine, la terza soluzione proposta, \u00e8 la realizzazione di pi\u00f9 mercati, con dimensione ed offerta equivalente, diffusi nei quartieri e nei rioni. La consultazione online si potr\u00e0 trovare a questo link:\u00a0<a href=\"http:\/\/bit.ly\/MercatoKennedyVA\" data-saferedirecturl=\"https:\/\/www.google.com\/url?q=http:\/\/bit.ly\/MercatoKennedyVA&amp;source=gmail&amp;ust=1558869384796000&amp;usg=AFQjCNHzQTzs6sqDMSX_VhcQ3mhDdGNVeg\">bit.ly\/MercatoKennedyVA.<br \/>\n<\/a>Per esprimere la propria preferenza baster\u00e0 inserire la propria mail e poi procedere alla scelta.<\/p>\n<p style=\"font-weight: 400;\">Il sondaggio arriva dopo che nei giorni scorsi si sono svolti gli <strong>incontri tra amministrazione e commercianti, coloro che effettivamente dovranno scegliere e avranno l\u2019ultima parola tra le tre opzioni <\/strong>che il Comune di Varese ha presentato ai responsabili degli ambulanti; tra un anno infatti, complice il via ai lavori del Piano stazioni in piazzale Kennedy, servir\u00e0 trovare una nuova casa per gli esercenti.<\/p>\n<p style=\"font-weight: 400;\">&#8220;Questo trasferimento \u00e8 un argomento molto importante e delicato ma sta anche suscitando molto interesse tra i cittadini &#8211; <strong>afferma l&#8217;assessore alle Attivit\u00e0 produttive<\/strong>\u00a0<strong>Ivana Perusin<\/strong>&#8211; segno che il nostro mercato \u00e8 amato e apprezzato dai varesini. Per questo, a titolo consultivo e per ampliare la partecipazione, abbiamo voluto realizzare questo sondaggio anche come aiuto alla scelta che dovranno fare i commercianti coinvolti. <strong>Sar\u00e0 molto interessante infatti avere un\u2019idea di cosa i varesini preferiscono tra le opzioni in campo e per il futuro del nostro mercato<\/strong>\u201d.<\/p>\n<p style=\"font-weight: 400;\"><strong>\u00a0<\/strong><strong>Cosa prevedono le tre opzioni:<\/strong><\/p>\n<p style=\"font-weight: 400;\">Il trasferimento in piazza Repubblica \u2013 dove il numero degli stalli \u00e8 inferiore rispetto a piazzale Kennedy \u2013 comporterebbe un potenziamento dei tre giorni attualmente a disposizione degli esercenti, che verrebbero innalzati a cinque. Altra strada sarebbe quella dei mercati rionali; qui il vantaggio sarebbe quello di rendere pi\u00f9 vivi i quartieri. Infine la possibilit\u00e0 di lasciare il centro cittadino, per concentrare le attivit\u00e0 su una zona pi\u00f9 periferica ben collegata, nelle vicinanze di arterie viarie, e trasformarla in un nuovo polo commerciale.<\/p>\n<blockquote class=\"wp-embedded-content\" data-secret=\"QlKCMeIFDB\"><p><a href=\"https:\/\/www.varesenews.it\/2019\/05\/le-alternative-al-mercato-piazzale-kennedy\/822619\/\">Il mercato si sposta: ecco le alternative a piazzale Kennedy<\/a><\/p><\/blockquote>\n<p><iframe class=\"wp-embedded-content\" sandbox=\"allow-scripts\" security=\"restricted\" style=\"position: absolute; clip: rect(1px, 1px, 1px, 1px);\" src=\"https:\/\/www.varesenews.it\/2019\/05\/le-alternative-al-mercato-piazzale-kennedy\/822619\/embed\/#?secret=QlKCMeIFDB\" data-secret=\"QlKCMeIFDB\" width=\"500\" height=\"282\" title=\"&#8220;Il mercato si sposta: ecco le alternative a piazzale Kennedy&#8221; &#8212; VareseNews\" frameborder=\"0\" marginwidth=\"0\" marginheight=\"0\" scrolling=\"no\"><\/iframe><\/p>\n","protected":false},"excerpt":{"rendered":"<p>L&#8217;amministrazione  di Varese chiede ai cittadini di esprimere la propria preferenza attraverso un questionario messo online. Ecco come votare e quali sono le alternative<\/p>\n","protected":false},"author":49,"featured_media":0,"comment_status":"open","ping_status":"open","sticky":false,"template":"","format":"standard","meta":{"footnotes":""},"categories":[2],"tags":[84742,89358,25219],"acf":[],"yoast_head":"<!-- This site is optimized with the Yoast SEO plugin v20.1 - https:\/\/yoast.com\/wordpress\/plugins\/seo\/ -->\n<title>Dove vuoi il mercato a Varese? Sondaggio del Comune<\/title>\n<meta name=\"description\" content=\"L&#039;amministrazione di Varese chiede ai cittadini di esprimere la propria preferenza attraverso un questionario messo online. Ecco come votare e quali sono le alternative\" \/>\n<meta name=\"robots\" content=\"noindex, follow, max-snippet:-1, max-image-preview:large, max-video-preview:-1\" \/>\n<meta property=\"og:locale\" content=\"it_IT\" \/>\n<meta property=\"og:type\" content=\"article\" \/>\n<meta property=\"og:title\" content=\"Dove vuoi il mercato a Varese? Sondaggio del Comune\" \/>\n<meta property=\"og:description\" content=\"L&#039;amministrazione di Varese chiede ai cittadini di esprimere la propria preferenza attraverso un questionario messo online. Ecco come votare e quali sono le alternative\" \/>\n<meta property=\"og:url\" content=\"https:\/\/staging.varesenews.it\/2019\/05\/vuoi-mercato-varese-sondaggio-del-comune\/823836\/\" \/>\n<meta property=\"og:site_name\" content=\"VareseNews\" \/>\n<meta property=\"article:publisher\" content=\"https:\/\/www.facebook.com\/varesenews\" \/>\n<meta property=\"article:author\" content=\"https:\/\/www.facebook.com\/roberta.bertolini.9\" \/>\n<meta property=\"article:published_time\" content=\"2019-05-25T13:47:29+00:00\" \/>\n<meta name=\"author\" content=\"Roberta Bertolini\" \/>\n<meta name=\"twitter:card\" content=\"summary_large_image\" \/>\n<meta name=\"twitter:creator\" content=\"@robybertolini\" \/>\n<meta name=\"twitter:site\" content=\"@varesenews\" \/>\n<meta name=\"twitter:label1\" content=\"Scritto da\" \/>\n\t<meta name=\"twitter:data1\" content=\"Roberta Bertolini\" \/>\n\t<meta name=\"twitter:label2\" content=\"Tempo di lettura stimato\" \/>\n\t<meta name=\"twitter:data2\" content=\"2 minuti\" \/>\n<script type=\"application\/ld+json\" class=\"yoast-schema-graph\">{\"@context\":\"https:\/\/schema.org\",\"@graph\":[{\"@type\":\"WebPage\",\"@id\":\"https:\/\/staging.varesenews.it\/2019\/05\/vuoi-mercato-varese-sondaggio-del-comune\/823836\/\",\"url\":\"https:\/\/staging.varesenews.it\/2019\/05\/vuoi-mercato-varese-sondaggio-del-comune\/823836\/\",\"name\":\"Dove vuoi il mercato a Varese? Sondaggio del Comune\",\"isPartOf\":{\"@id\":\"https:\/\/staging.varesenews.it\/#website\"},\"datePublished\":\"2019-05-25T13:47:29+00:00\",\"dateModified\":\"2019-05-25T13:47:29+00:00\",\"author\":{\"@id\":\"https:\/\/staging.varesenews.it\/#\/schema\/person\/58fbd3e567d5c00f0a64d5137fef3e68\"},\"description\":\"L'amministrazione di Varese chiede ai cittadini di esprimere la propria preferenza attraverso un questionario messo online. Ecco come votare e quali sono le alternative\",\"breadcrumb\":{\"@id\":\"https:\/\/staging.varesenews.it\/2019\/05\/vuoi-mercato-varese-sondaggio-del-comune\/823836\/#breadcrumb\"},\"inLanguage\":\"it-IT\",\"potentialAction\":[{\"@type\":\"ReadAction\",\"target\":[\"https:\/\/staging.varesenews.it\/2019\/05\/vuoi-mercato-varese-sondaggio-del-comune\/823836\/\"]}]},{\"@type\":\"BreadcrumbList\",\"@id\":\"https:\/\/staging.varesenews.it\/2019\/05\/vuoi-mercato-varese-sondaggio-del-comune\/823836\/#breadcrumb\",\"itemListElement\":[{\"@type\":\"ListItem\",\"position\":1,\"name\":\"Home\",\"item\":\"https:\/\/www.varesenews.it\/\"},{\"@type\":\"ListItem\",\"position\":2,\"name\":\"Dove vuoi il mercato a Varese? Sondaggio del Comune\"}]},{\"@type\":\"WebSite\",\"@id\":\"https:\/\/staging.varesenews.it\/#website\",\"url\":\"https:\/\/staging.varesenews.it\/\",\"name\":\"VareseNews\",\"description\":\"\",\"potentialAction\":[{\"@type\":\"SearchAction\",\"target\":{\"@type\":\"EntryPoint\",\"urlTemplate\":\"https:\/\/staging.varesenews.it\/?s={search_term_string}\"},\"query-input\":\"required name=search_term_string\"}],\"inLanguage\":\"it-IT\"},{\"@type\":\"Person\",\"@id\":\"https:\/\/staging.varesenews.it\/#\/schema\/person\/58fbd3e567d5c00f0a64d5137fef3e68\",\"name\":\"Roberta Bertolini\",\"image\":{\"@type\":\"ImageObject\",\"inLanguage\":\"it-IT\",\"@id\":\"https:\/\/staging.varesenews.it\/#\/schema\/person\/image\/\",\"url\":\"https:\/\/staging.varesenews.it\/wp-content\/uploads\/2020\/12\/roberta_bertolini_colori_500.jpg\",\"contentUrl\":\"https:\/\/staging.varesenews.it\/wp-content\/uploads\/2020\/12\/roberta_bertolini_colori_500.jpg\",\"caption\":\"Roberta Bertolini\"},\"description\":\"Giornalista professionista dal 1991, sono passata, ormai molti anni fa, dalla carta al web. Oggi mi occupo di cronaca locale e guardo con curiosit&agrave; ed attenzione il mondo dei social. Parlo poco, ascolto molto.\",\"sameAs\":[\"https:\/\/www.facebook.com\/roberta.bertolini.9\",\"bettabertolini\",\"https:\/\/www.linkedin.com\/hp\/?dnr=v9e-Gp7a6_oxqTuQyZA0Lf4aEi4t91g6wMH\",\"https:\/\/twitter.com\/robybertolini\"],\"url\":\"https:\/\/staging.varesenews.it\/persona\/roberta-bertolini1\/\"}]}<\/script>\n<!-- \/ Yoast SEO plugin. -->","yoast_head_json":{"title":"Dove vuoi il mercato a Varese? Sondaggio del Comune","description":"L'amministrazione di Varese chiede ai cittadini di esprimere la propria preferenza attraverso un questionario messo online. Ecco come votare e quali sono le alternative","robots":{"index":"noindex","follow":"follow","max-snippet":"max-snippet:-1","max-image-preview":"max-image-preview:large","max-video-preview":"max-video-preview:-1"},"og_locale":"it_IT","og_type":"article","og_title":"Dove vuoi il mercato a Varese? Sondaggio del Comune","og_description":"L'amministrazione di Varese chiede ai cittadini di esprimere la propria preferenza attraverso un questionario messo online. Ecco come votare e quali sono le alternative","og_url":"https:\/\/staging.varesenews.it\/2019\/05\/vuoi-mercato-varese-sondaggio-del-comune\/823836\/","og_site_name":"VareseNews","article_publisher":"https:\/\/www.facebook.com\/varesenews","article_author":"https:\/\/www.facebook.com\/roberta.bertolini.9","article_published_time":"2019-05-25T13:47:29+00:00","author":"Roberta Bertolini","twitter_card":"summary_large_image","twitter_creator":"@robybertolini","twitter_site":"@varesenews","twitter_misc":{"Scritto da":"Roberta Bertolini","Tempo di lettura stimato":"2 minuti"},"schema":{"@context":"https:\/\/schema.org","@graph":[{"@type":"WebPage","@id":"https:\/\/staging.varesenews.it\/2019\/05\/vuoi-mercato-varese-sondaggio-del-comune\/823836\/","url":"https:\/\/staging.varesenews.it\/2019\/05\/vuoi-mercato-varese-sondaggio-del-comune\/823836\/","name":"Dove vuoi il mercato a Varese? Sondaggio del Comune","isPartOf":{"@id":"https:\/\/staging.varesenews.it\/#website"},"datePublished":"2019-05-25T13:47:29+00:00","dateModified":"2019-05-25T13:47:29+00:00","author":{"@id":"https:\/\/staging.varesenews.it\/#\/schema\/person\/58fbd3e567d5c00f0a64d5137fef3e68"},"description":"L'amministrazione di Varese chiede ai cittadini di esprimere la propria preferenza attraverso un questionario messo online. Ecco come votare e quali sono le alternative","breadcrumb":{"@id":"https:\/\/staging.varesenews.it\/2019\/05\/vuoi-mercato-varese-sondaggio-del-comune\/823836\/#breadcrumb"},"inLanguage":"it-IT","potentialAction":[{"@type":"ReadAction","target":["https:\/\/staging.varesenews.it\/2019\/05\/vuoi-mercato-varese-sondaggio-del-comune\/823836\/"]}]},{"@type":"BreadcrumbList","@id":"https:\/\/staging.varesenews.it\/2019\/05\/vuoi-mercato-varese-sondaggio-del-comune\/823836\/#breadcrumb","itemListElement":[{"@type":"ListItem","position":1,"name":"Home","item":"https:\/\/www.varesenews.it\/"},{"@type":"ListItem","position":2,"name":"Dove vuoi il mercato a Varese? Sondaggio del Comune"}]},{"@type":"WebSite","@id":"https:\/\/staging.varesenews.it\/#website","url":"https:\/\/staging.varesenews.it\/","name":"VareseNews","description":"","potentialAction":[{"@type":"SearchAction","target":{"@type":"EntryPoint","urlTemplate":"https:\/\/staging.varesenews.it\/?s={search_term_string}"},"query-input":"required name=search_term_string"}],"inLanguage":"it-IT"},{"@type":"Person","@id":"https:\/\/staging.varesenews.it\/#\/schema\/person\/58fbd3e567d5c00f0a64d5137fef3e68","name":"Roberta Bertolini","image":{"@type":"ImageObject","inLanguage":"it-IT","@id":"https:\/\/staging.varesenews.it\/#\/schema\/person\/image\/","url":"https:\/\/staging.varesenews.it\/wp-content\/uploads\/2020\/12\/roberta_bertolini_colori_500.jpg","contentUrl":"https:\/\/staging.varesenews.it\/wp-content\/uploads\/2020\/12\/roberta_bertolini_colori_500.jpg","caption":"Roberta Bertolini"},"description":"Giornalista professionista dal 1991, sono passata, ormai molti anni fa, dalla carta al web. Oggi mi occupo di cronaca locale e guardo con curiosit&agrave; ed attenzione il mondo dei social. Parlo poco, ascolto molto.","sameAs":["https:\/\/www.facebook.com\/roberta.bertolini.9","bettabertolini","https:\/\/www.linkedin.com\/hp\/?dnr=v9e-Gp7a6_oxqTuQyZA0Lf4aEi4t91g6wMH","https:\/\/twitter.com\/robybertolini"],"url":"https:\/\/staging.varesenews.it\/persona\/roberta-bertolini1\/"}]}},"post_meta":{"_edit_lock":"1558792758:49","_edit_last":"49","_oembed_01958c2e9fc219fca9541f46ca9b99e6":"<blockquote class=\"wp-embedded-content\" data-secret=\"QlKCMeIFDB\"><a href=\"https:\/\/www.varesenews.it\/2019\/05\/le-alternative-al-mercato-piazzale-kennedy\/822619\/\">Il mercato si sposta: ecco le alternative a piazzale Kennedy<\/a><\/blockquote><iframe class=\"wp-embedded-content\" sandbox=\"allow-scripts\" security=\"restricted\" style=\"position: absolute; clip: rect(1px, 1px, 1px, 1px);\" src=\"https:\/\/www.varesenews.it\/2019\/05\/le-alternative-al-mercato-piazzale-kennedy\/822619\/embed\/#?secret=QlKCMeIFDB\" data-secret=\"QlKCMeIFDB\" width=\"500\" height=\"282\" title=\"&#8220;Il mercato si sposta: ecco le alternative a piazzale Kennedy&#8221; &#8212; VareseNews\" frameborder=\"0\" marginwidth=\"0\" marginheight=\"0\" scrolling=\"no\"><\/iframe>","_oembed_time_01958c2e9fc219fca9541f46ca9b99e6":"1558790958","_category_permalink":"a:1:{s:8:\"category\";s:0:\"\";}","id_leggi_anche":"822619,826392,923577","foto":"169362","firma_come_redazione":"1","argomento":"Varese","_yoast_wpseo_content_score":"30","_jd_tweet_this":"yes","ratings_users":"0","ratings_score":"0","ratings_average":"0","_wpt_short_url":"https:\/\/www.varesenews.it\/2019\/05\/vuoi-mercato-varese-sondaggio-del-comune\/823836\/","_wp_jd_target":"https:\/\/www.varesenews.it\/2019\/05\/vuoi-mercato-varese-sondaggio-del-comune\/823836\/","_jd_wp_twitter":"a:1:{i:0;s:183:\"Dove vuoi il mercato a Varese? Sondaggio del Comune https:\/\/www.varesenews.it\/2019\/05\/vuoi-mercato-varese-sondaggio-del-comune\/823836\/ #mercatodivarese #pianostazioni #piazzalekennedy\";}","_wpt_status_message":"Tweet inviato con successo."},"photos":[{"original":"https:\/\/staging.varesenews.it\/photogallery_new\/images\/2012\/12\/il-mercato-straordinario-di-varese-inserita-in-galleria-169362.jpg","full":"https:\/\/staging.varesenews.it\/photogallery_new\/images\/2012\/12\/il-mercato-straordinario-di-varese-inserita-in-galleria-169362.1024x768.jpg","large":"https:\/\/staging.varesenews.it\/photogallery_new\/images\/2012\/12\/il-mercato-straordinario-di-varese-inserita-in-galleria-169362.610x431.jpg"}],"_links":{"self":[{"href":"https:\/\/staging.varesenews.it\/swgapi\/v1\/wp\/v2\/posts\/823836"}],"collection":[{"href":"https:\/\/staging.varesenews.it\/swgapi\/v1\/wp\/v2\/posts"}],"about":[{"href":"https:\/\/staging.varesenews.it\/swgapi\/v1\/wp\/v2\/types\/post"}],"author":[{"embeddable":true,"href":"https:\/\/staging.varesenews.it\/swgapi\/v1\/wp\/v2\/users\/49"}],"replies":[{"embeddable":true,"href":"https:\/\/staging.varesenews.it\/swgapi\/v1\/wp\/v2\/comments?post=823836"}],"version-history":[{"count":0,"href":"https:\/\/staging.varesenews.it\/swgapi\/v1\/wp\/v2\/posts\/823836\/revisions"}],"wp:attachment":[{"href":"https:\/\/staging.varesenews.it\/swgapi\/v1\/wp\/v2\/media?parent=823836"}],"wp:term":[{"taxonomy":"category","embeddable":true,"href":"https:\/\/staging.varesenews.it\/swgapi\/v1\/wp\/v2\/categories?post=823836"},{"taxonomy":"post_tag","embeddable":true,"href":"https:\/\/staging.varesenews.it\/swgapi\/v1\/wp\/v2\/tags?post=823836"}],"curies":[{"name":"wp","href":"https:\/\/api.w.org\/{rel}","templated":true}]}}