{"id":823905,"date":"2019-05-26T10:24:57","date_gmt":"2019-05-26T08:24:57","guid":{"rendered":"https:\/\/www.varesenews.it\/?p=823905"},"modified":"2019-05-26T11:29:48","modified_gmt":"2019-05-26T09:29:48","slug":"lultimo-miracolo-adriano-olivetti-sul-palco-bob-dylan","status":"publish","type":"post","link":"https:\/\/staging.varesenews.it\/2019\/05\/lultimo-miracolo-adriano-olivetti-sul-palco-bob-dylan\/823905\/","title":{"rendered":"L&#8217;ultimo miracolo di Adriano Olivetti, sul palco con Bob Dylan"},"content":{"rendered":"<p>Ogni volta che si parla di <strong>Adriano Olivetti<\/strong>, la domanda di fondo \u00e8 sempre la stessa: perch\u00e9 a distanza di quasi sessant&#8217;anni dalla sua morte, la sua visione di un mondo, a partire dall&#8217;impresa, che mette al centro l&#8217;uomo e il suo benessere, fisico e spirituale, \u00e8 ancora cos\u00ec in grado di mobilitare coscienze, scatenare visioni, alimentare speranze e ispirare come se tutti quegli anni non fossero mai trascorsi?<br \/>\nOlivetti alla stregua di un <strong>profeta ha annunciato con largo anticipo l&#8217;avvento di un nuovo tempo\u00a0<\/strong>e il suo\u00a0pensiero ha continuato a lavorare sotto traccia, come un fiume carsico. Nessuno lo vedeva, ma molti &#8211; a partire da quelli che lo avevano accompagnato nella sua avventura umana e industriale &#8211;\u00a0sapevano che c&#8217;era e che, prima o poi, sarebbe riaffiorato per riportare l&#8217;economia nell&#8217;alveo sacro che le spetta.<\/p>\n<p>Lo spettacolo delle &#8220;<strong>Voci del tempo<\/strong>&#8220;, organizzato al Teatro Santuccio dal <strong>Centro Gulliver<\/strong> e da <strong>Marta Zighetti<\/strong>, psicoterapeuta, formatrice e autrice di &#8220;<strong>Essere esseri umani<\/strong>&#8220;, ha riportato i molti presenti sulle rive di quel fiume. \u00abAbbiamo voluto questo spettacolo &#8211; ha detto <strong>Michela Moroni<\/strong> del Centro Gulliver &#8211; perch\u00e9 noi ci prendiamo cura della persona e Olivetti da imprenditore illuminato aveva capito che il valore umano arriva prima di quello della produttivit\u00e0\u00bb. Per Olivetti c&#8217;era un modo differente di fare impresa. Un&#8217;intuizione e un pensiero che,\u00a0secondo <strong>Marta Zighetti,<\/strong>\u00a0oggi sono validati dalle neuroscienze: \u00abInvestire sulla bellezza, la cultura e il bene comune porta a una migliore esistenza\u00bb.<\/p>\n<p>&#8220;Le voci del tempo&#8221;, al secolo\u00a0<strong>Marco Peroni<\/strong>, voce recitante, e <strong>Marco Congiu<\/strong>, voce, chitarra e armonica, ripercorrono sul palco la storia di un imprenditore che aveva messo insieme il pensiero socialista ebraico del padre e l&#8217;etica valdese della madre, accompagnandola con le canzoni di Bob Dylan, un artista che a sua volta ha contribuito molto a cambiare la narrazione del mondo. \u00abNon c&#8217;\u00e8 una continuit\u00e0 storica tra i due &#8211; spiega Congiu &#8211; ma hanno molti simboli e un linguaggio in comune. \u00c8 un accostamento estetico e attitudinale, la musica pi\u00f9 adatta in questo racconto ci sembrava proprio quella\u00bb.<\/p>\n<p>Il racconto di <strong>Marco Peroni <\/strong>si snoda agile e intenso tra le note e i versi di <strong>mrs. Tambourine, Blowin&#8217; in the wind <\/strong>e<strong> Hurricane,<\/strong> solo per citarne alcuni. Uno spartito in perfetto equilibrio con il testo che accompagna la storia di un secolo denso di avvenimenti epocali: due guerre mondiali, la grande crisi economica del 1929 e il nuovo ordine mondiale post bellico. Dagli\u00a0esordi industriali di Ivrea del padre <strong>Camillo Olivetti<\/strong> si prosegue con flash suggestivi fino alla morte del figlio Adriano e alla svendita agli americani della sua ultima grande intuizione industriale, il primo calcolatore elettronico. \u00abOlivetti ha una sua epica &#8211; conclude Peroni &#8211; e diventa dirompente perch\u00e9 fa una sintesi, cercando di tenere insieme ci\u00f2 che agli altri sembra inconciliabile\u00bb.<\/p>\n","protected":false},"excerpt":{"rendered":"<p>Lo spettacolo delle &#8220;Voci del tempo&#8221; sulla storia dell&#8217;imprenditore di Ivrea ha affascinato il pubblico del Santuccio <\/p>\n","protected":false},"author":45,"featured_media":0,"comment_status":"open","ping_status":"open","sticky":false,"template":"","format":"standard","meta":{"footnotes":""},"categories":[18,15,21],"tags":[2561,96694],"acf":[],"yoast_head":"<!-- This site is optimized with the Yoast SEO plugin v20.1 - https:\/\/yoast.com\/wordpress\/plugins\/seo\/ -->\n<title>L&#039;ultimo miracolo di Adriano Olivetti, sul palco con Bob Dylan<\/title>\n<meta name=\"description\" content=\"Lo spettacolo delle &quot;Voci del tempo&quot; sulla storia dell&#039;imprenditore di Ivrea ha affascinato il pubblico del Santuccio\" \/>\n<meta name=\"robots\" content=\"noindex, follow, max-snippet:-1, max-image-preview:large, max-video-preview:-1\" \/>\n<meta property=\"og:locale\" content=\"it_IT\" \/>\n<meta property=\"og:type\" content=\"article\" \/>\n<meta property=\"og:title\" content=\"L&#039;ultimo miracolo di Adriano Olivetti, sul palco con Bob Dylan\" \/>\n<meta property=\"og:description\" content=\"Lo spettacolo delle &quot;Voci del tempo&quot; sulla storia dell&#039;imprenditore di Ivrea ha affascinato il pubblico del Santuccio\" \/>\n<meta property=\"og:url\" content=\"https:\/\/www.varesenews.it\/2019\/05\/lultimo-miracolo-adriano-olivetti-sul-palco-bob-dylan\/823905\/\" \/>\n<meta property=\"og:site_name\" content=\"VareseNews\" \/>\n<meta property=\"article:publisher\" content=\"https:\/\/www.facebook.com\/varesenews\" \/>\n<meta property=\"article:author\" content=\"https:\/\/www.facebook.com\/michele.mancino.5\" \/>\n<meta property=\"article:published_time\" content=\"2019-05-26T08:24:57+00:00\" \/>\n<meta property=\"article:modified_time\" content=\"2019-05-26T09:29:48+00:00\" \/>\n<meta name=\"author\" content=\"Michele Mancino\" \/>\n<meta name=\"twitter:card\" content=\"summary_large_image\" \/>\n<meta name=\"twitter:creator\" content=\"@micmancio\" \/>\n<meta name=\"twitter:site\" content=\"@varesenews\" \/>\n<meta name=\"twitter:label1\" content=\"Scritto da\" \/>\n\t<meta name=\"twitter:data1\" content=\"Michele Mancino\" \/>\n\t<meta name=\"twitter:label2\" content=\"Tempo di lettura stimato\" \/>\n\t<meta name=\"twitter:data2\" content=\"2 minuti\" \/>\n<script type=\"application\/ld+json\" class=\"yoast-schema-graph\">{\"@context\":\"https:\/\/schema.org\",\"@graph\":[{\"@type\":\"WebPage\",\"@id\":\"https:\/\/www.varesenews.it\/2019\/05\/lultimo-miracolo-adriano-olivetti-sul-palco-bob-dylan\/823905\/\",\"url\":\"https:\/\/www.varesenews.it\/2019\/05\/lultimo-miracolo-adriano-olivetti-sul-palco-bob-dylan\/823905\/\",\"name\":\"L'ultimo miracolo di Adriano Olivetti, sul palco con Bob Dylan\",\"isPartOf\":{\"@id\":\"https:\/\/staging.varesenews.it\/#website\"},\"datePublished\":\"2019-05-26T08:24:57+00:00\",\"dateModified\":\"2019-05-26T09:29:48+00:00\",\"author\":{\"@id\":\"https:\/\/staging.varesenews.it\/#\/schema\/person\/308b491d3cb680ead199e5ff6c6ce540\"},\"description\":\"Lo spettacolo delle \\\"Voci del tempo\\\" sulla storia dell'imprenditore di Ivrea ha affascinato il pubblico del Santuccio\",\"breadcrumb\":{\"@id\":\"https:\/\/www.varesenews.it\/2019\/05\/lultimo-miracolo-adriano-olivetti-sul-palco-bob-dylan\/823905\/#breadcrumb\"},\"inLanguage\":\"it-IT\",\"potentialAction\":[{\"@type\":\"ReadAction\",\"target\":[\"https:\/\/www.varesenews.it\/2019\/05\/lultimo-miracolo-adriano-olivetti-sul-palco-bob-dylan\/823905\/\"]}]},{\"@type\":\"BreadcrumbList\",\"@id\":\"https:\/\/www.varesenews.it\/2019\/05\/lultimo-miracolo-adriano-olivetti-sul-palco-bob-dylan\/823905\/#breadcrumb\",\"itemListElement\":[{\"@type\":\"ListItem\",\"position\":1,\"name\":\"Home\",\"item\":\"https:\/\/www.varesenews.it\/\"},{\"@type\":\"ListItem\",\"position\":2,\"name\":\"L&#8217;ultimo miracolo di Adriano Olivetti, sul palco con Bob Dylan\"}]},{\"@type\":\"WebSite\",\"@id\":\"https:\/\/staging.varesenews.it\/#website\",\"url\":\"https:\/\/staging.varesenews.it\/\",\"name\":\"VareseNews\",\"description\":\"\",\"potentialAction\":[{\"@type\":\"SearchAction\",\"target\":{\"@type\":\"EntryPoint\",\"urlTemplate\":\"https:\/\/staging.varesenews.it\/?s={search_term_string}\"},\"query-input\":\"required name=search_term_string\"}],\"inLanguage\":\"it-IT\"},{\"@type\":\"Person\",\"@id\":\"https:\/\/staging.varesenews.it\/#\/schema\/person\/308b491d3cb680ead199e5ff6c6ce540\",\"name\":\"Michele Mancino\",\"image\":{\"@type\":\"ImageObject\",\"inLanguage\":\"it-IT\",\"@id\":\"https:\/\/staging.varesenews.it\/#\/schema\/person\/image\/\",\"url\":\"https:\/\/staging.varesenews.it\/wp-content\/uploads\/2020\/12\/michele_mancino_colori_500.jpg\",\"contentUrl\":\"https:\/\/staging.varesenews.it\/wp-content\/uploads\/2020\/12\/michele_mancino_colori_500.jpg\",\"caption\":\"Michele Mancino\"},\"description\":\"Sono a VareseNews da prima che nascesse. Ho inserito le prime notizie in una stringa di codice html, la lingua di internet. Aprivo i computer, cambiavo schede di rete e portavo i server dal provider. A met&agrave; degli anni &rsquo;90 il giornalista online doveva saper fare anche questo. Ho vissuto gli anni drammatici della bolla speculativa di Internet e quelli entusiastici della crescita, anni in cui VareseNews era un Davide in mezzo a tanti Golia. Poi sono arrivati i social, le nuove piattaforme e soprattutto gli smartphone, una postazione di lavoro racchiusa in una mano. Una nuova rivoluzione. Insomma, &egrave; stata, ed &egrave; ancora, un&rsquo;avventura entusiasmante perch&eacute; mi insegna giorno dopo giorno che il cambiamento &egrave; l&rsquo;unica certezza di questa fragile esistenza.\",\"sameAs\":[\"https:\/\/www.facebook.com\/michele.mancino.5\",\"micmancio\",\"Aggiorna le impostazioni del tuo profilo pubblicoit.linkedin.com\/pub\/michele-mancino\/28\/b71\/890\/it\",\"https:\/\/twitter.com\/micmancio\"],\"url\":\"https:\/\/staging.varesenews.it\/persona\/michele_mancino\/\"}]}<\/script>\n<!-- \/ Yoast SEO plugin. -->","yoast_head_json":{"title":"L'ultimo miracolo di Adriano Olivetti, sul palco con Bob Dylan","description":"Lo spettacolo delle \"Voci del tempo\" sulla storia dell'imprenditore di Ivrea ha affascinato il pubblico del Santuccio","robots":{"index":"noindex","follow":"follow","max-snippet":"max-snippet:-1","max-image-preview":"max-image-preview:large","max-video-preview":"max-video-preview:-1"},"og_locale":"it_IT","og_type":"article","og_title":"L'ultimo miracolo di Adriano Olivetti, sul palco con Bob Dylan","og_description":"Lo spettacolo delle \"Voci del tempo\" sulla storia dell'imprenditore di Ivrea ha affascinato il pubblico del Santuccio","og_url":"https:\/\/www.varesenews.it\/2019\/05\/lultimo-miracolo-adriano-olivetti-sul-palco-bob-dylan\/823905\/","og_site_name":"VareseNews","article_publisher":"https:\/\/www.facebook.com\/varesenews","article_author":"https:\/\/www.facebook.com\/michele.mancino.5","article_published_time":"2019-05-26T08:24:57+00:00","article_modified_time":"2019-05-26T09:29:48+00:00","author":"Michele Mancino","twitter_card":"summary_large_image","twitter_creator":"@micmancio","twitter_site":"@varesenews","twitter_misc":{"Scritto da":"Michele Mancino","Tempo di lettura stimato":"2 minuti"},"schema":{"@context":"https:\/\/schema.org","@graph":[{"@type":"WebPage","@id":"https:\/\/www.varesenews.it\/2019\/05\/lultimo-miracolo-adriano-olivetti-sul-palco-bob-dylan\/823905\/","url":"https:\/\/www.varesenews.it\/2019\/05\/lultimo-miracolo-adriano-olivetti-sul-palco-bob-dylan\/823905\/","name":"L'ultimo miracolo di Adriano Olivetti, sul palco con Bob Dylan","isPartOf":{"@id":"https:\/\/staging.varesenews.it\/#website"},"datePublished":"2019-05-26T08:24:57+00:00","dateModified":"2019-05-26T09:29:48+00:00","author":{"@id":"https:\/\/staging.varesenews.it\/#\/schema\/person\/308b491d3cb680ead199e5ff6c6ce540"},"description":"Lo spettacolo delle \"Voci del tempo\" sulla storia dell'imprenditore di Ivrea ha affascinato il pubblico del Santuccio","breadcrumb":{"@id":"https:\/\/www.varesenews.it\/2019\/05\/lultimo-miracolo-adriano-olivetti-sul-palco-bob-dylan\/823905\/#breadcrumb"},"inLanguage":"it-IT","potentialAction":[{"@type":"ReadAction","target":["https:\/\/www.varesenews.it\/2019\/05\/lultimo-miracolo-adriano-olivetti-sul-palco-bob-dylan\/823905\/"]}]},{"@type":"BreadcrumbList","@id":"https:\/\/www.varesenews.it\/2019\/05\/lultimo-miracolo-adriano-olivetti-sul-palco-bob-dylan\/823905\/#breadcrumb","itemListElement":[{"@type":"ListItem","position":1,"name":"Home","item":"https:\/\/www.varesenews.it\/"},{"@type":"ListItem","position":2,"name":"L&#8217;ultimo miracolo di Adriano Olivetti, sul palco con Bob Dylan"}]},{"@type":"WebSite","@id":"https:\/\/staging.varesenews.it\/#website","url":"https:\/\/staging.varesenews.it\/","name":"VareseNews","description":"","potentialAction":[{"@type":"SearchAction","target":{"@type":"EntryPoint","urlTemplate":"https:\/\/staging.varesenews.it\/?s={search_term_string}"},"query-input":"required name=search_term_string"}],"inLanguage":"it-IT"},{"@type":"Person","@id":"https:\/\/staging.varesenews.it\/#\/schema\/person\/308b491d3cb680ead199e5ff6c6ce540","name":"Michele Mancino","image":{"@type":"ImageObject","inLanguage":"it-IT","@id":"https:\/\/staging.varesenews.it\/#\/schema\/person\/image\/","url":"https:\/\/staging.varesenews.it\/wp-content\/uploads\/2020\/12\/michele_mancino_colori_500.jpg","contentUrl":"https:\/\/staging.varesenews.it\/wp-content\/uploads\/2020\/12\/michele_mancino_colori_500.jpg","caption":"Michele Mancino"},"description":"Sono a VareseNews da prima che nascesse. Ho inserito le prime notizie in una stringa di codice html, la lingua di internet. Aprivo i computer, cambiavo schede di rete e portavo i server dal provider. A met&agrave; degli anni &rsquo;90 il giornalista online doveva saper fare anche questo. Ho vissuto gli anni drammatici della bolla speculativa di Internet e quelli entusiastici della crescita, anni in cui VareseNews era un Davide in mezzo a tanti Golia. Poi sono arrivati i social, le nuove piattaforme e soprattutto gli smartphone, una postazione di lavoro racchiusa in una mano. Una nuova rivoluzione. Insomma, &egrave; stata, ed &egrave; ancora, un&rsquo;avventura entusiasmante perch&eacute; mi insegna giorno dopo giorno che il cambiamento &egrave; l&rsquo;unica certezza di questa fragile esistenza.","sameAs":["https:\/\/www.facebook.com\/michele.mancino.5","micmancio","Aggiorna le impostazioni del tuo profilo pubblicoit.linkedin.com\/pub\/michele-mancino\/28\/b71\/890\/it","https:\/\/twitter.com\/micmancio"],"url":"https:\/\/staging.varesenews.it\/persona\/michele_mancino\/"}]}},"post_meta":{"_edit_lock":"1558910268:45","_edit_last":"45","_category_permalink":"a:1:{s:8:\"category\";s:2:\"15\";}","_yoast_wpseo_content_score":"30","_jd_tweet_this":"yes","ratings_users":"0","ratings_score":"0","ratings_average":"0","foto":"740234","argomento":"Varese","_wpt_short_url":"https:\/\/www.varesenews.it\/2019\/05\/lultimo-miracolo-adriano-olivetti-sul-palco-bob-dylan\/823905\/","_wp_jd_target":"https:\/\/www.varesenews.it\/2019\/05\/lultimo-miracolo-adriano-olivetti-sul-palco-bob-dylan\/823905\/","_jd_wp_twitter":"a:1:{i:0;s:192:\"L\u2019ultimo miracolo di Adriano Olivetti, sul palco con Bob Dylan https:\/\/www.varesenews.it\/2019\/05\/lultimo-miracolo-adriano-olivetti-sul-palco-bob-dylan\/823905\/ #centrogulliver #levocideltempo\";}","_wpt_status_message":"Tweet inviato con successo.","nascondi_adsense":"1"},"photos":[{"original":"https:\/\/staging.varesenews.it\/photogallery_new\/images\/2019\/05\/avarie-740234.jpg","full":"https:\/\/staging.varesenews.it\/photogallery_new\/images\/2019\/05\/avarie-740234.1024x768.jpg","large":"https:\/\/staging.varesenews.it\/photogallery_new\/images\/2019\/05\/avarie-740234.610x431.jpg"}],"_links":{"self":[{"href":"https:\/\/staging.varesenews.it\/swgapi\/v1\/wp\/v2\/posts\/823905"}],"collection":[{"href":"https:\/\/staging.varesenews.it\/swgapi\/v1\/wp\/v2\/posts"}],"about":[{"href":"https:\/\/staging.varesenews.it\/swgapi\/v1\/wp\/v2\/types\/post"}],"author":[{"embeddable":true,"href":"https:\/\/staging.varesenews.it\/swgapi\/v1\/wp\/v2\/users\/45"}],"replies":[{"embeddable":true,"href":"https:\/\/staging.varesenews.it\/swgapi\/v1\/wp\/v2\/comments?post=823905"}],"version-history":[{"count":0,"href":"https:\/\/staging.varesenews.it\/swgapi\/v1\/wp\/v2\/posts\/823905\/revisions"}],"wp:attachment":[{"href":"https:\/\/staging.varesenews.it\/swgapi\/v1\/wp\/v2\/media?parent=823905"}],"wp:term":[{"taxonomy":"category","embeddable":true,"href":"https:\/\/staging.varesenews.it\/swgapi\/v1\/wp\/v2\/categories?post=823905"},{"taxonomy":"post_tag","embeddable":true,"href":"https:\/\/staging.varesenews.it\/swgapi\/v1\/wp\/v2\/tags?post=823905"}],"curies":[{"name":"wp","href":"https:\/\/api.w.org\/{rel}","templated":true}]}}