{"id":824066,"date":"2019-05-27T12:14:18","date_gmt":"2019-05-27T10:14:18","guid":{"rendered":"https:\/\/www.varesenews.it\/?p=824066"},"modified":"2019-05-28T09:55:58","modified_gmt":"2019-05-28T07:55:58","slug":"congedo-comerio-limpresa-va-difesa","status":"publish","type":"post","link":"https:\/\/staging.varesenews.it\/2019\/05\/congedo-comerio-limpresa-va-difesa\/824066\/","title":{"rendered":"Comerio: \u00abL&#8217;impresa rischia di rimanere sola\u00bb"},"content":{"rendered":"<p>Chiudere il proprio mandato all&#8217;indomani delle elezioni europee in questa fase storica, non deve essere stata una passeggiata. Di certo <strong>Riccardo Comerio<\/strong>, presidente dell&#8217;Unione industriali della provincia di Varese, una volta visti i dati elettorali avr\u00e0 potuto apprezzare il bicchiere mezzo pieno. L&#8217;ondata sovranista in Europa \u00e8 stata arginata e i partiti tradizionali, <strong>Ppe<\/strong>, <strong>Socialisti &amp; Democratici<\/strong>, <strong>Liberali<\/strong> hanno ancora la maggioranza. Se poi a questi di aggiunge l&#8217;exploit dei Verdi, <strong>antisovranisti<\/strong> per definizione, l&#8217;orizzonte sembra meno fosco, soprattutto per un territorio come la provincia di Varese che fa dell&#8217;export &#8211; pari a circa <strong>dieci miliardi di euro<\/strong> &#8211; un punto di forza del suo sistema industriale.<\/p>\n<p>Comerio affronta il tema <strong>Europa <\/strong>a met\u00e0 circa della sua relazione. Per gli industriali il mercato europeo rappresenta \u00abun <strong>vantaggio competitivo<\/strong> <strong>fondamentale<\/strong> per sostenere e rilanciare lo sviluppo\u00bb. Una partita fondamentale, dunque, che per\u00f2 deve tener conto di quanto accade in Italia, le cui scelte politiche degli ultimi mesi e in particolare la <strong>Legge di Bilancio<\/strong> vengono definite \u00ab<strong>deludenti<\/strong>\u00bb. Incapacit\u00e0 di contenere il debito pubblico e scarsa attenzione alle imprese, le critiche principali. Nel governo della nuova Europa, Comerio auspica \u00ab<strong>candidature<\/strong> <strong>autorevoli<\/strong>\u00bb e sopratutto un <a href=\"https:\/\/www.varesenews.it\/2019\/05\/boccia-vogliamo-un-commissario-ue-importante\/824201\/\"><strong>commissario di peso, meglio se all&#8217;Industria, in grado di sostenere progetti costruttivi.<\/strong><\/a><\/p>\n<p>La preoccupazione degli industriali varesini \u00e8 chiara: <strong>evitare<\/strong> <strong>l&#8217;isolamento<\/strong>. Dice Comerio: \u00abOggi pi\u00f9 che mai, l&#8217;impresa rischia di essere lasciata sola. Se quattro anni fa il ruolo dell\u2019impresa era solo un valore da riaffermare ora \u00e8 anche un valore da difendere.\u00a0E bisogna farlo avendo una visione e condividendo un progetto\u00bb.<\/p>\n<div class=\"photo-inside-post\"><img decoding=\"async\" loading=\"lazy\" fetchpriority=\"low\" width=\"610\" height=\"431\" src=\"https:\/\/staging.varesenews.it\/photogallery_new\/images\/2019\/05\/assemblea-di-univa-2019-740497.610x431.jpg\" alt=\"Assemblea di univa 2019\"><\/div>\n<p>Il presidente di Univa ricorda che negli ultimi quattro anni si \u00e8 passati da una debole crescita con una prospettiva che guardava con fiducia all\u2019innovazione, alla rivoluzione tecnologica, ai cambiamenti strutturali come driver del sistema, a un clima di incertezza diffusa con forme di protezionismo. Una tendenza che vede l&#8217;Italia in buona compagnia di <strong>Stati Uniti, Gran Bretagna e Francia<\/strong>. \u00abL\u2019economia \u00e8 diventata una <strong>Cenerentola<\/strong>\u00a0&#8211; continua Comerio\u00a0 &#8211; Il clima di sfiducia, di isolamento, di mancanza di stimoli, ha trasformato una tiepida crescita in una progressiva stagnazione\u00bb.<\/p>\n<p><strong>UN TERRITORIO FORTUNATO<\/strong><\/p>\n<p>\u00abLa forza di ogni impresa si pu\u00f2 sviluppare solo se \u00e8 tutto il territorio a muoversi in consonanza ed in armonia\u00bb. In questa visione, nessun attore deve essere dimenticato, dalla pubblica amministrazione alla scuola, dal sindacato alle banche. \u00abUn <strong>territorio fortunato<\/strong>\u00bb lo definisce Comerio, per tradizione industriale, saper fare e innovazione. Sul fronte infrastrutture c&#8217;\u00e8 ancora da fare a partire da quella \u00abPedemontana, fondamentale per collegare <strong>Malpensa<\/strong> a <strong>Bergamo<\/strong>, ma anche per\u00a0 completare la circonvallazione di Varese con la bretella verso la Svizzera. Un\u2019opera\u00a0 ferma a met\u00e0 che provoca mobilit\u00e0 a singhiozzo in una delle aree pi\u00f9 densamente popolate di persone e di imprese d\u2019Italia\u00bb.<\/p>\n<p>Il tema del lavoro, in questa ricerca dell&#8217;armonia territoriale ed europea, \u00e8 centrale.\u00a0 \u00abAvremmo bisogno di premiare la cultura del lavoro &#8211; sottolinea il presidente di Univa &#8211;\u00a0 invece prevale la logica dei sussidi, dei pensionamenti, delle elargizioni assistenziali. <strong>Mettere al centro l\u2019impresa \u00e8 voler mettere al centro il lavoro\u00bb.<\/strong><\/p>\n","protected":false},"excerpt":{"rendered":"<p>Dall&#8217;assemblea generale di Univa un richiamo forte all&#8217;Europa. La preoccupazione degli industriali \u00e8 chiara: evitare l&#8217;isolamento. Comerio auspica \u00abcandidature autorevoli\u00bb e sopratutto un commissario di peso, meglio se all\u2019Industria <\/p>\n","protected":false},"author":45,"featured_media":0,"comment_status":"open","ping_status":"open","sticky":false,"template":"","format":"standard","meta":{"footnotes":""},"categories":[4,15,53],"tags":[96629],"acf":[],"yoast_head":"<!-- This site is optimized with the Yoast SEO plugin v20.1 - https:\/\/yoast.com\/wordpress\/plugins\/seo\/ -->\n<title>Comerio: \u00abL&#039;impresa rischia di rimanere sola\u00bb<\/title>\n<meta name=\"description\" content=\"Dall&#039;assemblea generale di Univa un richiamo forte all&#039;Europa. La preoccupazione degli industriali \u00e8 chiara: evitare l&#039;isolamento. Comerio auspica \u00abcandidature autorevoli\u00bb e sopratutto un commissario di peso, meglio se all\u2019Industria\" \/>\n<meta name=\"robots\" content=\"noindex, follow, max-snippet:-1, max-image-preview:large, max-video-preview:-1\" \/>\n<meta property=\"og:locale\" content=\"it_IT\" \/>\n<meta property=\"og:type\" content=\"article\" \/>\n<meta property=\"og:title\" content=\"Comerio: \u00abL&#039;impresa rischia di rimanere sola\u00bb\" \/>\n<meta property=\"og:description\" content=\"Dall&#039;assemblea generale di Univa un richiamo forte all&#039;Europa. La preoccupazione degli industriali \u00e8 chiara: evitare l&#039;isolamento. Comerio auspica \u00abcandidature autorevoli\u00bb e sopratutto un commissario di peso, meglio se all\u2019Industria\" \/>\n<meta property=\"og:url\" content=\"https:\/\/staging.varesenews.it\/2019\/05\/congedo-comerio-limpresa-va-difesa\/824066\/\" \/>\n<meta property=\"og:site_name\" content=\"VareseNews\" \/>\n<meta property=\"article:publisher\" content=\"https:\/\/www.facebook.com\/varesenews\" \/>\n<meta property=\"article:author\" content=\"https:\/\/www.facebook.com\/michele.mancino.5\" \/>\n<meta property=\"article:published_time\" content=\"2019-05-27T10:14:18+00:00\" \/>\n<meta property=\"article:modified_time\" content=\"2019-05-28T07:55:58+00:00\" \/>\n<meta name=\"author\" content=\"Michele Mancino\" \/>\n<meta name=\"twitter:card\" content=\"summary_large_image\" \/>\n<meta name=\"twitter:creator\" content=\"@micmancio\" \/>\n<meta name=\"twitter:site\" content=\"@varesenews\" \/>\n<meta name=\"twitter:label1\" content=\"Scritto da\" \/>\n\t<meta name=\"twitter:data1\" content=\"Michele Mancino\" \/>\n\t<meta name=\"twitter:label2\" content=\"Tempo di lettura stimato\" \/>\n\t<meta name=\"twitter:data2\" content=\"3 minuti\" \/>\n<script type=\"application\/ld+json\" class=\"yoast-schema-graph\">{\"@context\":\"https:\/\/schema.org\",\"@graph\":[{\"@type\":\"WebPage\",\"@id\":\"https:\/\/staging.varesenews.it\/2019\/05\/congedo-comerio-limpresa-va-difesa\/824066\/\",\"url\":\"https:\/\/staging.varesenews.it\/2019\/05\/congedo-comerio-limpresa-va-difesa\/824066\/\",\"name\":\"Comerio: \u00abL'impresa rischia di rimanere sola\u00bb\",\"isPartOf\":{\"@id\":\"https:\/\/staging.varesenews.it\/#website\"},\"datePublished\":\"2019-05-27T10:14:18+00:00\",\"dateModified\":\"2019-05-28T07:55:58+00:00\",\"author\":{\"@id\":\"https:\/\/staging.varesenews.it\/#\/schema\/person\/308b491d3cb680ead199e5ff6c6ce540\"},\"description\":\"Dall'assemblea generale di Univa un richiamo forte all'Europa. La preoccupazione degli industriali \u00e8 chiara: evitare l'isolamento. Comerio auspica \u00abcandidature autorevoli\u00bb e sopratutto un commissario di peso, meglio se all\u2019Industria\",\"breadcrumb\":{\"@id\":\"https:\/\/staging.varesenews.it\/2019\/05\/congedo-comerio-limpresa-va-difesa\/824066\/#breadcrumb\"},\"inLanguage\":\"it-IT\",\"potentialAction\":[{\"@type\":\"ReadAction\",\"target\":[\"https:\/\/staging.varesenews.it\/2019\/05\/congedo-comerio-limpresa-va-difesa\/824066\/\"]}]},{\"@type\":\"BreadcrumbList\",\"@id\":\"https:\/\/staging.varesenews.it\/2019\/05\/congedo-comerio-limpresa-va-difesa\/824066\/#breadcrumb\",\"itemListElement\":[{\"@type\":\"ListItem\",\"position\":1,\"name\":\"Home\",\"item\":\"https:\/\/www.varesenews.it\/\"},{\"@type\":\"ListItem\",\"position\":2,\"name\":\"Comerio: \u00abL&#8217;impresa rischia di rimanere sola\u00bb\"}]},{\"@type\":\"WebSite\",\"@id\":\"https:\/\/staging.varesenews.it\/#website\",\"url\":\"https:\/\/staging.varesenews.it\/\",\"name\":\"VareseNews\",\"description\":\"\",\"potentialAction\":[{\"@type\":\"SearchAction\",\"target\":{\"@type\":\"EntryPoint\",\"urlTemplate\":\"https:\/\/staging.varesenews.it\/?s={search_term_string}\"},\"query-input\":\"required name=search_term_string\"}],\"inLanguage\":\"it-IT\"},{\"@type\":\"Person\",\"@id\":\"https:\/\/staging.varesenews.it\/#\/schema\/person\/308b491d3cb680ead199e5ff6c6ce540\",\"name\":\"Michele Mancino\",\"image\":{\"@type\":\"ImageObject\",\"inLanguage\":\"it-IT\",\"@id\":\"https:\/\/staging.varesenews.it\/#\/schema\/person\/image\/\",\"url\":\"https:\/\/staging.varesenews.it\/wp-content\/uploads\/2020\/12\/michele_mancino_colori_500.jpg\",\"contentUrl\":\"https:\/\/staging.varesenews.it\/wp-content\/uploads\/2020\/12\/michele_mancino_colori_500.jpg\",\"caption\":\"Michele Mancino\"},\"description\":\"Sono a VareseNews da prima che nascesse. Ho inserito le prime notizie in una stringa di codice html, la lingua di internet. Aprivo i computer, cambiavo schede di rete e portavo i server dal provider. A met&agrave; degli anni &rsquo;90 il giornalista online doveva saper fare anche questo. Ho vissuto gli anni drammatici della bolla speculativa di Internet e quelli entusiastici della crescita, anni in cui VareseNews era un Davide in mezzo a tanti Golia. Poi sono arrivati i social, le nuove piattaforme e soprattutto gli smartphone, una postazione di lavoro racchiusa in una mano. Una nuova rivoluzione. Insomma, &egrave; stata, ed &egrave; ancora, un&rsquo;avventura entusiasmante perch&eacute; mi insegna giorno dopo giorno che il cambiamento &egrave; l&rsquo;unica certezza di questa fragile esistenza.\",\"sameAs\":[\"https:\/\/www.facebook.com\/michele.mancino.5\",\"micmancio\",\"Aggiorna le impostazioni del tuo profilo pubblicoit.linkedin.com\/pub\/michele-mancino\/28\/b71\/890\/it\",\"https:\/\/twitter.com\/micmancio\"],\"url\":\"https:\/\/staging.varesenews.it\/persona\/michele_mancino\/\"}]}<\/script>\n<!-- \/ Yoast SEO plugin. -->","yoast_head_json":{"title":"Comerio: \u00abL'impresa rischia di rimanere sola\u00bb","description":"Dall'assemblea generale di Univa un richiamo forte all'Europa. La preoccupazione degli industriali \u00e8 chiara: evitare l'isolamento. Comerio auspica \u00abcandidature autorevoli\u00bb e sopratutto un commissario di peso, meglio se all\u2019Industria","robots":{"index":"noindex","follow":"follow","max-snippet":"max-snippet:-1","max-image-preview":"max-image-preview:large","max-video-preview":"max-video-preview:-1"},"og_locale":"it_IT","og_type":"article","og_title":"Comerio: \u00abL'impresa rischia di rimanere sola\u00bb","og_description":"Dall'assemblea generale di Univa un richiamo forte all'Europa. La preoccupazione degli industriali \u00e8 chiara: evitare l'isolamento. Comerio auspica \u00abcandidature autorevoli\u00bb e sopratutto un commissario di peso, meglio se all\u2019Industria","og_url":"https:\/\/staging.varesenews.it\/2019\/05\/congedo-comerio-limpresa-va-difesa\/824066\/","og_site_name":"VareseNews","article_publisher":"https:\/\/www.facebook.com\/varesenews","article_author":"https:\/\/www.facebook.com\/michele.mancino.5","article_published_time":"2019-05-27T10:14:18+00:00","article_modified_time":"2019-05-28T07:55:58+00:00","author":"Michele Mancino","twitter_card":"summary_large_image","twitter_creator":"@micmancio","twitter_site":"@varesenews","twitter_misc":{"Scritto da":"Michele Mancino","Tempo di lettura stimato":"3 minuti"},"schema":{"@context":"https:\/\/schema.org","@graph":[{"@type":"WebPage","@id":"https:\/\/staging.varesenews.it\/2019\/05\/congedo-comerio-limpresa-va-difesa\/824066\/","url":"https:\/\/staging.varesenews.it\/2019\/05\/congedo-comerio-limpresa-va-difesa\/824066\/","name":"Comerio: \u00abL'impresa rischia di rimanere sola\u00bb","isPartOf":{"@id":"https:\/\/staging.varesenews.it\/#website"},"datePublished":"2019-05-27T10:14:18+00:00","dateModified":"2019-05-28T07:55:58+00:00","author":{"@id":"https:\/\/staging.varesenews.it\/#\/schema\/person\/308b491d3cb680ead199e5ff6c6ce540"},"description":"Dall'assemblea generale di Univa un richiamo forte all'Europa. La preoccupazione degli industriali \u00e8 chiara: evitare l'isolamento. Comerio auspica \u00abcandidature autorevoli\u00bb e sopratutto un commissario di peso, meglio se all\u2019Industria","breadcrumb":{"@id":"https:\/\/staging.varesenews.it\/2019\/05\/congedo-comerio-limpresa-va-difesa\/824066\/#breadcrumb"},"inLanguage":"it-IT","potentialAction":[{"@type":"ReadAction","target":["https:\/\/staging.varesenews.it\/2019\/05\/congedo-comerio-limpresa-va-difesa\/824066\/"]}]},{"@type":"BreadcrumbList","@id":"https:\/\/staging.varesenews.it\/2019\/05\/congedo-comerio-limpresa-va-difesa\/824066\/#breadcrumb","itemListElement":[{"@type":"ListItem","position":1,"name":"Home","item":"https:\/\/www.varesenews.it\/"},{"@type":"ListItem","position":2,"name":"Comerio: \u00abL&#8217;impresa rischia di rimanere sola\u00bb"}]},{"@type":"WebSite","@id":"https:\/\/staging.varesenews.it\/#website","url":"https:\/\/staging.varesenews.it\/","name":"VareseNews","description":"","potentialAction":[{"@type":"SearchAction","target":{"@type":"EntryPoint","urlTemplate":"https:\/\/staging.varesenews.it\/?s={search_term_string}"},"query-input":"required name=search_term_string"}],"inLanguage":"it-IT"},{"@type":"Person","@id":"https:\/\/staging.varesenews.it\/#\/schema\/person\/308b491d3cb680ead199e5ff6c6ce540","name":"Michele Mancino","image":{"@type":"ImageObject","inLanguage":"it-IT","@id":"https:\/\/staging.varesenews.it\/#\/schema\/person\/image\/","url":"https:\/\/staging.varesenews.it\/wp-content\/uploads\/2020\/12\/michele_mancino_colori_500.jpg","contentUrl":"https:\/\/staging.varesenews.it\/wp-content\/uploads\/2020\/12\/michele_mancino_colori_500.jpg","caption":"Michele Mancino"},"description":"Sono a VareseNews da prima che nascesse. Ho inserito le prime notizie in una stringa di codice html, la lingua di internet. Aprivo i computer, cambiavo schede di rete e portavo i server dal provider. A met&agrave; degli anni &rsquo;90 il giornalista online doveva saper fare anche questo. Ho vissuto gli anni drammatici della bolla speculativa di Internet e quelli entusiastici della crescita, anni in cui VareseNews era un Davide in mezzo a tanti Golia. Poi sono arrivati i social, le nuove piattaforme e soprattutto gli smartphone, una postazione di lavoro racchiusa in una mano. Una nuova rivoluzione. Insomma, &egrave; stata, ed &egrave; ancora, un&rsquo;avventura entusiasmante perch&eacute; mi insegna giorno dopo giorno che il cambiamento &egrave; l&rsquo;unica certezza di questa fragile esistenza.","sameAs":["https:\/\/www.facebook.com\/michele.mancino.5","micmancio","Aggiorna le impostazioni del tuo profilo pubblicoit.linkedin.com\/pub\/michele-mancino\/28\/b71\/890\/it","https:\/\/twitter.com\/micmancio"],"url":"https:\/\/staging.varesenews.it\/persona\/michele_mancino\/"}]}},"post_meta":{"_edit_lock":"1559030518:45","_edit_last":"45","_category_permalink":"a:1:{s:8:\"category\";s:0:\"\";}","_yoast_wpseo_content_score":"30","_jd_tweet_this":"yes","ratings_users":"0","ratings_score":"0","ratings_average":"0","foto":"740497","id_link_fotogallery":"824180","firma_come_redazione":"1","argomento":"Busto Arsizio","_wpt_short_url":"https:\/\/www.varesenews.it\/2019\/05\/congedo-comerio-limpresa-va-difesa\/824066\/","_wp_jd_target":"https:\/\/www.varesenews.it\/2019\/05\/congedo-comerio-limpresa-va-difesa\/824066\/","_jd_wp_twitter":"a:1:{i:0;s:126:\"Il congedo di Comerio: \u00abL\u2019impresa va difesa\u00bb https:\/\/www.varesenews.it\/2019\/05\/congedo-comerio-limpresa-va-difesa\/824066\/ \";}","_wpt_status_message":"Tweet inviato con successo.","id_video_vzaar":"20335963","id_leggi_anche":"824201"},"photos":[{"original":"https:\/\/staging.varesenews.it\/photogallery_new\/images\/2019\/05\/assemblea-di-univa-2019-740497.jpg","full":"https:\/\/staging.varesenews.it\/photogallery_new\/images\/2019\/05\/assemblea-di-univa-2019-740497.1024x768.jpg","large":"https:\/\/staging.varesenews.it\/photogallery_new\/images\/2019\/05\/assemblea-di-univa-2019-740497.610x431.jpg"}],"_links":{"self":[{"href":"https:\/\/staging.varesenews.it\/swgapi\/v1\/wp\/v2\/posts\/824066"}],"collection":[{"href":"https:\/\/staging.varesenews.it\/swgapi\/v1\/wp\/v2\/posts"}],"about":[{"href":"https:\/\/staging.varesenews.it\/swgapi\/v1\/wp\/v2\/types\/post"}],"author":[{"embeddable":true,"href":"https:\/\/staging.varesenews.it\/swgapi\/v1\/wp\/v2\/users\/45"}],"replies":[{"embeddable":true,"href":"https:\/\/staging.varesenews.it\/swgapi\/v1\/wp\/v2\/comments?post=824066"}],"version-history":[{"count":0,"href":"https:\/\/staging.varesenews.it\/swgapi\/v1\/wp\/v2\/posts\/824066\/revisions"}],"wp:attachment":[{"href":"https:\/\/staging.varesenews.it\/swgapi\/v1\/wp\/v2\/media?parent=824066"}],"wp:term":[{"taxonomy":"category","embeddable":true,"href":"https:\/\/staging.varesenews.it\/swgapi\/v1\/wp\/v2\/categories?post=824066"},{"taxonomy":"post_tag","embeddable":true,"href":"https:\/\/staging.varesenews.it\/swgapi\/v1\/wp\/v2\/tags?post=824066"}],"curies":[{"name":"wp","href":"https:\/\/api.w.org\/{rel}","templated":true}]}}