{"id":825710,"date":"2019-05-30T17:08:47","date_gmt":"2019-05-30T15:08:47","guid":{"rendered":"https:\/\/www.varesenews.it\/?p=825710"},"modified":"2019-05-30T17:08:47","modified_gmt":"2019-05-30T15:08:47","slug":"lauser-cerca-volontari-accompagnare-auto-gli-anziani","status":"publish","type":"post","link":"https:\/\/staging.varesenews.it\/2019\/05\/lauser-cerca-volontari-accompagnare-auto-gli-anziani\/825710\/","title":{"rendered":"L&#8217;Auser cerca volontari per accompagnare in auto gli anziani"},"content":{"rendered":"<p>L&#8217;associazione <a href=\"https:\/\/www.facebook.com\/AuserArcisate\/\"><strong>Auser onlus di Arcisate<\/strong><\/a> cerca volontari per l\u2019accompagnamento protetto (e assicurato) in auto\u00a0verso strutture sanitarie dei tanti anziani (ma non solo) che ne hanno bisogno.<\/p>\n<p>Il servizio viene effettuato\u00a0<strong>con auto dell\u2019associazione.<\/strong><\/p>\n<p>\u00abLe cose da fare sono tante &#8211; spiegano i responsabili dell&#8217;associazione &#8211; e c\u2019\u00e8 posto davvero per tutti. Chiediamo a chi pu\u00f2 di regalarci<strong> anche solo mezza giornata<\/strong> del proprio tempo, per scoprire come basta poco per sentirsi utili agli altri\u00bb.<\/p>\n<p>Auser di Arcisate \u00e8 una associazione di promozione sociale e volontariato, si adopera per favorire l\u2019invecchiamento attivo delle persone anziane contribuendo a far crescere il ruolo degli anziani nella nostra societ\u00e0: \u00abL&#8217;associazione si rivolge principalmente agli anziani, ma \u00e8 aperta alle relazioni di dialogo tra generazioni, nazionalit\u00e0 e culture diverse. Auser non opera per gli anziani, ma con gli anziani, per renderli il pi\u00f9 possibile protagonisti della realizzazione dei loro bisogni\u00bb.<\/p>\n<p>Per informazioni e contatti rivolgersi alla sede di via Piave 11, o telefonare al numero <strong>0332 856804<\/strong><\/p>\n","protected":false},"excerpt":{"rendered":"<p>L&#8217;associazione cerca volontari per l\u2019accompagnamento protetto (e assicurato) in auto\u00a0verso strutture sanitarie di anziani e persone che ne hanno bisogno<\/p>\n","protected":false},"author":44,"featured_media":0,"comment_status":"open","ping_status":"open","sticky":false,"template":"","format":"standard","meta":{"footnotes":""},"categories":[26,2],"tags":[90579,3632],"acf":[],"yoast_head":"<!-- This site is optimized with the Yoast SEO plugin v20.1 - https:\/\/yoast.com\/wordpress\/plugins\/seo\/ -->\n<title>L&#039;Auser cerca volontari per accompagnare in auto gli anziani<\/title>\n<meta name=\"description\" content=\"L&#039;associazione cerca volontari per l\u2019accompagnamento protetto (e assicurato) in auto\u00a0verso strutture sanitarie di anziani e persone che ne hanno bisogno\" \/>\n<meta name=\"robots\" content=\"noindex, follow, max-snippet:-1, max-image-preview:large, max-video-preview:-1\" \/>\n<meta property=\"og:locale\" content=\"it_IT\" \/>\n<meta property=\"og:type\" content=\"article\" \/>\n<meta property=\"og:title\" content=\"L&#039;Auser cerca volontari per accompagnare in auto gli anziani\" \/>\n<meta property=\"og:description\" content=\"L&#039;associazione cerca volontari per l\u2019accompagnamento protetto (e assicurato) in auto\u00a0verso strutture sanitarie di anziani e persone che ne hanno bisogno\" \/>\n<meta property=\"og:url\" content=\"https:\/\/staging.varesenews.it\/2019\/05\/lauser-cerca-volontari-accompagnare-auto-gli-anziani\/825710\/\" \/>\n<meta property=\"og:site_name\" content=\"VareseNews\" \/>\n<meta property=\"article:publisher\" content=\"https:\/\/www.facebook.com\/varesenews\" \/>\n<meta property=\"article:author\" content=\"https:\/\/www.facebook.com\/mariangela.gerletti\" \/>\n<meta property=\"article:published_time\" content=\"2019-05-30T15:08:47+00:00\" \/>\n<meta name=\"author\" content=\"Mariangela Gerletti\" \/>\n<meta name=\"twitter:card\" content=\"summary_large_image\" \/>\n<meta name=\"twitter:creator\" content=\"@MariGerletti\" \/>\n<meta name=\"twitter:site\" content=\"@varesenews\" \/>\n<meta name=\"twitter:label1\" content=\"Scritto da\" \/>\n\t<meta name=\"twitter:data1\" content=\"Mariangela Gerletti\" \/>\n\t<meta name=\"twitter:label2\" content=\"Tempo di lettura stimato\" \/>\n\t<meta name=\"twitter:data2\" content=\"1 minuto\" \/>\n<script type=\"application\/ld+json\" class=\"yoast-schema-graph\">{\"@context\":\"https:\/\/schema.org\",\"@graph\":[{\"@type\":\"WebPage\",\"@id\":\"https:\/\/staging.varesenews.it\/2019\/05\/lauser-cerca-volontari-accompagnare-auto-gli-anziani\/825710\/\",\"url\":\"https:\/\/staging.varesenews.it\/2019\/05\/lauser-cerca-volontari-accompagnare-auto-gli-anziani\/825710\/\",\"name\":\"L'Auser cerca volontari per accompagnare in auto gli anziani\",\"isPartOf\":{\"@id\":\"https:\/\/staging.varesenews.it\/#website\"},\"datePublished\":\"2019-05-30T15:08:47+00:00\",\"dateModified\":\"2019-05-30T15:08:47+00:00\",\"author\":{\"@id\":\"https:\/\/staging.varesenews.it\/#\/schema\/person\/14f52876ea19bc10d0d2717b6e8f9b89\"},\"description\":\"L'associazione cerca volontari per l\u2019accompagnamento protetto (e assicurato) in auto\u00a0verso strutture sanitarie di anziani e persone che ne hanno bisogno\",\"breadcrumb\":{\"@id\":\"https:\/\/staging.varesenews.it\/2019\/05\/lauser-cerca-volontari-accompagnare-auto-gli-anziani\/825710\/#breadcrumb\"},\"inLanguage\":\"it-IT\",\"potentialAction\":[{\"@type\":\"ReadAction\",\"target\":[\"https:\/\/staging.varesenews.it\/2019\/05\/lauser-cerca-volontari-accompagnare-auto-gli-anziani\/825710\/\"]}]},{\"@type\":\"BreadcrumbList\",\"@id\":\"https:\/\/staging.varesenews.it\/2019\/05\/lauser-cerca-volontari-accompagnare-auto-gli-anziani\/825710\/#breadcrumb\",\"itemListElement\":[{\"@type\":\"ListItem\",\"position\":1,\"name\":\"Home\",\"item\":\"https:\/\/www.varesenews.it\/\"},{\"@type\":\"ListItem\",\"position\":2,\"name\":\"L&#8217;Auser cerca volontari per accompagnare in auto gli anziani\"}]},{\"@type\":\"WebSite\",\"@id\":\"https:\/\/staging.varesenews.it\/#website\",\"url\":\"https:\/\/staging.varesenews.it\/\",\"name\":\"VareseNews\",\"description\":\"\",\"potentialAction\":[{\"@type\":\"SearchAction\",\"target\":{\"@type\":\"EntryPoint\",\"urlTemplate\":\"https:\/\/staging.varesenews.it\/?s={search_term_string}\"},\"query-input\":\"required name=search_term_string\"}],\"inLanguage\":\"it-IT\"},{\"@type\":\"Person\",\"@id\":\"https:\/\/staging.varesenews.it\/#\/schema\/person\/14f52876ea19bc10d0d2717b6e8f9b89\",\"name\":\"Mariangela Gerletti\",\"image\":{\"@type\":\"ImageObject\",\"inLanguage\":\"it-IT\",\"@id\":\"https:\/\/staging.varesenews.it\/#\/schema\/person\/image\/\",\"url\":\"https:\/\/staging.varesenews.it\/wp-content\/uploads\/2020\/12\/mariangela.jpeg\",\"contentUrl\":\"https:\/\/staging.varesenews.it\/wp-content\/uploads\/2020\/12\/mariangela.jpeg\",\"caption\":\"Mariangela Gerletti\"},\"description\":\"Da pi&ugrave; di trent'anni mi occupo di giornalismo e comunicazione Varesenews &egrave; il luogo dove ho trovato la passione, l'attenzione e le persone che ogni giorno mi fanno amare un po' di pi&ugrave; questo lavoro di cui non mi stanco mai. Far parte della redazione di Varesenews &egrave; un onore, sostenere il progetto della membership &egrave; un piacere perch&eacute; mi fa sentire ancora pi&ugrave; vicina alla grande comunit&agrave; dei nostri lettori.\",\"sameAs\":[\"https:\/\/www.facebook.com\/mariangela.gerletti\",\"marigerletti\",\"https:\/\/twitter.com\/MariGerletti\"],\"url\":\"https:\/\/staging.varesenews.it\/persona\/mariangela-gerletti1\/\"}]}<\/script>\n<!-- \/ Yoast SEO plugin. -->","yoast_head_json":{"title":"L'Auser cerca volontari per accompagnare in auto gli anziani","description":"L'associazione cerca volontari per l\u2019accompagnamento protetto (e assicurato) in auto\u00a0verso strutture sanitarie di anziani e persone che ne hanno bisogno","robots":{"index":"noindex","follow":"follow","max-snippet":"max-snippet:-1","max-image-preview":"max-image-preview:large","max-video-preview":"max-video-preview:-1"},"og_locale":"it_IT","og_type":"article","og_title":"L'Auser cerca volontari per accompagnare in auto gli anziani","og_description":"L'associazione cerca volontari per l\u2019accompagnamento protetto (e assicurato) in auto\u00a0verso strutture sanitarie di anziani e persone che ne hanno bisogno","og_url":"https:\/\/staging.varesenews.it\/2019\/05\/lauser-cerca-volontari-accompagnare-auto-gli-anziani\/825710\/","og_site_name":"VareseNews","article_publisher":"https:\/\/www.facebook.com\/varesenews","article_author":"https:\/\/www.facebook.com\/mariangela.gerletti","article_published_time":"2019-05-30T15:08:47+00:00","author":"Mariangela Gerletti","twitter_card":"summary_large_image","twitter_creator":"@MariGerletti","twitter_site":"@varesenews","twitter_misc":{"Scritto da":"Mariangela Gerletti","Tempo di lettura stimato":"1 minuto"},"schema":{"@context":"https:\/\/schema.org","@graph":[{"@type":"WebPage","@id":"https:\/\/staging.varesenews.it\/2019\/05\/lauser-cerca-volontari-accompagnare-auto-gli-anziani\/825710\/","url":"https:\/\/staging.varesenews.it\/2019\/05\/lauser-cerca-volontari-accompagnare-auto-gli-anziani\/825710\/","name":"L'Auser cerca volontari per accompagnare in auto gli anziani","isPartOf":{"@id":"https:\/\/staging.varesenews.it\/#website"},"datePublished":"2019-05-30T15:08:47+00:00","dateModified":"2019-05-30T15:08:47+00:00","author":{"@id":"https:\/\/staging.varesenews.it\/#\/schema\/person\/14f52876ea19bc10d0d2717b6e8f9b89"},"description":"L'associazione cerca volontari per l\u2019accompagnamento protetto (e assicurato) in auto\u00a0verso strutture sanitarie di anziani e persone che ne hanno bisogno","breadcrumb":{"@id":"https:\/\/staging.varesenews.it\/2019\/05\/lauser-cerca-volontari-accompagnare-auto-gli-anziani\/825710\/#breadcrumb"},"inLanguage":"it-IT","potentialAction":[{"@type":"ReadAction","target":["https:\/\/staging.varesenews.it\/2019\/05\/lauser-cerca-volontari-accompagnare-auto-gli-anziani\/825710\/"]}]},{"@type":"BreadcrumbList","@id":"https:\/\/staging.varesenews.it\/2019\/05\/lauser-cerca-volontari-accompagnare-auto-gli-anziani\/825710\/#breadcrumb","itemListElement":[{"@type":"ListItem","position":1,"name":"Home","item":"https:\/\/www.varesenews.it\/"},{"@type":"ListItem","position":2,"name":"L&#8217;Auser cerca volontari per accompagnare in auto gli anziani"}]},{"@type":"WebSite","@id":"https:\/\/staging.varesenews.it\/#website","url":"https:\/\/staging.varesenews.it\/","name":"VareseNews","description":"","potentialAction":[{"@type":"SearchAction","target":{"@type":"EntryPoint","urlTemplate":"https:\/\/staging.varesenews.it\/?s={search_term_string}"},"query-input":"required name=search_term_string"}],"inLanguage":"it-IT"},{"@type":"Person","@id":"https:\/\/staging.varesenews.it\/#\/schema\/person\/14f52876ea19bc10d0d2717b6e8f9b89","name":"Mariangela Gerletti","image":{"@type":"ImageObject","inLanguage":"it-IT","@id":"https:\/\/staging.varesenews.it\/#\/schema\/person\/image\/","url":"https:\/\/staging.varesenews.it\/wp-content\/uploads\/2020\/12\/mariangela.jpeg","contentUrl":"https:\/\/staging.varesenews.it\/wp-content\/uploads\/2020\/12\/mariangela.jpeg","caption":"Mariangela Gerletti"},"description":"Da pi&ugrave; di trent'anni mi occupo di giornalismo e comunicazione Varesenews &egrave; il luogo dove ho trovato la passione, l'attenzione e le persone che ogni giorno mi fanno amare un po' di pi&ugrave; questo lavoro di cui non mi stanco mai. Far parte della redazione di Varesenews &egrave; un onore, sostenere il progetto della membership &egrave; un piacere perch&eacute; mi fa sentire ancora pi&ugrave; vicina alla grande comunit&agrave; dei nostri lettori.","sameAs":["https:\/\/www.facebook.com\/mariangela.gerletti","marigerletti","https:\/\/twitter.com\/MariGerletti"],"url":"https:\/\/staging.varesenews.it\/persona\/mariangela-gerletti1\/"}]}},"post_meta":{"_edit_lock":"1559230756:44","_edit_last":"44","_category_permalink":"a:1:{s:8:\"category\";s:1:\"2\";}","_yoast_wpseo_content_score":"30","_jd_tweet_this":"yes","foto":"698084","firma-personalizzata":"Ma.Ge.","argomento":"Arcisate","ratings_users":"0","ratings_score":"0","ratings_average":"0","_wpt_short_url":"https:\/\/www.varesenews.it\/2019\/05\/lauser-cerca-volontari-accompagnare-auto-gli-anziani\/825710\/","_wp_jd_target":"https:\/\/www.varesenews.it\/2019\/05\/lauser-cerca-volontari-accompagnare-auto-gli-anziani\/825710\/","_jd_wp_twitter":"a:1:{i:0;s:184:\"L\u2019Auser cerca volontari per accompagnare in auto gli anziani https:\/\/www.varesenews.it\/2019\/05\/lauser-cerca-volontari-accompagnare-auto-gli-anziani\/825710\/ #auserarcisate #Valceresio\";}","_wpt_status_message":"Tweet inviato con successo."},"photos":[{"original":"https:\/\/staging.varesenews.it\/photogallery_new\/images\/2018\/10\/auser-arcisate-698084.jpg","full":"https:\/\/staging.varesenews.it\/photogallery_new\/images\/2018\/10\/auser-arcisate-698084.1024x768.jpg","large":"https:\/\/staging.varesenews.it\/photogallery_new\/images\/2018\/10\/auser-arcisate-698084.610x431.jpg"}],"_links":{"self":[{"href":"https:\/\/staging.varesenews.it\/swgapi\/v1\/wp\/v2\/posts\/825710"}],"collection":[{"href":"https:\/\/staging.varesenews.it\/swgapi\/v1\/wp\/v2\/posts"}],"about":[{"href":"https:\/\/staging.varesenews.it\/swgapi\/v1\/wp\/v2\/types\/post"}],"author":[{"embeddable":true,"href":"https:\/\/staging.varesenews.it\/swgapi\/v1\/wp\/v2\/users\/44"}],"replies":[{"embeddable":true,"href":"https:\/\/staging.varesenews.it\/swgapi\/v1\/wp\/v2\/comments?post=825710"}],"version-history":[{"count":0,"href":"https:\/\/staging.varesenews.it\/swgapi\/v1\/wp\/v2\/posts\/825710\/revisions"}],"wp:attachment":[{"href":"https:\/\/staging.varesenews.it\/swgapi\/v1\/wp\/v2\/media?parent=825710"}],"wp:term":[{"taxonomy":"category","embeddable":true,"href":"https:\/\/staging.varesenews.it\/swgapi\/v1\/wp\/v2\/categories?post=825710"},{"taxonomy":"post_tag","embeddable":true,"href":"https:\/\/staging.varesenews.it\/swgapi\/v1\/wp\/v2\/tags?post=825710"}],"curies":[{"name":"wp","href":"https:\/\/api.w.org\/{rel}","templated":true}]}}