{"id":826937,"date":"2019-06-04T10:27:29","date_gmt":"2019-06-04T08:27:29","guid":{"rendered":"https:\/\/www.varesenews.it\/?p=826937"},"modified":"2019-06-04T10:27:29","modified_gmt":"2019-06-04T08:27:29","slug":"sandro-damiani-risponde-non-caccia-poltrone","status":"publish","type":"post","link":"https:\/\/staging.varesenews.it\/2019\/06\/sandro-damiani-risponde-non-caccia-poltrone\/826937\/","title":{"rendered":"Sandro Damiani risponde: &#8220;Non siamo a caccia di poltrone&#8221;"},"content":{"rendered":"<p>Dopo la <a href=\"https:\/\/www.varesenews.it\/2019\/06\/la-gulino-trova-gli-accordi-m5s-fdi-malnate\/826417\/\">questione apparentamenti <\/a>a Malnate e il definitivo <a href=\"https:\/\/www.varesenews.it\/2019\/06\/vertici-m5s-intervengono-malnate-gulino-costretto-ritirare-lapparentamento\/826789\/\">ritiro dall&#8217;accordo con il centrodestra del Movimento 5 Stelle<\/a>, tocca a <strong>Sandro Damiani<\/strong> rispondere.<\/p>\n<p>Il candidato sindaco di Fratelli d&#8217;Italia, che <strong>l&#8217;accordo con il centrodestra lo ha trovato e lo manterr\u00e0,<\/strong> si \u00e8 espresso tramite un comunicato stampa, facendo riferimento alla <a href=\"https:\/\/www.varesenews.it\/2019\/06\/centrosinistra-attacca-la-destra-cerca-lammucchiata-spartirsi-potere\/826458\/\">nota della coalizione di centrosinistra<\/a>:<\/p>\n<blockquote><p>Rispondo personalmente al centrosinistra circa quanto asserito in merito ad una presunta ammucchiata e corsa alle poltrone nel centrodestra. Anzitutto FDI non ha sottoscritto alcun accordo con il M5S. E\u2019 doveroso sottolineare che solo successivamente al deposito della dichiarazione di apparentamento con la Lega, e a termini scaduti, sono venuto a conoscenza dell\u2019accordo stipulato anche con il M5S. Mi \u00e8 parsa una stranezza in quanto fino a poche ore prima la dichiarazione del candidato Sindaco del movimento era quella di nessun apparentamento. Solo dopo ebbi, altres\u00ec, notizia dell\u2019accordo nell\u2019ambito \u201cfamiliare\u201d. Non rinnego quanto sostenuto in campagna elettorale circa la mia valutazione sulla idoneit\u00e0 della candidatura a Sindaco nella persona presentata dalla Lega, ma nel contempo, visto il risultato elettorale, ritengo normale che FDI rientri nel naturale alloggiamento nel centrodestra, insieme a Lega e Malnate per Tutti (F.I.), anche per aiutare la Candidata Sindaco nel difficile compito che andr\u00e0 a svolgere in caso di vittoria, alla luce della mia esperienza politica. Nessuna caccia alle poltrone \u00e8 stata attuata n\u00e9 da FDI ne da F.I. allorch\u00e8 Marco Damiani ha solo e sempre, fin dall\u2019inizio cercato di mantenere unita la coalizione. Semmai tale comportamento \u00e8 stato posto in essere da qualcuno all\u2019interno del centrosinistra che a met\u00e0 mandato ha abbandonato il Paese per una poltrona pi\u00f9 succulenta, facendo gravare sulla collettivit\u00e0 un costo doppio per queste elezioni. Dopo 8 anni di assoluta mancanza di intervento sul territorio, solo in campagna elettorale e nella settimana del ballottaggio si apprestano ad effettuare qualche intervento circa la manutenzione delle strade, Chiss\u00e0 come mai?<\/p><\/blockquote>\n","protected":false},"excerpt":{"rendered":"<p>Con un comunicato il candidato sindaco di Fratelli d&#8217;Italia commenta la decisione di firmare l&#8217;accordo con il centrodestra in vista del ballottaggio<\/p>\n","protected":false},"author":10,"featured_media":0,"comment_status":"open","ping_status":"open","sticky":false,"template":"","format":"standard","meta":{"footnotes":""},"categories":[16,2],"tags":[96806,94046,355],"acf":[],"yoast_head":"<!-- This site is optimized with the Yoast SEO plugin v20.1 - https:\/\/yoast.com\/wordpress\/plugins\/seo\/ -->\n<title>Sandro Damiani risponde: &quot;Non siamo a caccia di poltrone&quot;<\/title>\n<meta name=\"description\" content=\"Con un comunicato il candidato sindaco di Fratelli d&#039;Italia commenta la decisione di firmare l&#039;accordo con il centrodestra in vista del ballottaggio\" \/>\n<meta name=\"robots\" content=\"noindex, follow, max-snippet:-1, max-image-preview:large, max-video-preview:-1\" \/>\n<meta property=\"og:locale\" content=\"it_IT\" \/>\n<meta property=\"og:type\" content=\"article\" \/>\n<meta property=\"og:title\" content=\"Sandro Damiani risponde: &quot;Non siamo a caccia di poltrone&quot;\" \/>\n<meta property=\"og:description\" content=\"Con un comunicato il candidato sindaco di Fratelli d&#039;Italia commenta la decisione di firmare l&#039;accordo con il centrodestra in vista del ballottaggio\" \/>\n<meta property=\"og:url\" content=\"https:\/\/staging.varesenews.it\/2019\/06\/sandro-damiani-risponde-non-caccia-poltrone\/826937\/\" \/>\n<meta property=\"og:site_name\" content=\"VareseNews\" \/>\n<meta property=\"article:publisher\" content=\"https:\/\/www.facebook.com\/varesenews\" \/>\n<meta property=\"article:published_time\" content=\"2019-06-04T08:27:29+00:00\" \/>\n<meta name=\"author\" content=\"Redazione VareseNews\" \/>\n<meta name=\"twitter:card\" content=\"summary_large_image\" \/>\n<meta name=\"twitter:creator\" content=\"@varesenews\" \/>\n<meta name=\"twitter:site\" content=\"@varesenews\" \/>\n<meta name=\"twitter:label1\" content=\"Scritto da\" \/>\n\t<meta name=\"twitter:data1\" content=\"Redazione VareseNews\" \/>\n\t<meta name=\"twitter:label2\" content=\"Tempo di lettura stimato\" \/>\n\t<meta name=\"twitter:data2\" content=\"2 minuti\" \/>\n<script type=\"application\/ld+json\" class=\"yoast-schema-graph\">{\"@context\":\"https:\/\/schema.org\",\"@graph\":[{\"@type\":\"WebPage\",\"@id\":\"https:\/\/staging.varesenews.it\/2019\/06\/sandro-damiani-risponde-non-caccia-poltrone\/826937\/\",\"url\":\"https:\/\/staging.varesenews.it\/2019\/06\/sandro-damiani-risponde-non-caccia-poltrone\/826937\/\",\"name\":\"Sandro Damiani risponde: \\\"Non siamo a caccia di poltrone\\\"\",\"isPartOf\":{\"@id\":\"https:\/\/staging.varesenews.it\/#website\"},\"datePublished\":\"2019-06-04T08:27:29+00:00\",\"dateModified\":\"2019-06-04T08:27:29+00:00\",\"author\":{\"@id\":\"https:\/\/staging.varesenews.it\/#\/schema\/person\/fb20c4da0b7b16c291707a20db73e169\"},\"description\":\"Con un comunicato il candidato sindaco di Fratelli d'Italia commenta la decisione di firmare l'accordo con il centrodestra in vista del ballottaggio\",\"breadcrumb\":{\"@id\":\"https:\/\/staging.varesenews.it\/2019\/06\/sandro-damiani-risponde-non-caccia-poltrone\/826937\/#breadcrumb\"},\"inLanguage\":\"it-IT\",\"potentialAction\":[{\"@type\":\"ReadAction\",\"target\":[\"https:\/\/staging.varesenews.it\/2019\/06\/sandro-damiani-risponde-non-caccia-poltrone\/826937\/\"]}]},{\"@type\":\"BreadcrumbList\",\"@id\":\"https:\/\/staging.varesenews.it\/2019\/06\/sandro-damiani-risponde-non-caccia-poltrone\/826937\/#breadcrumb\",\"itemListElement\":[{\"@type\":\"ListItem\",\"position\":1,\"name\":\"Home\",\"item\":\"https:\/\/www.varesenews.it\/\"},{\"@type\":\"ListItem\",\"position\":2,\"name\":\"Sandro Damiani risponde: &#8220;Non siamo a caccia di poltrone&#8221;\"}]},{\"@type\":\"WebSite\",\"@id\":\"https:\/\/staging.varesenews.it\/#website\",\"url\":\"https:\/\/staging.varesenews.it\/\",\"name\":\"VareseNews\",\"description\":\"\",\"potentialAction\":[{\"@type\":\"SearchAction\",\"target\":{\"@type\":\"EntryPoint\",\"urlTemplate\":\"https:\/\/staging.varesenews.it\/?s={search_term_string}\"},\"query-input\":\"required name=search_term_string\"}],\"inLanguage\":\"it-IT\"},{\"@type\":\"Person\",\"@id\":\"https:\/\/staging.varesenews.it\/#\/schema\/person\/fb20c4da0b7b16c291707a20db73e169\",\"name\":\"Redazione VareseNews\",\"image\":{\"@type\":\"ImageObject\",\"inLanguage\":\"it-IT\",\"@id\":\"https:\/\/staging.varesenews.it\/#\/schema\/person\/image\/\",\"url\":\"https:\/\/staging.varesenews.it\/wp-content\/uploads\/2020\/12\/logo_VN_colori_500.png\",\"contentUrl\":\"https:\/\/staging.varesenews.it\/wp-content\/uploads\/2020\/12\/logo_VN_colori_500.png\",\"caption\":\"Redazione VareseNews\"},\"url\":\"https:\/\/staging.varesenews.it\/persona\/redazione1\/\"}]}<\/script>\n<!-- \/ Yoast SEO plugin. -->","yoast_head_json":{"title":"Sandro Damiani risponde: \"Non siamo a caccia di poltrone\"","description":"Con un comunicato il candidato sindaco di Fratelli d'Italia commenta la decisione di firmare l'accordo con il centrodestra in vista del ballottaggio","robots":{"index":"noindex","follow":"follow","max-snippet":"max-snippet:-1","max-image-preview":"max-image-preview:large","max-video-preview":"max-video-preview:-1"},"og_locale":"it_IT","og_type":"article","og_title":"Sandro Damiani risponde: \"Non siamo a caccia di poltrone\"","og_description":"Con un comunicato il candidato sindaco di Fratelli d'Italia commenta la decisione di firmare l'accordo con il centrodestra in vista del ballottaggio","og_url":"https:\/\/staging.varesenews.it\/2019\/06\/sandro-damiani-risponde-non-caccia-poltrone\/826937\/","og_site_name":"VareseNews","article_publisher":"https:\/\/www.facebook.com\/varesenews","article_published_time":"2019-06-04T08:27:29+00:00","author":"Redazione VareseNews","twitter_card":"summary_large_image","twitter_creator":"@varesenews","twitter_site":"@varesenews","twitter_misc":{"Scritto da":"Redazione VareseNews","Tempo di lettura stimato":"2 minuti"},"schema":{"@context":"https:\/\/schema.org","@graph":[{"@type":"WebPage","@id":"https:\/\/staging.varesenews.it\/2019\/06\/sandro-damiani-risponde-non-caccia-poltrone\/826937\/","url":"https:\/\/staging.varesenews.it\/2019\/06\/sandro-damiani-risponde-non-caccia-poltrone\/826937\/","name":"Sandro Damiani risponde: \"Non siamo a caccia di poltrone\"","isPartOf":{"@id":"https:\/\/staging.varesenews.it\/#website"},"datePublished":"2019-06-04T08:27:29+00:00","dateModified":"2019-06-04T08:27:29+00:00","author":{"@id":"https:\/\/staging.varesenews.it\/#\/schema\/person\/fb20c4da0b7b16c291707a20db73e169"},"description":"Con un comunicato il candidato sindaco di Fratelli d'Italia commenta la decisione di firmare l'accordo con il centrodestra in vista del ballottaggio","breadcrumb":{"@id":"https:\/\/staging.varesenews.it\/2019\/06\/sandro-damiani-risponde-non-caccia-poltrone\/826937\/#breadcrumb"},"inLanguage":"it-IT","potentialAction":[{"@type":"ReadAction","target":["https:\/\/staging.varesenews.it\/2019\/06\/sandro-damiani-risponde-non-caccia-poltrone\/826937\/"]}]},{"@type":"BreadcrumbList","@id":"https:\/\/staging.varesenews.it\/2019\/06\/sandro-damiani-risponde-non-caccia-poltrone\/826937\/#breadcrumb","itemListElement":[{"@type":"ListItem","position":1,"name":"Home","item":"https:\/\/www.varesenews.it\/"},{"@type":"ListItem","position":2,"name":"Sandro Damiani risponde: &#8220;Non siamo a caccia di poltrone&#8221;"}]},{"@type":"WebSite","@id":"https:\/\/staging.varesenews.it\/#website","url":"https:\/\/staging.varesenews.it\/","name":"VareseNews","description":"","potentialAction":[{"@type":"SearchAction","target":{"@type":"EntryPoint","urlTemplate":"https:\/\/staging.varesenews.it\/?s={search_term_string}"},"query-input":"required name=search_term_string"}],"inLanguage":"it-IT"},{"@type":"Person","@id":"https:\/\/staging.varesenews.it\/#\/schema\/person\/fb20c4da0b7b16c291707a20db73e169","name":"Redazione VareseNews","image":{"@type":"ImageObject","inLanguage":"it-IT","@id":"https:\/\/staging.varesenews.it\/#\/schema\/person\/image\/","url":"https:\/\/staging.varesenews.it\/wp-content\/uploads\/2020\/12\/logo_VN_colori_500.png","contentUrl":"https:\/\/staging.varesenews.it\/wp-content\/uploads\/2020\/12\/logo_VN_colori_500.png","caption":"Redazione VareseNews"},"url":"https:\/\/staging.varesenews.it\/persona\/redazione1\/"}]}},"post_meta":{"_edit_lock":"1559637578:37","_edit_last":"37","_category_permalink":"a:1:{s:8:\"category\";s:2:\"16\";}","ratings_users":"0","ratings_score":"0","ratings_average":"0","id_leggi_anche":"826789,826610,826480,826417,826165,824399","foto":"738331","argomento":"Malnate","_yoast_wpseo_focuskw_text_input":"sandro damiani","_yoast_wpseo_focuskw":"sandro damiani","_yoast_wpseo_linkdex":"78","_yoast_wpseo_content_score":"30","_jd_tweet_this":"yes","_wpt_short_url":"https:\/\/www.varesenews.it\/2019\/06\/sandro-damiani-risponde-non-caccia-poltrone\/826937\/","_wp_jd_target":"https:\/\/www.varesenews.it\/2019\/06\/sandro-damiani-risponde-non-caccia-poltrone\/826937\/","_jd_wp_twitter":"a:1:{i:0;s:164:\"Sandro Damiani risponde: \u201cNon siamo a caccia di poltrone\u201d https:\/\/www.varesenews.it\/2019\/06\/sandro-damiani-risponde-non-caccia-poltrone\/826937\/ #fratelliditalia\";}","_wpt_status_message":"Tweet inviato con successo."},"photos":[{"original":"https:\/\/staging.varesenews.it\/photogallery_new\/images\/2019\/05\/il-dibattito-elettorale-a-malnate-738331.jpg","full":"https:\/\/staging.varesenews.it\/photogallery_new\/images\/2019\/05\/il-dibattito-elettorale-a-malnate-738331.1024x768.jpg","large":"https:\/\/staging.varesenews.it\/photogallery_new\/images\/2019\/05\/il-dibattito-elettorale-a-malnate-738331.610x431.jpg"}],"_links":{"self":[{"href":"https:\/\/staging.varesenews.it\/swgapi\/v1\/wp\/v2\/posts\/826937"}],"collection":[{"href":"https:\/\/staging.varesenews.it\/swgapi\/v1\/wp\/v2\/posts"}],"about":[{"href":"https:\/\/staging.varesenews.it\/swgapi\/v1\/wp\/v2\/types\/post"}],"author":[{"embeddable":true,"href":"https:\/\/staging.varesenews.it\/swgapi\/v1\/wp\/v2\/users\/10"}],"replies":[{"embeddable":true,"href":"https:\/\/staging.varesenews.it\/swgapi\/v1\/wp\/v2\/comments?post=826937"}],"version-history":[{"count":0,"href":"https:\/\/staging.varesenews.it\/swgapi\/v1\/wp\/v2\/posts\/826937\/revisions"}],"wp:attachment":[{"href":"https:\/\/staging.varesenews.it\/swgapi\/v1\/wp\/v2\/media?parent=826937"}],"wp:term":[{"taxonomy":"category","embeddable":true,"href":"https:\/\/staging.varesenews.it\/swgapi\/v1\/wp\/v2\/categories?post=826937"},{"taxonomy":"post_tag","embeddable":true,"href":"https:\/\/staging.varesenews.it\/swgapi\/v1\/wp\/v2\/tags?post=826937"}],"curies":[{"name":"wp","href":"https:\/\/api.w.org\/{rel}","templated":true}]}}