{"id":826952,"date":"2019-06-04T10:57:51","date_gmt":"2019-06-04T08:57:51","guid":{"rendered":"https:\/\/www.varesenews.it\/?p=826952"},"modified":"2019-06-04T10:58:36","modified_gmt":"2019-06-04T08:58:36","slug":"le-magiche-serate-valle-della-pro-loco-aspettando-girinvalle","status":"publish","type":"post","link":"https:\/\/staging.varesenews.it\/2019\/06\/le-magiche-serate-valle-della-pro-loco-aspettando-girinvalle\/826952\/","title":{"rendered":"Ecco le \u2018Magiche serate in valle\u2019 della Pro loco, aspettando Girinvalle"},"content":{"rendered":"<p><strong>Una settimana di eventi in attesa del Girinvalle:<\/strong> a Olgiate Olona torna le <strong>\u2018Magiche serate in valle\u2019.<\/strong><br \/>\n\u201cPer un\u2019intera settimana animeremo il nostro fondovalle, celebrando le associazioni locali e cercando di coinvolgere tutta la comunit\u00e0 nelle nostre attivit\u00e0\u201d: <strong>Artemio Paletti<\/strong>, presidente della<strong> Pro loco<\/strong> \u00e8 entusiasta del programma della manifestazione di quest\u2019anno.<\/p>\n<p>\u201cDomenica 9 si parte con il Lions club e un pranzo curato dall\u2019<strong>Accademia della costina<\/strong>, i cui proventi andranno in beneficenza; si passa poi a marted\u00ec 11 con l\u2019<strong>associazione Don Pino Ballabio<\/strong>, che si occupa di missioni umanitarie, la cena sar\u00e0 a base di fritto misto e ci sar\u00e0 la partecipazione della Fanfara dei Bersaglieri; mercoled\u00ec 12 celebriamo gli oratori olgiatesi, offrendo panino la salamella ai ragazzi presenti; inoltre si potr\u00e0 degustare la paella e ci sar\u00e0 la possibilit\u00e0 di giocare con le lanterne cinesi \u2013 continua Paletti &#8211; gioved\u00ec 13 <strong>l\u2019asilo nido \u2018Mipiace\u2019 e il \u2018club degli elefanti volanti\u2019<\/strong> animeranno la serata con uno spettacolo di magia, seguito dalla disco anni \u201880-\u201990; venerd\u00ec 14 saranno protagonisti <strong>gli Scout<\/strong> e spetter\u00e0 a loro animare la serata con musica e divertimento; il giorno dopo, gi\u00e0 in atmosfera da Girinvalle, avremo la musica della Urlo band e la domenica ci sar\u00e0 <strong>l\u2019artista dello streetfood Marcelo Montuori che preparer\u00e0 la Picanha.<\/strong> Per terminare in allegria avremo anche uno spettacolo di ballerini brasiliani che movimenteranno la serata, concludendo questa intensa settimana di eventi\u201d.<div class=\"photo-inside-post\"><img decoding=\"async\" loading=\"lazy\" fetchpriority=\"low\" width=\"610\" height=\"431\" src=\"https:\/\/staging.varesenews.it\/photogallery_new\/images\/2019\/06\/magiche-serate-in-valle-olona-2019-pro-loco-742082.610x431.jpg\" alt=\"magiche serate in valle olona 2019 pro loco\"><\/div><\/p>\n<p>Ma com\u2019\u00e8 nata l\u2019idea delle \u2018Magiche serate in valle\u2019? \u201cLa nostra partecipazione al Girinvalle comporta un grande lavoro, perch\u00e9 noi, a differenza dei comuni vicini, lungo il fiume non abbiamo nessuna struttura n\u00e9 alcun appoggio e dovremo trasportare tutto il necessario. Pertanto si \u00e8 pensato di sfruttare al meglio il lavoro fatto, arricchendo l\u2019agenda olgiatese con un\u2019intera settimana di eventi, coinvolgendo gli oratori e le altre associazioni cittadine\u201d.<\/p>\n<p>E per la domenica? \u201cPer la giornata del Girinvalle, domenica 16 giugno, la parte di percorso di Olgiate proporr\u00e0 il giro in barca sull\u2019Olona, gonfiabili, truccabimbi e la gara fra le paperelle lungo il fiume: un momento divertente, apprezzato ogni anno. Con soli 2 euro il pubblico potr\u00e0 acquistare il numero di una delle 2mila paperelle gialle che coloreranno il fiume e sfidare la fortuna\u201d.<\/p>\n<p>Quest\u2019anno ci sar\u00e0 una nota d\u2019orgoglio per la Pro loco, un\u2019impronta ecologista alla manifestazione: \u201cPiatti e bicchieri saranno plastic free \u2013 spiega la vicepresidente <strong>Maria Teresa Giorgetti<\/strong> \u2013 e non solo: anche le lanterne cinesi della serata del mercoled\u00ec saranno biodegradabili. Questo per dimostrare il nostro interesse a salvaguardare l\u2019ambiente, il fiume e tutto il nostro territorio, a partire in primis dalle nostre scelte\u201d.<\/p>\n","protected":false},"excerpt":{"rendered":"<p>Nella settimana che precede il Girinvalle, quindi dal 9 al 16 giugno, a Pro loco ha organizzato serate di animazione e intrattenimento, con ogni giorno un piatto diverso da gustare<\/p>\n","protected":false},"author":47,"featured_media":0,"comment_status":"open","ping_status":"open","sticky":false,"template":"","format":"standard","meta":{"footnotes":""},"categories":[4,21],"tags":[96932,1249,158],"acf":[],"yoast_head":"<!-- This site is optimized with the Yoast SEO plugin v20.1 - https:\/\/yoast.com\/wordpress\/plugins\/seo\/ -->\n<title>Ecco le \u2018Magiche serate in valle\u2019 della Pro loco, aspettando Girinvalle<\/title>\n<meta name=\"description\" content=\"Nella settimana che precede il Girinvalle, quindi dal 9 al 16 giugno, a Pro loco ha organizzato serate di animazione e intrattenimento, con ogni giorno un piatto diverso da gustare\" \/>\n<meta name=\"robots\" content=\"noindex, follow, max-snippet:-1, max-image-preview:large, max-video-preview:-1\" \/>\n<meta property=\"og:locale\" content=\"it_IT\" \/>\n<meta property=\"og:type\" content=\"article\" \/>\n<meta property=\"og:title\" content=\"Ecco le \u2018Magiche serate in valle\u2019 della Pro loco, aspettando Girinvalle\" \/>\n<meta property=\"og:description\" content=\"Nella settimana che precede il Girinvalle, quindi dal 9 al 16 giugno, a Pro loco ha organizzato serate di animazione e intrattenimento, con ogni giorno un piatto diverso da gustare\" \/>\n<meta property=\"og:url\" content=\"https:\/\/staging.varesenews.it\/2019\/06\/le-magiche-serate-valle-della-pro-loco-aspettando-girinvalle\/826952\/\" \/>\n<meta property=\"og:site_name\" content=\"VareseNews\" \/>\n<meta property=\"article:publisher\" content=\"https:\/\/www.facebook.com\/varesenews\" \/>\n<meta property=\"article:published_time\" content=\"2019-06-04T08:57:51+00:00\" \/>\n<meta property=\"article:modified_time\" content=\"2019-06-04T08:58:36+00:00\" \/>\n<meta name=\"author\" content=\"Orlando Mastrillo\" \/>\n<meta name=\"twitter:card\" content=\"summary_large_image\" \/>\n<meta name=\"twitter:creator\" content=\"@nando_mastrillo\" \/>\n<meta name=\"twitter:site\" content=\"@varesenews\" \/>\n<meta name=\"twitter:label1\" content=\"Scritto da\" \/>\n\t<meta name=\"twitter:data1\" content=\"Orlando Mastrillo\" \/>\n\t<meta name=\"twitter:label2\" content=\"Tempo di lettura stimato\" \/>\n\t<meta name=\"twitter:data2\" content=\"2 minuti\" \/>\n<script type=\"application\/ld+json\" class=\"yoast-schema-graph\">{\"@context\":\"https:\/\/schema.org\",\"@graph\":[{\"@type\":\"WebPage\",\"@id\":\"https:\/\/staging.varesenews.it\/2019\/06\/le-magiche-serate-valle-della-pro-loco-aspettando-girinvalle\/826952\/\",\"url\":\"https:\/\/staging.varesenews.it\/2019\/06\/le-magiche-serate-valle-della-pro-loco-aspettando-girinvalle\/826952\/\",\"name\":\"Ecco le \u2018Magiche serate in valle\u2019 della Pro loco, aspettando Girinvalle\",\"isPartOf\":{\"@id\":\"https:\/\/staging.varesenews.it\/#website\"},\"datePublished\":\"2019-06-04T08:57:51+00:00\",\"dateModified\":\"2019-06-04T08:58:36+00:00\",\"author\":{\"@id\":\"https:\/\/staging.varesenews.it\/#\/schema\/person\/14c47ccce537a9058dddce296f10b296\"},\"description\":\"Nella settimana che precede il Girinvalle, quindi dal 9 al 16 giugno, a Pro loco ha organizzato serate di animazione e intrattenimento, con ogni giorno un piatto diverso da gustare\",\"breadcrumb\":{\"@id\":\"https:\/\/staging.varesenews.it\/2019\/06\/le-magiche-serate-valle-della-pro-loco-aspettando-girinvalle\/826952\/#breadcrumb\"},\"inLanguage\":\"it-IT\",\"potentialAction\":[{\"@type\":\"ReadAction\",\"target\":[\"https:\/\/staging.varesenews.it\/2019\/06\/le-magiche-serate-valle-della-pro-loco-aspettando-girinvalle\/826952\/\"]}]},{\"@type\":\"BreadcrumbList\",\"@id\":\"https:\/\/staging.varesenews.it\/2019\/06\/le-magiche-serate-valle-della-pro-loco-aspettando-girinvalle\/826952\/#breadcrumb\",\"itemListElement\":[{\"@type\":\"ListItem\",\"position\":1,\"name\":\"Home\",\"item\":\"https:\/\/www.varesenews.it\/\"},{\"@type\":\"ListItem\",\"position\":2,\"name\":\"Ecco le \u2018Magiche serate in valle\u2019 della Pro loco, aspettando Girinvalle\"}]},{\"@type\":\"WebSite\",\"@id\":\"https:\/\/staging.varesenews.it\/#website\",\"url\":\"https:\/\/staging.varesenews.it\/\",\"name\":\"VareseNews\",\"description\":\"\",\"potentialAction\":[{\"@type\":\"SearchAction\",\"target\":{\"@type\":\"EntryPoint\",\"urlTemplate\":\"https:\/\/staging.varesenews.it\/?s={search_term_string}\"},\"query-input\":\"required name=search_term_string\"}],\"inLanguage\":\"it-IT\"},{\"@type\":\"Person\",\"@id\":\"https:\/\/staging.varesenews.it\/#\/schema\/person\/14c47ccce537a9058dddce296f10b296\",\"name\":\"Orlando Mastrillo\",\"image\":{\"@type\":\"ImageObject\",\"inLanguage\":\"it-IT\",\"@id\":\"https:\/\/staging.varesenews.it\/#\/schema\/person\/image\/\",\"url\":\"https:\/\/staging.varesenews.it\/wp-content\/uploads\/2020\/12\/orlando_mastrillo_colori_500.jpg\",\"contentUrl\":\"https:\/\/staging.varesenews.it\/wp-content\/uploads\/2020\/12\/orlando_mastrillo_colori_500.jpg\",\"caption\":\"Orlando Mastrillo\"},\"description\":\"Nasco a Luino nel 1981, ho iniziato questo lavoro nell'estate del 2003 nella redazione de Il Giorno di Varese e dall'anno successivo ho intrapreso la collaborazione con VareseNews. Dopo anni nell'Alto Varesotto mi sono trasferito a Busto Arsizio nel 2007, territorio che ho iniziato a seguire e che seguo tutt'oggi. Nel 2013 sono diventato giornalista professionista. Mi occupo di cronaca politica, giudiziaria e nera in una vasta area che comprende anche parte della Valle Olona e il Legnanese. Sono sposato con Valeria Arini e ho due splendide figlie.\",\"sameAs\":[\"or_ma\",\"https:\/\/twitter.com\/nando_mastrillo\"],\"url\":\"https:\/\/staging.varesenews.it\/persona\/orlando-mastrillo1\/\"}]}<\/script>\n<!-- \/ Yoast SEO plugin. -->","yoast_head_json":{"title":"Ecco le \u2018Magiche serate in valle\u2019 della Pro loco, aspettando Girinvalle","description":"Nella settimana che precede il Girinvalle, quindi dal 9 al 16 giugno, a Pro loco ha organizzato serate di animazione e intrattenimento, con ogni giorno un piatto diverso da gustare","robots":{"index":"noindex","follow":"follow","max-snippet":"max-snippet:-1","max-image-preview":"max-image-preview:large","max-video-preview":"max-video-preview:-1"},"og_locale":"it_IT","og_type":"article","og_title":"Ecco le \u2018Magiche serate in valle\u2019 della Pro loco, aspettando Girinvalle","og_description":"Nella settimana che precede il Girinvalle, quindi dal 9 al 16 giugno, a Pro loco ha organizzato serate di animazione e intrattenimento, con ogni giorno un piatto diverso da gustare","og_url":"https:\/\/staging.varesenews.it\/2019\/06\/le-magiche-serate-valle-della-pro-loco-aspettando-girinvalle\/826952\/","og_site_name":"VareseNews","article_publisher":"https:\/\/www.facebook.com\/varesenews","article_published_time":"2019-06-04T08:57:51+00:00","article_modified_time":"2019-06-04T08:58:36+00:00","author":"Orlando Mastrillo","twitter_card":"summary_large_image","twitter_creator":"@nando_mastrillo","twitter_site":"@varesenews","twitter_misc":{"Scritto da":"Orlando Mastrillo","Tempo di lettura stimato":"2 minuti"},"schema":{"@context":"https:\/\/schema.org","@graph":[{"@type":"WebPage","@id":"https:\/\/staging.varesenews.it\/2019\/06\/le-magiche-serate-valle-della-pro-loco-aspettando-girinvalle\/826952\/","url":"https:\/\/staging.varesenews.it\/2019\/06\/le-magiche-serate-valle-della-pro-loco-aspettando-girinvalle\/826952\/","name":"Ecco le \u2018Magiche serate in valle\u2019 della Pro loco, aspettando Girinvalle","isPartOf":{"@id":"https:\/\/staging.varesenews.it\/#website"},"datePublished":"2019-06-04T08:57:51+00:00","dateModified":"2019-06-04T08:58:36+00:00","author":{"@id":"https:\/\/staging.varesenews.it\/#\/schema\/person\/14c47ccce537a9058dddce296f10b296"},"description":"Nella settimana che precede il Girinvalle, quindi dal 9 al 16 giugno, a Pro loco ha organizzato serate di animazione e intrattenimento, con ogni giorno un piatto diverso da gustare","breadcrumb":{"@id":"https:\/\/staging.varesenews.it\/2019\/06\/le-magiche-serate-valle-della-pro-loco-aspettando-girinvalle\/826952\/#breadcrumb"},"inLanguage":"it-IT","potentialAction":[{"@type":"ReadAction","target":["https:\/\/staging.varesenews.it\/2019\/06\/le-magiche-serate-valle-della-pro-loco-aspettando-girinvalle\/826952\/"]}]},{"@type":"BreadcrumbList","@id":"https:\/\/staging.varesenews.it\/2019\/06\/le-magiche-serate-valle-della-pro-loco-aspettando-girinvalle\/826952\/#breadcrumb","itemListElement":[{"@type":"ListItem","position":1,"name":"Home","item":"https:\/\/www.varesenews.it\/"},{"@type":"ListItem","position":2,"name":"Ecco le \u2018Magiche serate in valle\u2019 della Pro loco, aspettando Girinvalle"}]},{"@type":"WebSite","@id":"https:\/\/staging.varesenews.it\/#website","url":"https:\/\/staging.varesenews.it\/","name":"VareseNews","description":"","potentialAction":[{"@type":"SearchAction","target":{"@type":"EntryPoint","urlTemplate":"https:\/\/staging.varesenews.it\/?s={search_term_string}"},"query-input":"required name=search_term_string"}],"inLanguage":"it-IT"},{"@type":"Person","@id":"https:\/\/staging.varesenews.it\/#\/schema\/person\/14c47ccce537a9058dddce296f10b296","name":"Orlando Mastrillo","image":{"@type":"ImageObject","inLanguage":"it-IT","@id":"https:\/\/staging.varesenews.it\/#\/schema\/person\/image\/","url":"https:\/\/staging.varesenews.it\/wp-content\/uploads\/2020\/12\/orlando_mastrillo_colori_500.jpg","contentUrl":"https:\/\/staging.varesenews.it\/wp-content\/uploads\/2020\/12\/orlando_mastrillo_colori_500.jpg","caption":"Orlando Mastrillo"},"description":"Nasco a Luino nel 1981, ho iniziato questo lavoro nell'estate del 2003 nella redazione de Il Giorno di Varese e dall'anno successivo ho intrapreso la collaborazione con VareseNews. Dopo anni nell'Alto Varesotto mi sono trasferito a Busto Arsizio nel 2007, territorio che ho iniziato a seguire e che seguo tutt'oggi. Nel 2013 sono diventato giornalista professionista. Mi occupo di cronaca politica, giudiziaria e nera in una vasta area che comprende anche parte della Valle Olona e il Legnanese. Sono sposato con Valeria Arini e ho due splendide figlie.","sameAs":["or_ma","https:\/\/twitter.com\/nando_mastrillo"],"url":"https:\/\/staging.varesenews.it\/persona\/orlando-mastrillo1\/"}]}},"post_meta":{"_edit_lock":"1559639904:47","_edit_last":"47","_category_permalink":"a:1:{s:8:\"category\";s:0:\"\";}","ratings_users":"0","ratings_score":"0","ratings_average":"0","foto":"742081","firma-personalizzata":"Santina Buscemi","argomento":"Olgiate Olona","_yoast_wpseo_content_score":"30","_jd_tweet_this":"yes","_wpt_short_url":"https:\/\/www.varesenews.it\/2019\/06\/le-magiche-serate-valle-della-pro-loco-olgiate-olona\/826952\/","_wp_jd_target":"https:\/\/www.varesenews.it\/2019\/06\/le-magiche-serate-valle-della-pro-loco-olgiate-olona\/826952\/","_jd_wp_twitter":"a:1:{i:0;s:185:\"Ecco le \u2018Magiche serate in valle\u2019 della Pro loco di Olgiate Olona https:\/\/www.varesenews.it\/2019\/06\/le-magiche-serate-valle-della-pro-loco-olgiate-olona\/826952\/ #valleolona #weekend\";}","_wpt_status_message":"Tweet inviato con successo.","_wp_old_slug":"le-magiche-serate-valle-della-pro-loco-olgiate-olona","id_leggi_anche":"828079,829573"},"photos":[{"original":"https:\/\/staging.varesenews.it\/photogallery_new\/images\/2019\/06\/magiche-serate-in-valle-olona-2019-pro-loco-742081.jpg","full":"https:\/\/staging.varesenews.it\/photogallery_new\/images\/2019\/06\/magiche-serate-in-valle-olona-2019-pro-loco-742081.1024x768.jpg","large":"https:\/\/staging.varesenews.it\/photogallery_new\/images\/2019\/06\/magiche-serate-in-valle-olona-2019-pro-loco-742081.610x431.jpg"}],"_links":{"self":[{"href":"https:\/\/staging.varesenews.it\/swgapi\/v1\/wp\/v2\/posts\/826952"}],"collection":[{"href":"https:\/\/staging.varesenews.it\/swgapi\/v1\/wp\/v2\/posts"}],"about":[{"href":"https:\/\/staging.varesenews.it\/swgapi\/v1\/wp\/v2\/types\/post"}],"author":[{"embeddable":true,"href":"https:\/\/staging.varesenews.it\/swgapi\/v1\/wp\/v2\/users\/47"}],"replies":[{"embeddable":true,"href":"https:\/\/staging.varesenews.it\/swgapi\/v1\/wp\/v2\/comments?post=826952"}],"version-history":[{"count":0,"href":"https:\/\/staging.varesenews.it\/swgapi\/v1\/wp\/v2\/posts\/826952\/revisions"}],"wp:attachment":[{"href":"https:\/\/staging.varesenews.it\/swgapi\/v1\/wp\/v2\/media?parent=826952"}],"wp:term":[{"taxonomy":"category","embeddable":true,"href":"https:\/\/staging.varesenews.it\/swgapi\/v1\/wp\/v2\/categories?post=826952"},{"taxonomy":"post_tag","embeddable":true,"href":"https:\/\/staging.varesenews.it\/swgapi\/v1\/wp\/v2\/tags?post=826952"}],"curies":[{"name":"wp","href":"https:\/\/api.w.org\/{rel}","templated":true}]}}