{"id":827404,"date":"2019-06-05T11:53:44","date_gmt":"2019-06-05T09:53:44","guid":{"rendered":"https:\/\/www.varesenews.it\/?p=827404"},"modified":"2019-06-05T11:53:46","modified_gmt":"2019-06-05T09:53:46","slug":"consiglio-comunale-partenza-salita","status":"publish","type":"post","link":"https:\/\/staging.varesenews.it\/2019\/06\/consiglio-comunale-partenza-salita\/827404\/","title":{"rendered":"Consiglio comunale, partenza in salita"},"content":{"rendered":"<p>Caronno Varesino, si torna al lavoro. <strong>Primo consiglio comunale gioved\u00ec 6 giugno alle 20.30<\/strong>. <strong>Raffaella Galli,<\/strong> il nuovo sindaco della Lega, presenter\u00e0 la sua squadra solo in quell&#8217;occasione. Per ora, quel che si sa, \u00e8 che sar\u00e0 cos\u00ec composta:\u00a0<strong>vicesindaco Fulvio Mantovan, Mario De Micheli, Nicoletta\u00a0Basso Nicoletta, Raimondo Levorin<\/strong>.<\/p>\n<p>L&#8217;esordio si preannuncia agitato: la vittoria della lista dell&#8217;ex sindaco De Micheli ha preso molti voti ma <a href=\"http:\/\/elezioni2014.varesenews.it\/comuni\/caronno-varesino\/\">non quanti nel 2014\u00a0.<\/a>La campagna elettorale \u00e8 stata tesa e le ultime settimane di amministrazione caratterizzate da liti all&#8217;interno della giunta e <a href=\"https:\/\/elezioni2019.varesenews.it\/2019\/02\/11\/lex-assessore-broggini-sfida-il-sindaco\/\">&#8220;divorzi dolorosi&#8221;<\/a>\u00a0, come quello dell&#8217;assessore Maria Rosa Broggini che dopo aver abbandonato la maggioranza ha dato vita ad una lista autonoma, SiAmo Caronno<\/p>\n<p>Il consigliere comunale Galielo Mongera ha voluto dare il benvenuto al sindaco Raffaella Galli con una lettera aperta in cui si \u00e8 tolto non pochi sassolini dalla scarpa: \u00abTi auguro un sincero \u201cin bocca al lupo\u201d, spero che davvero riusciate a fare il meglio per il nostro Comune &#8211; si legge nella lettera che potete trovare in <a href=\"https:\/\/www.varesenews.it\/2019\/06\/comune-torni-ad-un-luogo-democrazia-partecipata\/827388\/\">versione integrale qui<\/a> &#8211; Ci\u00f2 pu\u00f2 realizzarsi anche attraverso una rivalutazione del ruolo del Consiglio Comunale stesso che, chiedo con forza,\u00a0<strong>torni ad essere luogo di democrazia partecipata dove, anche attraverso il coinvolgimento delle varie Commissioni e Consulte si possano discutere e non meramente ratificare le proposte della maggioranza<\/strong>\u00bb<strong>.<\/strong><\/p>\n<p>Parte un po&#8217; in salita la nuova giunta di Caronno e di cose da fare ce ne sono parecchie: a partire dal recuperare la fiducia di tutti i consiglieri di minoranza.<\/p>\n<p><a href=\"https:\/\/elezioni2019.varesenews.it\/comuni\/caronno-varesino\/\">Lo speciale elettorale su Caronno Varesino<\/a><\/p>\n<p>&nbsp;<\/p>\n<p>&nbsp;<\/p>\n<p>&nbsp;<\/p>\n<p>&nbsp;<\/p>\n<p>&nbsp;<\/p>\n<p>&nbsp;<\/p>\n<p>&nbsp;<\/p>\n","protected":false},"excerpt":{"rendered":"<p>Domani, gioved\u00ec 6 giugno alle 20.45, primo appuntamento ufficiale con annuncio delle deleghe di giunta. Ma le polemiche non si sono ancora sopite<\/p>\n","protected":false},"author":49,"featured_media":0,"comment_status":"open","ping_status":"open","sticky":false,"template":"","format":"standard","meta":{"footnotes":""},"categories":[2],"tags":[42918,90299,14340,96977],"acf":[],"yoast_head":"<!-- This site is optimized with the Yoast SEO plugin v20.1 - https:\/\/yoast.com\/wordpress\/plugins\/seo\/ -->\n<title>Consiglio comunale, partenza in salita<\/title>\n<meta name=\"description\" content=\"Domani, gioved\u00ec 6 giugno alle 20.45, primo appuntamento ufficiale con annuncio delle deleghe di giunta. Ma le polemiche non si sono ancora sopite\" \/>\n<meta name=\"robots\" content=\"noindex, follow, max-snippet:-1, max-image-preview:large, max-video-preview:-1\" \/>\n<meta property=\"og:locale\" content=\"it_IT\" \/>\n<meta property=\"og:type\" content=\"article\" \/>\n<meta property=\"og:title\" content=\"Consiglio comunale, partenza in salita\" \/>\n<meta property=\"og:description\" content=\"Domani, gioved\u00ec 6 giugno alle 20.45, primo appuntamento ufficiale con annuncio delle deleghe di giunta. Ma le polemiche non si sono ancora sopite\" \/>\n<meta property=\"og:url\" content=\"https:\/\/staging.varesenews.it\/2019\/06\/consiglio-comunale-partenza-salita\/827404\/\" \/>\n<meta property=\"og:site_name\" content=\"VareseNews\" \/>\n<meta property=\"article:publisher\" content=\"https:\/\/www.facebook.com\/varesenews\" \/>\n<meta property=\"article:author\" content=\"https:\/\/www.facebook.com\/roberta.bertolini.9\" \/>\n<meta property=\"article:published_time\" content=\"2019-06-05T09:53:44+00:00\" \/>\n<meta property=\"article:modified_time\" content=\"2019-06-05T09:53:46+00:00\" \/>\n<meta name=\"author\" content=\"Roberta Bertolini\" \/>\n<meta name=\"twitter:card\" content=\"summary_large_image\" \/>\n<meta name=\"twitter:creator\" content=\"@robybertolini\" \/>\n<meta name=\"twitter:site\" content=\"@varesenews\" \/>\n<meta name=\"twitter:label1\" content=\"Scritto da\" \/>\n\t<meta name=\"twitter:data1\" content=\"Roberta Bertolini\" \/>\n\t<meta name=\"twitter:label2\" content=\"Tempo di lettura stimato\" \/>\n\t<meta name=\"twitter:data2\" content=\"1 minuto\" \/>\n<script type=\"application\/ld+json\" class=\"yoast-schema-graph\">{\"@context\":\"https:\/\/schema.org\",\"@graph\":[{\"@type\":\"WebPage\",\"@id\":\"https:\/\/staging.varesenews.it\/2019\/06\/consiglio-comunale-partenza-salita\/827404\/\",\"url\":\"https:\/\/staging.varesenews.it\/2019\/06\/consiglio-comunale-partenza-salita\/827404\/\",\"name\":\"Consiglio comunale, partenza in salita\",\"isPartOf\":{\"@id\":\"https:\/\/staging.varesenews.it\/#website\"},\"datePublished\":\"2019-06-05T09:53:44+00:00\",\"dateModified\":\"2019-06-05T09:53:46+00:00\",\"author\":{\"@id\":\"https:\/\/staging.varesenews.it\/#\/schema\/person\/58fbd3e567d5c00f0a64d5137fef3e68\"},\"description\":\"Domani, gioved\u00ec 6 giugno alle 20.45, primo appuntamento ufficiale con annuncio delle deleghe di giunta. Ma le polemiche non si sono ancora sopite\",\"breadcrumb\":{\"@id\":\"https:\/\/staging.varesenews.it\/2019\/06\/consiglio-comunale-partenza-salita\/827404\/#breadcrumb\"},\"inLanguage\":\"it-IT\",\"potentialAction\":[{\"@type\":\"ReadAction\",\"target\":[\"https:\/\/staging.varesenews.it\/2019\/06\/consiglio-comunale-partenza-salita\/827404\/\"]}]},{\"@type\":\"BreadcrumbList\",\"@id\":\"https:\/\/staging.varesenews.it\/2019\/06\/consiglio-comunale-partenza-salita\/827404\/#breadcrumb\",\"itemListElement\":[{\"@type\":\"ListItem\",\"position\":1,\"name\":\"Home\",\"item\":\"https:\/\/www.varesenews.it\/\"},{\"@type\":\"ListItem\",\"position\":2,\"name\":\"Consiglio comunale, partenza in salita\"}]},{\"@type\":\"WebSite\",\"@id\":\"https:\/\/staging.varesenews.it\/#website\",\"url\":\"https:\/\/staging.varesenews.it\/\",\"name\":\"VareseNews\",\"description\":\"\",\"potentialAction\":[{\"@type\":\"SearchAction\",\"target\":{\"@type\":\"EntryPoint\",\"urlTemplate\":\"https:\/\/staging.varesenews.it\/?s={search_term_string}\"},\"query-input\":\"required name=search_term_string\"}],\"inLanguage\":\"it-IT\"},{\"@type\":\"Person\",\"@id\":\"https:\/\/staging.varesenews.it\/#\/schema\/person\/58fbd3e567d5c00f0a64d5137fef3e68\",\"name\":\"Roberta Bertolini\",\"image\":{\"@type\":\"ImageObject\",\"inLanguage\":\"it-IT\",\"@id\":\"https:\/\/staging.varesenews.it\/#\/schema\/person\/image\/\",\"url\":\"https:\/\/staging.varesenews.it\/wp-content\/uploads\/2020\/12\/roberta_bertolini_colori_500.jpg\",\"contentUrl\":\"https:\/\/staging.varesenews.it\/wp-content\/uploads\/2020\/12\/roberta_bertolini_colori_500.jpg\",\"caption\":\"Roberta Bertolini\"},\"description\":\"Giornalista professionista dal 1991, sono passata, ormai molti anni fa, dalla carta al web. Oggi mi occupo di cronaca locale e guardo con curiosit&agrave; ed attenzione il mondo dei social. Parlo poco, ascolto molto.\",\"sameAs\":[\"https:\/\/www.facebook.com\/roberta.bertolini.9\",\"bettabertolini\",\"https:\/\/www.linkedin.com\/hp\/?dnr=v9e-Gp7a6_oxqTuQyZA0Lf4aEi4t91g6wMH\",\"https:\/\/twitter.com\/robybertolini\"],\"url\":\"https:\/\/staging.varesenews.it\/persona\/roberta-bertolini1\/\"}]}<\/script>\n<!-- \/ Yoast SEO plugin. -->","yoast_head_json":{"title":"Consiglio comunale, partenza in salita","description":"Domani, gioved\u00ec 6 giugno alle 20.45, primo appuntamento ufficiale con annuncio delle deleghe di giunta. Ma le polemiche non si sono ancora sopite","robots":{"index":"noindex","follow":"follow","max-snippet":"max-snippet:-1","max-image-preview":"max-image-preview:large","max-video-preview":"max-video-preview:-1"},"og_locale":"it_IT","og_type":"article","og_title":"Consiglio comunale, partenza in salita","og_description":"Domani, gioved\u00ec 6 giugno alle 20.45, primo appuntamento ufficiale con annuncio delle deleghe di giunta. Ma le polemiche non si sono ancora sopite","og_url":"https:\/\/staging.varesenews.it\/2019\/06\/consiglio-comunale-partenza-salita\/827404\/","og_site_name":"VareseNews","article_publisher":"https:\/\/www.facebook.com\/varesenews","article_author":"https:\/\/www.facebook.com\/roberta.bertolini.9","article_published_time":"2019-06-05T09:53:44+00:00","article_modified_time":"2019-06-05T09:53:46+00:00","author":"Roberta Bertolini","twitter_card":"summary_large_image","twitter_creator":"@robybertolini","twitter_site":"@varesenews","twitter_misc":{"Scritto da":"Roberta Bertolini","Tempo di lettura stimato":"1 minuto"},"schema":{"@context":"https:\/\/schema.org","@graph":[{"@type":"WebPage","@id":"https:\/\/staging.varesenews.it\/2019\/06\/consiglio-comunale-partenza-salita\/827404\/","url":"https:\/\/staging.varesenews.it\/2019\/06\/consiglio-comunale-partenza-salita\/827404\/","name":"Consiglio comunale, partenza in salita","isPartOf":{"@id":"https:\/\/staging.varesenews.it\/#website"},"datePublished":"2019-06-05T09:53:44+00:00","dateModified":"2019-06-05T09:53:46+00:00","author":{"@id":"https:\/\/staging.varesenews.it\/#\/schema\/person\/58fbd3e567d5c00f0a64d5137fef3e68"},"description":"Domani, gioved\u00ec 6 giugno alle 20.45, primo appuntamento ufficiale con annuncio delle deleghe di giunta. Ma le polemiche non si sono ancora sopite","breadcrumb":{"@id":"https:\/\/staging.varesenews.it\/2019\/06\/consiglio-comunale-partenza-salita\/827404\/#breadcrumb"},"inLanguage":"it-IT","potentialAction":[{"@type":"ReadAction","target":["https:\/\/staging.varesenews.it\/2019\/06\/consiglio-comunale-partenza-salita\/827404\/"]}]},{"@type":"BreadcrumbList","@id":"https:\/\/staging.varesenews.it\/2019\/06\/consiglio-comunale-partenza-salita\/827404\/#breadcrumb","itemListElement":[{"@type":"ListItem","position":1,"name":"Home","item":"https:\/\/www.varesenews.it\/"},{"@type":"ListItem","position":2,"name":"Consiglio comunale, partenza in salita"}]},{"@type":"WebSite","@id":"https:\/\/staging.varesenews.it\/#website","url":"https:\/\/staging.varesenews.it\/","name":"VareseNews","description":"","potentialAction":[{"@type":"SearchAction","target":{"@type":"EntryPoint","urlTemplate":"https:\/\/staging.varesenews.it\/?s={search_term_string}"},"query-input":"required name=search_term_string"}],"inLanguage":"it-IT"},{"@type":"Person","@id":"https:\/\/staging.varesenews.it\/#\/schema\/person\/58fbd3e567d5c00f0a64d5137fef3e68","name":"Roberta Bertolini","image":{"@type":"ImageObject","inLanguage":"it-IT","@id":"https:\/\/staging.varesenews.it\/#\/schema\/person\/image\/","url":"https:\/\/staging.varesenews.it\/wp-content\/uploads\/2020\/12\/roberta_bertolini_colori_500.jpg","contentUrl":"https:\/\/staging.varesenews.it\/wp-content\/uploads\/2020\/12\/roberta_bertolini_colori_500.jpg","caption":"Roberta Bertolini"},"description":"Giornalista professionista dal 1991, sono passata, ormai molti anni fa, dalla carta al web. Oggi mi occupo di cronaca locale e guardo con curiosit&agrave; ed attenzione il mondo dei social. Parlo poco, ascolto molto.","sameAs":["https:\/\/www.facebook.com\/roberta.bertolini.9","bettabertolini","https:\/\/www.linkedin.com\/hp\/?dnr=v9e-Gp7a6_oxqTuQyZA0Lf4aEi4t91g6wMH","https:\/\/twitter.com\/robybertolini"],"url":"https:\/\/staging.varesenews.it\/persona\/roberta-bertolini1\/"}]}},"post_meta":{"_edit_lock":"1559728442:49","_edit_last":"49","_category_permalink":"a:1:{s:8:\"category\";s:0:\"\";}","id_leggi_anche":"827367,827388","foto":"15319","firma-personalizzata":"Ro.Ber.","argomento":"Caronno Varesino","_yoast_wpseo_content_score":"30","_jd_tweet_this":"yes","ratings_users":"0","ratings_score":"0","ratings_average":"0","_wpt_short_url":"https:\/\/www.varesenews.it\/2019\/06\/consiglio-comunale-partenza-salita\/827404\/","_wp_jd_target":"https:\/\/www.varesenews.it\/2019\/06\/consiglio-comunale-partenza-salita\/827404\/","_jd_wp_twitter":"a:1:{i:0;s:154:\"Consiglio comunale, partenza in salita https:\/\/www.varesenews.it\/2019\/06\/consiglio-comunale-partenza-salita\/827404\/ #caronnovaresino #lega #raffaellagalli\";}","_wpt_status_message":"Tweet inviato con successo."},"photos":[{"original":"https:\/\/staging.varesenews.it\/photogallery_new\/images\/2014\/04\/municipio-caronno-varesino-15319.jpg","full":"https:\/\/staging.varesenews.it\/photogallery_new\/images\/2014\/04\/municipio-caronno-varesino-15319.1024x768.jpg","large":"https:\/\/staging.varesenews.it\/photogallery_new\/images\/2014\/04\/municipio-caronno-varesino-15319.610x431.jpg"}],"_links":{"self":[{"href":"https:\/\/staging.varesenews.it\/swgapi\/v1\/wp\/v2\/posts\/827404"}],"collection":[{"href":"https:\/\/staging.varesenews.it\/swgapi\/v1\/wp\/v2\/posts"}],"about":[{"href":"https:\/\/staging.varesenews.it\/swgapi\/v1\/wp\/v2\/types\/post"}],"author":[{"embeddable":true,"href":"https:\/\/staging.varesenews.it\/swgapi\/v1\/wp\/v2\/users\/49"}],"replies":[{"embeddable":true,"href":"https:\/\/staging.varesenews.it\/swgapi\/v1\/wp\/v2\/comments?post=827404"}],"version-history":[{"count":0,"href":"https:\/\/staging.varesenews.it\/swgapi\/v1\/wp\/v2\/posts\/827404\/revisions"}],"wp:attachment":[{"href":"https:\/\/staging.varesenews.it\/swgapi\/v1\/wp\/v2\/media?parent=827404"}],"wp:term":[{"taxonomy":"category","embeddable":true,"href":"https:\/\/staging.varesenews.it\/swgapi\/v1\/wp\/v2\/categories?post=827404"},{"taxonomy":"post_tag","embeddable":true,"href":"https:\/\/staging.varesenews.it\/swgapi\/v1\/wp\/v2\/tags?post=827404"}],"curies":[{"name":"wp","href":"https:\/\/api.w.org\/{rel}","templated":true}]}}