{"id":830687,"date":"2019-06-15T10:04:59","date_gmt":"2019-06-15T08:04:59","guid":{"rendered":"https:\/\/www.varesenews.it\/?p=830687"},"modified":"2019-06-15T11:03:10","modified_gmt":"2019-06-15T09:03:10","slug":"collegio-rotondi-aperto-girinvalle","status":"publish","type":"post","link":"https:\/\/staging.varesenews.it\/2019\/06\/collegio-rotondi-aperto-girinvalle\/830687\/","title":{"rendered":"Collegio Rotondi aperto per il Girinvalle"},"content":{"rendered":"<div>Durante il Girinvalle ci sar\u00e0 la possibilit\u00e0 di visitare il <strong>Collegio Rotondi di Gorla Minore<\/strong>, che quest&#8217;anno festeggia i 420 anni dalla sua fondazione.<\/div>\n<div><\/div>\n<div>Girinvalle in mezzo alla natura, Girinvalle lungo il fiume e al fresco del bosco, fra punti ristoro e animazione, ma non solo. <strong>La festa di domenica 16 giugno dar\u00e0 spazio anche all&#8217;arte e alla storia e, fra i luoghi pi\u00f9 ricchi culturalmente del territorio, si deve sicuramente annotare il Collegio Rotondi di Gorla Minore<\/strong>. L&#8217;edificio, che sovrasta fiero il fondovalle, sar\u00e0 infatti parte attiva delle iniziative della manifestazione.<\/div>\n<div>In occasione del Girinvalle, il Collegio sar\u00e0 aperto ai visitatori: un&#8217;occasione unica per la comunit\u00e0 della valle Olona, che potr\u00e0 conoscere davvero l&#8217;edificio e la sua storia.<\/div>\n<div>&#8220;Abbiamo saputo che tanti abitanti della zona non hanno mai visto il Collegio &#8211; confida don Andrea Cattaneo, rettore del\u2019Istituto &#8211; pertanto la giornata di domenica si inserisce in una serie di iniziative di apertura della scuola al territorio&#8221;.<\/div>\n<div>Quest&#8217;anno, inoltre, si celebra una ricorrenza importante: &#8220;Il Collegio festeggia un compleanno speciale: 420 anni di storia e cultura, che rendono la nostra scuola la pi\u00f9 antica dell&#8217;intera regione. Inoltre &#8211; tiene a rimarcare don Andrea &#8211; abbiamo un museo di scienze naturali della fine del 1800 e nella nostra biblioteca ci sono volumi preziosi del 400: oltre ad una scuola cattolica, il Collegio \u00e8 anche un luogo di arte e cultura, dal grande valore per il territorio&#8221;.<\/div>\n<div><\/div>\n<div>Durante la visita sar\u00e0 quindi possibile immergersi in questi luoghi: <strong>&#8220;Avremo professori e alunni che faranno da guide, ma i visitatori saranno comunque liberi di muoversi autonomamente per la chiesa, il museo e la biblioteca&#8221;.<\/strong><\/div>\n<div>La visita al Collegio \u00e8 un\u2019iniziativa che inorgoglisce anche l\u2019Amministrazione comunale, come racconta l\u2019assessore alla Cultura Annalisa Castiglioni: \u201cMi congratulo con questa iniziativa: il Collegio Rotondi \u00e8 un valore aggiunto per la nostra comunit\u00e0. In questi anni non ci sono state tante possibilit\u00e0 di collaborare con loro, ma siamo convinti che sia possibile: in effetti alcuni momenti comunitari sono gi\u00e0 stati organizzati nel passato e auspico che nel futuro aumentino sempre di pi\u00f9. Ringrazio don Andrea per questa disponibilit\u00e0: credo fortemente in una sempre maggiore collaborazione con il Collegio, che rappresenta non solo una scuola, ma un patrimonio storico artistico territorio per tutto il territorio\u201d.<\/div>\n","protected":false},"excerpt":{"rendered":"<p>La festa di domenica 16 giugno dar\u00e0 spazio anche all&#8217;arte e alla storia. Le guide accompagneranno tra chiesa, museo e biblioteca<\/p>\n","protected":false},"author":49,"featured_media":0,"comment_status":"open","ping_status":"open","sticky":false,"template":"","format":"standard","meta":{"footnotes":""},"categories":[2],"tags":[23653,96690],"acf":[],"yoast_head":"<!-- This site is optimized with the Yoast SEO plugin v20.1 - https:\/\/yoast.com\/wordpress\/plugins\/seo\/ -->\n<title>Collegio Rotondi aperto per il Girinvalle<\/title>\n<meta name=\"description\" content=\"La festa di domenica 16 giugno dar\u00e0 spazio anche all&#039;arte e alla storia. Le guide accompagneranno tra chiesa, museo e biblioteca\" \/>\n<meta name=\"robots\" content=\"noindex, follow, max-snippet:-1, max-image-preview:large, max-video-preview:-1\" \/>\n<meta property=\"og:locale\" content=\"it_IT\" \/>\n<meta property=\"og:type\" content=\"article\" \/>\n<meta property=\"og:title\" content=\"Collegio Rotondi aperto per il Girinvalle\" \/>\n<meta property=\"og:description\" content=\"La festa di domenica 16 giugno dar\u00e0 spazio anche all&#039;arte e alla storia. Le guide accompagneranno tra chiesa, museo e biblioteca\" \/>\n<meta property=\"og:url\" content=\"https:\/\/staging.varesenews.it\/2019\/06\/collegio-rotondi-aperto-girinvalle\/830687\/\" \/>\n<meta property=\"og:site_name\" content=\"VareseNews\" \/>\n<meta property=\"article:publisher\" content=\"https:\/\/www.facebook.com\/varesenews\" \/>\n<meta property=\"article:author\" content=\"https:\/\/www.facebook.com\/roberta.bertolini.9\" \/>\n<meta property=\"article:published_time\" content=\"2019-06-15T08:04:59+00:00\" \/>\n<meta property=\"article:modified_time\" content=\"2019-06-15T09:03:10+00:00\" \/>\n<meta name=\"author\" content=\"Roberta Bertolini\" \/>\n<meta name=\"twitter:card\" content=\"summary_large_image\" \/>\n<meta name=\"twitter:creator\" content=\"@robybertolini\" \/>\n<meta name=\"twitter:site\" content=\"@varesenews\" \/>\n<meta name=\"twitter:label1\" content=\"Scritto da\" \/>\n\t<meta name=\"twitter:data1\" content=\"Roberta Bertolini\" \/>\n\t<meta name=\"twitter:label2\" content=\"Tempo di lettura stimato\" \/>\n\t<meta name=\"twitter:data2\" content=\"2 minuti\" \/>\n<script type=\"application\/ld+json\" class=\"yoast-schema-graph\">{\"@context\":\"https:\/\/schema.org\",\"@graph\":[{\"@type\":\"WebPage\",\"@id\":\"https:\/\/staging.varesenews.it\/2019\/06\/collegio-rotondi-aperto-girinvalle\/830687\/\",\"url\":\"https:\/\/staging.varesenews.it\/2019\/06\/collegio-rotondi-aperto-girinvalle\/830687\/\",\"name\":\"Collegio Rotondi aperto per il Girinvalle\",\"isPartOf\":{\"@id\":\"https:\/\/staging.varesenews.it\/#website\"},\"datePublished\":\"2019-06-15T08:04:59+00:00\",\"dateModified\":\"2019-06-15T09:03:10+00:00\",\"author\":{\"@id\":\"https:\/\/staging.varesenews.it\/#\/schema\/person\/58fbd3e567d5c00f0a64d5137fef3e68\"},\"description\":\"La festa di domenica 16 giugno dar\u00e0 spazio anche all'arte e alla storia. Le guide accompagneranno tra chiesa, museo e biblioteca\",\"breadcrumb\":{\"@id\":\"https:\/\/staging.varesenews.it\/2019\/06\/collegio-rotondi-aperto-girinvalle\/830687\/#breadcrumb\"},\"inLanguage\":\"it-IT\",\"potentialAction\":[{\"@type\":\"ReadAction\",\"target\":[\"https:\/\/staging.varesenews.it\/2019\/06\/collegio-rotondi-aperto-girinvalle\/830687\/\"]}]},{\"@type\":\"BreadcrumbList\",\"@id\":\"https:\/\/staging.varesenews.it\/2019\/06\/collegio-rotondi-aperto-girinvalle\/830687\/#breadcrumb\",\"itemListElement\":[{\"@type\":\"ListItem\",\"position\":1,\"name\":\"Home\",\"item\":\"https:\/\/www.varesenews.it\/\"},{\"@type\":\"ListItem\",\"position\":2,\"name\":\"Collegio Rotondi aperto per il Girinvalle\"}]},{\"@type\":\"WebSite\",\"@id\":\"https:\/\/staging.varesenews.it\/#website\",\"url\":\"https:\/\/staging.varesenews.it\/\",\"name\":\"VareseNews\",\"description\":\"\",\"potentialAction\":[{\"@type\":\"SearchAction\",\"target\":{\"@type\":\"EntryPoint\",\"urlTemplate\":\"https:\/\/staging.varesenews.it\/?s={search_term_string}\"},\"query-input\":\"required name=search_term_string\"}],\"inLanguage\":\"it-IT\"},{\"@type\":\"Person\",\"@id\":\"https:\/\/staging.varesenews.it\/#\/schema\/person\/58fbd3e567d5c00f0a64d5137fef3e68\",\"name\":\"Roberta Bertolini\",\"image\":{\"@type\":\"ImageObject\",\"inLanguage\":\"it-IT\",\"@id\":\"https:\/\/staging.varesenews.it\/#\/schema\/person\/image\/\",\"url\":\"https:\/\/staging.varesenews.it\/wp-content\/uploads\/2020\/12\/roberta_bertolini_colori_500.jpg\",\"contentUrl\":\"https:\/\/staging.varesenews.it\/wp-content\/uploads\/2020\/12\/roberta_bertolini_colori_500.jpg\",\"caption\":\"Roberta Bertolini\"},\"description\":\"Giornalista professionista dal 1991, sono passata, ormai molti anni fa, dalla carta al web. Oggi mi occupo di cronaca locale e guardo con curiosit&agrave; ed attenzione il mondo dei social. Parlo poco, ascolto molto.\",\"sameAs\":[\"https:\/\/www.facebook.com\/roberta.bertolini.9\",\"bettabertolini\",\"https:\/\/www.linkedin.com\/hp\/?dnr=v9e-Gp7a6_oxqTuQyZA0Lf4aEi4t91g6wMH\",\"https:\/\/twitter.com\/robybertolini\"],\"url\":\"https:\/\/staging.varesenews.it\/persona\/roberta-bertolini1\/\"}]}<\/script>\n<!-- \/ Yoast SEO plugin. -->","yoast_head_json":{"title":"Collegio Rotondi aperto per il Girinvalle","description":"La festa di domenica 16 giugno dar\u00e0 spazio anche all'arte e alla storia. Le guide accompagneranno tra chiesa, museo e biblioteca","robots":{"index":"noindex","follow":"follow","max-snippet":"max-snippet:-1","max-image-preview":"max-image-preview:large","max-video-preview":"max-video-preview:-1"},"og_locale":"it_IT","og_type":"article","og_title":"Collegio Rotondi aperto per il Girinvalle","og_description":"La festa di domenica 16 giugno dar\u00e0 spazio anche all'arte e alla storia. Le guide accompagneranno tra chiesa, museo e biblioteca","og_url":"https:\/\/staging.varesenews.it\/2019\/06\/collegio-rotondi-aperto-girinvalle\/830687\/","og_site_name":"VareseNews","article_publisher":"https:\/\/www.facebook.com\/varesenews","article_author":"https:\/\/www.facebook.com\/roberta.bertolini.9","article_published_time":"2019-06-15T08:04:59+00:00","article_modified_time":"2019-06-15T09:03:10+00:00","author":"Roberta Bertolini","twitter_card":"summary_large_image","twitter_creator":"@robybertolini","twitter_site":"@varesenews","twitter_misc":{"Scritto da":"Roberta Bertolini","Tempo di lettura stimato":"2 minuti"},"schema":{"@context":"https:\/\/schema.org","@graph":[{"@type":"WebPage","@id":"https:\/\/staging.varesenews.it\/2019\/06\/collegio-rotondi-aperto-girinvalle\/830687\/","url":"https:\/\/staging.varesenews.it\/2019\/06\/collegio-rotondi-aperto-girinvalle\/830687\/","name":"Collegio Rotondi aperto per il Girinvalle","isPartOf":{"@id":"https:\/\/staging.varesenews.it\/#website"},"datePublished":"2019-06-15T08:04:59+00:00","dateModified":"2019-06-15T09:03:10+00:00","author":{"@id":"https:\/\/staging.varesenews.it\/#\/schema\/person\/58fbd3e567d5c00f0a64d5137fef3e68"},"description":"La festa di domenica 16 giugno dar\u00e0 spazio anche all'arte e alla storia. Le guide accompagneranno tra chiesa, museo e biblioteca","breadcrumb":{"@id":"https:\/\/staging.varesenews.it\/2019\/06\/collegio-rotondi-aperto-girinvalle\/830687\/#breadcrumb"},"inLanguage":"it-IT","potentialAction":[{"@type":"ReadAction","target":["https:\/\/staging.varesenews.it\/2019\/06\/collegio-rotondi-aperto-girinvalle\/830687\/"]}]},{"@type":"BreadcrumbList","@id":"https:\/\/staging.varesenews.it\/2019\/06\/collegio-rotondi-aperto-girinvalle\/830687\/#breadcrumb","itemListElement":[{"@type":"ListItem","position":1,"name":"Home","item":"https:\/\/www.varesenews.it\/"},{"@type":"ListItem","position":2,"name":"Collegio Rotondi aperto per il Girinvalle"}]},{"@type":"WebSite","@id":"https:\/\/staging.varesenews.it\/#website","url":"https:\/\/staging.varesenews.it\/","name":"VareseNews","description":"","potentialAction":[{"@type":"SearchAction","target":{"@type":"EntryPoint","urlTemplate":"https:\/\/staging.varesenews.it\/?s={search_term_string}"},"query-input":"required name=search_term_string"}],"inLanguage":"it-IT"},{"@type":"Person","@id":"https:\/\/staging.varesenews.it\/#\/schema\/person\/58fbd3e567d5c00f0a64d5137fef3e68","name":"Roberta Bertolini","image":{"@type":"ImageObject","inLanguage":"it-IT","@id":"https:\/\/staging.varesenews.it\/#\/schema\/person\/image\/","url":"https:\/\/staging.varesenews.it\/wp-content\/uploads\/2020\/12\/roberta_bertolini_colori_500.jpg","contentUrl":"https:\/\/staging.varesenews.it\/wp-content\/uploads\/2020\/12\/roberta_bertolini_colori_500.jpg","caption":"Roberta Bertolini"},"description":"Giornalista professionista dal 1991, sono passata, ormai molti anni fa, dalla carta al web. Oggi mi occupo di cronaca locale e guardo con curiosit&agrave; ed attenzione il mondo dei social. Parlo poco, ascolto molto.","sameAs":["https:\/\/www.facebook.com\/roberta.bertolini.9","bettabertolini","https:\/\/www.linkedin.com\/hp\/?dnr=v9e-Gp7a6_oxqTuQyZA0Lf4aEi4t91g6wMH","https:\/\/twitter.com\/robybertolini"],"url":"https:\/\/staging.varesenews.it\/persona\/roberta-bertolini1\/"}]}},"post_meta":{"_edit_lock":"1560589578:49","_edit_last":"49","_category_permalink":"a:1:{s:8:\"category\";s:0:\"\";}","ratings_users":"0","ratings_score":"0","ratings_average":"0","firma_come_redazione":"1","argomento":"Gorla Minore","_yoast_wpseo_content_score":"30","_jd_tweet_this":"yes","_wpt_short_url":"https:\/\/www.varesenews.it\/2019\/06\/collegio-rotondi-aperto-girinvalle\/830687\/","_wp_jd_target":"https:\/\/www.varesenews.it\/2019\/06\/collegio-rotondi-aperto-girinvalle\/830687\/","_jd_wp_twitter":"a:1:{i:0;s:151:\"Collegio Rotondi aperto per il Girinvalle https:\/\/www.varesenews.it\/2019\/06\/collegio-rotondi-aperto-girinvalle\/830687\/ #collegiorotondi #girinvalle2019\";}","_wpt_status_message":"Tweet inviato con successo.","foto":"744312"},"photos":[{"original":"https:\/\/staging.varesenews.it\/photogallery_new\/images\/2019\/06\/girinvalle-2019-744312.jpg","full":"https:\/\/staging.varesenews.it\/photogallery_new\/images\/2019\/06\/girinvalle-2019-744312.1024x768.jpg","large":"https:\/\/staging.varesenews.it\/photogallery_new\/images\/2019\/06\/girinvalle-2019-744312.610x431.jpg"}],"_links":{"self":[{"href":"https:\/\/staging.varesenews.it\/swgapi\/v1\/wp\/v2\/posts\/830687"}],"collection":[{"href":"https:\/\/staging.varesenews.it\/swgapi\/v1\/wp\/v2\/posts"}],"about":[{"href":"https:\/\/staging.varesenews.it\/swgapi\/v1\/wp\/v2\/types\/post"}],"author":[{"embeddable":true,"href":"https:\/\/staging.varesenews.it\/swgapi\/v1\/wp\/v2\/users\/49"}],"replies":[{"embeddable":true,"href":"https:\/\/staging.varesenews.it\/swgapi\/v1\/wp\/v2\/comments?post=830687"}],"version-history":[{"count":0,"href":"https:\/\/staging.varesenews.it\/swgapi\/v1\/wp\/v2\/posts\/830687\/revisions"}],"wp:attachment":[{"href":"https:\/\/staging.varesenews.it\/swgapi\/v1\/wp\/v2\/media?parent=830687"}],"wp:term":[{"taxonomy":"category","embeddable":true,"href":"https:\/\/staging.varesenews.it\/swgapi\/v1\/wp\/v2\/categories?post=830687"},{"taxonomy":"post_tag","embeddable":true,"href":"https:\/\/staging.varesenews.it\/swgapi\/v1\/wp\/v2\/tags?post=830687"}],"curies":[{"name":"wp","href":"https:\/\/api.w.org\/{rel}","templated":true}]}}