{"id":830702,"date":"2019-06-15T12:34:52","date_gmt":"2019-06-15T10:34:52","guid":{"rendered":"https:\/\/www.varesenews.it\/?p=830702"},"modified":"2019-06-15T12:34:52","modified_gmt":"2019-06-15T10:34:52","slug":"un-polmone-umido-villa-mylius","status":"publish","type":"post","link":"https:\/\/staging.varesenews.it\/2019\/06\/un-polmone-umido-villa-mylius\/830702\/","title":{"rendered":"Un polmone \u201cumido\u201d a Villa Mylius"},"content":{"rendered":"<p class=\"p1\">All\u2019interno di Villa Mylius sta nascendo<strong> un\u2019area umida<\/strong>\u00a0dalla collaborazione del <strong>Comune con il Rotary di Varese<\/strong>. L\u2019area \u00e8 gi\u00e0 stata indicata e si pu\u00f2 facilmente riconoscere vicino al parco giochi. In questo momento appare come una zona con l\u2019erba alta, ma non si tratta di incuria, bens\u00ec della <strong>prima fase utile a ricreare l\u2019area umida<\/strong> che era presente fino a qualche anno fa.<\/p>\n<p class=\"p1\">Sono stati piantati alberi igrofili come <strong>pioppo bianco, platano e ontano,<\/strong> che favoriranno il ricrearsi di <strong>una microarea di flora e fauna tipiche di zone umide<\/strong>, con l\u2019obiettivo di avere un polmone che aiuti l\u2019ambiente e che sia didatticamente utile.<\/p>\n<p class=\"p1\">L\u2019assessore e vicesindaco <strong>Daniele Zanzi<\/strong> ha curato in prima persona il progetto: \u00abIl Rotary ha delle priorit\u00e0, tra le quali anche l\u2019ambiente. C\u2019era questa idea di donare al Comune di Varese 35 piante, per contribuire alla salute dell\u2019aria abbattendo le polveri sottili. L\u2019idea, di concerto con assessore De Simone e Dimaggio, \u00e8 stata quella di <strong>mettere all\u2019interno dei nostri bellissimi parchi nuovi concetti: perch\u00e9 non unire l\u2019utilit\u00e0 delle piante a delle nozioni educative.<\/strong> Le nuove generazioni hanno perso il contatto con la natura, da qui l\u2019idea di creare questa zona umida che sar\u00e0 ricca di flora ma anche di microfauna. Questa area \u00e8 umida, l\u2019acqua \u00e8 vita e creare un ambiente naturale di circa 300 metri quadrati intonsa, lasciando crescere l\u2019erba naturalmente. L\u2019area sar\u00e0 inaccessibile, verr\u00e0 messo uno steccato, e la flora si riapproprier\u00e0 del proprio ambiente originale. Ringraziamo il Rotary per questo investimento, sempre con una finalit\u00e0 ambientale ed educativo\u00bb. <div class=\"photo-inside-post\"><img decoding=\"async\" loading=\"lazy\" fetchpriority=\"low\" width=\"610\" height=\"431\" src=\"https:\/\/staging.varesenews.it\/photogallery_new\/images\/2019\/06\/rotary-club-area-umida-villa-mylius-744320.610x431.jpg\" alt=\"rotary club area umida villa mylius\"><\/div><\/p>\n<p class=\"p1\"><strong>Giuliano Modesti, presidente del Rotary<\/strong>: \u00abLavoriamo in diversi ambiti: persona, salute, territorio e lavoro. Questo progetto in particolare \u00e8 partito l\u2019anno scorso dal mio predecessore, ma andr\u00e0 avanti con gli anni. <strong>Ci siamo detti di farlo quest\u2019anno in concomitanza con il nostro novantesimo anniversario.<\/strong> Il Rotary lavora un po\u2019 silente, ma le cose le facciamo. Il nostro obiettivo \u00e8 servire il territorio, al di sopra dei propri interessi. Servizi non come oboli, ma prestazione di carattere personale. Ci sono progetti in essere, come l\u2019illuminazione delle cappelle del Sacro Monte che porteremo avanti nei prossimi anni\u00bb.<\/p>\n<p class=\"p1\">L\u2019assessore <strong>Rossella Dimaggio<\/strong> guarda al lato educativo dell\u2019area umida: \u00abAvere la possibilit\u00e0 di mostrare alle nostre scolaresche un ecosistema cos\u00ec particolare, cos\u00ec strutturato, che con forza manifesta la diversit\u00e0 e l\u2019aggressivit\u00e0 della natura, \u00e8 molto importante. Questo \u00e8 un piccolo esempio di unit\u00e0 didattica che permetter\u00e0 ai nostri studenti di capire, perch\u00e9 <strong>si impara soprattutto facendo e toccando pi\u00f9 che ascoltando. Sar\u00e0 una preziosit\u00e0 a disposizione delle nostre scuole<\/strong>\u00bb.<\/p>\n","protected":false},"excerpt":{"rendered":"<p>Dalla collaborazione tra il Comune di Varese e il Rotary cittadino, sta crescendo un\u2019area umida naturale<\/p>\n","protected":false},"author":37,"featured_media":0,"comment_status":"open","ping_status":"open","sticky":false,"template":"","format":"standard","meta":{"footnotes":""},"categories":[2],"tags":[1272,86330,1453],"acf":[],"yoast_head":"<!-- This site is optimized with the Yoast SEO plugin v20.1 - https:\/\/yoast.com\/wordpress\/plugins\/seo\/ -->\n<title>Un polmone \u201cumido\u201d a Villa Mylius<\/title>\n<meta name=\"description\" content=\"Dalla collaborazione tra il Comune di Varese e il Rotary cittadino, sta crescendo un\u2019area umida naturale\" \/>\n<meta name=\"robots\" content=\"noindex, follow, max-snippet:-1, max-image-preview:large, max-video-preview:-1\" \/>\n<meta property=\"og:locale\" content=\"it_IT\" \/>\n<meta property=\"og:type\" content=\"article\" \/>\n<meta property=\"og:title\" content=\"Un polmone \u201cumido\u201d a Villa Mylius\" \/>\n<meta property=\"og:description\" content=\"Dalla collaborazione tra il Comune di Varese e il Rotary cittadino, sta crescendo un\u2019area umida naturale\" \/>\n<meta property=\"og:url\" content=\"https:\/\/staging.varesenews.it\/2019\/06\/un-polmone-umido-villa-mylius\/830702\/\" \/>\n<meta property=\"og:site_name\" content=\"VareseNews\" \/>\n<meta property=\"article:publisher\" content=\"https:\/\/www.facebook.com\/varesenews\" \/>\n<meta property=\"article:published_time\" content=\"2019-06-15T10:34:52+00:00\" \/>\n<meta name=\"author\" content=\"Francesco Mazzoleni\" \/>\n<meta name=\"twitter:card\" content=\"summary_large_image\" \/>\n<meta name=\"twitter:creator\" content=\"@fmazzof\" \/>\n<meta name=\"twitter:site\" content=\"@varesenews\" \/>\n<meta name=\"twitter:label1\" content=\"Scritto da\" \/>\n\t<meta name=\"twitter:data1\" content=\"Francesco Mazzoleni\" \/>\n\t<meta name=\"twitter:label2\" content=\"Tempo di lettura stimato\" \/>\n\t<meta name=\"twitter:data2\" content=\"2 minuti\" \/>\n<script type=\"application\/ld+json\" class=\"yoast-schema-graph\">{\"@context\":\"https:\/\/schema.org\",\"@graph\":[{\"@type\":\"WebPage\",\"@id\":\"https:\/\/staging.varesenews.it\/2019\/06\/un-polmone-umido-villa-mylius\/830702\/\",\"url\":\"https:\/\/staging.varesenews.it\/2019\/06\/un-polmone-umido-villa-mylius\/830702\/\",\"name\":\"Un polmone \u201cumido\u201d a Villa Mylius\",\"isPartOf\":{\"@id\":\"https:\/\/staging.varesenews.it\/#website\"},\"datePublished\":\"2019-06-15T10:34:52+00:00\",\"dateModified\":\"2019-06-15T10:34:52+00:00\",\"author\":{\"@id\":\"https:\/\/staging.varesenews.it\/#\/schema\/person\/e82236e79160d30d4e1f942004ac3038\"},\"description\":\"Dalla collaborazione tra il Comune di Varese e il Rotary cittadino, sta crescendo un\u2019area umida naturale\",\"breadcrumb\":{\"@id\":\"https:\/\/staging.varesenews.it\/2019\/06\/un-polmone-umido-villa-mylius\/830702\/#breadcrumb\"},\"inLanguage\":\"it-IT\",\"potentialAction\":[{\"@type\":\"ReadAction\",\"target\":[\"https:\/\/staging.varesenews.it\/2019\/06\/un-polmone-umido-villa-mylius\/830702\/\"]}]},{\"@type\":\"BreadcrumbList\",\"@id\":\"https:\/\/staging.varesenews.it\/2019\/06\/un-polmone-umido-villa-mylius\/830702\/#breadcrumb\",\"itemListElement\":[{\"@type\":\"ListItem\",\"position\":1,\"name\":\"Home\",\"item\":\"https:\/\/www.varesenews.it\/\"},{\"@type\":\"ListItem\",\"position\":2,\"name\":\"Un polmone \u201cumido\u201d a Villa Mylius\"}]},{\"@type\":\"WebSite\",\"@id\":\"https:\/\/staging.varesenews.it\/#website\",\"url\":\"https:\/\/staging.varesenews.it\/\",\"name\":\"VareseNews\",\"description\":\"\",\"potentialAction\":[{\"@type\":\"SearchAction\",\"target\":{\"@type\":\"EntryPoint\",\"urlTemplate\":\"https:\/\/staging.varesenews.it\/?s={search_term_string}\"},\"query-input\":\"required name=search_term_string\"}],\"inLanguage\":\"it-IT\"},{\"@type\":\"Person\",\"@id\":\"https:\/\/staging.varesenews.it\/#\/schema\/person\/e82236e79160d30d4e1f942004ac3038\",\"name\":\"Francesco Mazzoleni\",\"image\":{\"@type\":\"ImageObject\",\"inLanguage\":\"it-IT\",\"@id\":\"https:\/\/staging.varesenews.it\/#\/schema\/person\/image\/\",\"url\":\"https:\/\/staging.varesenews.it\/wp-content\/uploads\/2020\/12\/francesco_mazzoleni_colori_500-1.jpg\",\"contentUrl\":\"https:\/\/staging.varesenews.it\/wp-content\/uploads\/2020\/12\/francesco_mazzoleni_colori_500-1.jpg\",\"caption\":\"Francesco Mazzoleni\"},\"description\":\"\\\"Uomo di campo\\\" della redazione sportiva. Nutro una vera passione per il calcio, che sia ad alti livelli, sui campi di provincia o in altri continenti. Sono nato a Varese nel 1984, vivo da sempre a Malnate e ho una laurea in Scienze Motorie. Ho mosso i primi passi a VareseNews da stagista nel 2002; nel 2008 ho iniziato a collaborare con maggiore continuit\u00e0 e dal 2018 sono giornalista professionista. Orgoglioso pap\u00e0 di Federico e Adelaide.\",\"sameAs\":[\"fmazzof\",\"it.linkedin.com\/in\/francescomazzolenif\",\"https:\/\/twitter.com\/fmazzof\"],\"url\":\"https:\/\/staging.varesenews.it\/persona\/francesco_mazzoleniferracini\/\"}]}<\/script>\n<!-- \/ Yoast SEO plugin. -->","yoast_head_json":{"title":"Un polmone \u201cumido\u201d a Villa Mylius","description":"Dalla collaborazione tra il Comune di Varese e il Rotary cittadino, sta crescendo un\u2019area umida naturale","robots":{"index":"noindex","follow":"follow","max-snippet":"max-snippet:-1","max-image-preview":"max-image-preview:large","max-video-preview":"max-video-preview:-1"},"og_locale":"it_IT","og_type":"article","og_title":"Un polmone \u201cumido\u201d a Villa Mylius","og_description":"Dalla collaborazione tra il Comune di Varese e il Rotary cittadino, sta crescendo un\u2019area umida naturale","og_url":"https:\/\/staging.varesenews.it\/2019\/06\/un-polmone-umido-villa-mylius\/830702\/","og_site_name":"VareseNews","article_publisher":"https:\/\/www.facebook.com\/varesenews","article_published_time":"2019-06-15T10:34:52+00:00","author":"Francesco Mazzoleni","twitter_card":"summary_large_image","twitter_creator":"@fmazzof","twitter_site":"@varesenews","twitter_misc":{"Scritto da":"Francesco Mazzoleni","Tempo di lettura stimato":"2 minuti"},"schema":{"@context":"https:\/\/schema.org","@graph":[{"@type":"WebPage","@id":"https:\/\/staging.varesenews.it\/2019\/06\/un-polmone-umido-villa-mylius\/830702\/","url":"https:\/\/staging.varesenews.it\/2019\/06\/un-polmone-umido-villa-mylius\/830702\/","name":"Un polmone \u201cumido\u201d a Villa Mylius","isPartOf":{"@id":"https:\/\/staging.varesenews.it\/#website"},"datePublished":"2019-06-15T10:34:52+00:00","dateModified":"2019-06-15T10:34:52+00:00","author":{"@id":"https:\/\/staging.varesenews.it\/#\/schema\/person\/e82236e79160d30d4e1f942004ac3038"},"description":"Dalla collaborazione tra il Comune di Varese e il Rotary cittadino, sta crescendo un\u2019area umida naturale","breadcrumb":{"@id":"https:\/\/staging.varesenews.it\/2019\/06\/un-polmone-umido-villa-mylius\/830702\/#breadcrumb"},"inLanguage":"it-IT","potentialAction":[{"@type":"ReadAction","target":["https:\/\/staging.varesenews.it\/2019\/06\/un-polmone-umido-villa-mylius\/830702\/"]}]},{"@type":"BreadcrumbList","@id":"https:\/\/staging.varesenews.it\/2019\/06\/un-polmone-umido-villa-mylius\/830702\/#breadcrumb","itemListElement":[{"@type":"ListItem","position":1,"name":"Home","item":"https:\/\/www.varesenews.it\/"},{"@type":"ListItem","position":2,"name":"Un polmone \u201cumido\u201d a Villa Mylius"}]},{"@type":"WebSite","@id":"https:\/\/staging.varesenews.it\/#website","url":"https:\/\/staging.varesenews.it\/","name":"VareseNews","description":"","potentialAction":[{"@type":"SearchAction","target":{"@type":"EntryPoint","urlTemplate":"https:\/\/staging.varesenews.it\/?s={search_term_string}"},"query-input":"required name=search_term_string"}],"inLanguage":"it-IT"},{"@type":"Person","@id":"https:\/\/staging.varesenews.it\/#\/schema\/person\/e82236e79160d30d4e1f942004ac3038","name":"Francesco Mazzoleni","image":{"@type":"ImageObject","inLanguage":"it-IT","@id":"https:\/\/staging.varesenews.it\/#\/schema\/person\/image\/","url":"https:\/\/staging.varesenews.it\/wp-content\/uploads\/2020\/12\/francesco_mazzoleni_colori_500-1.jpg","contentUrl":"https:\/\/staging.varesenews.it\/wp-content\/uploads\/2020\/12\/francesco_mazzoleni_colori_500-1.jpg","caption":"Francesco Mazzoleni"},"description":"\"Uomo di campo\" della redazione sportiva. Nutro una vera passione per il calcio, che sia ad alti livelli, sui campi di provincia o in altri continenti. Sono nato a Varese nel 1984, vivo da sempre a Malnate e ho una laurea in Scienze Motorie. Ho mosso i primi passi a VareseNews da stagista nel 2002; nel 2008 ho iniziato a collaborare con maggiore continuit\u00e0 e dal 2018 sono giornalista professionista. Orgoglioso pap\u00e0 di Federico e Adelaide.","sameAs":["fmazzof","it.linkedin.com\/in\/francescomazzolenif","https:\/\/twitter.com\/fmazzof"],"url":"https:\/\/staging.varesenews.it\/persona\/francesco_mazzoleniferracini\/"}]}},"post_meta":{"_edit_lock":"1560601633:37","_edit_last":"37","_category_permalink":"a:1:{s:8:\"category\";s:1:\"2\";}","ratings_users":"0","ratings_score":"0","ratings_average":"0","foto":"744321","firma-personalizzata":"fmf","argomento":"Varese","_yoast_wpseo_focuskw_text_input":"area umida villa mylius","_yoast_wpseo_focuskw":"area umida villa mylius","_yoast_wpseo_linkdex":"61","_yoast_wpseo_content_score":"30","_jd_tweet_this":"yes","_wpt_short_url":"https:\/\/www.varesenews.it\/2019\/06\/un-polmone-umido-villa-mylius\/830702\/","_wp_jd_target":"https:\/\/www.varesenews.it\/2019\/06\/un-polmone-umido-villa-mylius\/830702\/","_jd_wp_twitter":"a:1:{i:0;s:138:\"Un polmone \u201cumido\u201d a Villa Mylius https:\/\/www.varesenews.it\/2019\/06\/un-polmone-umido-villa-mylius\/830702\/ #comunedivarese #villamylius\";}","_wpt_status_message":"Tweet inviato con successo."},"photos":[{"original":"https:\/\/staging.varesenews.it\/photogallery_new\/images\/2019\/06\/rotary-club-area-umida-villa-mylius-744321.jpg","full":"https:\/\/staging.varesenews.it\/photogallery_new\/images\/2019\/06\/rotary-club-area-umida-villa-mylius-744321.1024x768.jpg","large":"https:\/\/staging.varesenews.it\/photogallery_new\/images\/2019\/06\/rotary-club-area-umida-villa-mylius-744321.610x431.jpg"}],"_links":{"self":[{"href":"https:\/\/staging.varesenews.it\/swgapi\/v1\/wp\/v2\/posts\/830702"}],"collection":[{"href":"https:\/\/staging.varesenews.it\/swgapi\/v1\/wp\/v2\/posts"}],"about":[{"href":"https:\/\/staging.varesenews.it\/swgapi\/v1\/wp\/v2\/types\/post"}],"author":[{"embeddable":true,"href":"https:\/\/staging.varesenews.it\/swgapi\/v1\/wp\/v2\/users\/37"}],"replies":[{"embeddable":true,"href":"https:\/\/staging.varesenews.it\/swgapi\/v1\/wp\/v2\/comments?post=830702"}],"version-history":[{"count":0,"href":"https:\/\/staging.varesenews.it\/swgapi\/v1\/wp\/v2\/posts\/830702\/revisions"}],"wp:attachment":[{"href":"https:\/\/staging.varesenews.it\/swgapi\/v1\/wp\/v2\/media?parent=830702"}],"wp:term":[{"taxonomy":"category","embeddable":true,"href":"https:\/\/staging.varesenews.it\/swgapi\/v1\/wp\/v2\/categories?post=830702"},{"taxonomy":"post_tag","embeddable":true,"href":"https:\/\/staging.varesenews.it\/swgapi\/v1\/wp\/v2\/tags?post=830702"}],"curies":[{"name":"wp","href":"https:\/\/api.w.org\/{rel}","templated":true}]}}