{"id":830985,"date":"2019-06-17T14:23:54","date_gmt":"2019-06-17T12:23:54","guid":{"rendered":"https:\/\/www.varesenews.it\/?p=830985"},"modified":"2019-06-17T14:23:54","modified_gmt":"2019-06-17T12:23:54","slug":"parcheggio-metropark-fs-gallarate-stazione","status":"publish","type":"post","link":"https:\/\/staging.varesenews.it\/2019\/06\/parcheggio-metropark-fs-gallarate-stazione\/830985\/","title":{"rendered":"Il parcheggio FS torna a pagamento. &#8220;Tempi duri per noi pendolari&#8221;"},"content":{"rendered":"<p>Il <strong>parcheggio di propriet\u00e0 di Metropark<\/strong>, nei dintorni della stazione di <strong>Gallarate<\/strong> vicino all&#8217;ex tribunale, <strong>torna a pagamento.<\/strong> Una brutta notizia per i pendolari che devono lasciare l&#8217;auto per l&#8217;intera giornata, al mattino, a <strong>Gallarate<\/strong>.<\/p>\n<p>I lavori per rimettere in funzione lo spazio a pagamento erano gi\u00e0 stati notati settimana scorsa, ma ora la sosta a pagamento diventa operativa.<\/p>\n<p>\u00abTempi duri per noi pendolari\u00bb ci scrive un lettore. \u00abScelta motivata al fine di mantenere il decoro urbano della zona adibita a parcheggio. Motivazione discutibile, pi\u00f9 plausibile &#8220;fare cassa&#8221; alle spalle degli automobilisti pendolari. Ma non esisteva una norma che prevedeva parcheggi a sosta libera in numero pari a quelli a pagamento?\u00bb<br \/>\nIl realt\u00e0 il parcheggio di via Galvaligi-viale Milano non \u00e8 area pubblica, ma di una societ\u00e0 privata, Metropark, appunto: societ\u00e0 del gruppo Fs, che riutilizza gli spazi un tempo dello scalo merci della <a href=\"https:\/\/it.wikipedia.org\/wiki\/Stazione_di_Gallarate\" target=\"_blank\" rel=\"noopener\">stazione di Gallarate<\/a>. Costa 80 cents l&#8217;ora di giorno e 40 di notte, 8 euro per sosta giornaliera, abbonamento mensile 50 euro o integrato con abbonamento del treno a 35-40 euro.<\/p>\n<h3>Il problema del parcheggio per pendolari alla stazione di Gallarate<\/h3>\n<p><strong>Gallarate<\/strong> attrae ogni giorno <strong>centinaia di veicoli che vengono parcheggiati ogni giorno<\/strong>, provenienti dalla citt\u00e0 ma anche dai dintorni. Un <strong>parcheggio a lunga sosta si trova oggi nell&#8217;area mercato in via Torino<\/strong> (a circa 10 minuti a piedi), altri parcheggiano nella<strong> zona a cavallo tra i quartieri di Sciar\u00e8 e Cedrate<\/strong> (oltre viale Lombardia, circa 10 minuti).<\/p>\n<p><strong>L&#8217;ultimo intervento pubblico di riordino<\/strong> della sosta risale a qualche anno fa, con l&#8217;amministrazione Guenzani. A fine 2012 la giunta introdusse &#8211; individuando una \u00a0&#8220;Zona a rilevanza urbanistica&#8221; &#8211; <a href=\"https:\/\/www.varesenews.it\/2012\/08\/parcheggi-per-residenti-a-sciare-pronti-535-pass\/81334\/\">i posti riservati ai residenti di Sciar\u00e8<\/a>, che lamentavano l&#8217;impossibilit\u00e0 di parcheggiare nelle vie del quartiere (oggi di fatto \u00e8 impossibile lasciare l&#8217;auto per tutto il giorno in quella zona). Al contempo fu <strong>riaperto il &#8220;parcheggio del Fare&#8221;<\/strong>, multipiano in via Ferruccio Ferrucci: <a href=\"https:\/\/www.varesenews.it\/2013\/02\/parcheggio-del-fare-ecco-gli-abbonamenti\/66564\/\">vi si accede dal 2013 con abbonamento<\/a> o dal 2014 anche con <a href=\"https:\/\/www.varesenews.it\/2014\/04\/parcheggio-del-fare-arriva-il-biglietto-giornaliero\/36381\/\">biglietto giornaliero per utenti occasionali<\/a>.<\/p>\n","protected":false},"excerpt":{"rendered":"<p>L&#8217;area di propriet\u00e0 Metropark FS torna alla sosta a pagamento<\/p>\n","protected":false},"author":46,"featured_media":0,"comment_status":"open","ping_status":"open","sticky":false,"template":"","format":"standard","meta":{"footnotes":""},"categories":[3],"tags":[41324,2587,97343],"acf":[],"yoast_head":"<!-- This site is optimized with the Yoast SEO plugin v20.1 - https:\/\/yoast.com\/wordpress\/plugins\/seo\/ -->\n<title>Il parcheggio FS torna a pagamento. &quot;Tempi duri per noi pendolari&quot;<\/title>\n<meta name=\"description\" content=\"L&#039;area di propriet\u00e0 Metropark FS torna alla sosta a pagamento\" \/>\n<meta name=\"robots\" content=\"noindex, follow, max-snippet:-1, max-image-preview:large, max-video-preview:-1\" \/>\n<meta property=\"og:locale\" content=\"it_IT\" \/>\n<meta property=\"og:type\" content=\"article\" \/>\n<meta property=\"og:title\" content=\"Il parcheggio FS torna a pagamento. &quot;Tempi duri per noi pendolari&quot;\" \/>\n<meta property=\"og:description\" content=\"L&#039;area di propriet\u00e0 Metropark FS torna alla sosta a pagamento\" \/>\n<meta property=\"og:url\" content=\"https:\/\/staging.varesenews.it\/2019\/06\/parcheggio-metropark-fs-gallarate-stazione\/830985\/\" \/>\n<meta property=\"og:site_name\" content=\"VareseNews\" \/>\n<meta property=\"article:publisher\" content=\"https:\/\/www.facebook.com\/varesenews\" \/>\n<meta property=\"article:published_time\" content=\"2019-06-17T12:23:54+00:00\" \/>\n<meta name=\"author\" content=\"Roberto Morandi\" \/>\n<meta name=\"twitter:card\" content=\"summary_large_image\" \/>\n<meta name=\"twitter:creator\" content=\"@ilmorands\" \/>\n<meta name=\"twitter:site\" content=\"@varesenews\" \/>\n<meta name=\"twitter:label1\" content=\"Scritto da\" \/>\n\t<meta name=\"twitter:data1\" content=\"Roberto Morandi\" \/>\n\t<meta name=\"twitter:label2\" content=\"Tempo di lettura stimato\" \/>\n\t<meta name=\"twitter:data2\" content=\"2 minuti\" \/>\n<script type=\"application\/ld+json\" class=\"yoast-schema-graph\">{\"@context\":\"https:\/\/schema.org\",\"@graph\":[{\"@type\":\"WebPage\",\"@id\":\"https:\/\/staging.varesenews.it\/2019\/06\/parcheggio-metropark-fs-gallarate-stazione\/830985\/\",\"url\":\"https:\/\/staging.varesenews.it\/2019\/06\/parcheggio-metropark-fs-gallarate-stazione\/830985\/\",\"name\":\"Il parcheggio FS torna a pagamento. \\\"Tempi duri per noi pendolari\\\"\",\"isPartOf\":{\"@id\":\"https:\/\/staging.varesenews.it\/#website\"},\"datePublished\":\"2019-06-17T12:23:54+00:00\",\"dateModified\":\"2019-06-17T12:23:54+00:00\",\"author\":{\"@id\":\"https:\/\/staging.varesenews.it\/#\/schema\/person\/efe592ae4c76536b551f89d8b6674bc3\"},\"description\":\"L'area di propriet\u00e0 Metropark FS torna alla sosta a pagamento\",\"breadcrumb\":{\"@id\":\"https:\/\/staging.varesenews.it\/2019\/06\/parcheggio-metropark-fs-gallarate-stazione\/830985\/#breadcrumb\"},\"inLanguage\":\"it-IT\",\"potentialAction\":[{\"@type\":\"ReadAction\",\"target\":[\"https:\/\/staging.varesenews.it\/2019\/06\/parcheggio-metropark-fs-gallarate-stazione\/830985\/\"]}]},{\"@type\":\"BreadcrumbList\",\"@id\":\"https:\/\/staging.varesenews.it\/2019\/06\/parcheggio-metropark-fs-gallarate-stazione\/830985\/#breadcrumb\",\"itemListElement\":[{\"@type\":\"ListItem\",\"position\":1,\"name\":\"Home\",\"item\":\"https:\/\/www.varesenews.it\/\"},{\"@type\":\"ListItem\",\"position\":2,\"name\":\"Il parcheggio FS torna a pagamento. &#8220;Tempi duri per noi pendolari&#8221;\"}]},{\"@type\":\"WebSite\",\"@id\":\"https:\/\/staging.varesenews.it\/#website\",\"url\":\"https:\/\/staging.varesenews.it\/\",\"name\":\"VareseNews\",\"description\":\"\",\"potentialAction\":[{\"@type\":\"SearchAction\",\"target\":{\"@type\":\"EntryPoint\",\"urlTemplate\":\"https:\/\/staging.varesenews.it\/?s={search_term_string}\"},\"query-input\":\"required name=search_term_string\"}],\"inLanguage\":\"it-IT\"},{\"@type\":\"Person\",\"@id\":\"https:\/\/staging.varesenews.it\/#\/schema\/person\/efe592ae4c76536b551f89d8b6674bc3\",\"name\":\"Roberto Morandi\",\"image\":{\"@type\":\"ImageObject\",\"inLanguage\":\"it-IT\",\"@id\":\"https:\/\/staging.varesenews.it\/#\/schema\/person\/image\/\",\"url\":\"https:\/\/staging.varesenews.it\/wp-content\/uploads\/2020\/12\/roberto_morandi_colori_500.jpg\",\"contentUrl\":\"https:\/\/staging.varesenews.it\/wp-content\/uploads\/2020\/12\/roberto_morandi_colori_500.jpg\",\"caption\":\"Roberto Morandi\"},\"description\":\"Classe 1980, laureato in storia, mi occupo dell&rsquo;area di Gallarate e di Malpensa, di trasporti e mobilit&agrave;. Amo molto la dimensione della citt&agrave;, come luogo d&rsquo;incontro di persone diverse e come organismo che si trasforma costantemente. Mi piace anche raccontare le piccole e grandi vicende, anche locali, che compongono la Storia con la S maiuscola. Appassionato di bicicletta: la macchina perfetta per muoversi in citt&agrave; e per viaggiare.\",\"sameAs\":[\"https:\/\/twitter.com\/ilmorands\"],\"url\":\"https:\/\/staging.varesenews.it\/persona\/roberto-morandi1\/\"}]}<\/script>\n<!-- \/ Yoast SEO plugin. -->","yoast_head_json":{"title":"Il parcheggio FS torna a pagamento. \"Tempi duri per noi pendolari\"","description":"L'area di propriet\u00e0 Metropark FS torna alla sosta a pagamento","robots":{"index":"noindex","follow":"follow","max-snippet":"max-snippet:-1","max-image-preview":"max-image-preview:large","max-video-preview":"max-video-preview:-1"},"og_locale":"it_IT","og_type":"article","og_title":"Il parcheggio FS torna a pagamento. \"Tempi duri per noi pendolari\"","og_description":"L'area di propriet\u00e0 Metropark FS torna alla sosta a pagamento","og_url":"https:\/\/staging.varesenews.it\/2019\/06\/parcheggio-metropark-fs-gallarate-stazione\/830985\/","og_site_name":"VareseNews","article_publisher":"https:\/\/www.facebook.com\/varesenews","article_published_time":"2019-06-17T12:23:54+00:00","author":"Roberto Morandi","twitter_card":"summary_large_image","twitter_creator":"@ilmorands","twitter_site":"@varesenews","twitter_misc":{"Scritto da":"Roberto Morandi","Tempo di lettura stimato":"2 minuti"},"schema":{"@context":"https:\/\/schema.org","@graph":[{"@type":"WebPage","@id":"https:\/\/staging.varesenews.it\/2019\/06\/parcheggio-metropark-fs-gallarate-stazione\/830985\/","url":"https:\/\/staging.varesenews.it\/2019\/06\/parcheggio-metropark-fs-gallarate-stazione\/830985\/","name":"Il parcheggio FS torna a pagamento. \"Tempi duri per noi pendolari\"","isPartOf":{"@id":"https:\/\/staging.varesenews.it\/#website"},"datePublished":"2019-06-17T12:23:54+00:00","dateModified":"2019-06-17T12:23:54+00:00","author":{"@id":"https:\/\/staging.varesenews.it\/#\/schema\/person\/efe592ae4c76536b551f89d8b6674bc3"},"description":"L'area di propriet\u00e0 Metropark FS torna alla sosta a pagamento","breadcrumb":{"@id":"https:\/\/staging.varesenews.it\/2019\/06\/parcheggio-metropark-fs-gallarate-stazione\/830985\/#breadcrumb"},"inLanguage":"it-IT","potentialAction":[{"@type":"ReadAction","target":["https:\/\/staging.varesenews.it\/2019\/06\/parcheggio-metropark-fs-gallarate-stazione\/830985\/"]}]},{"@type":"BreadcrumbList","@id":"https:\/\/staging.varesenews.it\/2019\/06\/parcheggio-metropark-fs-gallarate-stazione\/830985\/#breadcrumb","itemListElement":[{"@type":"ListItem","position":1,"name":"Home","item":"https:\/\/www.varesenews.it\/"},{"@type":"ListItem","position":2,"name":"Il parcheggio FS torna a pagamento. &#8220;Tempi duri per noi pendolari&#8221;"}]},{"@type":"WebSite","@id":"https:\/\/staging.varesenews.it\/#website","url":"https:\/\/staging.varesenews.it\/","name":"VareseNews","description":"","potentialAction":[{"@type":"SearchAction","target":{"@type":"EntryPoint","urlTemplate":"https:\/\/staging.varesenews.it\/?s={search_term_string}"},"query-input":"required name=search_term_string"}],"inLanguage":"it-IT"},{"@type":"Person","@id":"https:\/\/staging.varesenews.it\/#\/schema\/person\/efe592ae4c76536b551f89d8b6674bc3","name":"Roberto Morandi","image":{"@type":"ImageObject","inLanguage":"it-IT","@id":"https:\/\/staging.varesenews.it\/#\/schema\/person\/image\/","url":"https:\/\/staging.varesenews.it\/wp-content\/uploads\/2020\/12\/roberto_morandi_colori_500.jpg","contentUrl":"https:\/\/staging.varesenews.it\/wp-content\/uploads\/2020\/12\/roberto_morandi_colori_500.jpg","caption":"Roberto Morandi"},"description":"Classe 1980, laureato in storia, mi occupo dell&rsquo;area di Gallarate e di Malpensa, di trasporti e mobilit&agrave;. Amo molto la dimensione della citt&agrave;, come luogo d&rsquo;incontro di persone diverse e come organismo che si trasforma costantemente. Mi piace anche raccontare le piccole e grandi vicende, anche locali, che compongono la Storia con la S maiuscola. Appassionato di bicicletta: la macchina perfetta per muoversi in citt&agrave; e per viaggiare.","sameAs":["https:\/\/twitter.com\/ilmorands"],"url":"https:\/\/staging.varesenews.it\/persona\/roberto-morandi1\/"}]}},"post_meta":{"_edit_lock":"1560774439:46","_edit_last":"46","_category_permalink":"a:1:{s:8:\"category\";s:1:\"3\";}","ratings_users":"0","ratings_score":"0","ratings_average":"0","foto":"744780","argomento":"Gallarate","_yoast_wpseo_content_score":"30","_jd_tweet_this":"yes","_wpt_short_url":"https:\/\/www.varesenews.it\/2019\/06\/parcheggio-metropark-fs-gallarate-stazione\/830985\/","_wp_jd_target":"https:\/\/www.varesenews.it\/2019\/06\/parcheggio-metropark-fs-gallarate-stazione\/830985\/","_jd_wp_twitter":"a:1:{i:0;s:178:\"Il parcheggio FS torna a pagamento. \u201cTempi duri per noi pendolari\u201d https:\/\/www.varesenews.it\/2019\/06\/parcheggio-metropark-fs-gallarate-stazione\/830985\/ #gallarate #parcheggio\";}","_wpt_status_message":"Tweet inviato con successo."},"photos":[{"original":"https:\/\/staging.varesenews.it\/photogallery_new\/images\/2019\/06\/gallarate-generico-744780.jpg","full":"https:\/\/staging.varesenews.it\/photogallery_new\/images\/2019\/06\/gallarate-generico-744780.1024x768.jpg","large":"https:\/\/staging.varesenews.it\/photogallery_new\/images\/2019\/06\/gallarate-generico-744780.610x431.jpg"}],"_links":{"self":[{"href":"https:\/\/staging.varesenews.it\/swgapi\/v1\/wp\/v2\/posts\/830985"}],"collection":[{"href":"https:\/\/staging.varesenews.it\/swgapi\/v1\/wp\/v2\/posts"}],"about":[{"href":"https:\/\/staging.varesenews.it\/swgapi\/v1\/wp\/v2\/types\/post"}],"author":[{"embeddable":true,"href":"https:\/\/staging.varesenews.it\/swgapi\/v1\/wp\/v2\/users\/46"}],"replies":[{"embeddable":true,"href":"https:\/\/staging.varesenews.it\/swgapi\/v1\/wp\/v2\/comments?post=830985"}],"version-history":[{"count":0,"href":"https:\/\/staging.varesenews.it\/swgapi\/v1\/wp\/v2\/posts\/830985\/revisions"}],"wp:attachment":[{"href":"https:\/\/staging.varesenews.it\/swgapi\/v1\/wp\/v2\/media?parent=830985"}],"wp:term":[{"taxonomy":"category","embeddable":true,"href":"https:\/\/staging.varesenews.it\/swgapi\/v1\/wp\/v2\/categories?post=830985"},{"taxonomy":"post_tag","embeddable":true,"href":"https:\/\/staging.varesenews.it\/swgapi\/v1\/wp\/v2\/tags?post=830985"}],"curies":[{"name":"wp","href":"https:\/\/api.w.org\/{rel}","templated":true}]}}