{"id":831033,"date":"2019-06-17T15:20:30","date_gmt":"2019-06-17T13:20:30","guid":{"rendered":"https:\/\/www.varesenews.it\/?p=831033"},"modified":"2019-06-17T15:20:30","modified_gmt":"2019-06-17T13:20:30","slug":"ospedale-sindaci-tante-promesse-troppi-problemi-irrisolti","status":"publish","type":"post","link":"https:\/\/staging.varesenews.it\/2019\/06\/ospedale-sindaci-tante-promesse-troppi-problemi-irrisolti\/831033\/","title":{"rendered":"Ospedale, i sindaci: &#8220;Tante promesse, troppi problemi irrisolti&#8221;"},"content":{"rendered":"<p><span style=\"font-weight: 400;\">&#8220;Troppe criticit\u00e0 irrisolte&#8221;.\u00a0 I sindaci dell&#8217;ambito territoriale di Sesto Calende tornano a chiedere attenzione per le sorti dell&#8217;Ospedale Ondoli. Lo scorso 12 giugno sono ripresi i lavori del tavolo di confronto sul tema Ospedale di Angera tra i rappresentanti delle amministrazioni locali del territorio (Angera, Cadrezzate con Osmate, Comabbio, Ispra, Mercallo, Ranco, Sesto Calende, Taino, Ternate, Travedona Monate, Varano Borghi, Vergiate) e le dirigenze di ASST SETTE LAGHI E ATS INSUBRIA.<\/span><\/p>\n<p><span style=\"font-weight: 400;\">I primi cittadini della zona hanno sottolineato i <strong>troppi i punti ancora aperti e non risolti, nonostante le ripetute promesse di potenziamento del Carlo Ondoli,<\/strong> recenti interventi in riduzione e decisioni in stallo rischiano di mettere a repentaglio i servizi del nosocomio angerese. Da qui la decisione di scrivere alla Regione e alle dirigenze di ATS Insubria e Asst Sette Laghi, per chiedere una risoluzione di diverse criticit\u00e0 in essere. <\/span><\/p>\n<p><span style=\"font-weight: 400;\">I <\/span><b>Sindaci del piano di zona di Sesto Calende<\/b><span style=\"font-weight: 400;\"> nella lettera spedita alle istituzioni infatti rilevano come purtroppo la fase del passaggio di funzioni dell\u2019ospedale di Angera nell\u2019ambito della ASST Sette Laghi ancora non si \u00a0\u00e8 completata. <strong>Questo sta creando diverse disfunzioni:<\/strong> dalle <strong>agende di prenotazione visite presso il presidio che non sono ancora attive<\/strong> per diverse discipline, a discipline non ancora riattivate; fino alla <strong>nomina mancante di diversi responsabili di servizio in loco<\/strong> (medicina, chirurgia, pronto soccorso, radiologia, gastroenterologia). Su molte discipline si \u00e8 ancora supportati da dirigenti esterni al presidio. <\/span><\/p>\n<p><span style=\"font-weight: 400;\">La veloce soluzione a queste mancanze \u00e8 stata segnalata dai sindaci come importante, poich\u00e9 lo stato di prolungata indeterminatezza induce il personale medico a cercare opportunit\u00e0 diverse. Perdite di risorse sono gi\u00e0 avvenute e il fenomeno non \u00e8 in via di conclusione. <\/span><\/p>\n<p><span style=\"font-weight: 400;\">I sindaci riformulano di nuovo le stesse richieste fatte negli incontri precedenti: <strong>l\u2019attivazione in tempi brevi di tutti gli ambulatori esistenti e la nomina dei responsabili di struttura gi\u00e0 previsti in pianta organica.<\/strong> Auspicano che non vi siano ulteriori ridimensionamenti e che non vengano definiti altri trasferimenti di servizi e personale.<\/span><\/p>\n<p><b>Le proposte dei sindaci al piano aziendale<\/b><\/p>\n<p><span style=\"font-weight: 400;\">I sindaci ribadiscono la proposta gi\u00e0 elaborata in accordo con le precedenti dirigenze ATS e ASST, sulla base di studi epidemiologici condotti congiuntamente e delle esigenze territoriali emerse:<\/span><\/p>\n<ul>\n<li style=\"font-weight: 400;\"><b>pronto soccorso attivo <\/b><span style=\"font-weight: 400;\">con tutti i reparti e servizi previsti per il suo buon funzionamento. Quindi superamento delle emergenze, risoluzione delle criticit\u00e0 e nomina del responsabile;<\/span><\/li>\n<li style=\"font-weight: 400;\"><span style=\"font-weight: 400;\">un<\/span><b> reparto medico e uno chirurgico,<\/b><span style=\"font-weight: 400;\"> con dirigenze di struttura complessa per ognuna delle due aree;<\/span><\/li>\n<li style=\"font-weight: 400;\"><b>recupero delle professionalit\u00e0,<\/b><span style=\"font-weight: 400;\"> delle discipline e attivit\u00e0 mediche <\/span><b>specialistiche<\/b><span style=\"font-weight: 400;\">;<\/span><\/li>\n<li style=\"font-weight: 400;\"><span style=\"font-weight: 400;\">definizione dell\u2019assetto del <\/span><b>reparto polichirurgico<\/b><span style=\"font-weight: 400;\"> e delle attivit\u00e0 chirurgiche, ortopedico-traumatologiche, ginecologiche e urologica di bassa intensit\u00e0;<\/span><\/li>\n<li style=\"font-weight: 400;\"><b>attivazione dei 12 letti di riabilitazione generale geriatrica,<\/b><span style=\"font-weight: 400;\"> gi\u00e0 accreditati dalla Regione;<\/span><\/li>\n<li style=\"font-weight: 400;\"><b>attivazione di letti di post-acuti e indirizzo riabilitativo,<\/b><span style=\"font-weight: 400;\"> per soddisfare le richieste territoriali e quelle dei reparti del presidio. <\/span><\/li>\n<\/ul>\n<p><span style=\"font-weight: 400;\">Inoltre, la prematura e continua chiusura di piani sta portando a una ridistribuzione del personale infermieristico: <strong>il timore \u00e8 che se si dovessero programmare nuove aperture non sar\u00e0 pi\u00f9 possibile effettuarle con la motivazione della carenza del personale<\/strong>.<\/span><\/p>\n<p><span style=\"font-weight: 400;\">Una visione concorde tra i sindaci e le dirigenze \u00e8 stata quella che vuol vedere il presidio angerese, cos\u00ec come gli altri piccoli ospedali del territorio, come <strong>una risorsa e non un peso.<\/strong> Una risorsa per le attivit\u00e0 che non trovano risposta in tempi rapidi nel congestionato ospedale di Varese.<\/span><\/p>\n<p><span style=\"font-weight: 400;\">I sindaci continuano a essere presenti al tavolo, vigilando e monitorando i servizi e le progettualit\u00e0 affinch\u00e9 venga garantito il potenziamento promesso e la valorizzazione auspicata senza che venga attuato alcun ulteriore depotenziamento.<\/span><\/p>\n","protected":false},"excerpt":{"rendered":"<p>I sindaci dell&#8217;ambito territoriale di Sesto Calende tornano sulle criticit\u00e0 dell&#8217;Ondoli e ribadiscono l&#8217;importanza della struttura per il territorio<\/p>\n","protected":false},"author":43,"featured_media":0,"comment_status":"open","ping_status":"open","sticky":false,"template":"","format":"standard","meta":{"footnotes":""},"categories":[24,2],"tags":[97346,57035,1847,11688],"acf":[],"yoast_head":"<!-- This site is optimized with the Yoast SEO plugin v20.1 - https:\/\/yoast.com\/wordpress\/plugins\/seo\/ -->\n<title>Ospedale, i sindaci: &quot;Tante promesse, troppi problemi irrisolti&quot;<\/title>\n<meta name=\"description\" content=\"I sindaci dell&#039;ambito territoriale di Sesto Calende tornano sulle criticit\u00e0 dell&#039;Ondoli e ribadiscono l&#039;importanza della struttura per il territorio\" \/>\n<meta name=\"robots\" content=\"noindex, follow, max-snippet:-1, max-image-preview:large, max-video-preview:-1\" \/>\n<meta property=\"og:locale\" content=\"it_IT\" \/>\n<meta property=\"og:type\" content=\"article\" \/>\n<meta property=\"og:title\" content=\"Ospedale, i sindaci: &quot;Tante promesse, troppi problemi irrisolti&quot;\" \/>\n<meta property=\"og:description\" content=\"I sindaci dell&#039;ambito territoriale di Sesto Calende tornano sulle criticit\u00e0 dell&#039;Ondoli e ribadiscono l&#039;importanza della struttura per il territorio\" \/>\n<meta property=\"og:url\" content=\"https:\/\/staging.varesenews.it\/2019\/06\/ospedale-sindaci-tante-promesse-troppi-problemi-irrisolti\/831033\/\" \/>\n<meta property=\"og:site_name\" content=\"VareseNews\" \/>\n<meta property=\"article:publisher\" content=\"https:\/\/www.facebook.com\/varesenews\" \/>\n<meta property=\"article:author\" content=\"https:\/\/www.facebook.com\/mariacarla.cebrelli\" \/>\n<meta property=\"article:published_time\" content=\"2019-06-17T13:20:30+00:00\" \/>\n<meta name=\"author\" content=\"Maria Carla Cebrelli\" \/>\n<meta name=\"twitter:card\" content=\"summary_large_image\" \/>\n<meta name=\"twitter:creator\" content=\"@pikapiketti\" \/>\n<meta name=\"twitter:site\" content=\"@varesenews\" \/>\n<meta name=\"twitter:label1\" content=\"Scritto da\" \/>\n\t<meta name=\"twitter:data1\" content=\"Maria Carla Cebrelli\" \/>\n\t<meta name=\"twitter:label2\" content=\"Tempo di lettura stimato\" \/>\n\t<meta name=\"twitter:data2\" content=\"3 minuti\" \/>\n<script type=\"application\/ld+json\" class=\"yoast-schema-graph\">{\"@context\":\"https:\/\/schema.org\",\"@graph\":[{\"@type\":\"WebPage\",\"@id\":\"https:\/\/staging.varesenews.it\/2019\/06\/ospedale-sindaci-tante-promesse-troppi-problemi-irrisolti\/831033\/\",\"url\":\"https:\/\/staging.varesenews.it\/2019\/06\/ospedale-sindaci-tante-promesse-troppi-problemi-irrisolti\/831033\/\",\"name\":\"Ospedale, i sindaci: \\\"Tante promesse, troppi problemi irrisolti\\\"\",\"isPartOf\":{\"@id\":\"https:\/\/staging.varesenews.it\/#website\"},\"datePublished\":\"2019-06-17T13:20:30+00:00\",\"dateModified\":\"2019-06-17T13:20:30+00:00\",\"author\":{\"@id\":\"https:\/\/staging.varesenews.it\/#\/schema\/person\/5bf790e99d7ec50061119cc825c454de\"},\"description\":\"I sindaci dell'ambito territoriale di Sesto Calende tornano sulle criticit\u00e0 dell'Ondoli e ribadiscono l'importanza della struttura per il territorio\",\"breadcrumb\":{\"@id\":\"https:\/\/staging.varesenews.it\/2019\/06\/ospedale-sindaci-tante-promesse-troppi-problemi-irrisolti\/831033\/#breadcrumb\"},\"inLanguage\":\"it-IT\",\"potentialAction\":[{\"@type\":\"ReadAction\",\"target\":[\"https:\/\/staging.varesenews.it\/2019\/06\/ospedale-sindaci-tante-promesse-troppi-problemi-irrisolti\/831033\/\"]}]},{\"@type\":\"BreadcrumbList\",\"@id\":\"https:\/\/staging.varesenews.it\/2019\/06\/ospedale-sindaci-tante-promesse-troppi-problemi-irrisolti\/831033\/#breadcrumb\",\"itemListElement\":[{\"@type\":\"ListItem\",\"position\":1,\"name\":\"Home\",\"item\":\"https:\/\/www.varesenews.it\/\"},{\"@type\":\"ListItem\",\"position\":2,\"name\":\"Ospedale, i sindaci: &#8220;Tante promesse, troppi problemi irrisolti&#8221;\"}]},{\"@type\":\"WebSite\",\"@id\":\"https:\/\/staging.varesenews.it\/#website\",\"url\":\"https:\/\/staging.varesenews.it\/\",\"name\":\"VareseNews\",\"description\":\"\",\"potentialAction\":[{\"@type\":\"SearchAction\",\"target\":{\"@type\":\"EntryPoint\",\"urlTemplate\":\"https:\/\/staging.varesenews.it\/?s={search_term_string}\"},\"query-input\":\"required name=search_term_string\"}],\"inLanguage\":\"it-IT\"},{\"@type\":\"Person\",\"@id\":\"https:\/\/staging.varesenews.it\/#\/schema\/person\/5bf790e99d7ec50061119cc825c454de\",\"name\":\"Maria Carla Cebrelli\",\"image\":{\"@type\":\"ImageObject\",\"inLanguage\":\"it-IT\",\"@id\":\"https:\/\/staging.varesenews.it\/#\/schema\/person\/image\/\",\"url\":\"https:\/\/staging.varesenews.it\/wp-content\/uploads\/2020\/12\/mariacarla_cebrelli_colori_500-1.jpg\",\"contentUrl\":\"https:\/\/staging.varesenews.it\/wp-content\/uploads\/2020\/12\/mariacarla_cebrelli_colori_500-1.jpg\",\"caption\":\"Maria Carla Cebrelli\"},\"description\":\"Economista di formazione, giornalista per passione. A VareseNews dal 2005, mi sono occupata negli anni di universit&agrave;, tematiche di confine, news locali e comunicazione nel settore sociale. Attualmente sono responsabile di VerbanoNews, del canale di VareseNews dedicato al Turismo e seguo i social dell'area business.\",\"sameAs\":[\"https:\/\/www.facebook.com\/mariacarla.cebrelli\",\"pikapiketti\",\"https:\/\/twitter.com\/pikapiketti\"],\"url\":\"https:\/\/staging.varesenews.it\/persona\/mariacarla-cebrelli1\/\"}]}<\/script>\n<!-- \/ Yoast SEO plugin. -->","yoast_head_json":{"title":"Ospedale, i sindaci: \"Tante promesse, troppi problemi irrisolti\"","description":"I sindaci dell'ambito territoriale di Sesto Calende tornano sulle criticit\u00e0 dell'Ondoli e ribadiscono l'importanza della struttura per il territorio","robots":{"index":"noindex","follow":"follow","max-snippet":"max-snippet:-1","max-image-preview":"max-image-preview:large","max-video-preview":"max-video-preview:-1"},"og_locale":"it_IT","og_type":"article","og_title":"Ospedale, i sindaci: \"Tante promesse, troppi problemi irrisolti\"","og_description":"I sindaci dell'ambito territoriale di Sesto Calende tornano sulle criticit\u00e0 dell'Ondoli e ribadiscono l'importanza della struttura per il territorio","og_url":"https:\/\/staging.varesenews.it\/2019\/06\/ospedale-sindaci-tante-promesse-troppi-problemi-irrisolti\/831033\/","og_site_name":"VareseNews","article_publisher":"https:\/\/www.facebook.com\/varesenews","article_author":"https:\/\/www.facebook.com\/mariacarla.cebrelli","article_published_time":"2019-06-17T13:20:30+00:00","author":"Maria Carla Cebrelli","twitter_card":"summary_large_image","twitter_creator":"@pikapiketti","twitter_site":"@varesenews","twitter_misc":{"Scritto da":"Maria Carla Cebrelli","Tempo di lettura stimato":"3 minuti"},"schema":{"@context":"https:\/\/schema.org","@graph":[{"@type":"WebPage","@id":"https:\/\/staging.varesenews.it\/2019\/06\/ospedale-sindaci-tante-promesse-troppi-problemi-irrisolti\/831033\/","url":"https:\/\/staging.varesenews.it\/2019\/06\/ospedale-sindaci-tante-promesse-troppi-problemi-irrisolti\/831033\/","name":"Ospedale, i sindaci: \"Tante promesse, troppi problemi irrisolti\"","isPartOf":{"@id":"https:\/\/staging.varesenews.it\/#website"},"datePublished":"2019-06-17T13:20:30+00:00","dateModified":"2019-06-17T13:20:30+00:00","author":{"@id":"https:\/\/staging.varesenews.it\/#\/schema\/person\/5bf790e99d7ec50061119cc825c454de"},"description":"I sindaci dell'ambito territoriale di Sesto Calende tornano sulle criticit\u00e0 dell'Ondoli e ribadiscono l'importanza della struttura per il territorio","breadcrumb":{"@id":"https:\/\/staging.varesenews.it\/2019\/06\/ospedale-sindaci-tante-promesse-troppi-problemi-irrisolti\/831033\/#breadcrumb"},"inLanguage":"it-IT","potentialAction":[{"@type":"ReadAction","target":["https:\/\/staging.varesenews.it\/2019\/06\/ospedale-sindaci-tante-promesse-troppi-problemi-irrisolti\/831033\/"]}]},{"@type":"BreadcrumbList","@id":"https:\/\/staging.varesenews.it\/2019\/06\/ospedale-sindaci-tante-promesse-troppi-problemi-irrisolti\/831033\/#breadcrumb","itemListElement":[{"@type":"ListItem","position":1,"name":"Home","item":"https:\/\/www.varesenews.it\/"},{"@type":"ListItem","position":2,"name":"Ospedale, i sindaci: &#8220;Tante promesse, troppi problemi irrisolti&#8221;"}]},{"@type":"WebSite","@id":"https:\/\/staging.varesenews.it\/#website","url":"https:\/\/staging.varesenews.it\/","name":"VareseNews","description":"","potentialAction":[{"@type":"SearchAction","target":{"@type":"EntryPoint","urlTemplate":"https:\/\/staging.varesenews.it\/?s={search_term_string}"},"query-input":"required name=search_term_string"}],"inLanguage":"it-IT"},{"@type":"Person","@id":"https:\/\/staging.varesenews.it\/#\/schema\/person\/5bf790e99d7ec50061119cc825c454de","name":"Maria Carla Cebrelli","image":{"@type":"ImageObject","inLanguage":"it-IT","@id":"https:\/\/staging.varesenews.it\/#\/schema\/person\/image\/","url":"https:\/\/staging.varesenews.it\/wp-content\/uploads\/2020\/12\/mariacarla_cebrelli_colori_500-1.jpg","contentUrl":"https:\/\/staging.varesenews.it\/wp-content\/uploads\/2020\/12\/mariacarla_cebrelli_colori_500-1.jpg","caption":"Maria Carla Cebrelli"},"description":"Economista di formazione, giornalista per passione. A VareseNews dal 2005, mi sono occupata negli anni di universit&agrave;, tematiche di confine, news locali e comunicazione nel settore sociale. Attualmente sono responsabile di VerbanoNews, del canale di VareseNews dedicato al Turismo e seguo i social dell'area business.","sameAs":["https:\/\/www.facebook.com\/mariacarla.cebrelli","pikapiketti","https:\/\/twitter.com\/pikapiketti"],"url":"https:\/\/staging.varesenews.it\/persona\/mariacarla-cebrelli1\/"}]}},"post_meta":{"_edit_lock":"1560777925:43","_edit_last":"43","_category_permalink":"a:1:{s:8:\"category\";s:2:\"24\";}","ratings_users":"0","ratings_score":"0","ratings_average":"0","foto":"649455","firma_come_redazione":"1","argomento":"Sanit\u00e0","_yoast_wpseo_content_score":"30","_jd_tweet_this":"yes","_wpt_short_url":"https:\/\/www.varesenews.it\/2019\/06\/ospedale-sindaci-tante-promesse-troppi-problemi-irrisolti\/831033\/","_wp_jd_target":"https:\/\/www.varesenews.it\/2019\/06\/ospedale-sindaci-tante-promesse-troppi-problemi-irrisolti\/831033\/","_jd_wp_twitter":"a:1:{i:0;s:214:\"Ospedale, i sindaci: \u201cTante promesse, troppi problemi irrisolti\u201d https:\/\/www.varesenews.it\/2019\/06\/ospedale-sindaci-tante-promesse-troppi-problemi-irrisolti\/831033\/ #bassoverbano #ospedaleangera #ospedaleondoli\";}","_wpt_status_message":"Tweet inviato con successo."},"photos":[{"original":"https:\/\/staging.varesenews.it\/photogallery_new\/images\/2017\/12\/ospedale-di-angera-649455.jpg","full":"https:\/\/staging.varesenews.it\/photogallery_new\/images\/2017\/12\/ospedale-di-angera-649455.1024x768.jpg","large":"https:\/\/staging.varesenews.it\/photogallery_new\/images\/2017\/12\/ospedale-di-angera-649455.610x431.jpg"}],"_links":{"self":[{"href":"https:\/\/staging.varesenews.it\/swgapi\/v1\/wp\/v2\/posts\/831033"}],"collection":[{"href":"https:\/\/staging.varesenews.it\/swgapi\/v1\/wp\/v2\/posts"}],"about":[{"href":"https:\/\/staging.varesenews.it\/swgapi\/v1\/wp\/v2\/types\/post"}],"author":[{"embeddable":true,"href":"https:\/\/staging.varesenews.it\/swgapi\/v1\/wp\/v2\/users\/43"}],"replies":[{"embeddable":true,"href":"https:\/\/staging.varesenews.it\/swgapi\/v1\/wp\/v2\/comments?post=831033"}],"version-history":[{"count":0,"href":"https:\/\/staging.varesenews.it\/swgapi\/v1\/wp\/v2\/posts\/831033\/revisions"}],"wp:attachment":[{"href":"https:\/\/staging.varesenews.it\/swgapi\/v1\/wp\/v2\/media?parent=831033"}],"wp:term":[{"taxonomy":"category","embeddable":true,"href":"https:\/\/staging.varesenews.it\/swgapi\/v1\/wp\/v2\/categories?post=831033"},{"taxonomy":"post_tag","embeddable":true,"href":"https:\/\/staging.varesenews.it\/swgapi\/v1\/wp\/v2\/tags?post=831033"}],"curies":[{"name":"wp","href":"https:\/\/api.w.org\/{rel}","templated":true}]}}