{"id":831034,"date":"2019-06-17T15:34:46","date_gmt":"2019-06-17T13:34:46","guid":{"rendered":"https:\/\/www.varesenews.it\/?p=831034"},"modified":"2019-06-17T15:45:29","modified_gmt":"2019-06-17T13:45:29","slug":"scatta-villa-toeplitz-loperazione-salva-anfibi","status":"publish","type":"post","link":"https:\/\/staging.varesenews.it\/2019\/06\/scatta-villa-toeplitz-loperazione-salva-anfibi\/831034\/","title":{"rendered":"Scatta a Villa Toeplitz l&#8217;operazione &#8220;Salva Anfibi&#8221;"},"content":{"rendered":"<p>Quattro associazioni insieme <strong>per insegnare in un pomeriggio, a grandi e piccini, a rispettare anche gli anfibi &#8220;urbani&#8221;<\/strong>, come quelli che crescono e si riproducono nelle vasche dell&#8217;immensa fontana di Villa Toeplitz.<\/p>\n<p>L&#8217;appuntamento \u00e8 per <strong>sabato 22 giugno alle ore 16 nel parco della grande Villa di Sant&#8217;Ambrogio<\/strong> (ingresso da via del Casluncio), dove gli esperti accoglieranno i partecipanti per guidarli alla scoperta dei piccoli anfibi che popolano le vasche e il parco di Villa Toeplitz, <strong>mostrando quali specie sono presenti e perch\u00e9 \u00e8 importante preservarle, senza mai catturarle n\u00e9 toccarle.<\/strong><br \/>\nDurante l&#8217;incontro si spiegher\u00e0 il loro incredibile ciclo vitale e per quali motivi \u00e8 stato attivato un progetto di conservazione per tutelare la loro presenza all&#8217;interno del parco.<\/p>\n<p>L&#8217;iniziativa \u00e8 promossa da Lipu (Lega italiana protezione uccelli), Legambiente, Gev (Guardie ecologiche volontarie) e Wolf Royal Rangers in collaborazione con il Comune di Varese nel quadro di ristrutturazione del Parco.<br \/>\nLa partecipazione \u00e8 per tutti gratuita.<br \/>\nPer maggiori informazioni e prenotazioni: varese@lipu.it oppure 347 1132164.<\/p>\n","protected":false},"excerpt":{"rendered":"<p>Sabato 22 giugno alle ore 16 gli esperti guideranno grandi e piccini alla scoperta delle specie presenti nel parco e nella fontana, spiegando perch\u00e9 \u00e8 importante preservarle, senza catturarle n\u00e9 toccarle <\/p>\n","protected":false},"author":14095,"featured_media":0,"comment_status":"open","ping_status":"open","sticky":false,"template":"","format":"standard","meta":{"footnotes":""},"categories":[87573,23,21,2],"tags":[87765,87200,616,158],"acf":[],"yoast_head":"<!-- This site is optimized with the Yoast SEO plugin v20.1 - https:\/\/yoast.com\/wordpress\/plugins\/seo\/ -->\n<title>Scatta a Villa Toeplitz l&#039;operazione &quot;Salva Anfibi&quot;<\/title>\n<meta name=\"description\" content=\"Sabato 22 giugno alle ore 16 gli esperti guideranno grandi e piccini alla scoperta delle specie presenti nel parco e nella fontana, spiegando perch\u00e9 \u00e8 importante preservarle, senza catturarle n\u00e9 toccarle\" \/>\n<meta name=\"robots\" content=\"noindex, follow, max-snippet:-1, max-image-preview:large, max-video-preview:-1\" \/>\n<meta property=\"og:locale\" content=\"it_IT\" \/>\n<meta property=\"og:type\" content=\"article\" \/>\n<meta property=\"og:title\" content=\"Scatta a Villa Toeplitz l&#039;operazione &quot;Salva Anfibi&quot;\" \/>\n<meta property=\"og:description\" content=\"Sabato 22 giugno alle ore 16 gli esperti guideranno grandi e piccini alla scoperta delle specie presenti nel parco e nella fontana, spiegando perch\u00e9 \u00e8 importante preservarle, senza catturarle n\u00e9 toccarle\" \/>\n<meta property=\"og:url\" content=\"https:\/\/staging.varesenews.it\/2019\/06\/scatta-villa-toeplitz-loperazione-salva-anfibi\/831034\/\" \/>\n<meta property=\"og:site_name\" content=\"VareseNews\" \/>\n<meta property=\"article:publisher\" content=\"https:\/\/www.facebook.com\/varesenews\" \/>\n<meta property=\"article:published_time\" content=\"2019-06-17T13:34:46+00:00\" \/>\n<meta property=\"article:modified_time\" content=\"2019-06-17T13:45:29+00:00\" \/>\n<meta name=\"author\" content=\"Lidia Romeo\" \/>\n<meta name=\"twitter:card\" content=\"summary_large_image\" \/>\n<meta name=\"twitter:creator\" content=\"@varesenews\" \/>\n<meta name=\"twitter:site\" content=\"@varesenews\" \/>\n<meta name=\"twitter:label1\" content=\"Scritto da\" \/>\n\t<meta name=\"twitter:data1\" content=\"Lidia Romeo\" \/>\n\t<meta name=\"twitter:label2\" content=\"Tempo di lettura stimato\" \/>\n\t<meta name=\"twitter:data2\" content=\"1 minuto\" \/>\n<script type=\"application\/ld+json\" class=\"yoast-schema-graph\">{\"@context\":\"https:\/\/schema.org\",\"@graph\":[{\"@type\":\"WebPage\",\"@id\":\"https:\/\/staging.varesenews.it\/2019\/06\/scatta-villa-toeplitz-loperazione-salva-anfibi\/831034\/\",\"url\":\"https:\/\/staging.varesenews.it\/2019\/06\/scatta-villa-toeplitz-loperazione-salva-anfibi\/831034\/\",\"name\":\"Scatta a Villa Toeplitz l'operazione \\\"Salva Anfibi\\\"\",\"isPartOf\":{\"@id\":\"https:\/\/staging.varesenews.it\/#website\"},\"datePublished\":\"2019-06-17T13:34:46+00:00\",\"dateModified\":\"2019-06-17T13:45:29+00:00\",\"author\":{\"@id\":\"https:\/\/staging.varesenews.it\/#\/schema\/person\/83b39e5ac77662e18c07cdb07f0b4e7a\"},\"description\":\"Sabato 22 giugno alle ore 16 gli esperti guideranno grandi e piccini alla scoperta delle specie presenti nel parco e nella fontana, spiegando perch\u00e9 \u00e8 importante preservarle, senza catturarle n\u00e9 toccarle\",\"breadcrumb\":{\"@id\":\"https:\/\/staging.varesenews.it\/2019\/06\/scatta-villa-toeplitz-loperazione-salva-anfibi\/831034\/#breadcrumb\"},\"inLanguage\":\"it-IT\",\"potentialAction\":[{\"@type\":\"ReadAction\",\"target\":[\"https:\/\/staging.varesenews.it\/2019\/06\/scatta-villa-toeplitz-loperazione-salva-anfibi\/831034\/\"]}]},{\"@type\":\"BreadcrumbList\",\"@id\":\"https:\/\/staging.varesenews.it\/2019\/06\/scatta-villa-toeplitz-loperazione-salva-anfibi\/831034\/#breadcrumb\",\"itemListElement\":[{\"@type\":\"ListItem\",\"position\":1,\"name\":\"Home\",\"item\":\"https:\/\/www.varesenews.it\/\"},{\"@type\":\"ListItem\",\"position\":2,\"name\":\"Scatta a Villa Toeplitz l&#8217;operazione &#8220;Salva Anfibi&#8221;\"}]},{\"@type\":\"WebSite\",\"@id\":\"https:\/\/staging.varesenews.it\/#website\",\"url\":\"https:\/\/staging.varesenews.it\/\",\"name\":\"VareseNews\",\"description\":\"\",\"potentialAction\":[{\"@type\":\"SearchAction\",\"target\":{\"@type\":\"EntryPoint\",\"urlTemplate\":\"https:\/\/staging.varesenews.it\/?s={search_term_string}\"},\"query-input\":\"required name=search_term_string\"}],\"inLanguage\":\"it-IT\"},{\"@type\":\"Person\",\"@id\":\"https:\/\/staging.varesenews.it\/#\/schema\/person\/83b39e5ac77662e18c07cdb07f0b4e7a\",\"name\":\"Lidia Romeo\",\"image\":{\"@type\":\"ImageObject\",\"inLanguage\":\"it-IT\",\"@id\":\"https:\/\/staging.varesenews.it\/#\/schema\/person\/image\/\",\"url\":\"https:\/\/staging.varesenews.it\/wp-content\/uploads\/2020\/12\/lidia_romeo_colori_500.jpg\",\"contentUrl\":\"https:\/\/staging.varesenews.it\/wp-content\/uploads\/2020\/12\/lidia_romeo_colori_500.jpg\",\"caption\":\"Lidia Romeo\"},\"description\":\"Giornalista professionista dal 2010, una laurea in Scienze politiche e tante, tantissime domande. Ascolto risposte, ne cerco altre e alcune le scrivo. Mi piacciono le chiacchiere, le idee capaci di guardare lontano e camminare in spazi aperti senza altra meta che l&rsquo;orizzonte.&nbsp;Per VareseNews sono responsabile del canale Bambini, a proposito di orizzonti ampi... quanto il futuro. &nbsp;\",\"url\":\"https:\/\/staging.varesenews.it\/persona\/lidia-romeo-a\/\"}]}<\/script>\n<!-- \/ Yoast SEO plugin. -->","yoast_head_json":{"title":"Scatta a Villa Toeplitz l'operazione \"Salva Anfibi\"","description":"Sabato 22 giugno alle ore 16 gli esperti guideranno grandi e piccini alla scoperta delle specie presenti nel parco e nella fontana, spiegando perch\u00e9 \u00e8 importante preservarle, senza catturarle n\u00e9 toccarle","robots":{"index":"noindex","follow":"follow","max-snippet":"max-snippet:-1","max-image-preview":"max-image-preview:large","max-video-preview":"max-video-preview:-1"},"og_locale":"it_IT","og_type":"article","og_title":"Scatta a Villa Toeplitz l'operazione \"Salva Anfibi\"","og_description":"Sabato 22 giugno alle ore 16 gli esperti guideranno grandi e piccini alla scoperta delle specie presenti nel parco e nella fontana, spiegando perch\u00e9 \u00e8 importante preservarle, senza catturarle n\u00e9 toccarle","og_url":"https:\/\/staging.varesenews.it\/2019\/06\/scatta-villa-toeplitz-loperazione-salva-anfibi\/831034\/","og_site_name":"VareseNews","article_publisher":"https:\/\/www.facebook.com\/varesenews","article_published_time":"2019-06-17T13:34:46+00:00","article_modified_time":"2019-06-17T13:45:29+00:00","author":"Lidia Romeo","twitter_card":"summary_large_image","twitter_creator":"@varesenews","twitter_site":"@varesenews","twitter_misc":{"Scritto da":"Lidia Romeo","Tempo di lettura stimato":"1 minuto"},"schema":{"@context":"https:\/\/schema.org","@graph":[{"@type":"WebPage","@id":"https:\/\/staging.varesenews.it\/2019\/06\/scatta-villa-toeplitz-loperazione-salva-anfibi\/831034\/","url":"https:\/\/staging.varesenews.it\/2019\/06\/scatta-villa-toeplitz-loperazione-salva-anfibi\/831034\/","name":"Scatta a Villa Toeplitz l'operazione \"Salva Anfibi\"","isPartOf":{"@id":"https:\/\/staging.varesenews.it\/#website"},"datePublished":"2019-06-17T13:34:46+00:00","dateModified":"2019-06-17T13:45:29+00:00","author":{"@id":"https:\/\/staging.varesenews.it\/#\/schema\/person\/83b39e5ac77662e18c07cdb07f0b4e7a"},"description":"Sabato 22 giugno alle ore 16 gli esperti guideranno grandi e piccini alla scoperta delle specie presenti nel parco e nella fontana, spiegando perch\u00e9 \u00e8 importante preservarle, senza catturarle n\u00e9 toccarle","breadcrumb":{"@id":"https:\/\/staging.varesenews.it\/2019\/06\/scatta-villa-toeplitz-loperazione-salva-anfibi\/831034\/#breadcrumb"},"inLanguage":"it-IT","potentialAction":[{"@type":"ReadAction","target":["https:\/\/staging.varesenews.it\/2019\/06\/scatta-villa-toeplitz-loperazione-salva-anfibi\/831034\/"]}]},{"@type":"BreadcrumbList","@id":"https:\/\/staging.varesenews.it\/2019\/06\/scatta-villa-toeplitz-loperazione-salva-anfibi\/831034\/#breadcrumb","itemListElement":[{"@type":"ListItem","position":1,"name":"Home","item":"https:\/\/www.varesenews.it\/"},{"@type":"ListItem","position":2,"name":"Scatta a Villa Toeplitz l&#8217;operazione &#8220;Salva Anfibi&#8221;"}]},{"@type":"WebSite","@id":"https:\/\/staging.varesenews.it\/#website","url":"https:\/\/staging.varesenews.it\/","name":"VareseNews","description":"","potentialAction":[{"@type":"SearchAction","target":{"@type":"EntryPoint","urlTemplate":"https:\/\/staging.varesenews.it\/?s={search_term_string}"},"query-input":"required name=search_term_string"}],"inLanguage":"it-IT"},{"@type":"Person","@id":"https:\/\/staging.varesenews.it\/#\/schema\/person\/83b39e5ac77662e18c07cdb07f0b4e7a","name":"Lidia Romeo","image":{"@type":"ImageObject","inLanguage":"it-IT","@id":"https:\/\/staging.varesenews.it\/#\/schema\/person\/image\/","url":"https:\/\/staging.varesenews.it\/wp-content\/uploads\/2020\/12\/lidia_romeo_colori_500.jpg","contentUrl":"https:\/\/staging.varesenews.it\/wp-content\/uploads\/2020\/12\/lidia_romeo_colori_500.jpg","caption":"Lidia Romeo"},"description":"Giornalista professionista dal 2010, una laurea in Scienze politiche e tante, tantissime domande. Ascolto risposte, ne cerco altre e alcune le scrivo. Mi piacciono le chiacchiere, le idee capaci di guardare lontano e camminare in spazi aperti senza altra meta che l&rsquo;orizzonte.&nbsp;Per VareseNews sono responsabile del canale Bambini, a proposito di orizzonti ampi... quanto il futuro. &nbsp;","url":"https:\/\/staging.varesenews.it\/persona\/lidia-romeo-a\/"}]}},"post_meta":{"_edit_lock":"1560779216:14095","_edit_last":"14095","_category_permalink":"a:1:{s:8:\"category\";s:2:\"23\";}","ratings_users":"0","ratings_score":"0","ratings_average":"0","foto":"744796","firma-personalizzata":"bambini@varesenews.it","argomento":"Varese","_yoast_wpseo_content_score":"30","_jd_tweet_this":"yes","_wpt_short_url":"https:\/\/www.varesenews.it\/2019\/06\/scatta-villa-toeplitz-loperazione-salva-anfibi\/831034\/","_wp_jd_target":"https:\/\/www.varesenews.it\/2019\/06\/scatta-villa-toeplitz-loperazione-salva-anfibi\/831034\/","_jd_wp_twitter":"a:1:{i:0;s:183:\"Scatta a Villa Toeplitz \u201cL\u2019operazione Salva Anfibi\u201d https:\/\/www.varesenews.it\/2019\/06\/scatta-villa-toeplitz-loperazione-salva-anfibi\/831034\/ #Bambinienatura #Eventibambini #lipu\";}","_wpt_status_message":"Tweet inviato con successo."},"photos":[{"original":"https:\/\/staging.varesenews.it\/photogallery_new\/images\/2019\/06\/anfibi-villa-toeplitz-744796.jpg","full":"https:\/\/staging.varesenews.it\/photogallery_new\/images\/2019\/06\/anfibi-villa-toeplitz-744796.1024x768.jpg","large":"https:\/\/staging.varesenews.it\/photogallery_new\/images\/2019\/06\/anfibi-villa-toeplitz-744796.610x431.jpg"}],"_links":{"self":[{"href":"https:\/\/staging.varesenews.it\/swgapi\/v1\/wp\/v2\/posts\/831034"}],"collection":[{"href":"https:\/\/staging.varesenews.it\/swgapi\/v1\/wp\/v2\/posts"}],"about":[{"href":"https:\/\/staging.varesenews.it\/swgapi\/v1\/wp\/v2\/types\/post"}],"author":[{"embeddable":true,"href":"https:\/\/staging.varesenews.it\/swgapi\/v1\/wp\/v2\/users\/14095"}],"replies":[{"embeddable":true,"href":"https:\/\/staging.varesenews.it\/swgapi\/v1\/wp\/v2\/comments?post=831034"}],"version-history":[{"count":0,"href":"https:\/\/staging.varesenews.it\/swgapi\/v1\/wp\/v2\/posts\/831034\/revisions"}],"wp:attachment":[{"href":"https:\/\/staging.varesenews.it\/swgapi\/v1\/wp\/v2\/media?parent=831034"}],"wp:term":[{"taxonomy":"category","embeddable":true,"href":"https:\/\/staging.varesenews.it\/swgapi\/v1\/wp\/v2\/categories?post=831034"},{"taxonomy":"post_tag","embeddable":true,"href":"https:\/\/staging.varesenews.it\/swgapi\/v1\/wp\/v2\/tags?post=831034"}],"curies":[{"name":"wp","href":"https:\/\/api.w.org\/{rel}","templated":true}]}}