{"id":831506,"date":"2019-06-18T18:46:39","date_gmt":"2019-06-18T16:46:39","guid":{"rendered":"https:\/\/www.varesenews.it\/?p=831506"},"modified":"2019-06-18T18:46:39","modified_gmt":"2019-06-18T16:46:39","slug":"ufficiale-tyler-cain-giochera-brescia","status":"publish","type":"post","link":"https:\/\/staging.varesenews.it\/2019\/06\/ufficiale-tyler-cain-giochera-brescia\/831506\/","title":{"rendered":"\u00c8 ufficiale, Tyler Cain giocher\u00e0 a Brescia"},"content":{"rendered":"<p>Si sono dissolte anche le <strong>ultime speranze<\/strong> dei tifosi della Openjobmetis che speravano di rivedere in biancorosso il pivot <strong>Tyler Cain<\/strong> per la terza stagione consecutiva. Il lungo, uno dei migliori nelle ultime due annate della squadra di Attilio Caja, ha infatti f<strong>irmato per la Germani Brescia<\/strong> che ne ha ufficializzato oggi &#8211; marted\u00ec 18 &#8211; l&#8217;ingaggio.<\/p>\n<p>Cain <strong>era stato indicato da Varese come possibile conferma<\/strong> (a differenza degli altri stranieri della squadra) e per questo la societ\u00e0 di piazza Montegrappa aveva stanziato anche un prolungamento del contratto a cifre in buon rialzo rispetto al passato. Una <strong>mossa che non \u00e8 bastata<\/strong> a convincere &#8220;Big T&#8221; &#8211; che tra l&#8217;altro ha appena festeggiato la nascita del secondogenito negli USA &#8211; il quale ha preferito accasarsi alla Leonessa.<\/p>\n<p>L&#8217;addio di Cain, <strong>giocatore assai apprezzato<\/strong> oltre che decisamente importante sia per le cifre sia per l&#8217;impatto sul campo di gioco, costringer\u00e0 ora <strong>Varese a variare le proprie politiche di mercato<\/strong> a livello di lunghi. Di fatto il settore \u00e8 completamente scoperto, eccezion fatta per capitan Ferrero che per\u00f2 \u00e8 una &#8220;ala forte tattica&#8221;. La Openjobmetis <strong>ora dovr\u00e0 acquistare sia il &#8220;4&#8221; sia il pivot titolari oltre che la riserva<\/strong> di quest&#8217;ultimo ruolo. L&#8217;idea \u00e8 quella di scegliere due stranieri da quintetto e un italiano da panchina, ma \u00e8 chiaro che la perdita di Cain apre nuovi orizzonti. Per raggiungere Brescia, l&#8217;americano dovr\u00e0 pagare al club una &#8220;uscita&#8221; dall&#8217;opzione per l&#8217;anno venturo di 10mila dollari.<\/p>\n","protected":false},"excerpt":{"rendered":"<p>Il pivot lascia la Pallacanestro Varese dopo due stagioni in cui \u00e8 stato un beniamino dei tifosi. Vestir\u00e0 la maglia della Germani, inutile i recenti tentativi di rilancio<\/p>\n","protected":false},"author":38,"featured_media":0,"comment_status":"open","ping_status":"open","sticky":false,"template":"","format":"standard","meta":{"footnotes":""},"categories":[14,2],"tags":[153,154],"acf":[],"yoast_head":"<!-- This site is optimized with the Yoast SEO plugin v20.1 - https:\/\/yoast.com\/wordpress\/plugins\/seo\/ -->\n<title>\u00c8 ufficiale, Tyler Cain giocher\u00e0 a Brescia<\/title>\n<meta name=\"description\" content=\"Il pivot lascia la Pallacanestro Varese dopo due stagioni in cui \u00e8 stato un beniamino dei tifosi. Vestir\u00e0 la maglia della Germani, inutile i recenti tentativi di rilancio\" \/>\n<meta name=\"robots\" content=\"noindex, follow, max-snippet:-1, max-image-preview:large, max-video-preview:-1\" \/>\n<meta property=\"og:locale\" content=\"it_IT\" \/>\n<meta property=\"og:type\" content=\"article\" \/>\n<meta property=\"og:title\" content=\"\u00c8 ufficiale, Tyler Cain giocher\u00e0 a Brescia\" \/>\n<meta property=\"og:description\" content=\"Il pivot lascia la Pallacanestro Varese dopo due stagioni in cui \u00e8 stato un beniamino dei tifosi. Vestir\u00e0 la maglia della Germani, inutile i recenti tentativi di rilancio\" \/>\n<meta property=\"og:url\" content=\"https:\/\/staging.varesenews.it\/2019\/06\/ufficiale-tyler-cain-giochera-brescia\/831506\/\" \/>\n<meta property=\"og:site_name\" content=\"VareseNews\" \/>\n<meta property=\"article:publisher\" content=\"https:\/\/www.facebook.com\/varesenews\" \/>\n<meta property=\"article:published_time\" content=\"2019-06-18T16:46:39+00:00\" \/>\n<meta name=\"author\" content=\"Damiano Franzetti\" \/>\n<meta name=\"twitter:card\" content=\"summary_large_image\" \/>\n<meta name=\"twitter:creator\" content=\"@damianofranz\" \/>\n<meta name=\"twitter:site\" content=\"@varesenews\" \/>\n<meta name=\"twitter:label1\" content=\"Scritto da\" \/>\n\t<meta name=\"twitter:data1\" content=\"Damiano Franzetti\" \/>\n\t<meta name=\"twitter:label2\" content=\"Tempo di lettura stimato\" \/>\n\t<meta name=\"twitter:data2\" content=\"1 minuto\" \/>\n<script type=\"application\/ld+json\" class=\"yoast-schema-graph\">{\"@context\":\"https:\/\/schema.org\",\"@graph\":[{\"@type\":\"WebPage\",\"@id\":\"https:\/\/staging.varesenews.it\/2019\/06\/ufficiale-tyler-cain-giochera-brescia\/831506\/\",\"url\":\"https:\/\/staging.varesenews.it\/2019\/06\/ufficiale-tyler-cain-giochera-brescia\/831506\/\",\"name\":\"\u00c8 ufficiale, Tyler Cain giocher\u00e0 a Brescia\",\"isPartOf\":{\"@id\":\"https:\/\/staging.varesenews.it\/#website\"},\"datePublished\":\"2019-06-18T16:46:39+00:00\",\"dateModified\":\"2019-06-18T16:46:39+00:00\",\"author\":{\"@id\":\"https:\/\/staging.varesenews.it\/#\/schema\/person\/709ae3769f6b4dbde8ec332baede8a5b\"},\"description\":\"Il pivot lascia la Pallacanestro Varese dopo due stagioni in cui \u00e8 stato un beniamino dei tifosi. Vestir\u00e0 la maglia della Germani, inutile i recenti tentativi di rilancio\",\"breadcrumb\":{\"@id\":\"https:\/\/staging.varesenews.it\/2019\/06\/ufficiale-tyler-cain-giochera-brescia\/831506\/#breadcrumb\"},\"inLanguage\":\"it-IT\",\"potentialAction\":[{\"@type\":\"ReadAction\",\"target\":[\"https:\/\/staging.varesenews.it\/2019\/06\/ufficiale-tyler-cain-giochera-brescia\/831506\/\"]}]},{\"@type\":\"BreadcrumbList\",\"@id\":\"https:\/\/staging.varesenews.it\/2019\/06\/ufficiale-tyler-cain-giochera-brescia\/831506\/#breadcrumb\",\"itemListElement\":[{\"@type\":\"ListItem\",\"position\":1,\"name\":\"Home\",\"item\":\"https:\/\/www.varesenews.it\/\"},{\"@type\":\"ListItem\",\"position\":2,\"name\":\"\u00c8 ufficiale, Tyler Cain giocher\u00e0 a Brescia\"}]},{\"@type\":\"WebSite\",\"@id\":\"https:\/\/staging.varesenews.it\/#website\",\"url\":\"https:\/\/staging.varesenews.it\/\",\"name\":\"VareseNews\",\"description\":\"\",\"potentialAction\":[{\"@type\":\"SearchAction\",\"target\":{\"@type\":\"EntryPoint\",\"urlTemplate\":\"https:\/\/staging.varesenews.it\/?s={search_term_string}\"},\"query-input\":\"required name=search_term_string\"}],\"inLanguage\":\"it-IT\"},{\"@type\":\"Person\",\"@id\":\"https:\/\/staging.varesenews.it\/#\/schema\/person\/709ae3769f6b4dbde8ec332baede8a5b\",\"name\":\"Damiano Franzetti\",\"image\":{\"@type\":\"ImageObject\",\"inLanguage\":\"it-IT\",\"@id\":\"https:\/\/staging.varesenews.it\/#\/schema\/person\/image\/\",\"url\":\"https:\/\/staging.varesenews.it\/wp-content\/uploads\/2020\/12\/damiano_franzetti_colori_500.jpg\",\"contentUrl\":\"https:\/\/staging.varesenews.it\/wp-content\/uploads\/2020\/12\/damiano_franzetti_colori_500.jpg\",\"caption\":\"Damiano Franzetti\"},\"description\":\"Classe 1976, una laurea (nel cassetto) in scienze e tecnologie alimentari; sono giornalista professionista dal 2009 nato e cresciuto con VareseNews dove mi occupo soprattutto di sport ormai da vent&rsquo;anni. Inviato sui campi (sulle piste, sulle strade...), intervistatore, coordinatore e responsabile delle pagine sportive, mi ritaglio volentieri lo spazio per scrivere di birra sul blog Malto Gradimento. Ho seguito innumerevoli campionati di Serie A di basket, di serie B di calcio, due Mondiali di ciclismo, qualche Giro d&rsquo;;Italia e tanto altro ancora. Collaboro con Tuttosport e altre testate, mi diletto di social. Ho una moglie, un figlio, vivo nella mia Gemonio e ho purtroppo smesso con il basket giocato. &nbsp;\",\"sameAs\":[\"damianofranz\",\"https:\/\/www.linkedin.com\/profile\/view?id=241597124&trk=nav_responsive_tab_profile\",\"https:\/\/twitter.com\/damianofranz\"],\"url\":\"https:\/\/staging.varesenews.it\/persona\/damiano_franzetti-2\/\"}]}<\/script>\n<!-- \/ Yoast SEO plugin. -->","yoast_head_json":{"title":"\u00c8 ufficiale, Tyler Cain giocher\u00e0 a Brescia","description":"Il pivot lascia la Pallacanestro Varese dopo due stagioni in cui \u00e8 stato un beniamino dei tifosi. Vestir\u00e0 la maglia della Germani, inutile i recenti tentativi di rilancio","robots":{"index":"noindex","follow":"follow","max-snippet":"max-snippet:-1","max-image-preview":"max-image-preview:large","max-video-preview":"max-video-preview:-1"},"og_locale":"it_IT","og_type":"article","og_title":"\u00c8 ufficiale, Tyler Cain giocher\u00e0 a Brescia","og_description":"Il pivot lascia la Pallacanestro Varese dopo due stagioni in cui \u00e8 stato un beniamino dei tifosi. Vestir\u00e0 la maglia della Germani, inutile i recenti tentativi di rilancio","og_url":"https:\/\/staging.varesenews.it\/2019\/06\/ufficiale-tyler-cain-giochera-brescia\/831506\/","og_site_name":"VareseNews","article_publisher":"https:\/\/www.facebook.com\/varesenews","article_published_time":"2019-06-18T16:46:39+00:00","author":"Damiano Franzetti","twitter_card":"summary_large_image","twitter_creator":"@damianofranz","twitter_site":"@varesenews","twitter_misc":{"Scritto da":"Damiano Franzetti","Tempo di lettura stimato":"1 minuto"},"schema":{"@context":"https:\/\/schema.org","@graph":[{"@type":"WebPage","@id":"https:\/\/staging.varesenews.it\/2019\/06\/ufficiale-tyler-cain-giochera-brescia\/831506\/","url":"https:\/\/staging.varesenews.it\/2019\/06\/ufficiale-tyler-cain-giochera-brescia\/831506\/","name":"\u00c8 ufficiale, Tyler Cain giocher\u00e0 a Brescia","isPartOf":{"@id":"https:\/\/staging.varesenews.it\/#website"},"datePublished":"2019-06-18T16:46:39+00:00","dateModified":"2019-06-18T16:46:39+00:00","author":{"@id":"https:\/\/staging.varesenews.it\/#\/schema\/person\/709ae3769f6b4dbde8ec332baede8a5b"},"description":"Il pivot lascia la Pallacanestro Varese dopo due stagioni in cui \u00e8 stato un beniamino dei tifosi. Vestir\u00e0 la maglia della Germani, inutile i recenti tentativi di rilancio","breadcrumb":{"@id":"https:\/\/staging.varesenews.it\/2019\/06\/ufficiale-tyler-cain-giochera-brescia\/831506\/#breadcrumb"},"inLanguage":"it-IT","potentialAction":[{"@type":"ReadAction","target":["https:\/\/staging.varesenews.it\/2019\/06\/ufficiale-tyler-cain-giochera-brescia\/831506\/"]}]},{"@type":"BreadcrumbList","@id":"https:\/\/staging.varesenews.it\/2019\/06\/ufficiale-tyler-cain-giochera-brescia\/831506\/#breadcrumb","itemListElement":[{"@type":"ListItem","position":1,"name":"Home","item":"https:\/\/www.varesenews.it\/"},{"@type":"ListItem","position":2,"name":"\u00c8 ufficiale, Tyler Cain giocher\u00e0 a Brescia"}]},{"@type":"WebSite","@id":"https:\/\/staging.varesenews.it\/#website","url":"https:\/\/staging.varesenews.it\/","name":"VareseNews","description":"","potentialAction":[{"@type":"SearchAction","target":{"@type":"EntryPoint","urlTemplate":"https:\/\/staging.varesenews.it\/?s={search_term_string}"},"query-input":"required name=search_term_string"}],"inLanguage":"it-IT"},{"@type":"Person","@id":"https:\/\/staging.varesenews.it\/#\/schema\/person\/709ae3769f6b4dbde8ec332baede8a5b","name":"Damiano Franzetti","image":{"@type":"ImageObject","inLanguage":"it-IT","@id":"https:\/\/staging.varesenews.it\/#\/schema\/person\/image\/","url":"https:\/\/staging.varesenews.it\/wp-content\/uploads\/2020\/12\/damiano_franzetti_colori_500.jpg","contentUrl":"https:\/\/staging.varesenews.it\/wp-content\/uploads\/2020\/12\/damiano_franzetti_colori_500.jpg","caption":"Damiano Franzetti"},"description":"Classe 1976, una laurea (nel cassetto) in scienze e tecnologie alimentari; sono giornalista professionista dal 2009 nato e cresciuto con VareseNews dove mi occupo soprattutto di sport ormai da vent&rsquo;anni. Inviato sui campi (sulle piste, sulle strade...), intervistatore, coordinatore e responsabile delle pagine sportive, mi ritaglio volentieri lo spazio per scrivere di birra sul blog Malto Gradimento. Ho seguito innumerevoli campionati di Serie A di basket, di serie B di calcio, due Mondiali di ciclismo, qualche Giro d&rsquo;;Italia e tanto altro ancora. Collaboro con Tuttosport e altre testate, mi diletto di social. Ho una moglie, un figlio, vivo nella mia Gemonio e ho purtroppo smesso con il basket giocato. &nbsp;","sameAs":["damianofranz","https:\/\/www.linkedin.com\/profile\/view?id=241597124&trk=nav_responsive_tab_profile","https:\/\/twitter.com\/damianofranz"],"url":"https:\/\/staging.varesenews.it\/persona\/damiano_franzetti-2\/"}]}},"post_meta":{"_edit_lock":"1560876506:38","_edit_last":"38","_category_permalink":"a:1:{s:8:\"category\";s:2:\"14\";}","foto":"727264","_yoast_wpseo_content_score":"30","_jd_tweet_this":"yes","ratings_users":"0","ratings_score":"0","ratings_average":"0","argomento":"Basket","_wpt_short_url":"https:\/\/www.varesenews.it\/2019\/06\/ufficiale-tyler-cain-giochera-brescia\/831506\/","_wp_jd_target":"https:\/\/www.varesenews.it\/2019\/06\/ufficiale-tyler-cain-giochera-brescia\/831506\/","_jd_wp_twitter":"a:1:{i:0;s:132:\"\u00c8 ufficiale, Tyler Cain giocher\u00e0 a Brescia https:\/\/www.varesenews.it\/2019\/06\/ufficiale-tyler-cain-giochera-brescia\/831506\/ #basket\";}","_wpt_status_message":"Tweet inviato con successo."},"photos":[{"original":"https:\/\/staging.varesenews.it\/photogallery_new\/images\/2019\/03\/caricamento-temporaneo-per-contributo-155250920668jr6embvhxksrai-727264.jpg","full":"https:\/\/staging.varesenews.it\/photogallery_new\/images\/2019\/03\/caricamento-temporaneo-per-contributo-155250920668jr6embvhxksrai-727264.1024x768.jpg","large":"https:\/\/staging.varesenews.it\/photogallery_new\/images\/2019\/03\/caricamento-temporaneo-per-contributo-155250920668jr6embvhxksrai-727264.610x431.jpg"}],"_links":{"self":[{"href":"https:\/\/staging.varesenews.it\/swgapi\/v1\/wp\/v2\/posts\/831506"}],"collection":[{"href":"https:\/\/staging.varesenews.it\/swgapi\/v1\/wp\/v2\/posts"}],"about":[{"href":"https:\/\/staging.varesenews.it\/swgapi\/v1\/wp\/v2\/types\/post"}],"author":[{"embeddable":true,"href":"https:\/\/staging.varesenews.it\/swgapi\/v1\/wp\/v2\/users\/38"}],"replies":[{"embeddable":true,"href":"https:\/\/staging.varesenews.it\/swgapi\/v1\/wp\/v2\/comments?post=831506"}],"version-history":[{"count":0,"href":"https:\/\/staging.varesenews.it\/swgapi\/v1\/wp\/v2\/posts\/831506\/revisions"}],"wp:attachment":[{"href":"https:\/\/staging.varesenews.it\/swgapi\/v1\/wp\/v2\/media?parent=831506"}],"wp:term":[{"taxonomy":"category","embeddable":true,"href":"https:\/\/staging.varesenews.it\/swgapi\/v1\/wp\/v2\/categories?post=831506"},{"taxonomy":"post_tag","embeddable":true,"href":"https:\/\/staging.varesenews.it\/swgapi\/v1\/wp\/v2\/tags?post=831506"}],"curies":[{"name":"wp","href":"https:\/\/api.w.org\/{rel}","templated":true}]}}