{"id":832719,"date":"2019-06-23T10:40:16","date_gmt":"2019-06-23T08:40:16","guid":{"rendered":"https:\/\/www.varesenews.it\/?p=832719"},"modified":"2019-06-23T11:12:15","modified_gmt":"2019-06-23T09:12:15","slug":"striscione-piazza-azzate-la-casa-dora","status":"publish","type":"post","link":"https:\/\/staging.varesenews.it\/2019\/06\/striscione-piazza-azzate-la-casa-dora\/832719\/","title":{"rendered":"Striscione in piazza: &#8220;Azzate \u00e8 la casa di DoRa&#8221;"},"content":{"rendered":"<p>Uno striscione sulla piazza principale di Azzate con la scritta &#8220;Filippi non ti vogliamo, Azzate \u00e8 la casa di DoRa&#8221;. E&#8217; stato affisso sabato sera, intorno alle 23, quando il paese era ancora popolato, tanto che l&#8217;intervento dei carabinieri \u00e8 stato pressoch\u00e9 immediato.<\/p>\n<p>Francesco Filippi \u00e8 lo scrittore autore del libro &#8220;<strong>Mussolini ha fatto anche cose buone<\/strong>&#8221; sottotitolo &#8220;un libro sulle idiozie che continuano a circolare sul fascismo&#8221; che <strong>sar\u00e0 presentato venerd\u00ec 28 giugno alle 18 nel giardino della Villa Comunale, in un incontro organizzata dall&#8217;Anpi di Azzate con il patrocinio del Comune.\u00a0<\/strong><\/p>\n<p>La reazione dell&#8217;organizzazione nazista Comunit\u00e0 dei Dodici Raggi non si \u00e8 fatta attendere ed \u00e8 stata plateale. \u00abLe prime segnalazioni sono arrivate attorno alle 23 da alcuni cittadini &#8211; spiega il <strong>vicesindaco Davide Ferr\u00e8<\/strong> &#8211; Io e l&#8217;assessore Simona Barbarito ci siamo mossi subito. Abbiamo avvertito i carabinieri che sono venuti a smontare lo striscione. Siamo certi che chi lo ha legato al muro dell&#8217;officina abbandonata, ci stesse osservando. Nel frattempo un&#8217;auto ha percorso le vie del paese fino al Belvedere a velocit\u00e0 sostenuta seminando volantini\u00bb.<\/p>\n<p>Il volantino \u00e8 un&#8221;foglio d&#8217;ordini&#8221; con la scritta &#8220;Francesco Filippi non sbagliare strada, Ventotene ti aspetta, Azzate no!&#8221; firmato, il commissario del Fascio di Azzate (l\u2019i<a href=\"http:\/\/www.anpi.it\/articoli\/1045\/comera-il-confino-a-ventotene\">sola di Ventotene<\/a> fu individuata, durante il periodo fascista, come colonia di confino politico <em>ndr<\/em>).<\/p>\n<p>\u00abInsomma si \u00e8 tratto di un raid vero e proprio &#8211; conclude il vicesindaco &#8211; al Belvedere c&#8217;era ancora molta gente, tanti ragazzi. \u00c8 stato un gesto di sfida che non ignoreremo. Sporgeremo denuncia ma soprattutto ci aspettiamo una bella risposta della comunit\u00e0: Azzate \u00e8 di tutti e deve dimostrare di avere gli anticorpi contro il fascismo\u00bb.<\/p>\n<p>Anche il <strong>commento del sindaco Gianmario Bernasconi \u00e8 lapidario<\/strong>: \u00abAzzate \u00e8 la casa di tutti, della democrazia, della solidariet\u00e0, della libert\u00e0 e dell&#8217;antifascismo. Questo che sia chiaro. Mi aspetto una reazione corale. Spero che siano in molti a presenziare alla serata di venerd\u00ec: sar\u00e0 la risposta migliore\u00bb.<\/p>\n<p>&nbsp;<\/p>\n","protected":false},"excerpt":{"rendered":"<p>La Comunit\u00e0 dei Dodici Raggi ha contestato con manifesti e volantini la serata di presentazione del libro di Francesco Filippi: &#8220;Mussolini ha fatto anche cose buone&#8221;. Il sindaco: &#8220;Questa \u00e8 la casa di tutti, della democrazia e della libert\u00e0&#8221;<\/p>\n","protected":false},"author":49,"featured_media":0,"comment_status":"open","ping_status":"open","sticky":false,"template":"","format":"standard","meta":{"footnotes":""},"categories":[2],"tags":[41633,10275,4474],"acf":[],"yoast_head":"<!-- This site is optimized with the Yoast SEO plugin v20.1 - https:\/\/yoast.com\/wordpress\/plugins\/seo\/ -->\n<title>Striscione in piazza: &quot;Azzate \u00e8 la casa di DoRa&quot;<\/title>\n<meta name=\"description\" content=\"La Comunit\u00e0 dei Dodici Raggi ha contestato con manifesti e volantini la serata di presentazione del libro di Francesco Filippi: &quot;Mussolini ha fatto anche cose buone&quot;. Il sindaco: &quot;Questa \u00e8 la casa di tutti, della democrazia e della libert\u00e0&quot;\" \/>\n<meta name=\"robots\" content=\"noindex, follow, max-snippet:-1, max-image-preview:large, max-video-preview:-1\" \/>\n<meta property=\"og:locale\" content=\"it_IT\" \/>\n<meta property=\"og:type\" content=\"article\" \/>\n<meta property=\"og:title\" content=\"Striscione in piazza: &quot;Azzate \u00e8 la casa di DoRa&quot;\" \/>\n<meta property=\"og:description\" content=\"La Comunit\u00e0 dei Dodici Raggi ha contestato con manifesti e volantini la serata di presentazione del libro di Francesco Filippi: &quot;Mussolini ha fatto anche cose buone&quot;. Il sindaco: &quot;Questa \u00e8 la casa di tutti, della democrazia e della libert\u00e0&quot;\" \/>\n<meta property=\"og:url\" content=\"https:\/\/staging.varesenews.it\/2019\/06\/striscione-piazza-azzate-la-casa-dora\/832719\/\" \/>\n<meta property=\"og:site_name\" content=\"VareseNews\" \/>\n<meta property=\"article:publisher\" content=\"https:\/\/www.facebook.com\/varesenews\" \/>\n<meta property=\"article:author\" content=\"https:\/\/www.facebook.com\/roberta.bertolini.9\" \/>\n<meta property=\"article:published_time\" content=\"2019-06-23T08:40:16+00:00\" \/>\n<meta property=\"article:modified_time\" content=\"2019-06-23T09:12:15+00:00\" \/>\n<meta name=\"author\" content=\"Roberta Bertolini\" \/>\n<meta name=\"twitter:card\" content=\"summary_large_image\" \/>\n<meta name=\"twitter:creator\" content=\"@robybertolini\" \/>\n<meta name=\"twitter:site\" content=\"@varesenews\" \/>\n<meta name=\"twitter:label1\" content=\"Scritto da\" \/>\n\t<meta name=\"twitter:data1\" content=\"Roberta Bertolini\" \/>\n\t<meta name=\"twitter:label2\" content=\"Tempo di lettura stimato\" \/>\n\t<meta name=\"twitter:data2\" content=\"2 minuti\" \/>\n<script type=\"application\/ld+json\" class=\"yoast-schema-graph\">{\"@context\":\"https:\/\/schema.org\",\"@graph\":[{\"@type\":\"WebPage\",\"@id\":\"https:\/\/staging.varesenews.it\/2019\/06\/striscione-piazza-azzate-la-casa-dora\/832719\/\",\"url\":\"https:\/\/staging.varesenews.it\/2019\/06\/striscione-piazza-azzate-la-casa-dora\/832719\/\",\"name\":\"Striscione in piazza: \\\"Azzate \u00e8 la casa di DoRa\\\"\",\"isPartOf\":{\"@id\":\"https:\/\/staging.varesenews.it\/#website\"},\"datePublished\":\"2019-06-23T08:40:16+00:00\",\"dateModified\":\"2019-06-23T09:12:15+00:00\",\"author\":{\"@id\":\"https:\/\/staging.varesenews.it\/#\/schema\/person\/58fbd3e567d5c00f0a64d5137fef3e68\"},\"description\":\"La Comunit\u00e0 dei Dodici Raggi ha contestato con manifesti e volantini la serata di presentazione del libro di Francesco Filippi: \\\"Mussolini ha fatto anche cose buone\\\". Il sindaco: \\\"Questa \u00e8 la casa di tutti, della democrazia e della libert\u00e0\\\"\",\"breadcrumb\":{\"@id\":\"https:\/\/staging.varesenews.it\/2019\/06\/striscione-piazza-azzate-la-casa-dora\/832719\/#breadcrumb\"},\"inLanguage\":\"it-IT\",\"potentialAction\":[{\"@type\":\"ReadAction\",\"target\":[\"https:\/\/staging.varesenews.it\/2019\/06\/striscione-piazza-azzate-la-casa-dora\/832719\/\"]}]},{\"@type\":\"BreadcrumbList\",\"@id\":\"https:\/\/staging.varesenews.it\/2019\/06\/striscione-piazza-azzate-la-casa-dora\/832719\/#breadcrumb\",\"itemListElement\":[{\"@type\":\"ListItem\",\"position\":1,\"name\":\"Home\",\"item\":\"https:\/\/www.varesenews.it\/\"},{\"@type\":\"ListItem\",\"position\":2,\"name\":\"Striscione in piazza: &#8220;Azzate \u00e8 la casa di DoRa&#8221;\"}]},{\"@type\":\"WebSite\",\"@id\":\"https:\/\/staging.varesenews.it\/#website\",\"url\":\"https:\/\/staging.varesenews.it\/\",\"name\":\"VareseNews\",\"description\":\"\",\"potentialAction\":[{\"@type\":\"SearchAction\",\"target\":{\"@type\":\"EntryPoint\",\"urlTemplate\":\"https:\/\/staging.varesenews.it\/?s={search_term_string}\"},\"query-input\":\"required name=search_term_string\"}],\"inLanguage\":\"it-IT\"},{\"@type\":\"Person\",\"@id\":\"https:\/\/staging.varesenews.it\/#\/schema\/person\/58fbd3e567d5c00f0a64d5137fef3e68\",\"name\":\"Roberta Bertolini\",\"image\":{\"@type\":\"ImageObject\",\"inLanguage\":\"it-IT\",\"@id\":\"https:\/\/staging.varesenews.it\/#\/schema\/person\/image\/\",\"url\":\"https:\/\/staging.varesenews.it\/wp-content\/uploads\/2020\/12\/roberta_bertolini_colori_500.jpg\",\"contentUrl\":\"https:\/\/staging.varesenews.it\/wp-content\/uploads\/2020\/12\/roberta_bertolini_colori_500.jpg\",\"caption\":\"Roberta Bertolini\"},\"description\":\"Giornalista professionista dal 1991, sono passata, ormai molti anni fa, dalla carta al web. Oggi mi occupo di cronaca locale e guardo con curiosit&agrave; ed attenzione il mondo dei social. Parlo poco, ascolto molto.\",\"sameAs\":[\"https:\/\/www.facebook.com\/roberta.bertolini.9\",\"bettabertolini\",\"https:\/\/www.linkedin.com\/hp\/?dnr=v9e-Gp7a6_oxqTuQyZA0Lf4aEi4t91g6wMH\",\"https:\/\/twitter.com\/robybertolini\"],\"url\":\"https:\/\/staging.varesenews.it\/persona\/roberta-bertolini1\/\"}]}<\/script>\n<!-- \/ Yoast SEO plugin. -->","yoast_head_json":{"title":"Striscione in piazza: \"Azzate \u00e8 la casa di DoRa\"","description":"La Comunit\u00e0 dei Dodici Raggi ha contestato con manifesti e volantini la serata di presentazione del libro di Francesco Filippi: \"Mussolini ha fatto anche cose buone\". Il sindaco: \"Questa \u00e8 la casa di tutti, della democrazia e della libert\u00e0\"","robots":{"index":"noindex","follow":"follow","max-snippet":"max-snippet:-1","max-image-preview":"max-image-preview:large","max-video-preview":"max-video-preview:-1"},"og_locale":"it_IT","og_type":"article","og_title":"Striscione in piazza: \"Azzate \u00e8 la casa di DoRa\"","og_description":"La Comunit\u00e0 dei Dodici Raggi ha contestato con manifesti e volantini la serata di presentazione del libro di Francesco Filippi: \"Mussolini ha fatto anche cose buone\". Il sindaco: \"Questa \u00e8 la casa di tutti, della democrazia e della libert\u00e0\"","og_url":"https:\/\/staging.varesenews.it\/2019\/06\/striscione-piazza-azzate-la-casa-dora\/832719\/","og_site_name":"VareseNews","article_publisher":"https:\/\/www.facebook.com\/varesenews","article_author":"https:\/\/www.facebook.com\/roberta.bertolini.9","article_published_time":"2019-06-23T08:40:16+00:00","article_modified_time":"2019-06-23T09:12:15+00:00","author":"Roberta Bertolini","twitter_card":"summary_large_image","twitter_creator":"@robybertolini","twitter_site":"@varesenews","twitter_misc":{"Scritto da":"Roberta Bertolini","Tempo di lettura stimato":"2 minuti"},"schema":{"@context":"https:\/\/schema.org","@graph":[{"@type":"WebPage","@id":"https:\/\/staging.varesenews.it\/2019\/06\/striscione-piazza-azzate-la-casa-dora\/832719\/","url":"https:\/\/staging.varesenews.it\/2019\/06\/striscione-piazza-azzate-la-casa-dora\/832719\/","name":"Striscione in piazza: \"Azzate \u00e8 la casa di DoRa\"","isPartOf":{"@id":"https:\/\/staging.varesenews.it\/#website"},"datePublished":"2019-06-23T08:40:16+00:00","dateModified":"2019-06-23T09:12:15+00:00","author":{"@id":"https:\/\/staging.varesenews.it\/#\/schema\/person\/58fbd3e567d5c00f0a64d5137fef3e68"},"description":"La Comunit\u00e0 dei Dodici Raggi ha contestato con manifesti e volantini la serata di presentazione del libro di Francesco Filippi: \"Mussolini ha fatto anche cose buone\". Il sindaco: \"Questa \u00e8 la casa di tutti, della democrazia e della libert\u00e0\"","breadcrumb":{"@id":"https:\/\/staging.varesenews.it\/2019\/06\/striscione-piazza-azzate-la-casa-dora\/832719\/#breadcrumb"},"inLanguage":"it-IT","potentialAction":[{"@type":"ReadAction","target":["https:\/\/staging.varesenews.it\/2019\/06\/striscione-piazza-azzate-la-casa-dora\/832719\/"]}]},{"@type":"BreadcrumbList","@id":"https:\/\/staging.varesenews.it\/2019\/06\/striscione-piazza-azzate-la-casa-dora\/832719\/#breadcrumb","itemListElement":[{"@type":"ListItem","position":1,"name":"Home","item":"https:\/\/www.varesenews.it\/"},{"@type":"ListItem","position":2,"name":"Striscione in piazza: &#8220;Azzate \u00e8 la casa di DoRa&#8221;"}]},{"@type":"WebSite","@id":"https:\/\/staging.varesenews.it\/#website","url":"https:\/\/staging.varesenews.it\/","name":"VareseNews","description":"","potentialAction":[{"@type":"SearchAction","target":{"@type":"EntryPoint","urlTemplate":"https:\/\/staging.varesenews.it\/?s={search_term_string}"},"query-input":"required name=search_term_string"}],"inLanguage":"it-IT"},{"@type":"Person","@id":"https:\/\/staging.varesenews.it\/#\/schema\/person\/58fbd3e567d5c00f0a64d5137fef3e68","name":"Roberta Bertolini","image":{"@type":"ImageObject","inLanguage":"it-IT","@id":"https:\/\/staging.varesenews.it\/#\/schema\/person\/image\/","url":"https:\/\/staging.varesenews.it\/wp-content\/uploads\/2020\/12\/roberta_bertolini_colori_500.jpg","contentUrl":"https:\/\/staging.varesenews.it\/wp-content\/uploads\/2020\/12\/roberta_bertolini_colori_500.jpg","caption":"Roberta Bertolini"},"description":"Giornalista professionista dal 1991, sono passata, ormai molti anni fa, dalla carta al web. Oggi mi occupo di cronaca locale e guardo con curiosit&agrave; ed attenzione il mondo dei social. Parlo poco, ascolto molto.","sameAs":["https:\/\/www.facebook.com\/roberta.bertolini.9","bettabertolini","https:\/\/www.linkedin.com\/hp\/?dnr=v9e-Gp7a6_oxqTuQyZA0Lf4aEi4t91g6wMH","https:\/\/twitter.com\/robybertolini"],"url":"https:\/\/staging.varesenews.it\/persona\/roberta-bertolini1\/"}]}},"post_meta":{"_edit_lock":"1561281143:49","_edit_last":"49","_category_permalink":"a:1:{s:8:\"category\";s:0:\"\";}","foto":"745712","argomento":"Azzate","_yoast_wpseo_content_score":"30","_jd_tweet_this":"yes","ratings_users":"0","ratings_score":"0","ratings_average":"0","_wpt_short_url":"https:\/\/www.varesenews.it\/2019\/06\/striscione-piazza-azzate-la-casa-dora\/832719\/","_wp_jd_target":"https:\/\/www.varesenews.it\/2019\/06\/striscione-piazza-azzate-la-casa-dora\/832719\/","_jd_wp_twitter":"a:1:{i:0;s:157:\"Striscione in piazza: \u201cAzzate \u00e8 la casa di DoRa\u201d https:\/\/www.varesenews.it\/2019\/06\/striscione-piazza-azzate-la-casa-dora\/832719\/ #azzate #dora #fascismo\";}","_wpt_status_message":"Tweet inviato con successo.","id_leggi_anche":"832783,832833,834567,834602,837885"},"photos":[{"original":"https:\/\/staging.varesenews.it\/photogallery_new\/images\/2019\/06\/azzate-varie-745712.jpg","full":"https:\/\/staging.varesenews.it\/photogallery_new\/images\/2019\/06\/azzate-varie-745712.1024x768.jpg","large":"https:\/\/staging.varesenews.it\/photogallery_new\/images\/2019\/06\/azzate-varie-745712.610x431.jpg"}],"_links":{"self":[{"href":"https:\/\/staging.varesenews.it\/swgapi\/v1\/wp\/v2\/posts\/832719"}],"collection":[{"href":"https:\/\/staging.varesenews.it\/swgapi\/v1\/wp\/v2\/posts"}],"about":[{"href":"https:\/\/staging.varesenews.it\/swgapi\/v1\/wp\/v2\/types\/post"}],"author":[{"embeddable":true,"href":"https:\/\/staging.varesenews.it\/swgapi\/v1\/wp\/v2\/users\/49"}],"replies":[{"embeddable":true,"href":"https:\/\/staging.varesenews.it\/swgapi\/v1\/wp\/v2\/comments?post=832719"}],"version-history":[{"count":0,"href":"https:\/\/staging.varesenews.it\/swgapi\/v1\/wp\/v2\/posts\/832719\/revisions"}],"wp:attachment":[{"href":"https:\/\/staging.varesenews.it\/swgapi\/v1\/wp\/v2\/media?parent=832719"}],"wp:term":[{"taxonomy":"category","embeddable":true,"href":"https:\/\/staging.varesenews.it\/swgapi\/v1\/wp\/v2\/categories?post=832719"},{"taxonomy":"post_tag","embeddable":true,"href":"https:\/\/staging.varesenews.it\/swgapi\/v1\/wp\/v2\/tags?post=832719"}],"curies":[{"name":"wp","href":"https:\/\/api.w.org\/{rel}","templated":true}]}}