{"id":833380,"date":"2019-06-25T17:48:21","date_gmt":"2019-06-25T15:48:21","guid":{"rendered":"https:\/\/www.varesenews.it\/?p=833380"},"modified":"2019-06-26T21:59:26","modified_gmt":"2019-06-26T19:59:26","slug":"sacro-sacro-monte-compie-dieci-anni","status":"publish","type":"post","link":"https:\/\/staging.varesenews.it\/2019\/06\/sacro-sacro-monte-compie-dieci-anni\/833380\/","title":{"rendered":"&#8220;Tra Sacro e Sacro Monte&#8221; compie dieci anni"},"content":{"rendered":"<p>Un&#8217;edizione che segna il decimo anno di attivit\u00e0 per <strong>&#8220;Tra Sacro e Sacro Monte&#8221;<\/strong>. La rassegna che ha scelto la splendida terrazza del Mos\u00e8 come palcoscenico dei suoi spettacoli, torna con nuovi appuntamenti estivi. Dal 4 luglio al 25 luglio, il balcone del Sacro Monte, torner\u00e0 a vivere con appuntamenti di grande qualit\u00e0 ed ospiti d&#8217;eccezione.<\/p>\n<p>Il programma \u00e8 stato presentato questa mattina, marted\u00ec 25 luglio, in una conferenza stampa molto partecipata. Tra le sedie della Sala dei Matrimoni infatti, c&#8217;erano alcuni degli attori protagonisti dei prossimi spettacoli ma anche le realt\u00e0 che sostengono da sempre una delle rassegne pi\u00f9 interessanti dell&#8217;estate varesina. \u00abAppuntamenti culturali importanti e che pongono Varese sempre pi\u00f9 come citt\u00e0 della cultura e che\u00a0 valorizzano un luogo dalle moltissime potenzialit\u00e0\u00bb, <strong>ha commentato il Sindaco Davide Galimberti.\u00a0<\/strong><\/p>\n<p>La rassegna quest&#8217;anno vedr\u00e0 <strong>quattro appuntamenti e tante novit\u00e0:<\/strong> \u00abAbbiamo preferito concentrare le risorse sulla realizzazione di una produzione teatrale tutta nostra, che vede al centro un testo mai messo in scena prima, oltre a\u00f2 debutto di una prima nazionale. Gli spettacoli quindi sono meno degli altri anni ma non per qualit\u00e0\u00bb, spiega il direttore artistico Andrea Chiodi. In cartellone infatti, ci sono nomi come Ugo Fiore, Federica Fracassi, Ambrogio Sparagna, Elisabetta Pozzi, Giorgio Ieran\u00f2, Mariangela Granelli, Tindaro Grandata, per citarne alcuni.<\/p>\n<p>Inoltre, la produzione &#8220;made in Varese&#8221; consentir\u00e0 un&#8217;operazione culturale molto importante:\u00abPorteremo in scena un testo mai rappresentato prima, fondamentale per la storia della produzione tragica greca e di grande importanza per la letteratura cristiana: il Christus Petiens di San Gregorio Nazianzo. Lo faremo, per la prima volta, con una produzione tutta nostra e che vedr\u00e0 anche la partecipazioni di attori varesini come Dario Villa, Sarah Collu e Valentina Maselli\u00bb.<\/p>\n<p><strong>IL PROGRAMMA DI TRA SACRO E SACRO MONTE\u00a0<\/strong><\/p>\n<p>Il debutto di &#8220;Christus Patiens&#8221; \u00e8 per l&#8217;11 luglio e porta con se il tema di questa edizione: la tragedia greca. Un filone che\u00a0sar\u00e0 esplorato partendo dalla tradizione popolare dei canti sulla passione, <strong>gioved\u00ec 4 luglio, con il pi\u00f9 grande interprete di questa tradizione, Ambrogio Sparagna,<\/strong> che vanta importanti collaborazioni del calibro di Francesco De Gregori, Lucio Dalla, Angelo Branduardi, Peppe Servillo, Teresa De Sio, Simone Cristicchi, Ron, Giovanni Lindo Ferretti e molti altri. \u201cSia laudato\u201d Laude e Canti popolari, con la partecipazione dei solisti dell&#8217;Orchestra Popolare Italiana, apre dunque il festival, offrendo allo spettatore una raccolta di lodi popolari sacre di grande fascino e intensit\u00e0 spirituale che cattura e trascina lo spettatore in una straordinaria dimensione di misticismo.<\/p>\n<p>Gioved\u00ec 11 luglio, come detto sar\u00e0 il momento del <strong>\u201cCristus Patiens\u201d di Gregorio di Nazianzo<\/strong>, testo tradotto per la prima volta in italiano da uno dei pi\u00f9 noti grecisti, come Giorgio Ieran\u00f2. Una produzione dell\u2019Associazione Tra Sacro e Sacromonte, per la regia dello stesso Andrea Chiodi con Mariangela Granelli nel ruolo di Maria, Tindaro Granata in quello del messaggero, Angelo Di Genio, Stefania Pepe, Dario Villa, Sarah Collu, Valentina Maselli e con la partecipazione di Francesca Lombardi Mazzulli. \u00abIl motivo profondo che spinge ad esplorare il testo del Nazianzeno \u00e8 quello c<strong>ertamente di un recupero di un genere come quello dei centoni, cos\u00ec ricchi e affascinanti<\/strong>, ma anche e soprattutto di cercare di cogliere il senso profondo del sacrifico e ci\u00f2 che questo sacrificio ha introdotto nella storia dell\u2019umanit\u00e0. Un progetto di altissimo valore culturale, unico nel suo genere\u00bb, spiega Chiodi.<\/p>\n<p>Saranno poi i testi di Euripide a essere messi a confronto, <strong>gioved\u00ec 18 luglio, in \u201cDa Medea a Maria\u201d<\/strong> con il Cristus patiens, dalla voce di una delle pi\u00f9 grandi attrici italiane come Elisabetta Pozzi. \u00abAffrontare questo testo \u00e8 stata un&#8217;esperienza incommensurabile &#8211; commenta l&#8217;attrice -. Mi sono chiesta coma approcciarmi a questo testo, alla fine mi sono messa nei panni di una madre che affronta il pi\u00f9 grande dei dolori. Un testo straordinario che rende Maria una donna con tutti i limiti dell&#8217;umanit\u00e0. Essere in una rassegna come questa, per un&#8217;artista, \u00e8 molto bello\u00bb.<\/p>\n<p>Spazio all\u2019arte figurativa <strong>marted\u00ec 23 luglio, alle 18, alla Terza Cappella, in occasione della grande mostra \u201cGuttuso a Varese\u201d<\/strong>, con la curatrice Serena Contini che si confronta con la presenza di Guttuso al Sacro Monte.<\/p>\n<p>Chiude il festival, gioved\u00ec 25 luglio, ancora una passione, contemporanea, <strong>\u201cLe Chemin de la Croix\u201d di Paul Claudel,<\/strong> con la voce di un giovanissimo Ugo Fiore che porter\u00e0, per la prima volta al Sacro Monte, il testo integrale in lingua francese insieme a Federica Fracassi.<\/p>\n<p><strong>L&#8217;ASSOCIAZIONE TRA SACRO E SACRO MONTE\u00a0<\/strong><\/p>\n<p>\u00abMi piace pensare che il festival abbia trovato casa &#8211; commenta Gianni Bottinelli, dell&#8217;Associazione Paolo VI -. Continuiamo a sostenerlo da dieci anni e abbiamo deciso di costituire l&#8217;Associazione Tra Sacro e Sacro Monte, in questo modo tutte le persone possono diventare protagonisti del festival in prima persona. Inoltre, ci piacerebbe realizzare iniziative durante tutto l&#8217;anno\u00bb.<\/p>\n<p><strong>LE NAVETTE<\/strong><\/p>\n<p>Come gli anni precedenti, per raggiungere la cima del Sacro Monte \u00e8 a disposizione la navetta gratuita offerta da Morandi Tour con partenza alle 19.30 da piazza Monte Grappa, fermata intermedia al piazzale dello Stadio F. Ossola alle 19.35, e rientro al termine dello spettacolo.(info e prenotazioni: eventi@moranditour.it).<\/p>\n<p><strong>LA FUNICOLARE<\/strong><\/p>\n<p>La funicolare sar\u00e0 aperta il 4, 11, 18, 25 luglio fino alle 23,30. Servizio bus-navetta da Varese alla stazione di valle. Il servizio a7r bus-navetta e funicolare \u00e8 gratuito.\u00a0Per informazioni e prenotazioni: <strong>www.trasacroesacromonte.it\u00a0<\/strong><\/p>\n<p>&nbsp;<\/p>\n<p>Il programma completo e tutti i dettagli per raggiungere il Sacro Monte di Varese sono a disposizione sul sito www.trasacroesacromonte.it \u2013 live e aggiornamenti in tempo reale su Facebook e Instagram profilo trasacroesacromonte.<\/p>\n","protected":false},"excerpt":{"rendered":"<p>La rassegna \u00e8 arrivata all&#8217;importante traguardo e presenta una nuova edizione con quattro appuntamenti e una produzione tutta varesina. Il primo appuntamento \u00e8 per il 4 luglio con Ambrogio Sparagna <\/p>\n","protected":false},"author":32,"featured_media":0,"comment_status":"open","ping_status":"open","sticky":false,"template":"","format":"standard","meta":{"footnotes":""},"categories":[21,2],"tags":[3324],"acf":[],"yoast_head":"<!-- This site is optimized with the Yoast SEO plugin v20.1 - https:\/\/yoast.com\/wordpress\/plugins\/seo\/ -->\n<title>&quot;Tra Sacro e Sacro Monte&quot; compie dieci anni<\/title>\n<meta name=\"description\" content=\"La rassegna \u00e8 arrivata all&#039;importante traguardo e presenta una nuova edizione con quattro appuntamenti e una produzione tutta varesina. Il primo appuntamento \u00e8 per il 4 luglio con Ambrogio Sparagna\" \/>\n<meta name=\"robots\" content=\"noindex, follow, max-snippet:-1, max-image-preview:large, max-video-preview:-1\" \/>\n<meta property=\"og:locale\" content=\"it_IT\" \/>\n<meta property=\"og:type\" content=\"article\" \/>\n<meta property=\"og:title\" content=\"&quot;Tra Sacro e Sacro Monte&quot; compie dieci anni\" \/>\n<meta property=\"og:description\" content=\"La rassegna \u00e8 arrivata all&#039;importante traguardo e presenta una nuova edizione con quattro appuntamenti e una produzione tutta varesina. Il primo appuntamento \u00e8 per il 4 luglio con Ambrogio Sparagna\" \/>\n<meta property=\"og:url\" content=\"https:\/\/staging.varesenews.it\/2019\/06\/sacro-sacro-monte-compie-dieci-anni\/833380\/\" \/>\n<meta property=\"og:site_name\" content=\"VareseNews\" \/>\n<meta property=\"article:publisher\" content=\"https:\/\/www.facebook.com\/varesenews\" \/>\n<meta property=\"article:published_time\" content=\"2019-06-25T15:48:21+00:00\" \/>\n<meta property=\"article:modified_time\" content=\"2019-06-26T19:59:26+00:00\" \/>\n<meta name=\"author\" content=\"Adelia Brigo\" \/>\n<meta name=\"twitter:card\" content=\"summary_large_image\" \/>\n<meta name=\"twitter:creator\" content=\"@AdeliaBrigo\" \/>\n<meta name=\"twitter:site\" content=\"@varesenews\" \/>\n<meta name=\"twitter:label1\" content=\"Scritto da\" \/>\n\t<meta name=\"twitter:data1\" content=\"Adelia Brigo\" \/>\n\t<meta name=\"twitter:label2\" content=\"Tempo di lettura stimato\" \/>\n\t<meta name=\"twitter:data2\" content=\"4 minuti\" \/>\n<script type=\"application\/ld+json\" class=\"yoast-schema-graph\">{\"@context\":\"https:\/\/schema.org\",\"@graph\":[{\"@type\":\"WebPage\",\"@id\":\"https:\/\/staging.varesenews.it\/2019\/06\/sacro-sacro-monte-compie-dieci-anni\/833380\/\",\"url\":\"https:\/\/staging.varesenews.it\/2019\/06\/sacro-sacro-monte-compie-dieci-anni\/833380\/\",\"name\":\"\\\"Tra Sacro e Sacro Monte\\\" compie dieci anni\",\"isPartOf\":{\"@id\":\"https:\/\/staging.varesenews.it\/#website\"},\"datePublished\":\"2019-06-25T15:48:21+00:00\",\"dateModified\":\"2019-06-26T19:59:26+00:00\",\"author\":{\"@id\":\"https:\/\/staging.varesenews.it\/#\/schema\/person\/272ac0f5b2dbfd572218c2d86e013f1a\"},\"description\":\"La rassegna \u00e8 arrivata all'importante traguardo e presenta una nuova edizione con quattro appuntamenti e una produzione tutta varesina. Il primo appuntamento \u00e8 per il 4 luglio con Ambrogio Sparagna\",\"breadcrumb\":{\"@id\":\"https:\/\/staging.varesenews.it\/2019\/06\/sacro-sacro-monte-compie-dieci-anni\/833380\/#breadcrumb\"},\"inLanguage\":\"it-IT\",\"potentialAction\":[{\"@type\":\"ReadAction\",\"target\":[\"https:\/\/staging.varesenews.it\/2019\/06\/sacro-sacro-monte-compie-dieci-anni\/833380\/\"]}]},{\"@type\":\"BreadcrumbList\",\"@id\":\"https:\/\/staging.varesenews.it\/2019\/06\/sacro-sacro-monte-compie-dieci-anni\/833380\/#breadcrumb\",\"itemListElement\":[{\"@type\":\"ListItem\",\"position\":1,\"name\":\"Home\",\"item\":\"https:\/\/www.varesenews.it\/\"},{\"@type\":\"ListItem\",\"position\":2,\"name\":\"&#8220;Tra Sacro e Sacro Monte&#8221; compie dieci anni\"}]},{\"@type\":\"WebSite\",\"@id\":\"https:\/\/staging.varesenews.it\/#website\",\"url\":\"https:\/\/staging.varesenews.it\/\",\"name\":\"VareseNews\",\"description\":\"\",\"potentialAction\":[{\"@type\":\"SearchAction\",\"target\":{\"@type\":\"EntryPoint\",\"urlTemplate\":\"https:\/\/staging.varesenews.it\/?s={search_term_string}\"},\"query-input\":\"required name=search_term_string\"}],\"inLanguage\":\"it-IT\"},{\"@type\":\"Person\",\"@id\":\"https:\/\/staging.varesenews.it\/#\/schema\/person\/272ac0f5b2dbfd572218c2d86e013f1a\",\"name\":\"Adelia Brigo\",\"image\":{\"@type\":\"ImageObject\",\"inLanguage\":\"it-IT\",\"@id\":\"https:\/\/staging.varesenews.it\/#\/schema\/person\/image\/\",\"url\":\"https:\/\/staging.varesenews.it\/wp-content\/uploads\/2020\/12\/adelia_brigo_colori_500.jpg\",\"contentUrl\":\"https:\/\/staging.varesenews.it\/wp-content\/uploads\/2020\/12\/adelia_brigo_colori_500.jpg\",\"caption\":\"Adelia Brigo\"},\"description\":\"Giornalista pubblicista, lavoro a VareseNews dal 2007 e mi occupo di cronaca locale e del settore dedicato alla cultura. In questi anni ho seguito diversi progetti di comunicazione, amo sperimentare strategie per i Social Network e raccontare storie. Varesina, classe 1984, sono laureata in Scienze della Comunicazione.&nbsp;\",\"sameAs\":[\"AdeliaBrigo\",\"https:\/\/twitter.com\/AdeliaBrigo\"],\"url\":\"https:\/\/staging.varesenews.it\/persona\/adelia_brigo\/\"}]}<\/script>\n<!-- \/ Yoast SEO plugin. -->","yoast_head_json":{"title":"\"Tra Sacro e Sacro Monte\" compie dieci anni","description":"La rassegna \u00e8 arrivata all'importante traguardo e presenta una nuova edizione con quattro appuntamenti e una produzione tutta varesina. Il primo appuntamento \u00e8 per il 4 luglio con Ambrogio Sparagna","robots":{"index":"noindex","follow":"follow","max-snippet":"max-snippet:-1","max-image-preview":"max-image-preview:large","max-video-preview":"max-video-preview:-1"},"og_locale":"it_IT","og_type":"article","og_title":"\"Tra Sacro e Sacro Monte\" compie dieci anni","og_description":"La rassegna \u00e8 arrivata all'importante traguardo e presenta una nuova edizione con quattro appuntamenti e una produzione tutta varesina. Il primo appuntamento \u00e8 per il 4 luglio con Ambrogio Sparagna","og_url":"https:\/\/staging.varesenews.it\/2019\/06\/sacro-sacro-monte-compie-dieci-anni\/833380\/","og_site_name":"VareseNews","article_publisher":"https:\/\/www.facebook.com\/varesenews","article_published_time":"2019-06-25T15:48:21+00:00","article_modified_time":"2019-06-26T19:59:26+00:00","author":"Adelia Brigo","twitter_card":"summary_large_image","twitter_creator":"@AdeliaBrigo","twitter_site":"@varesenews","twitter_misc":{"Scritto da":"Adelia Brigo","Tempo di lettura stimato":"4 minuti"},"schema":{"@context":"https:\/\/schema.org","@graph":[{"@type":"WebPage","@id":"https:\/\/staging.varesenews.it\/2019\/06\/sacro-sacro-monte-compie-dieci-anni\/833380\/","url":"https:\/\/staging.varesenews.it\/2019\/06\/sacro-sacro-monte-compie-dieci-anni\/833380\/","name":"\"Tra Sacro e Sacro Monte\" compie dieci anni","isPartOf":{"@id":"https:\/\/staging.varesenews.it\/#website"},"datePublished":"2019-06-25T15:48:21+00:00","dateModified":"2019-06-26T19:59:26+00:00","author":{"@id":"https:\/\/staging.varesenews.it\/#\/schema\/person\/272ac0f5b2dbfd572218c2d86e013f1a"},"description":"La rassegna \u00e8 arrivata all'importante traguardo e presenta una nuova edizione con quattro appuntamenti e una produzione tutta varesina. Il primo appuntamento \u00e8 per il 4 luglio con Ambrogio Sparagna","breadcrumb":{"@id":"https:\/\/staging.varesenews.it\/2019\/06\/sacro-sacro-monte-compie-dieci-anni\/833380\/#breadcrumb"},"inLanguage":"it-IT","potentialAction":[{"@type":"ReadAction","target":["https:\/\/staging.varesenews.it\/2019\/06\/sacro-sacro-monte-compie-dieci-anni\/833380\/"]}]},{"@type":"BreadcrumbList","@id":"https:\/\/staging.varesenews.it\/2019\/06\/sacro-sacro-monte-compie-dieci-anni\/833380\/#breadcrumb","itemListElement":[{"@type":"ListItem","position":1,"name":"Home","item":"https:\/\/www.varesenews.it\/"},{"@type":"ListItem","position":2,"name":"&#8220;Tra Sacro e Sacro Monte&#8221; compie dieci anni"}]},{"@type":"WebSite","@id":"https:\/\/staging.varesenews.it\/#website","url":"https:\/\/staging.varesenews.it\/","name":"VareseNews","description":"","potentialAction":[{"@type":"SearchAction","target":{"@type":"EntryPoint","urlTemplate":"https:\/\/staging.varesenews.it\/?s={search_term_string}"},"query-input":"required name=search_term_string"}],"inLanguage":"it-IT"},{"@type":"Person","@id":"https:\/\/staging.varesenews.it\/#\/schema\/person\/272ac0f5b2dbfd572218c2d86e013f1a","name":"Adelia Brigo","image":{"@type":"ImageObject","inLanguage":"it-IT","@id":"https:\/\/staging.varesenews.it\/#\/schema\/person\/image\/","url":"https:\/\/staging.varesenews.it\/wp-content\/uploads\/2020\/12\/adelia_brigo_colori_500.jpg","contentUrl":"https:\/\/staging.varesenews.it\/wp-content\/uploads\/2020\/12\/adelia_brigo_colori_500.jpg","caption":"Adelia Brigo"},"description":"Giornalista pubblicista, lavoro a VareseNews dal 2007 e mi occupo di cronaca locale e del settore dedicato alla cultura. In questi anni ho seguito diversi progetti di comunicazione, amo sperimentare strategie per i Social Network e raccontare storie. Varesina, classe 1984, sono laureata in Scienze della Comunicazione.&nbsp;","sameAs":["AdeliaBrigo","https:\/\/twitter.com\/AdeliaBrigo"],"url":"https:\/\/staging.varesenews.it\/persona\/adelia_brigo\/"}]}},"post_meta":{"_edit_lock":"1561579045:32","_edit_last":"32","_category_permalink":"a:1:{s:8:\"category\";s:0:\"\";}","ratings_users":"0","ratings_score":"0","ratings_average":"0","foto":"746300","youtube_id":"XaHlsHOhVsU","firma_come_redazione":"1","argomento":"Varese","_yoast_wpseo_content_score":"30","_jd_tweet_this":"yes","_wpt_short_url":"https:\/\/www.varesenews.it\/2019\/06\/sacro-sacro-monte-compie-dieci-anni\/833380\/","_wp_jd_target":"https:\/\/www.varesenews.it\/2019\/06\/sacro-sacro-monte-compie-dieci-anni\/833380\/","_jd_wp_twitter":"a:1:{i:0;s:126:\"\u201cTra Sacro e Sacro Monte\u201d compie dieci anni https:\/\/www.varesenews.it\/2019\/06\/sacro-sacro-monte-compie-dieci-anni\/833380\/ \";}","_wpt_status_message":"Tweet inviato con successo."},"photos":[{"original":"https:\/\/staging.varesenews.it\/photogallery_new\/images\/2019\/06\/tempo-libero-generica-746300.jpg","full":"https:\/\/staging.varesenews.it\/photogallery_new\/images\/2019\/06\/tempo-libero-generica-746300.1024x768.jpg","large":"https:\/\/staging.varesenews.it\/photogallery_new\/images\/2019\/06\/tempo-libero-generica-746300.610x431.jpg"}],"_links":{"self":[{"href":"https:\/\/staging.varesenews.it\/swgapi\/v1\/wp\/v2\/posts\/833380"}],"collection":[{"href":"https:\/\/staging.varesenews.it\/swgapi\/v1\/wp\/v2\/posts"}],"about":[{"href":"https:\/\/staging.varesenews.it\/swgapi\/v1\/wp\/v2\/types\/post"}],"author":[{"embeddable":true,"href":"https:\/\/staging.varesenews.it\/swgapi\/v1\/wp\/v2\/users\/32"}],"replies":[{"embeddable":true,"href":"https:\/\/staging.varesenews.it\/swgapi\/v1\/wp\/v2\/comments?post=833380"}],"version-history":[{"count":0,"href":"https:\/\/staging.varesenews.it\/swgapi\/v1\/wp\/v2\/posts\/833380\/revisions"}],"wp:attachment":[{"href":"https:\/\/staging.varesenews.it\/swgapi\/v1\/wp\/v2\/media?parent=833380"}],"wp:term":[{"taxonomy":"category","embeddable":true,"href":"https:\/\/staging.varesenews.it\/swgapi\/v1\/wp\/v2\/categories?post=833380"},{"taxonomy":"post_tag","embeddable":true,"href":"https:\/\/staging.varesenews.it\/swgapi\/v1\/wp\/v2\/tags?post=833380"}],"curies":[{"name":"wp","href":"https:\/\/api.w.org\/{rel}","templated":true}]}}