{"id":834001,"date":"2019-06-27T13:18:30","date_gmt":"2019-06-27T11:18:30","guid":{"rendered":"https:\/\/www.varesenews.it\/?p=834001"},"modified":"2019-06-27T13:18:30","modified_gmt":"2019-06-27T11:18:30","slug":"trasferimento-linate-operazione-golden-gate","status":"publish","type":"post","link":"https:\/\/staging.varesenews.it\/2019\/06\/trasferimento-linate-operazione-golden-gate\/834001\/","title":{"rendered":"Trasferimento di Linate, &#8220;operazione Golden Gate&#8221;"},"content":{"rendered":"<p><em>Riceviamo e pubblichiamo il comunicato di Difendere Somma, comitato ambientalista di Somma Lombardo<\/em><\/p>\n<p>\u201cOPERAZIONE GOLDEN GATE\u201d<br \/>\nLuned\u00ec 24 giugno 2019, la cr\u00e8me di SEA si \u00e8 prodigiosamente offerta per quella che \u00e8 stata definita un\u2019Assemblea Pubblica. Scopo del consesso, pi\u00f9 volte rimarcato e sottolineato, era quello di INFORMARE la cittadinanza sul progetto \u201cBridge\u201d ossia il trasferimento dell\u2019aeroporto di Linate (esclusi i muri e le piste si intende&#8230;) a Malpensa. Per chi non avesse ancora idea del fatto, si limiti ad immaginare l\u2019improvviso aumento di movimenti (aerei, passeggeri, merci, addetti aeroportuali, etc&#8230;) del 40%. Bazzecole, vero?<\/p>\n<p>\u201cInformare\u201d dicevo. Ci hanno fatto assaporare l\u2019ebbrezza di essere informati su qualcosa che tocca direttamente migliaia di cittadini e le loro vite ma non per discuterne o raccogliere pareri, suggerimenti, collaborazioni. Semplicemente per farci sentire quello che in effetti siamo: un gregge di pecore a cui viene detto semplicemente quale dev\u2019essere l\u2019ovile! In altre parole ci \u00e8 stata offerta la possibilit\u00e0 di fare gratuitamente un viaggio nel tempo. Quindi una serata che, per logica, doveva essere indetta due anni fa ci \u00e8 stata propinata a cose ampiamente decise e irrevocabili a pochi giorni dall\u2019evento (un po\u2019 come la presentazione di un concerto o di una qualsiasi manifestazione popolare).<br \/>\nSEA si \u00e8 presentata a ranghi completi, infatti attorno al suo Direttore, per la prima volta abbiamo potuto vedere un po\u2019 tutto il management distinto in aree di competenza. Tra i vari settori quali il Safety &amp;Environment, Operation, Marketing, Auditing, etc&#8230;c\u2019erano anche i funzionari del settore CUV (Consorzio Urbanistico Volontario), forse uno dei settori pi\u00f9 strategici di tutta la Holding Sea. Eh s\u00ec, in effetti, silenti e supini come vuole la regola, i sindaci del CUV sedevano alla destra ( e sinistra&#8230;) del \u201cPadre\u201d&#8230;<br \/>\nUn quadretto simpatico che spero rimanga impresso nella memoria della gente.<br \/>\nOra, considerato che la platea era impregnata di comitati costituiti da pericolosi facinorosi, estremisti, gente disinformata, faziosa e politicizzata, \u00e8 comprensibile come ad un certo punto gli organizzatori abbiano deciso di togliere la parola al pubblico e dichiarare conclusa l\u2019assemblea.<\/p>\n<p>Siccome lo scrivente Comitato, dopo essersi regolarmente accreditato, non ha avuto la possibilit\u00e0 di proferire verbo, formuler\u00e0 per iscritto qui le domande che avrebbe voluto porre ai convenuti all\u2019Assemblea.<br \/>\nDOMANDA 1 RIVOLTA AI SINDACI DEL CUV.<br \/>\nNon ritenete che, per Vilipendio allo Stato e per Oltraggio di quella fascia tricolore che avete nel cassetto, sia giunta l\u2019ora di dismettere per sempre il CUV? Avete trasformato il CUV in una delle peggiori farse istituzionali! Dal giorno della sua costituzione, grazie a voi e ovviamente a chi vi ha preceduto, il CUV non ha condotto una sola azione a favore dell\u2019ambiente di Malpensa e ancor meno a favore della salute e della vita dei cittadini che ci abitano. In deroga (sarebbe pi\u00f9 corretto dire in violazione) alle leggi esistenti, avete permesso invece le peggiori nefandezze degne del pi\u00f9 antidemocratico Paese in Via di Sviluppo. Avete permesso la realizzazione di un\u2019infinit\u00e0 di opere senza lo straccio di una VAS (valutazione ambientale strategica), avete permesso che cave dismesse anzich\u00e9 essere rinaturalizzate (come prevede la legge) diventassero parcheggi per migliaia e migliaia di automobili, avete favorito e avvallato una ferrovia inutile e<br \/>\ndevastante (t2-gallarate), avete concesso e permesso la realizzazione di innumerevoli centri commerciali, avete usato le aree verdi come \u201caree disponibili\u201d per ulteriore urbanizzazione e giammai come aree da tutelare, avete abbandonato la cittadinanza a gravi esposizioni per la loro salute&#8230;.in sintesi, avete reso questo territorio tra i pi\u00f9 inospitali e invivibili d\u2019Europa!<\/p>\n<p>DOMANDA 2 RIVOLTA AL SINDACO DI SOMMA LOMBARDO.<br \/>\nPoche settimane fa il Sindaco Bellaria ha perorato strenuamente la causa dell\u2019on. Reguzzoni il quale, nelle vesti di presidente di Volandia, si \u00e8 presentato alla cittadinanza di Somma con un progetto \u201cstrappalacrime\u201d che aveva come intento finale quello di \u201ctenere alta la memoria storica della citt\u00e0 e di valorizzare con alcune migliorie un museo che \u00e8 patrimonio culturale e orgoglio di tutta la comunit\u00e0\u201d (quanta ipocrisia!). Nella stessa circostanza si chiedeva all\u2019amministrazione un piccolo sforzo nel concedere una \u201csemplice\u201d DEROGA (una pi\u00f9, una meno, cosa sar\u00e0 mai?!) affinch\u00e8 un terreno agricolo potesse essere trasformato in un parcheggio per qualche migliaia di auto. Fu detto che un museo cos\u00ec importante, con un numero tanto elevato di visitatori, doveva assolutamente dotarsi di questa vasta area parcheggio. Lo scrivente comitato aveva avanzato pubblicamente il sospetto che quel parcheggio invece fosse solo ed unicamente funzionale a Malpensa e che tutta l\u2019operazione fosse finalizzata a soddisfare esigenze di Sea. Il Sindaco dopo aver tacciato tutti di malafede e nonostante alcune resistenze persino della sua giunta, si \u00e8 prodigato affinche\u2019 in fretta e furia si concedesse, in qualche maniera, la realizzazione di un parcheggio all\u2019interno di Volandia.<br \/>\nDurante l\u2019assemblea con orgoglio Sea annuncia: \u201cabbiamo stretto un accordo con Volandia per l\u2019uso del loro nuovo parcheggio&#8230;\u201d<\/p>\n<p>La domanda al Sindaco: prova un senso di vergogna? DOMANDA\/PROPOSTA 3 RIVOLTA A SEA E AL CUV. Sareste disposti a fare una scommessa pubblica?<br \/>\nL\u2019unica cosa che in tutti questi anni i sindaci e i dirigenti SEA sono stati capaci di fare \u00e8 quella di trincerarsi meschinamente e codardamente dietro al solito refrain \u201cMalpensa \u00e8 un\u2019opportunit\u00e0\u201d. Un ritornello che possiamo tradurre in questa meno velata minaccia: \u201cC\u2019\u00e8 crisi di lavoro&#8230;con Malpensa qualcuno sta lavorando e, forse chiss\u00e0, altri potrebbero in futuro lavorare. Mettersi contro Malpensa significa non solo pregiudicare eventuali future assunzioni ma anche mettere a rischio chi sta gi\u00e0 sta lavorando (il fatto che possa essere precario e sottopagato diventa irrilevante rispetto al fatto che abbia comunque la grazia di un lavoro)\u201d.<br \/>\nBene questa \u00e8 in soldoni la grande opportunit\u00e0 che i nostri sindaci vedono e che vogliono propinarci come bene unico e assoluto. Il concetto di Bilancio Sociale, in cui si mettono sui piatti della bilancia i pro e i contro di tutto ci\u00f2 che incide sulla qualit\u00e0 di vita delle persone, \u00e8 ovviamente a loro estraneo o, forse, \u00e8 semplicemente aria fritta non degna delle loro raffinate menti.<br \/>\nComunque sia, a tutti piace tantissimo la parola OPPORTUNITA\u2019!<br \/>\nBene, allora \u00e8 proprio da questa parola che vogliamo prendere spunto e vedere i prossimi tre mesi del famoso \u201cBRIDGE\u201d come un\u2019opportunit\u00e0 per noi pi\u00f9 unica che rara!<br \/>\nSiamo facili profeti nel dire che i tre mesi del Bridge si tradurranno in un vero e proprio INFERNO per i cittadini delle aree limitrofe all\u2019aeroporto, per i passeggeri di Malpensa e per chi ci lavora. La nostra previsione \u00e8 la seguente:<br \/>\n\uf0b7 Impennata delle emissioni acustiche e gassose ben oltre tutti limiti fissati dalla legge<br \/>\n\uf0b7 Congestionamento e paralisi dei principali collegamenti stradali all\u2019aeroporto (registreremo un<br \/>\nsensibile incremento anche del numero degli incidenti stradali)<br \/>\n\uf0b7 Ritardi, disagi e danni economici per tutti i passeggeri che si dovranno imbarcare a Malpensa<\/p>\n<p>\uf0b7 Ritardi di molti voli in partenza che si ripercuoteranno in uno sforamento dei decolli anche nella fascia notturna protetta dalle 23.00 alle 6.00. Tradotto: circa 2000 ore di decolli no-stop per tre mesi<br \/>\n\uf0b7 Totale anarchia nella scelta delle rotte di decollo che si tradurr\u00e0 in una mancata spalmatura del disagio.<br \/>\n\uf0b7 Aumento esponenziale del traffico nella rete viaria minore di tutti i comuni attorno a Malpensa<br \/>\n\uf0b7 Parcheggi selvaggi effettuati in aree non autorizzate (o addirittura private) di tutti i comuni attorno<br \/>\na Malpensa<br \/>\n\uf0b7 Disagi e ritardi per i cittadini che si dovranno spostare per lavoro nell\u2019area di Malpensa<br \/>\n\uf0b7 Disagi e malcontento tra i lavoratori di Malpensa che saranno costretti a lavorare in orari e in<br \/>\ncondizioni fuori dalle regole minime del CCNL<br \/>\nI danni diretti su ambiente naturale (vegetazione e falde acquifere per inquinamento da idrocarburi) e salute dei cittadini continueranno nel gi\u00e0 drammatico trend degli ultimi anni.<br \/>\nE quindi dove si nasconde questa nostra opportunit\u00e0?<br \/>\nL\u2019opportunit\u00e0 \u00e8 racchiusa nella possibilit\u00e0 di lanciare finalmente una scommessa pubblica con chi, sino ad oggi, ha sempre difeso a spada tratta la crescita di Malpensa. Vorremmo sfidarli molto semplicemente sull\u2019esito di questi tre mesi del Bridge (Bruno Vespa fece qualcosa di simile con il suo amico Berlusconi con quello che fu chiamato \u201ccontratto con gli italiani\u201d). Se tutto dovesse scorrere senza particolari problemi significa che il \u201cpopolo del NO a prescindere\u201d (come spesso siamo etichettati noi comitati) si era proprio sbagliato e che quindi il territorio pu\u00f2 sopportare un ulteriore \u201ccrescita\u201d (come viene chiamata la bulimica urbanizzazione di ogni spazio esistente). Se invece registreremo quanto previsto da noi GUFI (ci auto- dichiariamo tali prima ancora che lo facciate voi!), chiediamo che vengano sanciti, una volta per sempre, il fallimento, l\u2019incapacit\u00e0 e l\u2019inettitudine di chi \u00e8 a capo delle varie istituzioni coinvolte.<br \/>\nSarebbe mostruoso e rivoltante se proprio un eventuale inferno nei tre mesi del Bridge venisse preso come pretesto per pretendere e realizzare ulteriori opere in un territorio che, di fatto, \u00e8 IPER-SATURO e invivibile da oltre vent\u2019anni.<br \/>\nE\u2019 una scommessa che ci sentiamo di lanciare pur consci del fatto che nel mese di agosto la stragrande maggioranza dei cittadini \u00e8 altrove in vacanza, che a settembre gli stessi cittadini sono ancora intorpiditi da un\u2019esaltazione post-vacanza e che a ottobre vivranno solo nell\u2019attesa che presto l\u2019incubo finir\u00e0.<br \/>\nSe non fosse stato per questa concomitanza temporale, ci saremmo persino spinti a scommettere che gi\u00e0 ad agosto molti cittadini si sarebbero presentati con i forconi in mano nei Municipi dove i sindaci del CUV poggiano le proprie natiche!!!<\/p>\n<p>COMITATO DIFENDERE SOMMA<br \/>\nDott. Nat. Federico Oppi<\/p>\n","protected":false},"excerpt":{"rendered":"<p>Il comitato Difendere Somma critico verso l&#8217;operazione che concentra per tre mesi i voli su Malpensa<\/p>\n","protected":false},"author":46,"featured_media":0,"comment_status":"open","ping_status":"open","sticky":false,"template":"","format":"standard","meta":{"footnotes":""},"categories":[3],"tags":[],"acf":[],"yoast_head":"<!-- This site is optimized with the Yoast SEO plugin v20.1 - https:\/\/yoast.com\/wordpress\/plugins\/seo\/ -->\n<title>Trasferimento di Linate, &quot;operazione Golden Gate&quot;<\/title>\n<meta name=\"description\" content=\"Il comitato Difendere Somma critico verso l&#039;operazione che concentra per tre mesi i voli su Malpensa\" \/>\n<meta name=\"robots\" content=\"noindex, follow, max-snippet:-1, max-image-preview:large, max-video-preview:-1\" \/>\n<meta property=\"og:locale\" content=\"it_IT\" \/>\n<meta property=\"og:type\" content=\"article\" \/>\n<meta property=\"og:title\" content=\"Trasferimento di Linate, &quot;operazione Golden Gate&quot;\" \/>\n<meta property=\"og:description\" content=\"Il comitato Difendere Somma critico verso l&#039;operazione che concentra per tre mesi i voli su Malpensa\" \/>\n<meta property=\"og:url\" content=\"https:\/\/staging.varesenews.it\/2019\/06\/trasferimento-linate-operazione-golden-gate\/834001\/\" \/>\n<meta property=\"og:site_name\" content=\"VareseNews\" \/>\n<meta property=\"article:publisher\" content=\"https:\/\/www.facebook.com\/varesenews\" \/>\n<meta property=\"article:published_time\" content=\"2019-06-27T11:18:30+00:00\" \/>\n<meta name=\"author\" content=\"Roberto Morandi\" \/>\n<meta name=\"twitter:card\" content=\"summary_large_image\" \/>\n<meta name=\"twitter:creator\" content=\"@ilmorands\" \/>\n<meta name=\"twitter:site\" content=\"@varesenews\" \/>\n<meta name=\"twitter:label1\" content=\"Scritto da\" \/>\n\t<meta name=\"twitter:data1\" content=\"Roberto Morandi\" \/>\n\t<meta name=\"twitter:label2\" content=\"Tempo di lettura stimato\" \/>\n\t<meta name=\"twitter:data2\" content=\"8 minuti\" \/>\n<script type=\"application\/ld+json\" class=\"yoast-schema-graph\">{\"@context\":\"https:\/\/schema.org\",\"@graph\":[{\"@type\":\"WebPage\",\"@id\":\"https:\/\/staging.varesenews.it\/2019\/06\/trasferimento-linate-operazione-golden-gate\/834001\/\",\"url\":\"https:\/\/staging.varesenews.it\/2019\/06\/trasferimento-linate-operazione-golden-gate\/834001\/\",\"name\":\"Trasferimento di Linate, \\\"operazione Golden Gate\\\"\",\"isPartOf\":{\"@id\":\"https:\/\/staging.varesenews.it\/#website\"},\"datePublished\":\"2019-06-27T11:18:30+00:00\",\"dateModified\":\"2019-06-27T11:18:30+00:00\",\"author\":{\"@id\":\"https:\/\/staging.varesenews.it\/#\/schema\/person\/efe592ae4c76536b551f89d8b6674bc3\"},\"description\":\"Il comitato Difendere Somma critico verso l'operazione che concentra per tre mesi i voli su Malpensa\",\"breadcrumb\":{\"@id\":\"https:\/\/staging.varesenews.it\/2019\/06\/trasferimento-linate-operazione-golden-gate\/834001\/#breadcrumb\"},\"inLanguage\":\"it-IT\",\"potentialAction\":[{\"@type\":\"ReadAction\",\"target\":[\"https:\/\/staging.varesenews.it\/2019\/06\/trasferimento-linate-operazione-golden-gate\/834001\/\"]}]},{\"@type\":\"BreadcrumbList\",\"@id\":\"https:\/\/staging.varesenews.it\/2019\/06\/trasferimento-linate-operazione-golden-gate\/834001\/#breadcrumb\",\"itemListElement\":[{\"@type\":\"ListItem\",\"position\":1,\"name\":\"Home\",\"item\":\"https:\/\/www.varesenews.it\/\"},{\"@type\":\"ListItem\",\"position\":2,\"name\":\"Trasferimento di Linate, &#8220;operazione Golden Gate&#8221;\"}]},{\"@type\":\"WebSite\",\"@id\":\"https:\/\/staging.varesenews.it\/#website\",\"url\":\"https:\/\/staging.varesenews.it\/\",\"name\":\"VareseNews\",\"description\":\"\",\"potentialAction\":[{\"@type\":\"SearchAction\",\"target\":{\"@type\":\"EntryPoint\",\"urlTemplate\":\"https:\/\/staging.varesenews.it\/?s={search_term_string}\"},\"query-input\":\"required name=search_term_string\"}],\"inLanguage\":\"it-IT\"},{\"@type\":\"Person\",\"@id\":\"https:\/\/staging.varesenews.it\/#\/schema\/person\/efe592ae4c76536b551f89d8b6674bc3\",\"name\":\"Roberto Morandi\",\"image\":{\"@type\":\"ImageObject\",\"inLanguage\":\"it-IT\",\"@id\":\"https:\/\/staging.varesenews.it\/#\/schema\/person\/image\/\",\"url\":\"https:\/\/staging.varesenews.it\/wp-content\/uploads\/2020\/12\/roberto_morandi_colori_500.jpg\",\"contentUrl\":\"https:\/\/staging.varesenews.it\/wp-content\/uploads\/2020\/12\/roberto_morandi_colori_500.jpg\",\"caption\":\"Roberto Morandi\"},\"description\":\"Classe 1980, laureato in storia, mi occupo dell&rsquo;area di Gallarate e di Malpensa, di trasporti e mobilit&agrave;. Amo molto la dimensione della citt&agrave;, come luogo d&rsquo;incontro di persone diverse e come organismo che si trasforma costantemente. Mi piace anche raccontare le piccole e grandi vicende, anche locali, che compongono la Storia con la S maiuscola. Appassionato di bicicletta: la macchina perfetta per muoversi in citt&agrave; e per viaggiare.\",\"sameAs\":[\"https:\/\/twitter.com\/ilmorands\"],\"url\":\"https:\/\/staging.varesenews.it\/persona\/roberto-morandi1\/\"}]}<\/script>\n<!-- \/ Yoast SEO plugin. -->","yoast_head_json":{"title":"Trasferimento di Linate, \"operazione Golden Gate\"","description":"Il comitato Difendere Somma critico verso l'operazione che concentra per tre mesi i voli su Malpensa","robots":{"index":"noindex","follow":"follow","max-snippet":"max-snippet:-1","max-image-preview":"max-image-preview:large","max-video-preview":"max-video-preview:-1"},"og_locale":"it_IT","og_type":"article","og_title":"Trasferimento di Linate, \"operazione Golden Gate\"","og_description":"Il comitato Difendere Somma critico verso l'operazione che concentra per tre mesi i voli su Malpensa","og_url":"https:\/\/staging.varesenews.it\/2019\/06\/trasferimento-linate-operazione-golden-gate\/834001\/","og_site_name":"VareseNews","article_publisher":"https:\/\/www.facebook.com\/varesenews","article_published_time":"2019-06-27T11:18:30+00:00","author":"Roberto Morandi","twitter_card":"summary_large_image","twitter_creator":"@ilmorands","twitter_site":"@varesenews","twitter_misc":{"Scritto da":"Roberto Morandi","Tempo di lettura stimato":"8 minuti"},"schema":{"@context":"https:\/\/schema.org","@graph":[{"@type":"WebPage","@id":"https:\/\/staging.varesenews.it\/2019\/06\/trasferimento-linate-operazione-golden-gate\/834001\/","url":"https:\/\/staging.varesenews.it\/2019\/06\/trasferimento-linate-operazione-golden-gate\/834001\/","name":"Trasferimento di Linate, \"operazione Golden Gate\"","isPartOf":{"@id":"https:\/\/staging.varesenews.it\/#website"},"datePublished":"2019-06-27T11:18:30+00:00","dateModified":"2019-06-27T11:18:30+00:00","author":{"@id":"https:\/\/staging.varesenews.it\/#\/schema\/person\/efe592ae4c76536b551f89d8b6674bc3"},"description":"Il comitato Difendere Somma critico verso l'operazione che concentra per tre mesi i voli su Malpensa","breadcrumb":{"@id":"https:\/\/staging.varesenews.it\/2019\/06\/trasferimento-linate-operazione-golden-gate\/834001\/#breadcrumb"},"inLanguage":"it-IT","potentialAction":[{"@type":"ReadAction","target":["https:\/\/staging.varesenews.it\/2019\/06\/trasferimento-linate-operazione-golden-gate\/834001\/"]}]},{"@type":"BreadcrumbList","@id":"https:\/\/staging.varesenews.it\/2019\/06\/trasferimento-linate-operazione-golden-gate\/834001\/#breadcrumb","itemListElement":[{"@type":"ListItem","position":1,"name":"Home","item":"https:\/\/www.varesenews.it\/"},{"@type":"ListItem","position":2,"name":"Trasferimento di Linate, &#8220;operazione Golden Gate&#8221;"}]},{"@type":"WebSite","@id":"https:\/\/staging.varesenews.it\/#website","url":"https:\/\/staging.varesenews.it\/","name":"VareseNews","description":"","potentialAction":[{"@type":"SearchAction","target":{"@type":"EntryPoint","urlTemplate":"https:\/\/staging.varesenews.it\/?s={search_term_string}"},"query-input":"required name=search_term_string"}],"inLanguage":"it-IT"},{"@type":"Person","@id":"https:\/\/staging.varesenews.it\/#\/schema\/person\/efe592ae4c76536b551f89d8b6674bc3","name":"Roberto Morandi","image":{"@type":"ImageObject","inLanguage":"it-IT","@id":"https:\/\/staging.varesenews.it\/#\/schema\/person\/image\/","url":"https:\/\/staging.varesenews.it\/wp-content\/uploads\/2020\/12\/roberto_morandi_colori_500.jpg","contentUrl":"https:\/\/staging.varesenews.it\/wp-content\/uploads\/2020\/12\/roberto_morandi_colori_500.jpg","caption":"Roberto Morandi"},"description":"Classe 1980, laureato in storia, mi occupo dell&rsquo;area di Gallarate e di Malpensa, di trasporti e mobilit&agrave;. Amo molto la dimensione della citt&agrave;, come luogo d&rsquo;incontro di persone diverse e come organismo che si trasforma costantemente. Mi piace anche raccontare le piccole e grandi vicende, anche locali, che compongono la Storia con la S maiuscola. Appassionato di bicicletta: la macchina perfetta per muoversi in citt&agrave; e per viaggiare.","sameAs":["https:\/\/twitter.com\/ilmorands"],"url":"https:\/\/staging.varesenews.it\/persona\/roberto-morandi1\/"}]}},"post_meta":{"_edit_lock":"1561635203:46","_edit_last":"46","_category_permalink":"a:1:{s:8:\"category\";s:1:\"3\";}","ratings_users":"0","ratings_score":"0","ratings_average":"0","foto":"493334","argomento":"Somma Lombardo","_yoast_wpseo_content_score":"30","_jd_tweet_this":"yes","_wpt_short_url":"https:\/\/www.varesenews.it\/2019\/06\/trasferimento-linate-operazione-golden-gate\/834001\/","_wp_jd_target":"https:\/\/www.varesenews.it\/2019\/06\/trasferimento-linate-operazione-golden-gate\/834001\/","_jd_wp_twitter":"a:1:{i:0;s:140:\"Trasferimento di Linate, \u201coperazione Golden Gate\u201d https:\/\/www.varesenews.it\/2019\/06\/trasferimento-linate-operazione-golden-gate\/834001\/ \";}","_wpt_status_message":"Tweet inviato con successo."},"photos":[{"original":"https:\/\/staging.varesenews.it\/photogallery_new\/images\/2015\/11\/malpensa-piazzale-aerostazione-pista-493334.jpg","full":"https:\/\/staging.varesenews.it\/photogallery_new\/images\/2015\/11\/malpensa-piazzale-aerostazione-pista-493334.1024x768.jpg","large":"https:\/\/staging.varesenews.it\/photogallery_new\/images\/2015\/11\/malpensa-piazzale-aerostazione-pista-493334.610x431.jpg"}],"_links":{"self":[{"href":"https:\/\/staging.varesenews.it\/swgapi\/v1\/wp\/v2\/posts\/834001"}],"collection":[{"href":"https:\/\/staging.varesenews.it\/swgapi\/v1\/wp\/v2\/posts"}],"about":[{"href":"https:\/\/staging.varesenews.it\/swgapi\/v1\/wp\/v2\/types\/post"}],"author":[{"embeddable":true,"href":"https:\/\/staging.varesenews.it\/swgapi\/v1\/wp\/v2\/users\/46"}],"replies":[{"embeddable":true,"href":"https:\/\/staging.varesenews.it\/swgapi\/v1\/wp\/v2\/comments?post=834001"}],"version-history":[{"count":0,"href":"https:\/\/staging.varesenews.it\/swgapi\/v1\/wp\/v2\/posts\/834001\/revisions"}],"wp:attachment":[{"href":"https:\/\/staging.varesenews.it\/swgapi\/v1\/wp\/v2\/media?parent=834001"}],"wp:term":[{"taxonomy":"category","embeddable":true,"href":"https:\/\/staging.varesenews.it\/swgapi\/v1\/wp\/v2\/categories?post=834001"},{"taxonomy":"post_tag","embeddable":true,"href":"https:\/\/staging.varesenews.it\/swgapi\/v1\/wp\/v2\/tags?post=834001"}],"curies":[{"name":"wp","href":"https:\/\/api.w.org\/{rel}","templated":true}]}}