{"id":836203,"date":"2019-07-04T18:58:13","date_gmt":"2019-07-04T16:58:13","guid":{"rendered":"https:\/\/www.varesenews.it\/?p=836203"},"modified":"2019-07-04T18:58:13","modified_gmt":"2019-07-04T16:58:13","slug":"cento-chilometri-santiago-de-compostela","status":"publish","type":"post","link":"https:\/\/staging.varesenews.it\/2019\/07\/cento-chilometri-santiago-de-compostela\/836203\/","title":{"rendered":"Cento chilometri a Santiago de Compostela"},"content":{"rendered":"<p class=\"p1\"><span class=\"s1\">Cinque chilometri e circa un\u2019ora per uscire da Vigo. Poi la sorpresa con un \u201cmuro\u201d e la strada che sale del 15 percento. Uno strappo per raggiungere il punto pi\u00f9 alto della tappa che per una buona met\u00e0 finalmente si \u00e8 sviluppata al limitare di un bosco di querce, eucalipti, conifere varie. Un bel sentiero largo con la vista sul mare e sul famoso ponte di Ronde. Incontro perfino un gruppo di cavalli allo stato brado e si comprende bene perch\u00e9 questo punto si chiami il sentiero dell\u2019acqua. Scorrono cascatelle e si trovano due fonti, evento rarissimo in questo cammino. <\/span><\/p>\n<p class=\"p1\"><span class=\"s1\">In tutto poco pi\u00f9 di sedici chilometri per tirare un po\u2019 il fiato dopo tre giorni senza sosta. Un percorso senza incontrare mai veri centri abitati se non qualche casa sparsa. <\/span><\/p>\n<p class=\"p1\"><span class=\"s1\">Vigo \u00e8 stata una vera sorpresa perch\u00e9 immaginavo una citt\u00e0, ma non cos\u00ec grande. Il porto, gli alti edifici, le vie dello shopping le conferiscono uno status di centro importante, ma la sensazione \u00e8 che sia alla ricerca di una identit\u00e0 che vada oltre quella dell\u2019essere un polo industriale per l\u2019auto. Il centro storico \u00e8 molto piccolo e ci sono progetti per la sistemazione di una buona parte. Ho trovato la fiera del libro che per\u00f2 si ferma a piccoli e compatti stand dove ogni libreria della citt\u00e0 ha un proprio spazio coordinato dalla biblioteca cittadina. Per il resto il cammino \u00e8 del tutto inesistente, non ci sono pi\u00f9 le tracce e soprattutto non esistono ostelli specifici. Io, al grande Kraps con quasi duecento posti, ho preferito il Continental che non deve ingannare per il nome altisonante perch\u00e9 in realt\u00e0 \u00e8 una struttura molto dismessa ma subito dietro la Collegiata e per questo molto comoda. <\/span><\/p>\n<p class=\"p1\"><span class=\"s1\">A Redondela siamo ormai sotto i cento chilometri per arrivare a Santiago, e la Galizia inizia a far sentire la propria attenzione per il cammino. <\/span><\/p>\n<p class=\"p1\"><span class=\"s1\">La citt\u00e0 ha circa 30mila abitanti. Poco prima del suo centro si riuniscono i cammini portoghesi della costa e della senda litoral e infatti si incontrano pi\u00f9 pellegrini e con questi un numero sempre maggiore di ostelli. <\/span><\/p>\n<p class=\"p1\"><span class=\"s1\">Al mattino ho incontrato nuovamente Christa e abbiamo camminato insieme. Lei vive a Monaco di Baviera e questa \u00e8 la sua prima esperienza di cammino lungo. Le nostre strade si divideranno a Pontevedra perch\u00e9 da l\u00ec io prender\u00f2 la variante espiritual mentre lei tirer\u00e0 dritto per Santiago. <\/span><\/p>\n<p class=\"p1\"><span class=\"s1\">L\u2019ostello per questa notte \u00e8 un mix di esperienze con un dormitorio con servizi extra come le lenzuola e l\u2019asciugamano all\u2019interno di una casa con anche due camere private. Ci sono pochi pellegrini, che avranno scelto gli altri posti pi\u00f9 economici. Qui si pagano 15 euro contro i 10 degli altri. Con me stanotte una statunitense di Seattle, la terra di Microsoft, Amazon e Starbucks, solo per citare i pi\u00f9 noti, una ragazza Slovena che \u00e8 alla sua prima tappa del primo cammino e per finire una coppia di tedeschi. <\/span><\/p>\n<p class=\"p1\"><span class=\"s1\">La cittadina \u00e8 carina e ha un bel centro storico. Domani tappa di media distanza con venti chilometri a Pontevedra. <\/span><\/p>\n<p class=\"p1\">\n","protected":false},"excerpt":{"rendered":"<p>A Redondela si riuniscono i due cammini portoghesi. Mancano ormai poche tappe alla meta e si iniziano a vedere pi\u00f9 pellegrini <\/p>\n","protected":false},"author":54,"featured_media":0,"comment_status":"open","ping_status":"open","sticky":false,"template":"","format":"standard","meta":{"footnotes":""},"categories":[9,46],"tags":[97706],"acf":[],"yoast_head":"<!-- This site is optimized with the Yoast SEO plugin v20.1 - https:\/\/yoast.com\/wordpress\/plugins\/seo\/ -->\n<title>Cento chilometri a Santiago de Compostela<\/title>\n<meta name=\"description\" content=\"A Redondela si riuniscono i due cammini portoghesi. Mancano ormai poche tappe alla meta e si iniziano a vedere pi\u00f9 pellegrini\" \/>\n<meta name=\"robots\" content=\"noindex, follow, max-snippet:-1, max-image-preview:large, max-video-preview:-1\" \/>\n<meta property=\"og:locale\" content=\"it_IT\" \/>\n<meta property=\"og:type\" content=\"article\" \/>\n<meta property=\"og:title\" content=\"Cento chilometri a Santiago de Compostela\" \/>\n<meta property=\"og:description\" content=\"A Redondela si riuniscono i due cammini portoghesi. Mancano ormai poche tappe alla meta e si iniziano a vedere pi\u00f9 pellegrini\" \/>\n<meta property=\"og:url\" content=\"https:\/\/staging.varesenews.it\/2019\/07\/cento-chilometri-santiago-de-compostela\/836203\/\" \/>\n<meta property=\"og:site_name\" content=\"VareseNews\" \/>\n<meta property=\"article:publisher\" content=\"https:\/\/www.facebook.com\/varesenews\" \/>\n<meta property=\"article:author\" content=\"https:\/\/www.facebook.com\/giovannelli.marco?fref=ts\" \/>\n<meta property=\"article:published_time\" content=\"2019-07-04T16:58:13+00:00\" \/>\n<meta name=\"author\" content=\"Marco Giovannelli\" \/>\n<meta name=\"twitter:card\" content=\"summary_large_image\" \/>\n<meta name=\"twitter:creator\" content=\"@marcogio59\" \/>\n<meta name=\"twitter:site\" content=\"@varesenews\" \/>\n<meta name=\"twitter:label1\" content=\"Scritto da\" \/>\n\t<meta name=\"twitter:data1\" content=\"Marco Giovannelli\" \/>\n\t<meta name=\"twitter:label2\" content=\"Tempo di lettura stimato\" \/>\n\t<meta name=\"twitter:data2\" content=\"2 minuti\" \/>\n<script type=\"application\/ld+json\" class=\"yoast-schema-graph\">{\"@context\":\"https:\/\/schema.org\",\"@graph\":[{\"@type\":\"WebPage\",\"@id\":\"https:\/\/staging.varesenews.it\/2019\/07\/cento-chilometri-santiago-de-compostela\/836203\/\",\"url\":\"https:\/\/staging.varesenews.it\/2019\/07\/cento-chilometri-santiago-de-compostela\/836203\/\",\"name\":\"Cento chilometri a Santiago de Compostela\",\"isPartOf\":{\"@id\":\"https:\/\/staging.varesenews.it\/#website\"},\"datePublished\":\"2019-07-04T16:58:13+00:00\",\"dateModified\":\"2019-07-04T16:58:13+00:00\",\"author\":{\"@id\":\"https:\/\/staging.varesenews.it\/#\/schema\/person\/b32b6f44664f8274f79469e452856024\"},\"description\":\"A Redondela si riuniscono i due cammini portoghesi. Mancano ormai poche tappe alla meta e si iniziano a vedere pi\u00f9 pellegrini\",\"breadcrumb\":{\"@id\":\"https:\/\/staging.varesenews.it\/2019\/07\/cento-chilometri-santiago-de-compostela\/836203\/#breadcrumb\"},\"inLanguage\":\"it-IT\",\"potentialAction\":[{\"@type\":\"ReadAction\",\"target\":[\"https:\/\/staging.varesenews.it\/2019\/07\/cento-chilometri-santiago-de-compostela\/836203\/\"]}]},{\"@type\":\"BreadcrumbList\",\"@id\":\"https:\/\/staging.varesenews.it\/2019\/07\/cento-chilometri-santiago-de-compostela\/836203\/#breadcrumb\",\"itemListElement\":[{\"@type\":\"ListItem\",\"position\":1,\"name\":\"Home\",\"item\":\"https:\/\/www.varesenews.it\/\"},{\"@type\":\"ListItem\",\"position\":2,\"name\":\"Cento chilometri a Santiago de Compostela\"}]},{\"@type\":\"WebSite\",\"@id\":\"https:\/\/staging.varesenews.it\/#website\",\"url\":\"https:\/\/staging.varesenews.it\/\",\"name\":\"VareseNews\",\"description\":\"\",\"potentialAction\":[{\"@type\":\"SearchAction\",\"target\":{\"@type\":\"EntryPoint\",\"urlTemplate\":\"https:\/\/staging.varesenews.it\/?s={search_term_string}\"},\"query-input\":\"required name=search_term_string\"}],\"inLanguage\":\"it-IT\"},{\"@type\":\"Person\",\"@id\":\"https:\/\/staging.varesenews.it\/#\/schema\/person\/b32b6f44664f8274f79469e452856024\",\"name\":\"Marco Giovannelli\",\"image\":{\"@type\":\"ImageObject\",\"inLanguage\":\"it-IT\",\"@id\":\"https:\/\/staging.varesenews.it\/#\/schema\/person\/image\/\",\"url\":\"https:\/\/staging.varesenews.it\/wp-content\/uploads\/2020\/12\/marco_giovannelli_colori_500.jpg\",\"contentUrl\":\"https:\/\/staging.varesenews.it\/wp-content\/uploads\/2020\/12\/marco_giovannelli_colori_500.jpg\",\"caption\":\"Marco Giovannelli\"},\"description\":\"Viterbese di origine vivo a Varese dal 1978. Due figli grandi, due lauree in scienze &ldquo;inutili&rdquo; quanto affascinanti che mi portano a mettere lo studio ancora al primo posto. Dopo aver lavorato per il sindacato, fondato e lavorato al centro Gulliver, in una cooperativa che gestiva il Circolino a Varese, con un altro viterbese e un lucano ho fondato VareseNews quando nessuno o quasi sapeva cosa fosse Internet. Ho alcune grandi passioni, la prima &egrave; il cammino che cerco di vivere quotidianamente. Averne percorsi alcuni storici con Santiago e la Francigena mi ha poi portato a far diventare anche lavoro la loro valorizzazione e in particolare la Via Francisca del Lucomagno. Amo leggere, andare al cinema, viaggiare. Mi piace conoscere. La mia migliore attitudine &egrave; connettere mondi e per questo mi affascina la contemporaneit&agrave; e il digitale. Ho insegnato diritto ed economia per un decennio nelle scuole superiori. Ho tenuto diverse lezioni e laboratori allo Iulm e ora all&rsquo;Universit&agrave; dell&rsquo;Insubria con un corso di Giornalismo digitale alla specialistica. Ho fondato diversi progetti editoriali.&nbsp;\",\"sameAs\":[\"https:\/\/www.facebook.com\/giovannelli.marco?fref=ts\",\"marcogio59\",\"https:\/\/it.linkedin.com\/in\/giovannellimarco\",\"https:\/\/twitter.com\/marcogio59\"],\"url\":\"https:\/\/staging.varesenews.it\/persona\/marco_giovannelli-2\/\"}]}<\/script>\n<!-- \/ Yoast SEO plugin. -->","yoast_head_json":{"title":"Cento chilometri a Santiago de Compostela","description":"A Redondela si riuniscono i due cammini portoghesi. Mancano ormai poche tappe alla meta e si iniziano a vedere pi\u00f9 pellegrini","robots":{"index":"noindex","follow":"follow","max-snippet":"max-snippet:-1","max-image-preview":"max-image-preview:large","max-video-preview":"max-video-preview:-1"},"og_locale":"it_IT","og_type":"article","og_title":"Cento chilometri a Santiago de Compostela","og_description":"A Redondela si riuniscono i due cammini portoghesi. Mancano ormai poche tappe alla meta e si iniziano a vedere pi\u00f9 pellegrini","og_url":"https:\/\/staging.varesenews.it\/2019\/07\/cento-chilometri-santiago-de-compostela\/836203\/","og_site_name":"VareseNews","article_publisher":"https:\/\/www.facebook.com\/varesenews","article_author":"https:\/\/www.facebook.com\/giovannelli.marco?fref=ts","article_published_time":"2019-07-04T16:58:13+00:00","author":"Marco Giovannelli","twitter_card":"summary_large_image","twitter_creator":"@marcogio59","twitter_site":"@varesenews","twitter_misc":{"Scritto da":"Marco Giovannelli","Tempo di lettura stimato":"2 minuti"},"schema":{"@context":"https:\/\/schema.org","@graph":[{"@type":"WebPage","@id":"https:\/\/staging.varesenews.it\/2019\/07\/cento-chilometri-santiago-de-compostela\/836203\/","url":"https:\/\/staging.varesenews.it\/2019\/07\/cento-chilometri-santiago-de-compostela\/836203\/","name":"Cento chilometri a Santiago de Compostela","isPartOf":{"@id":"https:\/\/staging.varesenews.it\/#website"},"datePublished":"2019-07-04T16:58:13+00:00","dateModified":"2019-07-04T16:58:13+00:00","author":{"@id":"https:\/\/staging.varesenews.it\/#\/schema\/person\/b32b6f44664f8274f79469e452856024"},"description":"A Redondela si riuniscono i due cammini portoghesi. Mancano ormai poche tappe alla meta e si iniziano a vedere pi\u00f9 pellegrini","breadcrumb":{"@id":"https:\/\/staging.varesenews.it\/2019\/07\/cento-chilometri-santiago-de-compostela\/836203\/#breadcrumb"},"inLanguage":"it-IT","potentialAction":[{"@type":"ReadAction","target":["https:\/\/staging.varesenews.it\/2019\/07\/cento-chilometri-santiago-de-compostela\/836203\/"]}]},{"@type":"BreadcrumbList","@id":"https:\/\/staging.varesenews.it\/2019\/07\/cento-chilometri-santiago-de-compostela\/836203\/#breadcrumb","itemListElement":[{"@type":"ListItem","position":1,"name":"Home","item":"https:\/\/www.varesenews.it\/"},{"@type":"ListItem","position":2,"name":"Cento chilometri a Santiago de Compostela"}]},{"@type":"WebSite","@id":"https:\/\/staging.varesenews.it\/#website","url":"https:\/\/staging.varesenews.it\/","name":"VareseNews","description":"","potentialAction":[{"@type":"SearchAction","target":{"@type":"EntryPoint","urlTemplate":"https:\/\/staging.varesenews.it\/?s={search_term_string}"},"query-input":"required name=search_term_string"}],"inLanguage":"it-IT"},{"@type":"Person","@id":"https:\/\/staging.varesenews.it\/#\/schema\/person\/b32b6f44664f8274f79469e452856024","name":"Marco Giovannelli","image":{"@type":"ImageObject","inLanguage":"it-IT","@id":"https:\/\/staging.varesenews.it\/#\/schema\/person\/image\/","url":"https:\/\/staging.varesenews.it\/wp-content\/uploads\/2020\/12\/marco_giovannelli_colori_500.jpg","contentUrl":"https:\/\/staging.varesenews.it\/wp-content\/uploads\/2020\/12\/marco_giovannelli_colori_500.jpg","caption":"Marco Giovannelli"},"description":"Viterbese di origine vivo a Varese dal 1978. Due figli grandi, due lauree in scienze &ldquo;inutili&rdquo; quanto affascinanti che mi portano a mettere lo studio ancora al primo posto. Dopo aver lavorato per il sindacato, fondato e lavorato al centro Gulliver, in una cooperativa che gestiva il Circolino a Varese, con un altro viterbese e un lucano ho fondato VareseNews quando nessuno o quasi sapeva cosa fosse Internet. Ho alcune grandi passioni, la prima &egrave; il cammino che cerco di vivere quotidianamente. Averne percorsi alcuni storici con Santiago e la Francigena mi ha poi portato a far diventare anche lavoro la loro valorizzazione e in particolare la Via Francisca del Lucomagno. Amo leggere, andare al cinema, viaggiare. Mi piace conoscere. La mia migliore attitudine &egrave; connettere mondi e per questo mi affascina la contemporaneit&agrave; e il digitale. Ho insegnato diritto ed economia per un decennio nelle scuole superiori. Ho tenuto diverse lezioni e laboratori allo Iulm e ora all&rsquo;Universit&agrave; dell&rsquo;Insubria con un corso di Giornalismo digitale alla specialistica. Ho fondato diversi progetti editoriali.&nbsp;","sameAs":["https:\/\/www.facebook.com\/giovannelli.marco?fref=ts","marcogio59","https:\/\/it.linkedin.com\/in\/giovannellimarco","https:\/\/twitter.com\/marcogio59"],"url":"https:\/\/staging.varesenews.it\/persona\/marco_giovannelli-2\/"}]}},"post_meta":{"_edit_lock":"1562342804:54","_edit_last":"54","_category_permalink":"a:1:{s:8:\"category\";s:0:\"\";}","ratings_users":"0","ratings_score":"0","ratings_average":"0","foto":"748293","argomento":"Il diario del cammino","_yoast_wpseo_content_score":"30","_jd_tweet_this":"yes","_wpt_short_url":"https:\/\/www.varesenews.it\/2019\/07\/cento-chilometri-santiago-de-compostela\/836203\/","_wp_jd_target":"https:\/\/www.varesenews.it\/2019\/07\/cento-chilometri-santiago-de-compostela\/836203\/","_jd_wp_twitter":"a:1:{i:0;s:124:\"Cento chilometri a Santiago de Compostela https:\/\/www.varesenews.it\/2019\/07\/cento-chilometri-santiago-de-compostela\/836203\/ \";}","_wpt_status_message":"Tweet inviato con successo."},"photos":[{"original":"https:\/\/staging.varesenews.it\/photogallery_new\/images\/2019\/07\/cammino-portoghese-748293.jpg","full":"https:\/\/staging.varesenews.it\/photogallery_new\/images\/2019\/07\/cammino-portoghese-748293.1024x768.jpg","large":"https:\/\/staging.varesenews.it\/photogallery_new\/images\/2019\/07\/cammino-portoghese-748293.610x431.jpg"}],"_links":{"self":[{"href":"https:\/\/staging.varesenews.it\/swgapi\/v1\/wp\/v2\/posts\/836203"}],"collection":[{"href":"https:\/\/staging.varesenews.it\/swgapi\/v1\/wp\/v2\/posts"}],"about":[{"href":"https:\/\/staging.varesenews.it\/swgapi\/v1\/wp\/v2\/types\/post"}],"author":[{"embeddable":true,"href":"https:\/\/staging.varesenews.it\/swgapi\/v1\/wp\/v2\/users\/54"}],"replies":[{"embeddable":true,"href":"https:\/\/staging.varesenews.it\/swgapi\/v1\/wp\/v2\/comments?post=836203"}],"version-history":[{"count":0,"href":"https:\/\/staging.varesenews.it\/swgapi\/v1\/wp\/v2\/posts\/836203\/revisions"}],"wp:attachment":[{"href":"https:\/\/staging.varesenews.it\/swgapi\/v1\/wp\/v2\/media?parent=836203"}],"wp:term":[{"taxonomy":"category","embeddable":true,"href":"https:\/\/staging.varesenews.it\/swgapi\/v1\/wp\/v2\/categories?post=836203"},{"taxonomy":"post_tag","embeddable":true,"href":"https:\/\/staging.varesenews.it\/swgapi\/v1\/wp\/v2\/tags?post=836203"}],"curies":[{"name":"wp","href":"https:\/\/api.w.org\/{rel}","templated":true}]}}