{"id":838853,"date":"2019-07-14T16:45:56","date_gmt":"2019-07-14T14:45:56","guid":{"rendered":"https:\/\/www.varesenews.it\/?p=838853"},"modified":"2019-07-14T16:45:56","modified_gmt":"2019-07-14T14:45:56","slug":"arrivo-forti-temporali","status":"publish","type":"post","link":"https:\/\/staging.varesenews.it\/2019\/07\/arrivo-forti-temporali\/838853\/","title":{"rendered":"In arrivo forti temporali"},"content":{"rendered":"<p>Preparatevi a mettere la copertina sul letto. Il meteo sta cambiando: temporali e grandine porteranno un <strong>abbassamento delle temperature soprattutto per quanto riguarda le minime che scenderanno attorno ai 14\/17 gradi.\u00a0<\/strong><\/p>\n<p>Ecco cosa dobbiamo aspettarci secondo il <a href=\"https:\/\/www.varesenews.it\/previsioni-meteo-varese\/\">Centro Geofisico Prealpino:\u00a0<\/a><\/p>\n<p>Oggi <strong>domenica 14 luglio<\/strong><\/p>\n<p>Soleggiato al mattino e nel pomeriggio, poi formazione di cumuli. Rovesci e temporali nella notte con fenomeni pi\u00f9 intensi tra Verbano, Lario, Orobie con graduale espansione verso il basso Varesotto e la Brianza.<\/p>\n<p><strong>Luned\u00ec 15 luglio<\/strong><\/p>\n<p>Nella notte e all&#8217;alba ancora rovesci e temporali anche di forte intensit\u00e0 tra Verbano e Lario. In mattinata spostamento dei fenomeni verso il Pavese. Dal pomeriggio asciutto e soleggiato. Temperature in calo.<\/p>\n<p><strong>Regione Lombardia ha diffuso intanto un allarme &#8220;arancione&#8221; per le prossime ore<\/strong>: oggi, domenica 14\/07, tempo via via pi\u00f9 instabile a partire dal pomeriggio, con primi isolati rovesci o temporali su Alpi e Prealpi.<br \/>\n<strong>Dalla sera graduale aumento della probabilit\u00e0 di rovesci e temporali, dapprima su Alpi e Prealpi poi anche sulla Pianura<\/strong>. I fenomeni tenderanno ad intensificarsi nella notte per poi proseguire fino al mattino di domani, luned\u00ec 15\/07.<\/p>\n<p>Dal pomeriggio di luned\u00ec 15\/07 attenuazione ed esaurimento dei fenomeni sulla Pianura, mentre si attiveranno nuovi rovesci o temporali sparsi su Alpi e Prealpi. I fenomeni pi\u00f9 intensi sono attesi sui settori occidentali della regione, dove gli accumuli di pioggia previsti potranno risultare forti o molto forti, localmente anche superiori ai 100 mm. Fino al mattino di domani 15\/07 vento moderato da est sulla Pianura (specie sui settori orientali), mentre risulter\u00e0 generalmente settentrionale sui settori occidentali; in quota risulter\u00e0 moderato o forte, inizialmente da sud-est in rotazione ad est dal mattino.<\/p>\n<p><strong>Marted\u00ec 16\/07 si attende il ritorno del tempo stabile su tutta la regione, con precipitazioni generalmente assenti<\/strong>. Si evidenzia che il passaggio perturbato avr\u00e0 caratteristiche per lo pi\u00f9 temporalesche nella fase iniziale, mentre successivamente le precipitazioni assumeranno carattere di pioggia continua o di rovescio.<\/p>\n","protected":false},"excerpt":{"rendered":"<p>Gi\u00e0 dalla sera di domenica \u00e8 attesa una perturbazione che porter\u00e0 piogge intense e un brusco calo delle temperature<\/p>\n","protected":false},"author":49,"featured_media":0,"comment_status":"open","ping_status":"open","sticky":false,"template":"","format":"standard","meta":{"footnotes":""},"categories":[2],"tags":[163,127],"acf":[],"yoast_head":"<!-- This site is optimized with the Yoast SEO plugin v20.1 - https:\/\/yoast.com\/wordpress\/plugins\/seo\/ -->\n<title>In arrivo forti temporali<\/title>\n<meta name=\"description\" content=\"Gi\u00e0 dalla sera di domenica \u00e8 attesa una perturbazione che porter\u00e0 piogge intense e un brusco calo delle temperature\" \/>\n<meta name=\"robots\" content=\"noindex, follow, max-snippet:-1, max-image-preview:large, max-video-preview:-1\" \/>\n<meta property=\"og:locale\" content=\"it_IT\" \/>\n<meta property=\"og:type\" content=\"article\" \/>\n<meta property=\"og:title\" content=\"In arrivo forti temporali\" \/>\n<meta property=\"og:description\" content=\"Gi\u00e0 dalla sera di domenica \u00e8 attesa una perturbazione che porter\u00e0 piogge intense e un brusco calo delle temperature\" \/>\n<meta property=\"og:url\" content=\"https:\/\/staging.varesenews.it\/2019\/07\/arrivo-forti-temporali\/838853\/\" \/>\n<meta property=\"og:site_name\" content=\"VareseNews\" \/>\n<meta property=\"article:publisher\" content=\"https:\/\/www.facebook.com\/varesenews\" \/>\n<meta property=\"article:author\" content=\"https:\/\/www.facebook.com\/roberta.bertolini.9\" \/>\n<meta property=\"article:published_time\" content=\"2019-07-14T14:45:56+00:00\" \/>\n<meta name=\"author\" content=\"Roberta Bertolini\" \/>\n<meta name=\"twitter:card\" content=\"summary_large_image\" \/>\n<meta name=\"twitter:creator\" content=\"@robybertolini\" \/>\n<meta name=\"twitter:site\" content=\"@varesenews\" \/>\n<meta name=\"twitter:label1\" content=\"Scritto da\" \/>\n\t<meta name=\"twitter:data1\" content=\"Roberta Bertolini\" \/>\n\t<meta name=\"twitter:label2\" content=\"Tempo di lettura stimato\" \/>\n\t<meta name=\"twitter:data2\" content=\"2 minuti\" \/>\n<script type=\"application\/ld+json\" class=\"yoast-schema-graph\">{\"@context\":\"https:\/\/schema.org\",\"@graph\":[{\"@type\":\"WebPage\",\"@id\":\"https:\/\/staging.varesenews.it\/2019\/07\/arrivo-forti-temporali\/838853\/\",\"url\":\"https:\/\/staging.varesenews.it\/2019\/07\/arrivo-forti-temporali\/838853\/\",\"name\":\"In arrivo forti temporali\",\"isPartOf\":{\"@id\":\"https:\/\/staging.varesenews.it\/#website\"},\"datePublished\":\"2019-07-14T14:45:56+00:00\",\"dateModified\":\"2019-07-14T14:45:56+00:00\",\"author\":{\"@id\":\"https:\/\/staging.varesenews.it\/#\/schema\/person\/58fbd3e567d5c00f0a64d5137fef3e68\"},\"description\":\"Gi\u00e0 dalla sera di domenica \u00e8 attesa una perturbazione che porter\u00e0 piogge intense e un brusco calo delle temperature\",\"breadcrumb\":{\"@id\":\"https:\/\/staging.varesenews.it\/2019\/07\/arrivo-forti-temporali\/838853\/#breadcrumb\"},\"inLanguage\":\"it-IT\",\"potentialAction\":[{\"@type\":\"ReadAction\",\"target\":[\"https:\/\/staging.varesenews.it\/2019\/07\/arrivo-forti-temporali\/838853\/\"]}]},{\"@type\":\"BreadcrumbList\",\"@id\":\"https:\/\/staging.varesenews.it\/2019\/07\/arrivo-forti-temporali\/838853\/#breadcrumb\",\"itemListElement\":[{\"@type\":\"ListItem\",\"position\":1,\"name\":\"Home\",\"item\":\"https:\/\/www.varesenews.it\/\"},{\"@type\":\"ListItem\",\"position\":2,\"name\":\"In arrivo forti temporali\"}]},{\"@type\":\"WebSite\",\"@id\":\"https:\/\/staging.varesenews.it\/#website\",\"url\":\"https:\/\/staging.varesenews.it\/\",\"name\":\"VareseNews\",\"description\":\"\",\"potentialAction\":[{\"@type\":\"SearchAction\",\"target\":{\"@type\":\"EntryPoint\",\"urlTemplate\":\"https:\/\/staging.varesenews.it\/?s={search_term_string}\"},\"query-input\":\"required name=search_term_string\"}],\"inLanguage\":\"it-IT\"},{\"@type\":\"Person\",\"@id\":\"https:\/\/staging.varesenews.it\/#\/schema\/person\/58fbd3e567d5c00f0a64d5137fef3e68\",\"name\":\"Roberta Bertolini\",\"image\":{\"@type\":\"ImageObject\",\"inLanguage\":\"it-IT\",\"@id\":\"https:\/\/staging.varesenews.it\/#\/schema\/person\/image\/\",\"url\":\"https:\/\/staging.varesenews.it\/wp-content\/uploads\/2020\/12\/roberta_bertolini_colori_500.jpg\",\"contentUrl\":\"https:\/\/staging.varesenews.it\/wp-content\/uploads\/2020\/12\/roberta_bertolini_colori_500.jpg\",\"caption\":\"Roberta Bertolini\"},\"description\":\"Giornalista professionista dal 1991, sono passata, ormai molti anni fa, dalla carta al web. Oggi mi occupo di cronaca locale e guardo con curiosit&agrave; ed attenzione il mondo dei social. Parlo poco, ascolto molto.\",\"sameAs\":[\"https:\/\/www.facebook.com\/roberta.bertolini.9\",\"bettabertolini\",\"https:\/\/www.linkedin.com\/hp\/?dnr=v9e-Gp7a6_oxqTuQyZA0Lf4aEi4t91g6wMH\",\"https:\/\/twitter.com\/robybertolini\"],\"url\":\"https:\/\/staging.varesenews.it\/persona\/roberta-bertolini1\/\"}]}<\/script>\n<!-- \/ Yoast SEO plugin. -->","yoast_head_json":{"title":"In arrivo forti temporali","description":"Gi\u00e0 dalla sera di domenica \u00e8 attesa una perturbazione che porter\u00e0 piogge intense e un brusco calo delle temperature","robots":{"index":"noindex","follow":"follow","max-snippet":"max-snippet:-1","max-image-preview":"max-image-preview:large","max-video-preview":"max-video-preview:-1"},"og_locale":"it_IT","og_type":"article","og_title":"In arrivo forti temporali","og_description":"Gi\u00e0 dalla sera di domenica \u00e8 attesa una perturbazione che porter\u00e0 piogge intense e un brusco calo delle temperature","og_url":"https:\/\/staging.varesenews.it\/2019\/07\/arrivo-forti-temporali\/838853\/","og_site_name":"VareseNews","article_publisher":"https:\/\/www.facebook.com\/varesenews","article_author":"https:\/\/www.facebook.com\/roberta.bertolini.9","article_published_time":"2019-07-14T14:45:56+00:00","author":"Roberta Bertolini","twitter_card":"summary_large_image","twitter_creator":"@robybertolini","twitter_site":"@varesenews","twitter_misc":{"Scritto da":"Roberta Bertolini","Tempo di lettura stimato":"2 minuti"},"schema":{"@context":"https:\/\/schema.org","@graph":[{"@type":"WebPage","@id":"https:\/\/staging.varesenews.it\/2019\/07\/arrivo-forti-temporali\/838853\/","url":"https:\/\/staging.varesenews.it\/2019\/07\/arrivo-forti-temporali\/838853\/","name":"In arrivo forti temporali","isPartOf":{"@id":"https:\/\/staging.varesenews.it\/#website"},"datePublished":"2019-07-14T14:45:56+00:00","dateModified":"2019-07-14T14:45:56+00:00","author":{"@id":"https:\/\/staging.varesenews.it\/#\/schema\/person\/58fbd3e567d5c00f0a64d5137fef3e68"},"description":"Gi\u00e0 dalla sera di domenica \u00e8 attesa una perturbazione che porter\u00e0 piogge intense e un brusco calo delle temperature","breadcrumb":{"@id":"https:\/\/staging.varesenews.it\/2019\/07\/arrivo-forti-temporali\/838853\/#breadcrumb"},"inLanguage":"it-IT","potentialAction":[{"@type":"ReadAction","target":["https:\/\/staging.varesenews.it\/2019\/07\/arrivo-forti-temporali\/838853\/"]}]},{"@type":"BreadcrumbList","@id":"https:\/\/staging.varesenews.it\/2019\/07\/arrivo-forti-temporali\/838853\/#breadcrumb","itemListElement":[{"@type":"ListItem","position":1,"name":"Home","item":"https:\/\/www.varesenews.it\/"},{"@type":"ListItem","position":2,"name":"In arrivo forti temporali"}]},{"@type":"WebSite","@id":"https:\/\/staging.varesenews.it\/#website","url":"https:\/\/staging.varesenews.it\/","name":"VareseNews","description":"","potentialAction":[{"@type":"SearchAction","target":{"@type":"EntryPoint","urlTemplate":"https:\/\/staging.varesenews.it\/?s={search_term_string}"},"query-input":"required name=search_term_string"}],"inLanguage":"it-IT"},{"@type":"Person","@id":"https:\/\/staging.varesenews.it\/#\/schema\/person\/58fbd3e567d5c00f0a64d5137fef3e68","name":"Roberta Bertolini","image":{"@type":"ImageObject","inLanguage":"it-IT","@id":"https:\/\/staging.varesenews.it\/#\/schema\/person\/image\/","url":"https:\/\/staging.varesenews.it\/wp-content\/uploads\/2020\/12\/roberta_bertolini_colori_500.jpg","contentUrl":"https:\/\/staging.varesenews.it\/wp-content\/uploads\/2020\/12\/roberta_bertolini_colori_500.jpg","caption":"Roberta Bertolini"},"description":"Giornalista professionista dal 1991, sono passata, ormai molti anni fa, dalla carta al web. Oggi mi occupo di cronaca locale e guardo con curiosit&agrave; ed attenzione il mondo dei social. Parlo poco, ascolto molto.","sameAs":["https:\/\/www.facebook.com\/roberta.bertolini.9","bettabertolini","https:\/\/www.linkedin.com\/hp\/?dnr=v9e-Gp7a6_oxqTuQyZA0Lf4aEi4t91g6wMH","https:\/\/twitter.com\/robybertolini"],"url":"https:\/\/staging.varesenews.it\/persona\/roberta-bertolini1\/"}]}},"post_meta":{"_edit_lock":"1563116577:49","_edit_last":"49","_category_permalink":"a:1:{s:8:\"category\";s:0:\"\";}","foto":"626343","firma_come_redazione":"1","argomento":"Varese","_yoast_wpseo_content_score":"30","_jd_tweet_this":"yes","ratings_users":"0","ratings_score":"0","ratings_average":"0","_wpt_short_url":"https:\/\/www.varesenews.it\/2019\/07\/arrivo-forti-temporali\/838853\/","_wp_jd_target":"https:\/\/www.varesenews.it\/2019\/07\/arrivo-forti-temporali\/838853\/","_jd_wp_twitter":"a:1:{i:0;s:98:\"In arrivo forti temporali https:\/\/www.varesenews.it\/2019\/07\/arrivo-forti-temporali\/838853\/ #varese\";}","_wpt_status_message":"Tweet inviato con successo."},"photos":[{"original":"https:\/\/staging.varesenews.it\/photogallery_new\/images\/2017\/08\/tra-luci-e-nuvole-i-temporali-dei-lettori-626343.jpg","full":"https:\/\/staging.varesenews.it\/photogallery_new\/images\/2017\/08\/tra-luci-e-nuvole-i-temporali-dei-lettori-626343.1024x768.jpg","large":"https:\/\/staging.varesenews.it\/photogallery_new\/images\/2017\/08\/tra-luci-e-nuvole-i-temporali-dei-lettori-626343.610x431.jpg"}],"_links":{"self":[{"href":"https:\/\/staging.varesenews.it\/swgapi\/v1\/wp\/v2\/posts\/838853"}],"collection":[{"href":"https:\/\/staging.varesenews.it\/swgapi\/v1\/wp\/v2\/posts"}],"about":[{"href":"https:\/\/staging.varesenews.it\/swgapi\/v1\/wp\/v2\/types\/post"}],"author":[{"embeddable":true,"href":"https:\/\/staging.varesenews.it\/swgapi\/v1\/wp\/v2\/users\/49"}],"replies":[{"embeddable":true,"href":"https:\/\/staging.varesenews.it\/swgapi\/v1\/wp\/v2\/comments?post=838853"}],"version-history":[{"count":0,"href":"https:\/\/staging.varesenews.it\/swgapi\/v1\/wp\/v2\/posts\/838853\/revisions"}],"wp:attachment":[{"href":"https:\/\/staging.varesenews.it\/swgapi\/v1\/wp\/v2\/media?parent=838853"}],"wp:term":[{"taxonomy":"category","embeddable":true,"href":"https:\/\/staging.varesenews.it\/swgapi\/v1\/wp\/v2\/categories?post=838853"},{"taxonomy":"post_tag","embeddable":true,"href":"https:\/\/staging.varesenews.it\/swgapi\/v1\/wp\/v2\/tags?post=838853"}],"curies":[{"name":"wp","href":"https:\/\/api.w.org\/{rel}","templated":true}]}}