{"id":838956,"date":"2019-07-15T10:38:42","date_gmt":"2019-07-15T08:38:42","guid":{"rendered":"https:\/\/www.varesenews.it\/?p=838956"},"modified":"2019-07-15T10:38:42","modified_gmt":"2019-07-15T08:38:42","slug":"risveglio-giuda-furto-della-sindone-passa-gallarate","status":"publish","type":"post","link":"https:\/\/staging.varesenews.it\/2019\/07\/risveglio-giuda-furto-della-sindone-passa-gallarate\/838956\/","title":{"rendered":"&#8220;Il risveglio di Giuda&#8221;, il furto della Sindone passa da Gallarate"},"content":{"rendered":"<p>\u00abQuesto non \u00e8 un thriller in stile Dan Brown. E <strong>tutto ci\u00f2 che vi sembra ovvio, cela in realt\u00e0 una dimensione fantastica<\/strong>, tutta da scoprire. A partire dai personaggi\u00bb. Stiamo parlando di <strong>&#8216;Il risveglio di Giuda&#8217;, il libro del gallaratese Fabio Suraci<\/strong>.<\/p>\n<p>Ma che genere di libro \u00e8 &#8216;Il risveglio di Giuda&#8217;? \u00ab\u00c8<strong> un fantasy, ispirato vagamente allo stile di Stephen King\u00bb<\/strong>, spiega Suraci. \u00abMa mentre<strong> i suoi libri sono horror, i miei no; a me piace scrivere di eventi paranormali\u00bb<\/strong>.<\/p>\n<p>Il &#8216;Risveglio di Giuda&#8217; narra del<strong> rapimento della Sacra Sindone<\/strong>, che nel libro si trova ai Musei Vaticani: \u00abHo fatto delle<strong> scelte &#8211; racconta &#8211; che mi permettessero di essere pi\u00f9 libero,<\/strong> con la fantasia e con i riferimenti a cose reali. Nel libro parlo dell&#8217;Universit\u00e0 Cristiana di Milano, il cui rettore ha un nome di fantasia. Ho deciso cos\u00ec per potermi muovere liberamente. La scelta di collocare la Sindone a Roma invece che a Torino segue questa idea; inoltre, riprendo una leggenda secondo cui quella di Torino \u00e8 un falso, mentre quella vera si trova proprio nei musei Vaticani, dove venne portata &#8211; sempre secondo la leggenda &#8211; di nascosto durante la Seconda Guerra Mondiale\u00bb.<\/p>\n<p>La documentazione per il libro \u00e8 stata, a detta dell&#8217;autore, poco approfondita. Questo perch\u00e8 a Suraci l&#8217;ispirazione viene pagina dopo pagina: \u00abPrima di scrivere questo libro ho letto i quattro Vangeli e &#8216;Inchiesta su Ges\u00f9 (Mondadori)&#8217; di Corrado Augias. Il resto \u00e8 venuto da s\u00e9. Se sapessi tutto quello che devo scrivere prima ancora di mettermi all&#8217;opera, mi annoierei. Il bello di scrivere \u00e8 poter trovare sempre idee nuove\u00bb.<\/p>\n<p><strong>Il romanzo \u00e8 ambientato tra Gallarate (citt\u00e0 dello scrittore), Sumirago e Milano<\/strong>. Ma Suraci non nasconde di aver riscontrato una leggera diffidenza. Molti negozianti infatti non hanno voluto pubblicizzare il suo libro: \u00abIl problema sta forse nel titolo:<strong> &#8216;Il risveglio di Giuda&#8217; fa pensare forse a un libro contro la Chiesa e la religione,<\/strong> ma <strong>in realt\u00e0 non \u00e8 cos\u00ec<\/strong>. Tutti quelli che l&#8217;hanno letto non hanno trovato niente di censurabile. Con il senno di poi avrei scelto un altro titolo\u00bb, conclude ironicamente Suraci.<\/p>\n<p>Lo scrittore ha deciso di <strong>affidarsi a BookABook, casa editrice indipendente<\/strong> che ha inventato la formula del crowdfunding: sul sito si pu\u00f2 prenotare il libro, in formato digitale (ebook) o cartaceo. Una volta raggiunte duecengto prenotazioni del libro cartaceo, la casa editrice stampa il libro e lo porta in libreria (<a href=\"https:\/\/www.varesenews.it\/2019\/05\/un-libro-stampare-mille-poesie-salvare\/820173\/\" target=\"_blank\" rel=\"noopener\">ne avevamo gi\u00e0 parlato per il libro di Fabio Castano<\/a>).<\/p>\n<p>&#8216;Il risveglio di Giuda&#8217; \u00e8 ancora in campagna di crowdfunding, il processo di finanziamento scelto dalla casa editrice per poter pubblicare il libro. \u00abSi tratta di un metodo interessante che condivido &#8211; afferma Suraci -. <strong>L&#8217;editore lascia libero spazio allo scrittore, che per\u00f2 deve farsi pubblicit\u00e0 da solo<\/strong>. Chi prenota la versione ebook pu\u00f2 gi\u00e0 leggere la bozza completa: ho scelto io di dare questa possibilit\u00e0, poich\u00e9 ritengo giusto che chi paga possa leggere subito il libro senza dover aspettare mesi\u00bb.<br \/>\nUn&#8217;opportunit\u00e0 importante per lo scrittore gallaratese che, oltre a questo, ha in serbo dieci libri gi\u00e0 pronti: \u00abHo scritto molto in questi anni. Vorrei poter avere una buona visibilit\u00e0 con questo libro per poi pubblicare gli altri. Ho gi\u00e0 pubblicato un libro su Amazon (&#8216;Amare oltre i limiti del cuore&#8217;, ndr), ma vorrei poter arrivare in libreria\u00bb.<\/p>\n","protected":false},"excerpt":{"rendered":"<p>Lo scrittore Fabio Suraci ha lanciato la campagna di crowdfunding per pubblicare, con Bookabook, il suo romanzo fantasy<\/p>\n","protected":false},"author":46,"featured_media":0,"comment_status":"open","ping_status":"open","sticky":false,"template":"","format":"standard","meta":{"footnotes":""},"categories":[3],"tags":[17836,41324,767],"acf":[],"yoast_head":"<!-- This site is optimized with the Yoast SEO plugin v20.1 - https:\/\/yoast.com\/wordpress\/plugins\/seo\/ -->\n<title>&quot;Il risveglio di Giuda&quot;, il furto della Sindone passa da Gallarate<\/title>\n<meta name=\"description\" content=\"Lo scrittore Fabio Suraci ha lanciato la campagna di crowdfunding per pubblicare, con Bookabook, il suo romanzo fantasy\" \/>\n<meta name=\"robots\" content=\"noindex, follow, max-snippet:-1, max-image-preview:large, max-video-preview:-1\" \/>\n<meta property=\"og:locale\" content=\"it_IT\" \/>\n<meta property=\"og:type\" content=\"article\" \/>\n<meta property=\"og:title\" content=\"&quot;Il risveglio di Giuda&quot;, il furto della Sindone passa da Gallarate\" \/>\n<meta property=\"og:description\" content=\"Lo scrittore Fabio Suraci ha lanciato la campagna di crowdfunding per pubblicare, con Bookabook, il suo romanzo fantasy\" \/>\n<meta property=\"og:url\" content=\"https:\/\/staging.varesenews.it\/2019\/07\/risveglio-giuda-furto-della-sindone-passa-gallarate\/838956\/\" \/>\n<meta property=\"og:site_name\" content=\"VareseNews\" \/>\n<meta property=\"article:publisher\" content=\"https:\/\/www.facebook.com\/varesenews\" \/>\n<meta property=\"article:published_time\" content=\"2019-07-15T08:38:42+00:00\" \/>\n<meta name=\"author\" content=\"Roberto Morandi\" \/>\n<meta name=\"twitter:card\" content=\"summary_large_image\" \/>\n<meta name=\"twitter:creator\" content=\"@ilmorands\" \/>\n<meta name=\"twitter:site\" content=\"@varesenews\" \/>\n<meta name=\"twitter:label1\" content=\"Scritto da\" \/>\n\t<meta name=\"twitter:data1\" content=\"Roberto Morandi\" \/>\n\t<meta name=\"twitter:label2\" content=\"Tempo di lettura stimato\" \/>\n\t<meta name=\"twitter:data2\" content=\"3 minuti\" \/>\n<script type=\"application\/ld+json\" class=\"yoast-schema-graph\">{\"@context\":\"https:\/\/schema.org\",\"@graph\":[{\"@type\":\"WebPage\",\"@id\":\"https:\/\/staging.varesenews.it\/2019\/07\/risveglio-giuda-furto-della-sindone-passa-gallarate\/838956\/\",\"url\":\"https:\/\/staging.varesenews.it\/2019\/07\/risveglio-giuda-furto-della-sindone-passa-gallarate\/838956\/\",\"name\":\"\\\"Il risveglio di Giuda\\\", il furto della Sindone passa da Gallarate\",\"isPartOf\":{\"@id\":\"https:\/\/staging.varesenews.it\/#website\"},\"datePublished\":\"2019-07-15T08:38:42+00:00\",\"dateModified\":\"2019-07-15T08:38:42+00:00\",\"author\":{\"@id\":\"https:\/\/staging.varesenews.it\/#\/schema\/person\/efe592ae4c76536b551f89d8b6674bc3\"},\"description\":\"Lo scrittore Fabio Suraci ha lanciato la campagna di crowdfunding per pubblicare, con Bookabook, il suo romanzo fantasy\",\"breadcrumb\":{\"@id\":\"https:\/\/staging.varesenews.it\/2019\/07\/risveglio-giuda-furto-della-sindone-passa-gallarate\/838956\/#breadcrumb\"},\"inLanguage\":\"it-IT\",\"potentialAction\":[{\"@type\":\"ReadAction\",\"target\":[\"https:\/\/staging.varesenews.it\/2019\/07\/risveglio-giuda-furto-della-sindone-passa-gallarate\/838956\/\"]}]},{\"@type\":\"BreadcrumbList\",\"@id\":\"https:\/\/staging.varesenews.it\/2019\/07\/risveglio-giuda-furto-della-sindone-passa-gallarate\/838956\/#breadcrumb\",\"itemListElement\":[{\"@type\":\"ListItem\",\"position\":1,\"name\":\"Home\",\"item\":\"https:\/\/www.varesenews.it\/\"},{\"@type\":\"ListItem\",\"position\":2,\"name\":\"&#8220;Il risveglio di Giuda&#8221;, il furto della Sindone passa da Gallarate\"}]},{\"@type\":\"WebSite\",\"@id\":\"https:\/\/staging.varesenews.it\/#website\",\"url\":\"https:\/\/staging.varesenews.it\/\",\"name\":\"VareseNews\",\"description\":\"\",\"potentialAction\":[{\"@type\":\"SearchAction\",\"target\":{\"@type\":\"EntryPoint\",\"urlTemplate\":\"https:\/\/staging.varesenews.it\/?s={search_term_string}\"},\"query-input\":\"required name=search_term_string\"}],\"inLanguage\":\"it-IT\"},{\"@type\":\"Person\",\"@id\":\"https:\/\/staging.varesenews.it\/#\/schema\/person\/efe592ae4c76536b551f89d8b6674bc3\",\"name\":\"Roberto Morandi\",\"image\":{\"@type\":\"ImageObject\",\"inLanguage\":\"it-IT\",\"@id\":\"https:\/\/staging.varesenews.it\/#\/schema\/person\/image\/\",\"url\":\"https:\/\/staging.varesenews.it\/wp-content\/uploads\/2020\/12\/roberto_morandi_colori_500.jpg\",\"contentUrl\":\"https:\/\/staging.varesenews.it\/wp-content\/uploads\/2020\/12\/roberto_morandi_colori_500.jpg\",\"caption\":\"Roberto Morandi\"},\"description\":\"Classe 1980, laureato in storia, mi occupo dell&rsquo;area di Gallarate e di Malpensa, di trasporti e mobilit&agrave;. Amo molto la dimensione della citt&agrave;, come luogo d&rsquo;incontro di persone diverse e come organismo che si trasforma costantemente. Mi piace anche raccontare le piccole e grandi vicende, anche locali, che compongono la Storia con la S maiuscola. Appassionato di bicicletta: la macchina perfetta per muoversi in citt&agrave; e per viaggiare.\",\"sameAs\":[\"https:\/\/twitter.com\/ilmorands\"],\"url\":\"https:\/\/staging.varesenews.it\/persona\/roberto-morandi1\/\"}]}<\/script>\n<!-- \/ Yoast SEO plugin. -->","yoast_head_json":{"title":"\"Il risveglio di Giuda\", il furto della Sindone passa da Gallarate","description":"Lo scrittore Fabio Suraci ha lanciato la campagna di crowdfunding per pubblicare, con Bookabook, il suo romanzo fantasy","robots":{"index":"noindex","follow":"follow","max-snippet":"max-snippet:-1","max-image-preview":"max-image-preview:large","max-video-preview":"max-video-preview:-1"},"og_locale":"it_IT","og_type":"article","og_title":"\"Il risveglio di Giuda\", il furto della Sindone passa da Gallarate","og_description":"Lo scrittore Fabio Suraci ha lanciato la campagna di crowdfunding per pubblicare, con Bookabook, il suo romanzo fantasy","og_url":"https:\/\/staging.varesenews.it\/2019\/07\/risveglio-giuda-furto-della-sindone-passa-gallarate\/838956\/","og_site_name":"VareseNews","article_publisher":"https:\/\/www.facebook.com\/varesenews","article_published_time":"2019-07-15T08:38:42+00:00","author":"Roberto Morandi","twitter_card":"summary_large_image","twitter_creator":"@ilmorands","twitter_site":"@varesenews","twitter_misc":{"Scritto da":"Roberto Morandi","Tempo di lettura stimato":"3 minuti"},"schema":{"@context":"https:\/\/schema.org","@graph":[{"@type":"WebPage","@id":"https:\/\/staging.varesenews.it\/2019\/07\/risveglio-giuda-furto-della-sindone-passa-gallarate\/838956\/","url":"https:\/\/staging.varesenews.it\/2019\/07\/risveglio-giuda-furto-della-sindone-passa-gallarate\/838956\/","name":"\"Il risveglio di Giuda\", il furto della Sindone passa da Gallarate","isPartOf":{"@id":"https:\/\/staging.varesenews.it\/#website"},"datePublished":"2019-07-15T08:38:42+00:00","dateModified":"2019-07-15T08:38:42+00:00","author":{"@id":"https:\/\/staging.varesenews.it\/#\/schema\/person\/efe592ae4c76536b551f89d8b6674bc3"},"description":"Lo scrittore Fabio Suraci ha lanciato la campagna di crowdfunding per pubblicare, con Bookabook, il suo romanzo fantasy","breadcrumb":{"@id":"https:\/\/staging.varesenews.it\/2019\/07\/risveglio-giuda-furto-della-sindone-passa-gallarate\/838956\/#breadcrumb"},"inLanguage":"it-IT","potentialAction":[{"@type":"ReadAction","target":["https:\/\/staging.varesenews.it\/2019\/07\/risveglio-giuda-furto-della-sindone-passa-gallarate\/838956\/"]}]},{"@type":"BreadcrumbList","@id":"https:\/\/staging.varesenews.it\/2019\/07\/risveglio-giuda-furto-della-sindone-passa-gallarate\/838956\/#breadcrumb","itemListElement":[{"@type":"ListItem","position":1,"name":"Home","item":"https:\/\/www.varesenews.it\/"},{"@type":"ListItem","position":2,"name":"&#8220;Il risveglio di Giuda&#8221;, il furto della Sindone passa da Gallarate"}]},{"@type":"WebSite","@id":"https:\/\/staging.varesenews.it\/#website","url":"https:\/\/staging.varesenews.it\/","name":"VareseNews","description":"","potentialAction":[{"@type":"SearchAction","target":{"@type":"EntryPoint","urlTemplate":"https:\/\/staging.varesenews.it\/?s={search_term_string}"},"query-input":"required name=search_term_string"}],"inLanguage":"it-IT"},{"@type":"Person","@id":"https:\/\/staging.varesenews.it\/#\/schema\/person\/efe592ae4c76536b551f89d8b6674bc3","name":"Roberto Morandi","image":{"@type":"ImageObject","inLanguage":"it-IT","@id":"https:\/\/staging.varesenews.it\/#\/schema\/person\/image\/","url":"https:\/\/staging.varesenews.it\/wp-content\/uploads\/2020\/12\/roberto_morandi_colori_500.jpg","contentUrl":"https:\/\/staging.varesenews.it\/wp-content\/uploads\/2020\/12\/roberto_morandi_colori_500.jpg","caption":"Roberto Morandi"},"description":"Classe 1980, laureato in storia, mi occupo dell&rsquo;area di Gallarate e di Malpensa, di trasporti e mobilit&agrave;. Amo molto la dimensione della citt&agrave;, come luogo d&rsquo;incontro di persone diverse e come organismo che si trasforma costantemente. Mi piace anche raccontare le piccole e grandi vicende, anche locali, che compongono la Storia con la S maiuscola. Appassionato di bicicletta: la macchina perfetta per muoversi in citt&agrave; e per viaggiare.","sameAs":["https:\/\/twitter.com\/ilmorands"],"url":"https:\/\/staging.varesenews.it\/persona\/roberto-morandi1\/"}]}},"post_meta":{"_edit_lock":"1563179814:46","_edit_last":"46","_category_permalink":"a:1:{s:8:\"category\";s:1:\"3\";}","ratings_users":"0","ratings_score":"0","ratings_average":"0","foto":"750031","firma_come_redazione":"1","firma-personalizzata":"Marco Caccianiga","argomento":"Gallarate","_yoast_wpseo_content_score":"30","_jd_tweet_this":"yes","_wpt_short_url":"https:\/\/www.varesenews.it\/2019\/07\/risveglio-giuda-furto-della-sindone-passa-gallarate\/838956\/","_wp_jd_target":"https:\/\/www.varesenews.it\/2019\/07\/risveglio-giuda-furto-della-sindone-passa-gallarate\/838956\/","_jd_wp_twitter":"a:1:{i:0;s:196:\"\u201cIl risveglio di Giuda\u201d, il furto della Sindone passa da Gallarate https:\/\/www.varesenews.it\/2019\/07\/risveglio-giuda-furto-della-sindone-passa-gallarate\/838956\/ #crowdfunding #gallarate #libri\";}","_wpt_status_message":"Tweet inviato con successo."},"photos":[{"original":"https:\/\/staging.varesenews.it\/photogallery_new\/images\/2019\/07\/gallarate-generico-750031.jpg","full":"https:\/\/staging.varesenews.it\/photogallery_new\/images\/2019\/07\/gallarate-generico-750031.1024x768.jpg","large":"https:\/\/staging.varesenews.it\/photogallery_new\/images\/2019\/07\/gallarate-generico-750031.610x431.jpg"}],"_links":{"self":[{"href":"https:\/\/staging.varesenews.it\/swgapi\/v1\/wp\/v2\/posts\/838956"}],"collection":[{"href":"https:\/\/staging.varesenews.it\/swgapi\/v1\/wp\/v2\/posts"}],"about":[{"href":"https:\/\/staging.varesenews.it\/swgapi\/v1\/wp\/v2\/types\/post"}],"author":[{"embeddable":true,"href":"https:\/\/staging.varesenews.it\/swgapi\/v1\/wp\/v2\/users\/46"}],"replies":[{"embeddable":true,"href":"https:\/\/staging.varesenews.it\/swgapi\/v1\/wp\/v2\/comments?post=838956"}],"version-history":[{"count":0,"href":"https:\/\/staging.varesenews.it\/swgapi\/v1\/wp\/v2\/posts\/838956\/revisions"}],"wp:attachment":[{"href":"https:\/\/staging.varesenews.it\/swgapi\/v1\/wp\/v2\/media?parent=838956"}],"wp:term":[{"taxonomy":"category","embeddable":true,"href":"https:\/\/staging.varesenews.it\/swgapi\/v1\/wp\/v2\/categories?post=838956"},{"taxonomy":"post_tag","embeddable":true,"href":"https:\/\/staging.varesenews.it\/swgapi\/v1\/wp\/v2\/tags?post=838956"}],"curies":[{"name":"wp","href":"https:\/\/api.w.org\/{rel}","templated":true}]}}