{"id":838974,"date":"2019-07-15T12:02:53","date_gmt":"2019-07-15T10:02:53","guid":{"rendered":"https:\/\/www.varesenews.it\/?p=838974"},"modified":"2019-07-15T12:20:08","modified_gmt":"2019-07-15T10:20:08","slug":"luomo-connessione-mostra-al-sestante","status":"publish","type":"post","link":"https:\/\/staging.varesenews.it\/2019\/07\/luomo-connessione-mostra-al-sestante\/838974\/","title":{"rendered":"L\u2019uomo come connessione in mostra al Sestante"},"content":{"rendered":"<p><strong>Scatti analogici di linee curve di corpi sinuosi, particolari di occhi, labbra e nudi<\/strong> \u2013 integrali e non \u2013. L\u2019utilizzo del giallo in tutte le sue sfumature per rappresentare la vecchiaia che, con l\u2019opacit\u00e0 e l\u2019ingiallimento della pelle, si impossessa della propria carne. Sono i lavori in mostra al <strong>Sestante<\/strong> di <b>Gallarate<\/b>, in via San Giovanni Bosco, in mostra da <b>venerd\u00ec 12 luglio<\/b> a <b>mercoled\u00ec 25 luglio<\/b>.<\/p>\n<p>\u201cHomo Sum\u201d \u00e8 la III edizione del progetto unico tra fotografo ed artisti delle due associazioni gallaratesi, <b>Il Sestante Fotoclub<\/b> e l\u2019<b>Associazione Artistica 3 Alfa.<\/b><\/p>\n<p>\u00abRingrazio tutti gli artisti e coloro che hanno lavorato all\u2019allestimento. \u00c8 il terzo anno consecutivo che noi de Il Sestante collaboriamo con l\u2019Associazione Alfa\u00bb, ha detto <b>Salvatore Benvenga<\/b> all\u2019inaugurazione di venerd\u00ec 12, un po\u2019 spiaciuto per l\u2019assenza di esponenti dell\u2019amministrazione gallaratese, visto che \u00abin questo progetto sono coinvolte ben due associazioni culturali della citt\u00e0, ed \u00e8 raro, di questi tempi\u00bb.<span class=\"Apple-converted-space\">\u00a0<\/span><\/p>\n<p>\u00abRingrazio Il Sestante per l\u2019ospitalit\u00e0\u00bb, ha commentato <b>Massimo Massarelli<\/b> (presidente di 3 Alfa), \u00abquest\u2019anno abbiamo nuovamente accettato l\u2019invito a partecipare al progetto congiunto, anche se all\u2019inizio abbiamo trovato qualche difficolt\u00e0 nell\u2019interpretazione del tema, che pu\u00f2 essere profondo o pi\u00f9 leggero\u00bb.<\/p>\n<p>Ogni artista ha letto, interiorizzato ed espresso a modo suo, secondo la propria sensibilit\u00e0, il tema dell\u2019uomo su tela e con vari strumenti, affrontando \u00absingolarmente ci\u00f2 che gli stava pi\u00f9 a cuore\u00bb, ha spiegato Massarelli. Da qui la variet\u00e0 dei soggetti, come la rappresentazione delicata \u2013 ma a tratti sofferente \u2013 della <b>senilit\u00e0<\/b> di un uomo, della <b>morte<\/b> (\u00abandando oltre il mero concetto, cercando anche di superarla\u00bb) o della parte pi\u00f9 intima e nascosta del corpo.<span class=\"Apple-converted-space\">\u00a0<\/span><\/p>\n<div class=\"photo-inside-post\"><img decoding=\"async\" loading=\"lazy\" fetchpriority=\"low\" width=\"610\" height=\"431\" src=\"https:\/\/staging.varesenews.it\/photogallery_new\/images\/2019\/07\/gallarate-generico-750052.610x431.jpg\" alt=\"gallarate generico\"><\/div>\n<p>La parte pi\u00f9 sorprendente, per\u00f2, ha rilevato il presidente \u00e8 stato rilevare che \u00aball\u2019umano non si rimane indifferenti, perch\u00e9 <b>ognuno ha bisogno dell\u2019altro<\/b>\u00bb: per questo molte opere raffigurano la famiglia o l\u2019amore, e, quindi, non solo un corpo, ma una sorta di condivisione. <b>Il corpo, quindi, inteso come mezzo di comunicazione e di conoscenza con l\u2019altro.<\/b><\/p>\n<p>Lo stesso allestimento \u00abun po\u2019 improvvisato\u00bb, spiegano i due presidenti, non presenta fotografie e quadri separati nettamente, bens\u00ec interposti tra di loro. Poi, alcune opere sono appese, altre, invece, sono sui cavalletti, altre ancora su tela o su una superficie trasparente, \u00abin modo da comunicare tra di loro\u00bb: cos\u00ec, mentre l\u2019osservatore sta osservando le pennellate di un occhio sulla tela trasparente, potr\u00e0 contemporaneamente scorgere le altre opere d\u2019arte e, perch\u00e9 no, anche qualche altro curioso come lui. \u00abTutto ci\u00f2 combatte l\u2019individualismo, un male che si pensava fosse stato debellato <i>in tempi molto bui<\/i>, ma che, invece, sta prepotentemente tornando\u00bb, ha concluso Benvenga.<\/p>\n<p>La mostra \u00e8 aperta fino al 25 luglio.<\/p>\n","protected":false},"excerpt":{"rendered":"<p>Opere artistiche e fotografiche che esplorano l\u2019uomo e la corporeit\u00e0 in tutte le sue sfacettature sono in mostra al Fotoclub Il Sestante a Gallarate<\/p>\n","protected":false},"author":46,"featured_media":0,"comment_status":"open","ping_status":"open","sticky":false,"template":"","format":"standard","meta":{"footnotes":""},"categories":[18,3],"tags":[10740],"acf":[],"yoast_head":"<!-- This site is optimized with the Yoast SEO plugin v20.1 - https:\/\/yoast.com\/wordpress\/plugins\/seo\/ -->\n<title>L\u2019uomo come connessione in mostra al Sestante<\/title>\n<meta name=\"description\" content=\"Opere artistiche e fotografiche che esplorano l\u2019uomo e la corporeit\u00e0 in tutte le sue sfacettature sono in mostra al Fotoclub Il Sestante a Gallarate\" \/>\n<meta name=\"robots\" content=\"noindex, follow, max-snippet:-1, max-image-preview:large, max-video-preview:-1\" \/>\n<meta property=\"og:locale\" content=\"it_IT\" \/>\n<meta property=\"og:type\" content=\"article\" \/>\n<meta property=\"og:title\" content=\"L\u2019uomo come connessione in mostra al Sestante\" \/>\n<meta property=\"og:description\" content=\"Opere artistiche e fotografiche che esplorano l\u2019uomo e la corporeit\u00e0 in tutte le sue sfacettature sono in mostra al Fotoclub Il Sestante a Gallarate\" \/>\n<meta property=\"og:url\" content=\"https:\/\/staging.varesenews.it\/2019\/07\/luomo-connessione-mostra-al-sestante\/838974\/\" \/>\n<meta property=\"og:site_name\" content=\"VareseNews\" \/>\n<meta property=\"article:publisher\" content=\"https:\/\/www.facebook.com\/varesenews\" \/>\n<meta property=\"article:published_time\" content=\"2019-07-15T10:02:53+00:00\" \/>\n<meta property=\"article:modified_time\" content=\"2019-07-15T10:20:08+00:00\" \/>\n<meta name=\"author\" content=\"Roberto Morandi\" \/>\n<meta name=\"twitter:card\" content=\"summary_large_image\" \/>\n<meta name=\"twitter:creator\" content=\"@ilmorands\" \/>\n<meta name=\"twitter:site\" content=\"@varesenews\" \/>\n<meta name=\"twitter:label1\" content=\"Scritto da\" \/>\n\t<meta name=\"twitter:data1\" content=\"Roberto Morandi\" \/>\n\t<meta name=\"twitter:label2\" content=\"Tempo di lettura stimato\" \/>\n\t<meta name=\"twitter:data2\" content=\"2 minuti\" \/>\n<script type=\"application\/ld+json\" class=\"yoast-schema-graph\">{\"@context\":\"https:\/\/schema.org\",\"@graph\":[{\"@type\":\"WebPage\",\"@id\":\"https:\/\/staging.varesenews.it\/2019\/07\/luomo-connessione-mostra-al-sestante\/838974\/\",\"url\":\"https:\/\/staging.varesenews.it\/2019\/07\/luomo-connessione-mostra-al-sestante\/838974\/\",\"name\":\"L\u2019uomo come connessione in mostra al Sestante\",\"isPartOf\":{\"@id\":\"https:\/\/staging.varesenews.it\/#website\"},\"datePublished\":\"2019-07-15T10:02:53+00:00\",\"dateModified\":\"2019-07-15T10:20:08+00:00\",\"author\":{\"@id\":\"https:\/\/staging.varesenews.it\/#\/schema\/person\/efe592ae4c76536b551f89d8b6674bc3\"},\"description\":\"Opere artistiche e fotografiche che esplorano l\u2019uomo e la corporeit\u00e0 in tutte le sue sfacettature sono in mostra al Fotoclub Il Sestante a Gallarate\",\"breadcrumb\":{\"@id\":\"https:\/\/staging.varesenews.it\/2019\/07\/luomo-connessione-mostra-al-sestante\/838974\/#breadcrumb\"},\"inLanguage\":\"it-IT\",\"potentialAction\":[{\"@type\":\"ReadAction\",\"target\":[\"https:\/\/staging.varesenews.it\/2019\/07\/luomo-connessione-mostra-al-sestante\/838974\/\"]}]},{\"@type\":\"BreadcrumbList\",\"@id\":\"https:\/\/staging.varesenews.it\/2019\/07\/luomo-connessione-mostra-al-sestante\/838974\/#breadcrumb\",\"itemListElement\":[{\"@type\":\"ListItem\",\"position\":1,\"name\":\"Home\",\"item\":\"https:\/\/www.varesenews.it\/\"},{\"@type\":\"ListItem\",\"position\":2,\"name\":\"L\u2019uomo come connessione in mostra al Sestante\"}]},{\"@type\":\"WebSite\",\"@id\":\"https:\/\/staging.varesenews.it\/#website\",\"url\":\"https:\/\/staging.varesenews.it\/\",\"name\":\"VareseNews\",\"description\":\"\",\"potentialAction\":[{\"@type\":\"SearchAction\",\"target\":{\"@type\":\"EntryPoint\",\"urlTemplate\":\"https:\/\/staging.varesenews.it\/?s={search_term_string}\"},\"query-input\":\"required name=search_term_string\"}],\"inLanguage\":\"it-IT\"},{\"@type\":\"Person\",\"@id\":\"https:\/\/staging.varesenews.it\/#\/schema\/person\/efe592ae4c76536b551f89d8b6674bc3\",\"name\":\"Roberto Morandi\",\"image\":{\"@type\":\"ImageObject\",\"inLanguage\":\"it-IT\",\"@id\":\"https:\/\/staging.varesenews.it\/#\/schema\/person\/image\/\",\"url\":\"https:\/\/staging.varesenews.it\/wp-content\/uploads\/2020\/12\/roberto_morandi_colori_500.jpg\",\"contentUrl\":\"https:\/\/staging.varesenews.it\/wp-content\/uploads\/2020\/12\/roberto_morandi_colori_500.jpg\",\"caption\":\"Roberto Morandi\"},\"description\":\"Classe 1980, laureato in storia, mi occupo dell&rsquo;area di Gallarate e di Malpensa, di trasporti e mobilit&agrave;. Amo molto la dimensione della citt&agrave;, come luogo d&rsquo;incontro di persone diverse e come organismo che si trasforma costantemente. Mi piace anche raccontare le piccole e grandi vicende, anche locali, che compongono la Storia con la S maiuscola. Appassionato di bicicletta: la macchina perfetta per muoversi in citt&agrave; e per viaggiare.\",\"sameAs\":[\"https:\/\/twitter.com\/ilmorands\"],\"url\":\"https:\/\/staging.varesenews.it\/persona\/roberto-morandi1\/\"}]}<\/script>\n<!-- \/ Yoast SEO plugin. -->","yoast_head_json":{"title":"L\u2019uomo come connessione in mostra al Sestante","description":"Opere artistiche e fotografiche che esplorano l\u2019uomo e la corporeit\u00e0 in tutte le sue sfacettature sono in mostra al Fotoclub Il Sestante a Gallarate","robots":{"index":"noindex","follow":"follow","max-snippet":"max-snippet:-1","max-image-preview":"max-image-preview:large","max-video-preview":"max-video-preview:-1"},"og_locale":"it_IT","og_type":"article","og_title":"L\u2019uomo come connessione in mostra al Sestante","og_description":"Opere artistiche e fotografiche che esplorano l\u2019uomo e la corporeit\u00e0 in tutte le sue sfacettature sono in mostra al Fotoclub Il Sestante a Gallarate","og_url":"https:\/\/staging.varesenews.it\/2019\/07\/luomo-connessione-mostra-al-sestante\/838974\/","og_site_name":"VareseNews","article_publisher":"https:\/\/www.facebook.com\/varesenews","article_published_time":"2019-07-15T10:02:53+00:00","article_modified_time":"2019-07-15T10:20:08+00:00","author":"Roberto Morandi","twitter_card":"summary_large_image","twitter_creator":"@ilmorands","twitter_site":"@varesenews","twitter_misc":{"Scritto da":"Roberto Morandi","Tempo di lettura stimato":"2 minuti"},"schema":{"@context":"https:\/\/schema.org","@graph":[{"@type":"WebPage","@id":"https:\/\/staging.varesenews.it\/2019\/07\/luomo-connessione-mostra-al-sestante\/838974\/","url":"https:\/\/staging.varesenews.it\/2019\/07\/luomo-connessione-mostra-al-sestante\/838974\/","name":"L\u2019uomo come connessione in mostra al Sestante","isPartOf":{"@id":"https:\/\/staging.varesenews.it\/#website"},"datePublished":"2019-07-15T10:02:53+00:00","dateModified":"2019-07-15T10:20:08+00:00","author":{"@id":"https:\/\/staging.varesenews.it\/#\/schema\/person\/efe592ae4c76536b551f89d8b6674bc3"},"description":"Opere artistiche e fotografiche che esplorano l\u2019uomo e la corporeit\u00e0 in tutte le sue sfacettature sono in mostra al Fotoclub Il Sestante a Gallarate","breadcrumb":{"@id":"https:\/\/staging.varesenews.it\/2019\/07\/luomo-connessione-mostra-al-sestante\/838974\/#breadcrumb"},"inLanguage":"it-IT","potentialAction":[{"@type":"ReadAction","target":["https:\/\/staging.varesenews.it\/2019\/07\/luomo-connessione-mostra-al-sestante\/838974\/"]}]},{"@type":"BreadcrumbList","@id":"https:\/\/staging.varesenews.it\/2019\/07\/luomo-connessione-mostra-al-sestante\/838974\/#breadcrumb","itemListElement":[{"@type":"ListItem","position":1,"name":"Home","item":"https:\/\/www.varesenews.it\/"},{"@type":"ListItem","position":2,"name":"L\u2019uomo come connessione in mostra al Sestante"}]},{"@type":"WebSite","@id":"https:\/\/staging.varesenews.it\/#website","url":"https:\/\/staging.varesenews.it\/","name":"VareseNews","description":"","potentialAction":[{"@type":"SearchAction","target":{"@type":"EntryPoint","urlTemplate":"https:\/\/staging.varesenews.it\/?s={search_term_string}"},"query-input":"required name=search_term_string"}],"inLanguage":"it-IT"},{"@type":"Person","@id":"https:\/\/staging.varesenews.it\/#\/schema\/person\/efe592ae4c76536b551f89d8b6674bc3","name":"Roberto Morandi","image":{"@type":"ImageObject","inLanguage":"it-IT","@id":"https:\/\/staging.varesenews.it\/#\/schema\/person\/image\/","url":"https:\/\/staging.varesenews.it\/wp-content\/uploads\/2020\/12\/roberto_morandi_colori_500.jpg","contentUrl":"https:\/\/staging.varesenews.it\/wp-content\/uploads\/2020\/12\/roberto_morandi_colori_500.jpg","caption":"Roberto Morandi"},"description":"Classe 1980, laureato in storia, mi occupo dell&rsquo;area di Gallarate e di Malpensa, di trasporti e mobilit&agrave;. Amo molto la dimensione della citt&agrave;, come luogo d&rsquo;incontro di persone diverse e come organismo che si trasforma costantemente. Mi piace anche raccontare le piccole e grandi vicende, anche locali, che compongono la Storia con la S maiuscola. Appassionato di bicicletta: la macchina perfetta per muoversi in citt&agrave; e per viaggiare.","sameAs":["https:\/\/twitter.com\/ilmorands"],"url":"https:\/\/staging.varesenews.it\/persona\/roberto-morandi1\/"}]}},"post_meta":{"_edit_lock":"1563193498:46","_edit_last":"46","_category_permalink":"a:1:{s:8:\"category\";s:1:\"3\";}","ratings_users":"0","ratings_score":"0","ratings_average":"0","foto":"750051","firma_come_redazione":"1","firma-personalizzata":"Nicole Erbetti","argomento":"Gallarate","_yoast_wpseo_content_score":"30","_jd_tweet_this":"yes","_wpt_short_url":"https:\/\/www.varesenews.it\/2019\/07\/luomo-connessione-mostra-al-sestante\/838974\/","_wp_jd_target":"https:\/\/www.varesenews.it\/2019\/07\/luomo-connessione-mostra-al-sestante\/838974\/","_jd_wp_twitter":"a:1:{i:0;s:149:\"L\u2019uomo come connessione in mostra al Sestante https:\/\/www.varesenews.it\/2019\/07\/luomo-connessione-mostra-al-sestante\/838974\/ #gallarate #ilsestante\";}","_wpt_status_message":"Tweet inviato con successo."},"photos":[{"original":"https:\/\/staging.varesenews.it\/photogallery_new\/images\/2019\/07\/gallarate-generico-750051.jpg","full":"https:\/\/staging.varesenews.it\/photogallery_new\/images\/2019\/07\/gallarate-generico-750051.1024x768.jpg","large":"https:\/\/staging.varesenews.it\/photogallery_new\/images\/2019\/07\/gallarate-generico-750051.610x431.jpg"}],"_links":{"self":[{"href":"https:\/\/staging.varesenews.it\/swgapi\/v1\/wp\/v2\/posts\/838974"}],"collection":[{"href":"https:\/\/staging.varesenews.it\/swgapi\/v1\/wp\/v2\/posts"}],"about":[{"href":"https:\/\/staging.varesenews.it\/swgapi\/v1\/wp\/v2\/types\/post"}],"author":[{"embeddable":true,"href":"https:\/\/staging.varesenews.it\/swgapi\/v1\/wp\/v2\/users\/46"}],"replies":[{"embeddable":true,"href":"https:\/\/staging.varesenews.it\/swgapi\/v1\/wp\/v2\/comments?post=838974"}],"version-history":[{"count":0,"href":"https:\/\/staging.varesenews.it\/swgapi\/v1\/wp\/v2\/posts\/838974\/revisions"}],"wp:attachment":[{"href":"https:\/\/staging.varesenews.it\/swgapi\/v1\/wp\/v2\/media?parent=838974"}],"wp:term":[{"taxonomy":"category","embeddable":true,"href":"https:\/\/staging.varesenews.it\/swgapi\/v1\/wp\/v2\/categories?post=838974"},{"taxonomy":"post_tag","embeddable":true,"href":"https:\/\/staging.varesenews.it\/swgapi\/v1\/wp\/v2\/tags?post=838974"}],"curies":[{"name":"wp","href":"https:\/\/api.w.org\/{rel}","templated":true}]}}