{"id":839219,"date":"2019-07-16T09:56:50","date_gmt":"2019-07-16T07:56:50","guid":{"rendered":"https:\/\/www.varesenews.it\/?p=839219"},"modified":"2019-07-16T09:56:50","modified_gmt":"2019-07-16T07:56:50","slug":"ubriaco-semina-panico-le-vie-gallarate","status":"publish","type":"post","link":"https:\/\/staging.varesenews.it\/2019\/07\/ubriaco-semina-panico-le-vie-gallarate\/839219\/","title":{"rendered":"Ubriaco semina il panico per le vie di Gallarate"},"content":{"rendered":"<p class=\"p1\"><strong><span class=\"s1\">Ubriaco e senza patente, ha seminato il panico causando incidenti a Gallarate e nei Comuni della zona. <\/span><\/strong><\/p>\n<p class=\"p1\"><span class=\"s1\">L\u2019intervento degli agenti di <strong>Polizia locale di Gallarate<\/strong> hanno alla fine fermato <strong>un cittadino ecuadoriano<span class=\"Apple-converted-space\">\u00a0 <\/span>in via Monte Leone.<\/strong>\u00a0<\/span><\/p>\n<p class=\"p1\"><span class=\"s1\">Intorno alle <strong>22.30 il personale del comando di via Ferraris<\/strong>, impegnato nel pattugliamento del territorio cittadino, ha raccolto la segnalazione di un veicolo\u00a0<\/span><span class=\"s1\">guidato ad alta velocit\u00e0 che stava infrangendo numerosi articoli del codice della strada. <\/span><\/p>\n<p class=\"p1\"><span class=\"s1\">Quando lo hanno visto lo hanno bloccato:<strong> l\u2019alcoltest \u00e8 risultato ben oltre i limiti consentiti.<\/strong> L\u2019uomo ha iniziato a inveire e a tentare di scagliarsi contro i vigili e contro le persone circostanti. Per calmarlo e per condurlo al comando, \u00e8 stato necessario l\u2019intervento di una seconda pattuglia. <\/span><\/p>\n<p class=\"p1\"><span class=\"s1\">Dagli accertamenti subito eseguiti, \u00e8 risultato che<strong> lo straniero si era messo al volante pur non avendo mai conseguito il permesso di guida.<\/strong> E non era la prima volta, visto che negli ultimi due anni si \u00e8 reso protagonista di altri episodi simili. Dal controllo incrociato con i carabinieri della Compagnia di Gallarate, \u00e8 poi emerso che lo stesso soggetto nella stessa serata aveva provocato altri incidenti, fortunatamente senza feriti.<\/span><\/p>\n<p class=\"p1\"><span class=\"s1\">Tutti gli automobilisti coinvolti, una decina, saranno risarciti: l\u2019auto, di propriet\u00e0 di una amica dello straniero, \u00e8 infatti assicurata.<\/span><\/p>\n<p class=\"p1\"><span class=\"s1\">L\u2019ecuadoriano \u00e8 stato denunciato e dovr\u00e0 rispondere alle autorit\u00e0 competenti dei reati commessi.<\/span><\/p>\n<p class=\"p1\"><span class=\"s1\">Questo il commento del sindaco Andrea Cassani: \u00abComplimenti ai nostri agenti. Grazie al loro lavoro, cittadini onesti potranno vedersi risarciti i<\/span><\/p>\n<p class=\"p1\"><span class=\"s1\">danni causati da questo automobilista fuori controllo\u00bb.<\/span><\/p>\n","protected":false},"excerpt":{"rendered":"<p>L&#8217;ecuadoriano, che non aveva la patente, \u00e8 risultato positivo all&#8217;alcoltest<\/p>\n","protected":false},"author":33,"featured_media":0,"comment_status":"open","ping_status":"open","sticky":false,"template":"","format":"standard","meta":{"footnotes":""},"categories":[3],"tags":[71777,97724],"acf":[],"yoast_head":"<!-- This site is optimized with the Yoast SEO plugin v20.1 - https:\/\/yoast.com\/wordpress\/plugins\/seo\/ -->\n<title>Ubriaco semina il panico per le vie di Gallarate<\/title>\n<meta name=\"description\" content=\"L&#039;ecuadoriano, che non aveva la patente, \u00e8 risultato positivo all&#039;alcoltest\" \/>\n<meta name=\"robots\" content=\"noindex, follow, max-snippet:-1, max-image-preview:large, max-video-preview:-1\" \/>\n<meta property=\"og:locale\" content=\"it_IT\" \/>\n<meta property=\"og:type\" content=\"article\" \/>\n<meta property=\"og:title\" content=\"Ubriaco semina il panico per le vie di Gallarate\" \/>\n<meta property=\"og:description\" content=\"L&#039;ecuadoriano, che non aveva la patente, \u00e8 risultato positivo all&#039;alcoltest\" \/>\n<meta property=\"og:url\" content=\"https:\/\/staging.varesenews.it\/2019\/07\/ubriaco-semina-panico-le-vie-gallarate\/839219\/\" \/>\n<meta property=\"og:site_name\" content=\"VareseNews\" \/>\n<meta property=\"article:publisher\" content=\"https:\/\/www.facebook.com\/varesenews\" \/>\n<meta property=\"article:author\" content=\"alessandra.toni7\" \/>\n<meta property=\"article:published_time\" content=\"2019-07-16T07:56:50+00:00\" \/>\n<meta name=\"author\" content=\"Alessandra Toni\" \/>\n<meta name=\"twitter:card\" content=\"summary_large_image\" \/>\n<meta name=\"twitter:creator\" content=\"@alessandra_toni\" \/>\n<meta name=\"twitter:site\" content=\"@varesenews\" \/>\n<meta name=\"twitter:label1\" content=\"Scritto da\" \/>\n\t<meta name=\"twitter:data1\" content=\"Alessandra Toni\" \/>\n\t<meta name=\"twitter:label2\" content=\"Tempo di lettura stimato\" \/>\n\t<meta name=\"twitter:data2\" content=\"1 minuto\" \/>\n<script type=\"application\/ld+json\" class=\"yoast-schema-graph\">{\"@context\":\"https:\/\/schema.org\",\"@graph\":[{\"@type\":\"WebPage\",\"@id\":\"https:\/\/staging.varesenews.it\/2019\/07\/ubriaco-semina-panico-le-vie-gallarate\/839219\/\",\"url\":\"https:\/\/staging.varesenews.it\/2019\/07\/ubriaco-semina-panico-le-vie-gallarate\/839219\/\",\"name\":\"Ubriaco semina il panico per le vie di Gallarate\",\"isPartOf\":{\"@id\":\"https:\/\/staging.varesenews.it\/#website\"},\"datePublished\":\"2019-07-16T07:56:50+00:00\",\"dateModified\":\"2019-07-16T07:56:50+00:00\",\"author\":{\"@id\":\"https:\/\/staging.varesenews.it\/#\/schema\/person\/2643ce123d4a3c9511e015dc548779b8\"},\"description\":\"L'ecuadoriano, che non aveva la patente, \u00e8 risultato positivo all'alcoltest\",\"breadcrumb\":{\"@id\":\"https:\/\/staging.varesenews.it\/2019\/07\/ubriaco-semina-panico-le-vie-gallarate\/839219\/#breadcrumb\"},\"inLanguage\":\"it-IT\",\"potentialAction\":[{\"@type\":\"ReadAction\",\"target\":[\"https:\/\/staging.varesenews.it\/2019\/07\/ubriaco-semina-panico-le-vie-gallarate\/839219\/\"]}]},{\"@type\":\"BreadcrumbList\",\"@id\":\"https:\/\/staging.varesenews.it\/2019\/07\/ubriaco-semina-panico-le-vie-gallarate\/839219\/#breadcrumb\",\"itemListElement\":[{\"@type\":\"ListItem\",\"position\":1,\"name\":\"Home\",\"item\":\"https:\/\/www.varesenews.it\/\"},{\"@type\":\"ListItem\",\"position\":2,\"name\":\"Ubriaco semina il panico per le vie di Gallarate\"}]},{\"@type\":\"WebSite\",\"@id\":\"https:\/\/staging.varesenews.it\/#website\",\"url\":\"https:\/\/staging.varesenews.it\/\",\"name\":\"VareseNews\",\"description\":\"\",\"potentialAction\":[{\"@type\":\"SearchAction\",\"target\":{\"@type\":\"EntryPoint\",\"urlTemplate\":\"https:\/\/staging.varesenews.it\/?s={search_term_string}\"},\"query-input\":\"required name=search_term_string\"}],\"inLanguage\":\"it-IT\"},{\"@type\":\"Person\",\"@id\":\"https:\/\/staging.varesenews.it\/#\/schema\/person\/2643ce123d4a3c9511e015dc548779b8\",\"name\":\"Alessandra Toni\",\"image\":{\"@type\":\"ImageObject\",\"inLanguage\":\"it-IT\",\"@id\":\"https:\/\/staging.varesenews.it\/#\/schema\/person\/image\/\",\"url\":\"https:\/\/staging.varesenews.it\/wp-content\/uploads\/2020\/12\/alessandra_toni_colori_500.jpg\",\"contentUrl\":\"https:\/\/staging.varesenews.it\/wp-content\/uploads\/2020\/12\/alessandra_toni_colori_500.jpg\",\"caption\":\"Alessandra Toni\"},\"description\":\"Sono entrata nella redazione di VareseNews nel lontano anno 2000. Ero reduce da una bellissima esperienza nella redazione giornalistica della TV Nuova Antennatre, sotto la direzione dell'indimenticabile direttore Adolfo Caldarini. Sono arrivata quando era ancora una piccola realt\u00e0 editoriale e insieme abbiamo fatto un lungo ed entusiasmante lavoro. Mi occupo prevalentemente di scuola e di sanit\u00e0, settori impegnativi di grande valore sociale.\u00a0\",\"sameAs\":[\"alessandra.toni7\",\"alessandra.toni\",\"https:\/\/twitter.com\/alessandra_toni\"],\"url\":\"https:\/\/staging.varesenews.it\/persona\/alessandra_toni1\/\"}]}<\/script>\n<!-- \/ Yoast SEO plugin. -->","yoast_head_json":{"title":"Ubriaco semina il panico per le vie di Gallarate","description":"L'ecuadoriano, che non aveva la patente, \u00e8 risultato positivo all'alcoltest","robots":{"index":"noindex","follow":"follow","max-snippet":"max-snippet:-1","max-image-preview":"max-image-preview:large","max-video-preview":"max-video-preview:-1"},"og_locale":"it_IT","og_type":"article","og_title":"Ubriaco semina il panico per le vie di Gallarate","og_description":"L'ecuadoriano, che non aveva la patente, \u00e8 risultato positivo all'alcoltest","og_url":"https:\/\/staging.varesenews.it\/2019\/07\/ubriaco-semina-panico-le-vie-gallarate\/839219\/","og_site_name":"VareseNews","article_publisher":"https:\/\/www.facebook.com\/varesenews","article_author":"alessandra.toni7","article_published_time":"2019-07-16T07:56:50+00:00","author":"Alessandra Toni","twitter_card":"summary_large_image","twitter_creator":"@alessandra_toni","twitter_site":"@varesenews","twitter_misc":{"Scritto da":"Alessandra Toni","Tempo di lettura stimato":"1 minuto"},"schema":{"@context":"https:\/\/schema.org","@graph":[{"@type":"WebPage","@id":"https:\/\/staging.varesenews.it\/2019\/07\/ubriaco-semina-panico-le-vie-gallarate\/839219\/","url":"https:\/\/staging.varesenews.it\/2019\/07\/ubriaco-semina-panico-le-vie-gallarate\/839219\/","name":"Ubriaco semina il panico per le vie di Gallarate","isPartOf":{"@id":"https:\/\/staging.varesenews.it\/#website"},"datePublished":"2019-07-16T07:56:50+00:00","dateModified":"2019-07-16T07:56:50+00:00","author":{"@id":"https:\/\/staging.varesenews.it\/#\/schema\/person\/2643ce123d4a3c9511e015dc548779b8"},"description":"L'ecuadoriano, che non aveva la patente, \u00e8 risultato positivo all'alcoltest","breadcrumb":{"@id":"https:\/\/staging.varesenews.it\/2019\/07\/ubriaco-semina-panico-le-vie-gallarate\/839219\/#breadcrumb"},"inLanguage":"it-IT","potentialAction":[{"@type":"ReadAction","target":["https:\/\/staging.varesenews.it\/2019\/07\/ubriaco-semina-panico-le-vie-gallarate\/839219\/"]}]},{"@type":"BreadcrumbList","@id":"https:\/\/staging.varesenews.it\/2019\/07\/ubriaco-semina-panico-le-vie-gallarate\/839219\/#breadcrumb","itemListElement":[{"@type":"ListItem","position":1,"name":"Home","item":"https:\/\/www.varesenews.it\/"},{"@type":"ListItem","position":2,"name":"Ubriaco semina il panico per le vie di Gallarate"}]},{"@type":"WebSite","@id":"https:\/\/staging.varesenews.it\/#website","url":"https:\/\/staging.varesenews.it\/","name":"VareseNews","description":"","potentialAction":[{"@type":"SearchAction","target":{"@type":"EntryPoint","urlTemplate":"https:\/\/staging.varesenews.it\/?s={search_term_string}"},"query-input":"required name=search_term_string"}],"inLanguage":"it-IT"},{"@type":"Person","@id":"https:\/\/staging.varesenews.it\/#\/schema\/person\/2643ce123d4a3c9511e015dc548779b8","name":"Alessandra Toni","image":{"@type":"ImageObject","inLanguage":"it-IT","@id":"https:\/\/staging.varesenews.it\/#\/schema\/person\/image\/","url":"https:\/\/staging.varesenews.it\/wp-content\/uploads\/2020\/12\/alessandra_toni_colori_500.jpg","contentUrl":"https:\/\/staging.varesenews.it\/wp-content\/uploads\/2020\/12\/alessandra_toni_colori_500.jpg","caption":"Alessandra Toni"},"description":"Sono entrata nella redazione di VareseNews nel lontano anno 2000. Ero reduce da una bellissima esperienza nella redazione giornalistica della TV Nuova Antennatre, sotto la direzione dell'indimenticabile direttore Adolfo Caldarini. Sono arrivata quando era ancora una piccola realt\u00e0 editoriale e insieme abbiamo fatto un lungo ed entusiasmante lavoro. Mi occupo prevalentemente di scuola e di sanit\u00e0, settori impegnativi di grande valore sociale.\u00a0","sameAs":["alessandra.toni7","alessandra.toni","https:\/\/twitter.com\/alessandra_toni"],"url":"https:\/\/staging.varesenews.it\/persona\/alessandra_toni1\/"}]}},"post_meta":{"_edit_lock":"1563264086:33","_edit_last":"33","_category_permalink":"a:1:{s:8:\"category\";s:0:\"\";}","argomento":"Gallarate","_yoast_wpseo_content_score":"30","_jd_tweet_this":"yes","foto":"595469","firma_come_redazione":"1","ratings_users":"0","ratings_score":"0","ratings_average":"0","_wpt_short_url":"https:\/\/www.varesenews.it\/2019\/07\/ubriaco-semina-panico-le-vie-gallarate\/839219\/","_wp_jd_target":"https:\/\/www.varesenews.it\/2019\/07\/ubriaco-semina-panico-le-vie-gallarate\/839219\/","_jd_wp_twitter":"a:1:{i:0;s:130:\"Ubriaco semina il panico per le vie di Gallarate https:\/\/www.varesenews.it\/2019\/07\/ubriaco-semina-panico-le-vie-gallarate\/839219\/ \";}","_wpt_status_message":"Tweet inviato con successo."},"photos":[{"original":"https:\/\/staging.varesenews.it\/photogallery_new\/images\/2017\/02\/avarie-595469.jpg","full":"https:\/\/staging.varesenews.it\/photogallery_new\/images\/2017\/02\/avarie-595469.1024x768.jpg","large":"https:\/\/staging.varesenews.it\/photogallery_new\/images\/2017\/02\/avarie-595469.610x431.jpg"}],"_links":{"self":[{"href":"https:\/\/staging.varesenews.it\/swgapi\/v1\/wp\/v2\/posts\/839219"}],"collection":[{"href":"https:\/\/staging.varesenews.it\/swgapi\/v1\/wp\/v2\/posts"}],"about":[{"href":"https:\/\/staging.varesenews.it\/swgapi\/v1\/wp\/v2\/types\/post"}],"author":[{"embeddable":true,"href":"https:\/\/staging.varesenews.it\/swgapi\/v1\/wp\/v2\/users\/33"}],"replies":[{"embeddable":true,"href":"https:\/\/staging.varesenews.it\/swgapi\/v1\/wp\/v2\/comments?post=839219"}],"version-history":[{"count":0,"href":"https:\/\/staging.varesenews.it\/swgapi\/v1\/wp\/v2\/posts\/839219\/revisions"}],"wp:attachment":[{"href":"https:\/\/staging.varesenews.it\/swgapi\/v1\/wp\/v2\/media?parent=839219"}],"wp:term":[{"taxonomy":"category","embeddable":true,"href":"https:\/\/staging.varesenews.it\/swgapi\/v1\/wp\/v2\/categories?post=839219"},{"taxonomy":"post_tag","embeddable":true,"href":"https:\/\/staging.varesenews.it\/swgapi\/v1\/wp\/v2\/tags?post=839219"}],"curies":[{"name":"wp","href":"https:\/\/api.w.org\/{rel}","templated":true}]}}