{"id":839442,"date":"2019-07-16T18:04:17","date_gmt":"2019-07-16T16:04:17","guid":{"rendered":"https:\/\/www.varesenews.it\/?p=839442"},"modified":"2019-07-16T18:04:17","modified_gmt":"2019-07-16T16:04:17","slug":"apre-terminal-sea-prime-voli-vip","status":"publish","type":"post","link":"https:\/\/staging.varesenews.it\/2019\/07\/apre-terminal-sea-prime-voli-vip\/839442\/","title":{"rendered":"Apre il terminal Sea Prime, per i voli &#8220;vip&#8221;"},"content":{"rendered":"<p><strong>Un nuovo terminal &#8220;di lusso&#8221;, destinto ai viaggiatori Vip<\/strong> che arrivano a <strong>Milano<\/strong> con il loro jet privato: sar\u00e0 inaugurato marted\u00ec 23 luglio, a <strong>Malpensa<\/strong>, il nuovo terminal di Sea Prime, destinato all&#8217;aviazione generale.<\/p>\n<p><strong>1.400 metri quadrati di superficie<\/strong>, il nuovo terminal \u00e8 caratterizzato ovviamente da <strong>finiture di pregio e di design<\/strong>, vista la clientela d&#8217;alto livello che passer\u00e0 da questi spazi. All&#8217;interno ci saranno anche gli spazi per i controlli di sicurezza, mentre a fianco \u00e8 gi\u00e0 pronto <strong>un hangar di 5mila metri quadrati e un piazzale specifico<\/strong>, destinato ad accogliere i jet privati.<\/p>\n<p>L&#8217;inaugurazione arriva alla vigilia di un momento delicato ma importante per <strong>Malpensa<\/strong>, vale a dire il <a href=\"https:\/\/www.varesenews.it\/tag\/trasferimento-linate\/\" target=\"_blank\" rel=\"noopener\">trasferimento dei voli da Linate<\/a>, che scatter\u00e0 il 27 luglio. Oltre al traffico commerciale, la chiusura dell&#8217;aeroporto milanese impone anche lo spostamento dei voli dell&#8217;aviazione generale, che comunque non sono pochi:\u00a0<a href=\"http:\/\/www.milanoprime.it\/sea-prime\/\" target=\"_blank\" rel=\"noopener\">Sea Prime<\/a> ha chiuso lo scorso anno, il 2018, con circa 26 mila movimenti (decolli e atterraggi). E con 11,4 milioni di euro di ricavi e un utile netto di 2,5 milioni di euro, in crescita del 7,8% rispetto al 2017.<\/p>\n","protected":false},"excerpt":{"rendered":"<p>Il 23 luglio la cerimonia d&#8217;inaugurazione del piccolo, curatissimo terminal rivolto all&#8217;aviazione generale. Aperto in corrispondenza del periodo di trasferimento dei voli da Linate, che scatter\u00e0 cinque giorni dopo<\/p>\n","protected":false},"author":46,"featured_media":0,"comment_status":"open","ping_status":"open","sticky":false,"template":"","format":"standard","meta":{"footnotes":""},"categories":[3],"tags":[365,98260],"acf":[],"yoast_head":"<!-- This site is optimized with the Yoast SEO plugin v20.1 - https:\/\/yoast.com\/wordpress\/plugins\/seo\/ -->\n<title>Apre il terminal Sea Prime, per i voli &quot;vip&quot;<\/title>\n<meta name=\"description\" content=\"Il 23 luglio la cerimonia d&#039;inaugurazione del piccolo, curatissimo terminal rivolto all&#039;aviazione generale. Aperto in corrispondenza del periodo di trasferimento dei voli da Linate, che scatter\u00e0 cinque giorni dopo\" \/>\n<meta name=\"robots\" content=\"noindex, follow, max-snippet:-1, max-image-preview:large, max-video-preview:-1\" \/>\n<meta property=\"og:locale\" content=\"it_IT\" \/>\n<meta property=\"og:type\" content=\"article\" \/>\n<meta property=\"og:title\" content=\"Apre il terminal Sea Prime, per i voli &quot;vip&quot;\" \/>\n<meta property=\"og:description\" content=\"Il 23 luglio la cerimonia d&#039;inaugurazione del piccolo, curatissimo terminal rivolto all&#039;aviazione generale. Aperto in corrispondenza del periodo di trasferimento dei voli da Linate, che scatter\u00e0 cinque giorni dopo\" \/>\n<meta property=\"og:url\" content=\"https:\/\/staging.varesenews.it\/2019\/07\/apre-terminal-sea-prime-voli-vip\/839442\/\" \/>\n<meta property=\"og:site_name\" content=\"VareseNews\" \/>\n<meta property=\"article:publisher\" content=\"https:\/\/www.facebook.com\/varesenews\" \/>\n<meta property=\"article:published_time\" content=\"2019-07-16T16:04:17+00:00\" \/>\n<meta name=\"author\" content=\"Roberto Morandi\" \/>\n<meta name=\"twitter:card\" content=\"summary_large_image\" \/>\n<meta name=\"twitter:creator\" content=\"@ilmorands\" \/>\n<meta name=\"twitter:site\" content=\"@varesenews\" \/>\n<meta name=\"twitter:label1\" content=\"Scritto da\" \/>\n\t<meta name=\"twitter:data1\" content=\"Roberto Morandi\" \/>\n\t<meta name=\"twitter:label2\" content=\"Tempo di lettura stimato\" \/>\n\t<meta name=\"twitter:data2\" content=\"1 minuto\" \/>\n<script type=\"application\/ld+json\" class=\"yoast-schema-graph\">{\"@context\":\"https:\/\/schema.org\",\"@graph\":[{\"@type\":\"WebPage\",\"@id\":\"https:\/\/staging.varesenews.it\/2019\/07\/apre-terminal-sea-prime-voli-vip\/839442\/\",\"url\":\"https:\/\/staging.varesenews.it\/2019\/07\/apre-terminal-sea-prime-voli-vip\/839442\/\",\"name\":\"Apre il terminal Sea Prime, per i voli \\\"vip\\\"\",\"isPartOf\":{\"@id\":\"https:\/\/staging.varesenews.it\/#website\"},\"datePublished\":\"2019-07-16T16:04:17+00:00\",\"dateModified\":\"2019-07-16T16:04:17+00:00\",\"author\":{\"@id\":\"https:\/\/staging.varesenews.it\/#\/schema\/person\/efe592ae4c76536b551f89d8b6674bc3\"},\"description\":\"Il 23 luglio la cerimonia d'inaugurazione del piccolo, curatissimo terminal rivolto all'aviazione generale. Aperto in corrispondenza del periodo di trasferimento dei voli da Linate, che scatter\u00e0 cinque giorni dopo\",\"breadcrumb\":{\"@id\":\"https:\/\/staging.varesenews.it\/2019\/07\/apre-terminal-sea-prime-voli-vip\/839442\/#breadcrumb\"},\"inLanguage\":\"it-IT\",\"potentialAction\":[{\"@type\":\"ReadAction\",\"target\":[\"https:\/\/staging.varesenews.it\/2019\/07\/apre-terminal-sea-prime-voli-vip\/839442\/\"]}]},{\"@type\":\"BreadcrumbList\",\"@id\":\"https:\/\/staging.varesenews.it\/2019\/07\/apre-terminal-sea-prime-voli-vip\/839442\/#breadcrumb\",\"itemListElement\":[{\"@type\":\"ListItem\",\"position\":1,\"name\":\"Home\",\"item\":\"https:\/\/www.varesenews.it\/\"},{\"@type\":\"ListItem\",\"position\":2,\"name\":\"Apre il terminal Sea Prime, per i voli &#8220;vip&#8221;\"}]},{\"@type\":\"WebSite\",\"@id\":\"https:\/\/staging.varesenews.it\/#website\",\"url\":\"https:\/\/staging.varesenews.it\/\",\"name\":\"VareseNews\",\"description\":\"\",\"potentialAction\":[{\"@type\":\"SearchAction\",\"target\":{\"@type\":\"EntryPoint\",\"urlTemplate\":\"https:\/\/staging.varesenews.it\/?s={search_term_string}\"},\"query-input\":\"required name=search_term_string\"}],\"inLanguage\":\"it-IT\"},{\"@type\":\"Person\",\"@id\":\"https:\/\/staging.varesenews.it\/#\/schema\/person\/efe592ae4c76536b551f89d8b6674bc3\",\"name\":\"Roberto Morandi\",\"image\":{\"@type\":\"ImageObject\",\"inLanguage\":\"it-IT\",\"@id\":\"https:\/\/staging.varesenews.it\/#\/schema\/person\/image\/\",\"url\":\"https:\/\/staging.varesenews.it\/wp-content\/uploads\/2020\/12\/roberto_morandi_colori_500.jpg\",\"contentUrl\":\"https:\/\/staging.varesenews.it\/wp-content\/uploads\/2020\/12\/roberto_morandi_colori_500.jpg\",\"caption\":\"Roberto Morandi\"},\"description\":\"Classe 1980, laureato in storia, mi occupo dell&rsquo;area di Gallarate e di Malpensa, di trasporti e mobilit&agrave;. Amo molto la dimensione della citt&agrave;, come luogo d&rsquo;incontro di persone diverse e come organismo che si trasforma costantemente. Mi piace anche raccontare le piccole e grandi vicende, anche locali, che compongono la Storia con la S maiuscola. Appassionato di bicicletta: la macchina perfetta per muoversi in citt&agrave; e per viaggiare.\",\"sameAs\":[\"https:\/\/twitter.com\/ilmorands\"],\"url\":\"https:\/\/staging.varesenews.it\/persona\/roberto-morandi1\/\"}]}<\/script>\n<!-- \/ Yoast SEO plugin. -->","yoast_head_json":{"title":"Apre il terminal Sea Prime, per i voli \"vip\"","description":"Il 23 luglio la cerimonia d'inaugurazione del piccolo, curatissimo terminal rivolto all'aviazione generale. Aperto in corrispondenza del periodo di trasferimento dei voli da Linate, che scatter\u00e0 cinque giorni dopo","robots":{"index":"noindex","follow":"follow","max-snippet":"max-snippet:-1","max-image-preview":"max-image-preview:large","max-video-preview":"max-video-preview:-1"},"og_locale":"it_IT","og_type":"article","og_title":"Apre il terminal Sea Prime, per i voli \"vip\"","og_description":"Il 23 luglio la cerimonia d'inaugurazione del piccolo, curatissimo terminal rivolto all'aviazione generale. Aperto in corrispondenza del periodo di trasferimento dei voli da Linate, che scatter\u00e0 cinque giorni dopo","og_url":"https:\/\/staging.varesenews.it\/2019\/07\/apre-terminal-sea-prime-voli-vip\/839442\/","og_site_name":"VareseNews","article_publisher":"https:\/\/www.facebook.com\/varesenews","article_published_time":"2019-07-16T16:04:17+00:00","author":"Roberto Morandi","twitter_card":"summary_large_image","twitter_creator":"@ilmorands","twitter_site":"@varesenews","twitter_misc":{"Scritto da":"Roberto Morandi","Tempo di lettura stimato":"1 minuto"},"schema":{"@context":"https:\/\/schema.org","@graph":[{"@type":"WebPage","@id":"https:\/\/staging.varesenews.it\/2019\/07\/apre-terminal-sea-prime-voli-vip\/839442\/","url":"https:\/\/staging.varesenews.it\/2019\/07\/apre-terminal-sea-prime-voli-vip\/839442\/","name":"Apre il terminal Sea Prime, per i voli \"vip\"","isPartOf":{"@id":"https:\/\/staging.varesenews.it\/#website"},"datePublished":"2019-07-16T16:04:17+00:00","dateModified":"2019-07-16T16:04:17+00:00","author":{"@id":"https:\/\/staging.varesenews.it\/#\/schema\/person\/efe592ae4c76536b551f89d8b6674bc3"},"description":"Il 23 luglio la cerimonia d'inaugurazione del piccolo, curatissimo terminal rivolto all'aviazione generale. Aperto in corrispondenza del periodo di trasferimento dei voli da Linate, che scatter\u00e0 cinque giorni dopo","breadcrumb":{"@id":"https:\/\/staging.varesenews.it\/2019\/07\/apre-terminal-sea-prime-voli-vip\/839442\/#breadcrumb"},"inLanguage":"it-IT","potentialAction":[{"@type":"ReadAction","target":["https:\/\/staging.varesenews.it\/2019\/07\/apre-terminal-sea-prime-voli-vip\/839442\/"]}]},{"@type":"BreadcrumbList","@id":"https:\/\/staging.varesenews.it\/2019\/07\/apre-terminal-sea-prime-voli-vip\/839442\/#breadcrumb","itemListElement":[{"@type":"ListItem","position":1,"name":"Home","item":"https:\/\/www.varesenews.it\/"},{"@type":"ListItem","position":2,"name":"Apre il terminal Sea Prime, per i voli &#8220;vip&#8221;"}]},{"@type":"WebSite","@id":"https:\/\/staging.varesenews.it\/#website","url":"https:\/\/staging.varesenews.it\/","name":"VareseNews","description":"","potentialAction":[{"@type":"SearchAction","target":{"@type":"EntryPoint","urlTemplate":"https:\/\/staging.varesenews.it\/?s={search_term_string}"},"query-input":"required name=search_term_string"}],"inLanguage":"it-IT"},{"@type":"Person","@id":"https:\/\/staging.varesenews.it\/#\/schema\/person\/efe592ae4c76536b551f89d8b6674bc3","name":"Roberto Morandi","image":{"@type":"ImageObject","inLanguage":"it-IT","@id":"https:\/\/staging.varesenews.it\/#\/schema\/person\/image\/","url":"https:\/\/staging.varesenews.it\/wp-content\/uploads\/2020\/12\/roberto_morandi_colori_500.jpg","contentUrl":"https:\/\/staging.varesenews.it\/wp-content\/uploads\/2020\/12\/roberto_morandi_colori_500.jpg","caption":"Roberto Morandi"},"description":"Classe 1980, laureato in storia, mi occupo dell&rsquo;area di Gallarate e di Malpensa, di trasporti e mobilit&agrave;. Amo molto la dimensione della citt&agrave;, come luogo d&rsquo;incontro di persone diverse e come organismo che si trasforma costantemente. Mi piace anche raccontare le piccole e grandi vicende, anche locali, che compongono la Storia con la S maiuscola. Appassionato di bicicletta: la macchina perfetta per muoversi in citt&agrave; e per viaggiare.","sameAs":["https:\/\/twitter.com\/ilmorands"],"url":"https:\/\/staging.varesenews.it\/persona\/roberto-morandi1\/"}]}},"post_meta":{"_edit_lock":"1563298589:46","_edit_last":"46","_category_permalink":"a:1:{s:8:\"category\";s:1:\"3\";}","ratings_users":"0","ratings_score":"0","ratings_average":"0","foto":"750270","firma_come_redazione":"1","argomento":"Malpensa","_yoast_wpseo_content_score":"30","_jd_tweet_this":"yes","_wpt_short_url":"https:\/\/www.varesenews.it\/2019\/07\/apre-terminal-sea-prime-voli-vip\/839442\/","_wp_jd_target":"https:\/\/www.varesenews.it\/2019\/07\/apre-terminal-sea-prime-voli-vip\/839442\/","_jd_wp_twitter":"a:1:{i:0;s:143:\"Apre il terminal Sea Prime, per i voli \u201cvip\u201d https:\/\/www.varesenews.it\/2019\/07\/apre-terminal-sea-prime-voli-vip\/839442\/ #Malpensa #seaprime\";}","_wpt_status_message":"Tweet inviato con successo."},"photos":[{"original":"https:\/\/staging.varesenews.it\/photogallery_new\/images\/2019\/07\/malpensa-generica-2019-750270.jpg","full":"https:\/\/staging.varesenews.it\/photogallery_new\/images\/2019\/07\/malpensa-generica-2019-750270.1024x768.jpg","large":"https:\/\/staging.varesenews.it\/photogallery_new\/images\/2019\/07\/malpensa-generica-2019-750270.610x431.jpg"}],"_links":{"self":[{"href":"https:\/\/staging.varesenews.it\/swgapi\/v1\/wp\/v2\/posts\/839442"}],"collection":[{"href":"https:\/\/staging.varesenews.it\/swgapi\/v1\/wp\/v2\/posts"}],"about":[{"href":"https:\/\/staging.varesenews.it\/swgapi\/v1\/wp\/v2\/types\/post"}],"author":[{"embeddable":true,"href":"https:\/\/staging.varesenews.it\/swgapi\/v1\/wp\/v2\/users\/46"}],"replies":[{"embeddable":true,"href":"https:\/\/staging.varesenews.it\/swgapi\/v1\/wp\/v2\/comments?post=839442"}],"version-history":[{"count":0,"href":"https:\/\/staging.varesenews.it\/swgapi\/v1\/wp\/v2\/posts\/839442\/revisions"}],"wp:attachment":[{"href":"https:\/\/staging.varesenews.it\/swgapi\/v1\/wp\/v2\/media?parent=839442"}],"wp:term":[{"taxonomy":"category","embeddable":true,"href":"https:\/\/staging.varesenews.it\/swgapi\/v1\/wp\/v2\/categories?post=839442"},{"taxonomy":"post_tag","embeddable":true,"href":"https:\/\/staging.varesenews.it\/swgapi\/v1\/wp\/v2\/tags?post=839442"}],"curies":[{"name":"wp","href":"https:\/\/api.w.org\/{rel}","templated":true}]}}