{"id":839608,"date":"2019-07-17T11:41:06","date_gmt":"2019-07-17T09:41:06","guid":{"rendered":"https:\/\/www.varesenews.it\/?p=839608"},"modified":"2019-07-17T11:41:06","modified_gmt":"2019-07-17T09:41:06","slug":"stresa-tornano-bolidi-della-motonautica","status":"publish","type":"post","link":"https:\/\/staging.varesenews.it\/2019\/07\/stresa-tornano-bolidi-della-motonautica\/839608\/","title":{"rendered":"A Stresa tornano i bolidi della Motonautica"},"content":{"rendered":"<p class=\"p1\">La motonautica torna a Stresa. Dopo il grande successo dello scorso anno,<strong> l\u2019UIM XCAT World Championship torna sulle sponde del Lago Maggiore<\/strong>, dal 19 al 21 luglio, per aprire la stagione 2019. Un evento fortemente voluto dal Sindaco di Stresa Giuseppe Bottini e da tutta la citt\u00e0.<\/p>\n<p class=\"p1\">Entusiasta del rinnovato appuntamento italiano anche Raffaele Chiulli (Presidente UIM): \u00abLo scorso anno c\u2019\u00e8 gi\u00e0 stato un grandissimo successo di pubblico, con tanti eventi collaterali. Stresa, del resto, \u00e8 una citt\u00e0 di grandi tradizioni motonautiche e quest\u2019anno avr\u00e0 l\u2019onore di aprire il Campionato di questa straordinaria competizione mondiale\u00bb.<\/p>\n<p class=\"p1\">I <strong>ventotto piloti XCAT,<\/strong> provenienti da otto nazioni diverse, si sfideranno a bordo dei loro <strong>catamarani da 800 CV<\/strong>, barche da corsa in fibra di carbonio capaci di superare i 200 Km\/h. Sorpassi, guasti, scontri anche duri, vittorie e tanta adrenalina per la tappa italiana dell\u2019UIM XCAT World Championship, che l\u2019anno scorso ha visto il trionfo dell\u2019imbarcazione Dubai Police di Arif Al Zaffain e Nadir Bin Hendi.<\/p>\n<p class=\"p1\">Dopo le prove libere di venerd\u00ec 19 luglio, <strong>sabato si inizier\u00e0 a fare sul serio<\/strong>. Alle ore 11:20 prender\u00e0 il via la Pole Position e poi, dalle 17:20, ci sar\u00e0 Gara 1 dello Stresa Grand Prix of Italy \u2013 UIM XCAT World Championship 2019.<\/p>\n<p class=\"p1\">Domenica 21 luglio, sempre con partenza alle ore 17:20, via alla Gara 2.<\/p>\n<p class=\"p1\">Prima e dopo i momenti di gara, ci saranno <strong>molte attivit\u00e0 dentro e fuori l&#8217;acqua.<\/strong> L&#8217;ambiente raffinato e indulgente del Lago Maggiore, infatti, significa anche mondanit\u00e0 e relax, con un&#8217;area VIP dedicata, attivit\u00e0 di intrattenimento ed eventi serali nella splendida cornice del Regina Palace Hotel.<\/p>\n<p class=\"p1\">Venerd\u00ec 19 luglio, dalle ore 14 alle ore 15, i piloti dell\u2019UIM XCAT World Championship si sfideranno in un torneo di tennis tavolo, prima di prendere parte alla Cocktail XCAT Regina Race \u2013 una gara di cocktail nella quale saranno aiutati e giudicati da esperti del settore \u2013 che far\u00e0 da preludio alla cena di gala, sempre nello scenario del Regina Palace Hotel.<\/p>\n<p class=\"p1\">Nel corso del fine settimana verr\u00e0 anche proiettato, in anteprima per i team, il documentario realizzato lo scorso anno proprio a Stresa sul mondo dell&#8217;XCAT e sul legame con la citt\u00e0.<\/p>\n","protected":false},"excerpt":{"rendered":"<p>L\u2019UIM XCAT World Championship torna sulle sponde del Lago Maggiore, dal 19 al 21 luglio<\/p>\n","protected":false},"author":37,"featured_media":0,"comment_status":"open","ping_status":"open","sticky":false,"template":"","format":"standard","meta":{"footnotes":""},"categories":[9,14],"tags":[5611,158],"acf":[],"yoast_head":"<!-- This site is optimized with the Yoast SEO plugin v20.1 - https:\/\/yoast.com\/wordpress\/plugins\/seo\/ -->\n<title>A Stresa tornano i bolidi della Motonautica<\/title>\n<meta name=\"description\" content=\"L\u2019UIM XCAT World Championship torna sulle sponde del Lago Maggiore, dal 19 al 21 luglio\" \/>\n<meta name=\"robots\" content=\"noindex, follow, max-snippet:-1, max-image-preview:large, max-video-preview:-1\" \/>\n<meta property=\"og:locale\" content=\"it_IT\" \/>\n<meta property=\"og:type\" content=\"article\" \/>\n<meta property=\"og:title\" content=\"A Stresa tornano i bolidi della Motonautica\" \/>\n<meta property=\"og:description\" content=\"L\u2019UIM XCAT World Championship torna sulle sponde del Lago Maggiore, dal 19 al 21 luglio\" \/>\n<meta property=\"og:url\" content=\"https:\/\/staging.varesenews.it\/2019\/07\/stresa-tornano-bolidi-della-motonautica\/839608\/\" \/>\n<meta property=\"og:site_name\" content=\"VareseNews\" \/>\n<meta property=\"article:publisher\" content=\"https:\/\/www.facebook.com\/varesenews\" \/>\n<meta property=\"article:published_time\" content=\"2019-07-17T09:41:06+00:00\" \/>\n<meta name=\"author\" content=\"Francesco Mazzoleni\" \/>\n<meta name=\"twitter:card\" content=\"summary_large_image\" \/>\n<meta name=\"twitter:creator\" content=\"@fmazzof\" \/>\n<meta name=\"twitter:site\" content=\"@varesenews\" \/>\n<meta name=\"twitter:label1\" content=\"Scritto da\" \/>\n\t<meta name=\"twitter:data1\" content=\"Francesco Mazzoleni\" \/>\n\t<meta name=\"twitter:label2\" content=\"Tempo di lettura stimato\" \/>\n\t<meta name=\"twitter:data2\" content=\"2 minuti\" \/>\n<script type=\"application\/ld+json\" class=\"yoast-schema-graph\">{\"@context\":\"https:\/\/schema.org\",\"@graph\":[{\"@type\":\"WebPage\",\"@id\":\"https:\/\/staging.varesenews.it\/2019\/07\/stresa-tornano-bolidi-della-motonautica\/839608\/\",\"url\":\"https:\/\/staging.varesenews.it\/2019\/07\/stresa-tornano-bolidi-della-motonautica\/839608\/\",\"name\":\"A Stresa tornano i bolidi della Motonautica\",\"isPartOf\":{\"@id\":\"https:\/\/staging.varesenews.it\/#website\"},\"datePublished\":\"2019-07-17T09:41:06+00:00\",\"dateModified\":\"2019-07-17T09:41:06+00:00\",\"author\":{\"@id\":\"https:\/\/staging.varesenews.it\/#\/schema\/person\/e82236e79160d30d4e1f942004ac3038\"},\"description\":\"L\u2019UIM XCAT World Championship torna sulle sponde del Lago Maggiore, dal 19 al 21 luglio\",\"breadcrumb\":{\"@id\":\"https:\/\/staging.varesenews.it\/2019\/07\/stresa-tornano-bolidi-della-motonautica\/839608\/#breadcrumb\"},\"inLanguage\":\"it-IT\",\"potentialAction\":[{\"@type\":\"ReadAction\",\"target\":[\"https:\/\/staging.varesenews.it\/2019\/07\/stresa-tornano-bolidi-della-motonautica\/839608\/\"]}]},{\"@type\":\"BreadcrumbList\",\"@id\":\"https:\/\/staging.varesenews.it\/2019\/07\/stresa-tornano-bolidi-della-motonautica\/839608\/#breadcrumb\",\"itemListElement\":[{\"@type\":\"ListItem\",\"position\":1,\"name\":\"Home\",\"item\":\"https:\/\/www.varesenews.it\/\"},{\"@type\":\"ListItem\",\"position\":2,\"name\":\"A Stresa tornano i bolidi della Motonautica\"}]},{\"@type\":\"WebSite\",\"@id\":\"https:\/\/staging.varesenews.it\/#website\",\"url\":\"https:\/\/staging.varesenews.it\/\",\"name\":\"VareseNews\",\"description\":\"\",\"potentialAction\":[{\"@type\":\"SearchAction\",\"target\":{\"@type\":\"EntryPoint\",\"urlTemplate\":\"https:\/\/staging.varesenews.it\/?s={search_term_string}\"},\"query-input\":\"required name=search_term_string\"}],\"inLanguage\":\"it-IT\"},{\"@type\":\"Person\",\"@id\":\"https:\/\/staging.varesenews.it\/#\/schema\/person\/e82236e79160d30d4e1f942004ac3038\",\"name\":\"Francesco Mazzoleni\",\"image\":{\"@type\":\"ImageObject\",\"inLanguage\":\"it-IT\",\"@id\":\"https:\/\/staging.varesenews.it\/#\/schema\/person\/image\/\",\"url\":\"https:\/\/staging.varesenews.it\/wp-content\/uploads\/2020\/12\/francesco_mazzoleni_colori_500-1.jpg\",\"contentUrl\":\"https:\/\/staging.varesenews.it\/wp-content\/uploads\/2020\/12\/francesco_mazzoleni_colori_500-1.jpg\",\"caption\":\"Francesco Mazzoleni\"},\"description\":\"\\\"Uomo di campo\\\" della redazione sportiva. Nutro una vera passione per il calcio, che sia ad alti livelli, sui campi di provincia o in altri continenti. Sono nato a Varese nel 1984, vivo da sempre a Malnate e ho una laurea in Scienze Motorie. Ho mosso i primi passi a VareseNews da stagista nel 2002; nel 2008 ho iniziato a collaborare con maggiore continuit\u00e0 e dal 2018 sono giornalista professionista. Orgoglioso pap\u00e0 di Federico e Adelaide.\",\"sameAs\":[\"fmazzof\",\"it.linkedin.com\/in\/francescomazzolenif\",\"https:\/\/twitter.com\/fmazzof\"],\"url\":\"https:\/\/staging.varesenews.it\/persona\/francesco_mazzoleniferracini\/\"}]}<\/script>\n<!-- \/ Yoast SEO plugin. -->","yoast_head_json":{"title":"A Stresa tornano i bolidi della Motonautica","description":"L\u2019UIM XCAT World Championship torna sulle sponde del Lago Maggiore, dal 19 al 21 luglio","robots":{"index":"noindex","follow":"follow","max-snippet":"max-snippet:-1","max-image-preview":"max-image-preview:large","max-video-preview":"max-video-preview:-1"},"og_locale":"it_IT","og_type":"article","og_title":"A Stresa tornano i bolidi della Motonautica","og_description":"L\u2019UIM XCAT World Championship torna sulle sponde del Lago Maggiore, dal 19 al 21 luglio","og_url":"https:\/\/staging.varesenews.it\/2019\/07\/stresa-tornano-bolidi-della-motonautica\/839608\/","og_site_name":"VareseNews","article_publisher":"https:\/\/www.facebook.com\/varesenews","article_published_time":"2019-07-17T09:41:06+00:00","author":"Francesco Mazzoleni","twitter_card":"summary_large_image","twitter_creator":"@fmazzof","twitter_site":"@varesenews","twitter_misc":{"Scritto da":"Francesco Mazzoleni","Tempo di lettura stimato":"2 minuti"},"schema":{"@context":"https:\/\/schema.org","@graph":[{"@type":"WebPage","@id":"https:\/\/staging.varesenews.it\/2019\/07\/stresa-tornano-bolidi-della-motonautica\/839608\/","url":"https:\/\/staging.varesenews.it\/2019\/07\/stresa-tornano-bolidi-della-motonautica\/839608\/","name":"A Stresa tornano i bolidi della Motonautica","isPartOf":{"@id":"https:\/\/staging.varesenews.it\/#website"},"datePublished":"2019-07-17T09:41:06+00:00","dateModified":"2019-07-17T09:41:06+00:00","author":{"@id":"https:\/\/staging.varesenews.it\/#\/schema\/person\/e82236e79160d30d4e1f942004ac3038"},"description":"L\u2019UIM XCAT World Championship torna sulle sponde del Lago Maggiore, dal 19 al 21 luglio","breadcrumb":{"@id":"https:\/\/staging.varesenews.it\/2019\/07\/stresa-tornano-bolidi-della-motonautica\/839608\/#breadcrumb"},"inLanguage":"it-IT","potentialAction":[{"@type":"ReadAction","target":["https:\/\/staging.varesenews.it\/2019\/07\/stresa-tornano-bolidi-della-motonautica\/839608\/"]}]},{"@type":"BreadcrumbList","@id":"https:\/\/staging.varesenews.it\/2019\/07\/stresa-tornano-bolidi-della-motonautica\/839608\/#breadcrumb","itemListElement":[{"@type":"ListItem","position":1,"name":"Home","item":"https:\/\/www.varesenews.it\/"},{"@type":"ListItem","position":2,"name":"A Stresa tornano i bolidi della Motonautica"}]},{"@type":"WebSite","@id":"https:\/\/staging.varesenews.it\/#website","url":"https:\/\/staging.varesenews.it\/","name":"VareseNews","description":"","potentialAction":[{"@type":"SearchAction","target":{"@type":"EntryPoint","urlTemplate":"https:\/\/staging.varesenews.it\/?s={search_term_string}"},"query-input":"required name=search_term_string"}],"inLanguage":"it-IT"},{"@type":"Person","@id":"https:\/\/staging.varesenews.it\/#\/schema\/person\/e82236e79160d30d4e1f942004ac3038","name":"Francesco Mazzoleni","image":{"@type":"ImageObject","inLanguage":"it-IT","@id":"https:\/\/staging.varesenews.it\/#\/schema\/person\/image\/","url":"https:\/\/staging.varesenews.it\/wp-content\/uploads\/2020\/12\/francesco_mazzoleni_colori_500-1.jpg","contentUrl":"https:\/\/staging.varesenews.it\/wp-content\/uploads\/2020\/12\/francesco_mazzoleni_colori_500-1.jpg","caption":"Francesco Mazzoleni"},"description":"\"Uomo di campo\" della redazione sportiva. Nutro una vera passione per il calcio, che sia ad alti livelli, sui campi di provincia o in altri continenti. Sono nato a Varese nel 1984, vivo da sempre a Malnate e ho una laurea in Scienze Motorie. Ho mosso i primi passi a VareseNews da stagista nel 2002; nel 2008 ho iniziato a collaborare con maggiore continuit\u00e0 e dal 2018 sono giornalista professionista. Orgoglioso pap\u00e0 di Federico e Adelaide.","sameAs":["fmazzof","it.linkedin.com\/in\/francescomazzolenif","https:\/\/twitter.com\/fmazzof"],"url":"https:\/\/staging.varesenews.it\/persona\/francesco_mazzoleniferracini\/"}]}},"post_meta":{"_edit_lock":"1563357720:37","_edit_last":"37","_category_permalink":"a:1:{s:8:\"category\";s:2:\"14\";}","ratings_users":"0","ratings_score":"0","ratings_average":"0","foto":"750405","argomento":"Motonautica","_yoast_wpseo_focuskw_text_input":"stresa motonautica","_yoast_wpseo_focuskw":"stresa motonautica","_yoast_wpseo_linkdex":"56","_yoast_wpseo_content_score":"30","_jd_tweet_this":"yes","_wpt_short_url":"https:\/\/www.varesenews.it\/2019\/07\/stresa-tornano-bolidi-della-motonautica\/839608\/","_wp_jd_target":"https:\/\/www.varesenews.it\/2019\/07\/stresa-tornano-bolidi-della-motonautica\/839608\/","_jd_wp_twitter":"a:1:{i:0;s:147:\"A Stresa tornano i bolidi della Motonautica https:\/\/www.varesenews.it\/2019\/07\/stresa-tornano-bolidi-della-motonautica\/839608\/ #motonautica #weekend\";}","_wpt_status_message":"Tweet inviato con successo."},"photos":[{"original":"https:\/\/staging.varesenews.it\/photogallery_new\/images\/2019\/07\/motonautica-stresa-750405.jpg","full":"https:\/\/staging.varesenews.it\/photogallery_new\/images\/2019\/07\/motonautica-stresa-750405.1024x768.jpg","large":"https:\/\/staging.varesenews.it\/photogallery_new\/images\/2019\/07\/motonautica-stresa-750405.610x431.jpg"}],"_links":{"self":[{"href":"https:\/\/staging.varesenews.it\/swgapi\/v1\/wp\/v2\/posts\/839608"}],"collection":[{"href":"https:\/\/staging.varesenews.it\/swgapi\/v1\/wp\/v2\/posts"}],"about":[{"href":"https:\/\/staging.varesenews.it\/swgapi\/v1\/wp\/v2\/types\/post"}],"author":[{"embeddable":true,"href":"https:\/\/staging.varesenews.it\/swgapi\/v1\/wp\/v2\/users\/37"}],"replies":[{"embeddable":true,"href":"https:\/\/staging.varesenews.it\/swgapi\/v1\/wp\/v2\/comments?post=839608"}],"version-history":[{"count":0,"href":"https:\/\/staging.varesenews.it\/swgapi\/v1\/wp\/v2\/posts\/839608\/revisions"}],"wp:attachment":[{"href":"https:\/\/staging.varesenews.it\/swgapi\/v1\/wp\/v2\/media?parent=839608"}],"wp:term":[{"taxonomy":"category","embeddable":true,"href":"https:\/\/staging.varesenews.it\/swgapi\/v1\/wp\/v2\/categories?post=839608"},{"taxonomy":"post_tag","embeddable":true,"href":"https:\/\/staging.varesenews.it\/swgapi\/v1\/wp\/v2\/tags?post=839608"}],"curies":[{"name":"wp","href":"https:\/\/api.w.org\/{rel}","templated":true}]}}