{"id":840139,"date":"2019-07-19T09:32:50","date_gmt":"2019-07-19T07:32:50","guid":{"rendered":"https:\/\/www.varesenews.it\/?p=840139"},"modified":"2019-07-19T12:11:34","modified_gmt":"2019-07-19T10:11:34","slug":"politeama-cinema-teatro-della-citta","status":"publish","type":"post","link":"https:\/\/staging.varesenews.it\/2019\/07\/politeama-cinema-teatro-della-citta\/840139\/","title":{"rendered":"Politeama, da cinema a teatro della citt\u00e0"},"content":{"rendered":"<p><strong>Restaurare il Politeama di piazza XX Settembre e trasformarlo nel nuovo teatro della citt\u00e0<\/strong>. L&#8217;idea si sta concretizzando e a rivelarlo \u00e8 il sindaco di Varese Davide Galimberti.<\/p>\n<p>\u00abOggi sono stato in Regione Lombardia a Milano per la Segreteria tecnica sull\u2019accordo di programma per la riqualificazione della Caserma e del teatro &#8211; scrive Galimberti su Facebook -. <strong>Abbiamo fatto passi avanti notevoli soprattutto in visione della soluzione del recupero del Politeama<\/strong>. Attraverso l&#8217;interlocuzione con il presidente Fontana e l&#8217;Universit\u00e0, l&#8217;accordo pu\u00f2 proseguire e potranno essere attuati interventi che la citt\u00e0 aspetta da tantissimo tempo.<\/p>\n<p>La soluzione del Politeama consente di recuperare uno spazio culturale importante che in origine era destinato proprio a teatro, oltre a ridurre in maniera significativa i costi complessivi. Con la collaborazione istituzionale, a prescindere dall&#8217;appartenenza politica, si possono portare al territorio risultati importanti\u00bb.<\/p>\n<p>Il Collegio di vigilanza, entro la fine di luglio, valuter\u00e0 sia la possibilit\u00e0 di proseguire l&#8217;intervento della riqualificazione della caserma, che ospiter\u00e0 anche l&#8217;<a href=\"https:\/\/www.varesenews.it\/2019\/01\/sara-varese-la-sede-italiana-dellarchivio-del-moderno-mendrisio\/786812\/\">Archivio del Moderno di Mendrisio<\/a>, sia il recupero del Politeama.<\/p>\n<p>&nbsp;<\/p>\n<p><iframe loading=\"lazy\" style=\"border: none; overflow: hidden;\" src=\"https:\/\/www.facebook.com\/plugins\/post.php?href=https%3A%2F%2Fwww.facebook.com%2Fdavidegalimbertisindaco%2Fposts%2F1073609822849735&amp;width=500\" width=\"500\" height=\"584\" frameborder=\"0\" scrolling=\"no\"><\/iframe><\/p>\n","protected":false},"excerpt":{"rendered":"<p>Si fa sempre pi\u00f9 concreta l&#8217;ipotesi di realizzare il nuovo teatro all&#8217;interno della struttura di piazza XX Settembre. I prossimi passi a fine luglio <\/p>\n","protected":false},"author":49,"featured_media":0,"comment_status":"open","ping_status":"open","sticky":false,"template":"","format":"standard","meta":{"footnotes":""},"categories":[2],"tags":[1455,52698,98341,127],"acf":[],"yoast_head":"<!-- This site is optimized with the Yoast SEO plugin v20.1 - https:\/\/yoast.com\/wordpress\/plugins\/seo\/ -->\n<title>Politeama, da cinema a teatro della citt\u00e0<\/title>\n<meta name=\"description\" content=\"Si fa sempre pi\u00f9 concreta l&#039;ipotesi di realizzare il nuovo teatro all&#039;interno della struttura di piazza XX Settembre. I prossimi passi a fine luglio\" \/>\n<meta name=\"robots\" content=\"noindex, follow, max-snippet:-1, max-image-preview:large, max-video-preview:-1\" \/>\n<meta property=\"og:locale\" content=\"it_IT\" \/>\n<meta property=\"og:type\" content=\"article\" \/>\n<meta property=\"og:title\" content=\"Politeama, da cinema a teatro della citt\u00e0\" \/>\n<meta property=\"og:description\" content=\"Si fa sempre pi\u00f9 concreta l&#039;ipotesi di realizzare il nuovo teatro all&#039;interno della struttura di piazza XX Settembre. I prossimi passi a fine luglio\" \/>\n<meta property=\"og:url\" content=\"https:\/\/staging.varesenews.it\/2019\/07\/politeama-cinema-teatro-della-citta\/840139\/\" \/>\n<meta property=\"og:site_name\" content=\"VareseNews\" \/>\n<meta property=\"article:publisher\" content=\"https:\/\/www.facebook.com\/varesenews\" \/>\n<meta property=\"article:author\" content=\"https:\/\/www.facebook.com\/roberta.bertolini.9\" \/>\n<meta property=\"article:published_time\" content=\"2019-07-19T07:32:50+00:00\" \/>\n<meta property=\"article:modified_time\" content=\"2019-07-19T10:11:34+00:00\" \/>\n<meta name=\"author\" content=\"Roberta Bertolini\" \/>\n<meta name=\"twitter:card\" content=\"summary_large_image\" \/>\n<meta name=\"twitter:creator\" content=\"@robybertolini\" \/>\n<meta name=\"twitter:site\" content=\"@varesenews\" \/>\n<meta name=\"twitter:label1\" content=\"Scritto da\" \/>\n\t<meta name=\"twitter:data1\" content=\"Roberta Bertolini\" \/>\n\t<meta name=\"twitter:label2\" content=\"Tempo di lettura stimato\" \/>\n\t<meta name=\"twitter:data2\" content=\"1 minuto\" \/>\n<script type=\"application\/ld+json\" class=\"yoast-schema-graph\">{\"@context\":\"https:\/\/schema.org\",\"@graph\":[{\"@type\":\"WebPage\",\"@id\":\"https:\/\/staging.varesenews.it\/2019\/07\/politeama-cinema-teatro-della-citta\/840139\/\",\"url\":\"https:\/\/staging.varesenews.it\/2019\/07\/politeama-cinema-teatro-della-citta\/840139\/\",\"name\":\"Politeama, da cinema a teatro della citt\u00e0\",\"isPartOf\":{\"@id\":\"https:\/\/staging.varesenews.it\/#website\"},\"datePublished\":\"2019-07-19T07:32:50+00:00\",\"dateModified\":\"2019-07-19T10:11:34+00:00\",\"author\":{\"@id\":\"https:\/\/staging.varesenews.it\/#\/schema\/person\/58fbd3e567d5c00f0a64d5137fef3e68\"},\"description\":\"Si fa sempre pi\u00f9 concreta l'ipotesi di realizzare il nuovo teatro all'interno della struttura di piazza XX Settembre. I prossimi passi a fine luglio\",\"breadcrumb\":{\"@id\":\"https:\/\/staging.varesenews.it\/2019\/07\/politeama-cinema-teatro-della-citta\/840139\/#breadcrumb\"},\"inLanguage\":\"it-IT\",\"potentialAction\":[{\"@type\":\"ReadAction\",\"target\":[\"https:\/\/staging.varesenews.it\/2019\/07\/politeama-cinema-teatro-della-citta\/840139\/\"]}]},{\"@type\":\"BreadcrumbList\",\"@id\":\"https:\/\/staging.varesenews.it\/2019\/07\/politeama-cinema-teatro-della-citta\/840139\/#breadcrumb\",\"itemListElement\":[{\"@type\":\"ListItem\",\"position\":1,\"name\":\"Home\",\"item\":\"https:\/\/www.varesenews.it\/\"},{\"@type\":\"ListItem\",\"position\":2,\"name\":\"Politeama, da cinema a teatro della citt\u00e0\"}]},{\"@type\":\"WebSite\",\"@id\":\"https:\/\/staging.varesenews.it\/#website\",\"url\":\"https:\/\/staging.varesenews.it\/\",\"name\":\"VareseNews\",\"description\":\"\",\"potentialAction\":[{\"@type\":\"SearchAction\",\"target\":{\"@type\":\"EntryPoint\",\"urlTemplate\":\"https:\/\/staging.varesenews.it\/?s={search_term_string}\"},\"query-input\":\"required name=search_term_string\"}],\"inLanguage\":\"it-IT\"},{\"@type\":\"Person\",\"@id\":\"https:\/\/staging.varesenews.it\/#\/schema\/person\/58fbd3e567d5c00f0a64d5137fef3e68\",\"name\":\"Roberta Bertolini\",\"image\":{\"@type\":\"ImageObject\",\"inLanguage\":\"it-IT\",\"@id\":\"https:\/\/staging.varesenews.it\/#\/schema\/person\/image\/\",\"url\":\"https:\/\/staging.varesenews.it\/wp-content\/uploads\/2020\/12\/roberta_bertolini_colori_500.jpg\",\"contentUrl\":\"https:\/\/staging.varesenews.it\/wp-content\/uploads\/2020\/12\/roberta_bertolini_colori_500.jpg\",\"caption\":\"Roberta Bertolini\"},\"description\":\"Giornalista professionista dal 1991, sono passata, ormai molti anni fa, dalla carta al web. Oggi mi occupo di cronaca locale e guardo con curiosit&agrave; ed attenzione il mondo dei social. Parlo poco, ascolto molto.\",\"sameAs\":[\"https:\/\/www.facebook.com\/roberta.bertolini.9\",\"bettabertolini\",\"https:\/\/www.linkedin.com\/hp\/?dnr=v9e-Gp7a6_oxqTuQyZA0Lf4aEi4t91g6wMH\",\"https:\/\/twitter.com\/robybertolini\"],\"url\":\"https:\/\/staging.varesenews.it\/persona\/roberta-bertolini1\/\"}]}<\/script>\n<!-- \/ Yoast SEO plugin. -->","yoast_head_json":{"title":"Politeama, da cinema a teatro della citt\u00e0","description":"Si fa sempre pi\u00f9 concreta l'ipotesi di realizzare il nuovo teatro all'interno della struttura di piazza XX Settembre. I prossimi passi a fine luglio","robots":{"index":"noindex","follow":"follow","max-snippet":"max-snippet:-1","max-image-preview":"max-image-preview:large","max-video-preview":"max-video-preview:-1"},"og_locale":"it_IT","og_type":"article","og_title":"Politeama, da cinema a teatro della citt\u00e0","og_description":"Si fa sempre pi\u00f9 concreta l'ipotesi di realizzare il nuovo teatro all'interno della struttura di piazza XX Settembre. I prossimi passi a fine luglio","og_url":"https:\/\/staging.varesenews.it\/2019\/07\/politeama-cinema-teatro-della-citta\/840139\/","og_site_name":"VareseNews","article_publisher":"https:\/\/www.facebook.com\/varesenews","article_author":"https:\/\/www.facebook.com\/roberta.bertolini.9","article_published_time":"2019-07-19T07:32:50+00:00","article_modified_time":"2019-07-19T10:11:34+00:00","author":"Roberta Bertolini","twitter_card":"summary_large_image","twitter_creator":"@robybertolini","twitter_site":"@varesenews","twitter_misc":{"Scritto da":"Roberta Bertolini","Tempo di lettura stimato":"1 minuto"},"schema":{"@context":"https:\/\/schema.org","@graph":[{"@type":"WebPage","@id":"https:\/\/staging.varesenews.it\/2019\/07\/politeama-cinema-teatro-della-citta\/840139\/","url":"https:\/\/staging.varesenews.it\/2019\/07\/politeama-cinema-teatro-della-citta\/840139\/","name":"Politeama, da cinema a teatro della citt\u00e0","isPartOf":{"@id":"https:\/\/staging.varesenews.it\/#website"},"datePublished":"2019-07-19T07:32:50+00:00","dateModified":"2019-07-19T10:11:34+00:00","author":{"@id":"https:\/\/staging.varesenews.it\/#\/schema\/person\/58fbd3e567d5c00f0a64d5137fef3e68"},"description":"Si fa sempre pi\u00f9 concreta l'ipotesi di realizzare il nuovo teatro all'interno della struttura di piazza XX Settembre. I prossimi passi a fine luglio","breadcrumb":{"@id":"https:\/\/staging.varesenews.it\/2019\/07\/politeama-cinema-teatro-della-citta\/840139\/#breadcrumb"},"inLanguage":"it-IT","potentialAction":[{"@type":"ReadAction","target":["https:\/\/staging.varesenews.it\/2019\/07\/politeama-cinema-teatro-della-citta\/840139\/"]}]},{"@type":"BreadcrumbList","@id":"https:\/\/staging.varesenews.it\/2019\/07\/politeama-cinema-teatro-della-citta\/840139\/#breadcrumb","itemListElement":[{"@type":"ListItem","position":1,"name":"Home","item":"https:\/\/www.varesenews.it\/"},{"@type":"ListItem","position":2,"name":"Politeama, da cinema a teatro della citt\u00e0"}]},{"@type":"WebSite","@id":"https:\/\/staging.varesenews.it\/#website","url":"https:\/\/staging.varesenews.it\/","name":"VareseNews","description":"","potentialAction":[{"@type":"SearchAction","target":{"@type":"EntryPoint","urlTemplate":"https:\/\/staging.varesenews.it\/?s={search_term_string}"},"query-input":"required name=search_term_string"}],"inLanguage":"it-IT"},{"@type":"Person","@id":"https:\/\/staging.varesenews.it\/#\/schema\/person\/58fbd3e567d5c00f0a64d5137fef3e68","name":"Roberta Bertolini","image":{"@type":"ImageObject","inLanguage":"it-IT","@id":"https:\/\/staging.varesenews.it\/#\/schema\/person\/image\/","url":"https:\/\/staging.varesenews.it\/wp-content\/uploads\/2020\/12\/roberta_bertolini_colori_500.jpg","contentUrl":"https:\/\/staging.varesenews.it\/wp-content\/uploads\/2020\/12\/roberta_bertolini_colori_500.jpg","caption":"Roberta Bertolini"},"description":"Giornalista professionista dal 1991, sono passata, ormai molti anni fa, dalla carta al web. Oggi mi occupo di cronaca locale e guardo con curiosit&agrave; ed attenzione il mondo dei social. Parlo poco, ascolto molto.","sameAs":["https:\/\/www.facebook.com\/roberta.bertolini.9","bettabertolini","https:\/\/www.linkedin.com\/hp\/?dnr=v9e-Gp7a6_oxqTuQyZA0Lf4aEi4t91g6wMH","https:\/\/twitter.com\/robybertolini"],"url":"https:\/\/staging.varesenews.it\/persona\/roberta-bertolini1\/"}]}},"post_meta":{"_edit_lock":"1563531139:49","_edit_last":"49","_category_permalink":"a:1:{s:8:\"category\";s:0:\"\";}","foto":"750723","_yoast_wpseo_content_score":"30","_jd_tweet_this":"yes","id_leggi_anche":"786812,842603,842860,843034,843416,844523,935507","ratings_users":"0","ratings_score":"0","ratings_average":"0","_wpt_short_url":"https:\/\/www.varesenews.it\/2019\/07\/politeama-cinema-teatro-della-citta\/840139\/","_wp_jd_target":"https:\/\/www.varesenews.it\/2019\/07\/politeama-cinema-teatro-della-citta\/840139\/","_jd_wp_twitter":"a:1:{i:0;s:153:\"Politeama da cinema a teatro della citt\u00e0 https:\/\/www.varesenews.it\/2019\/07\/politeama-cinema-teatro-della-citta\/840139\/ #AttilioFontana #politema #varese\";}","_wpt_status_message":"Tweet inviato con successo.","firma_come_redazione":"1","argomento":"Varese"},"photos":[{"original":"https:\/\/staging.varesenews.it\/photogallery_new\/images\/2019\/07\/politeama-varese-750723.jpg","full":"https:\/\/staging.varesenews.it\/photogallery_new\/images\/2019\/07\/politeama-varese-750723.1024x768.jpg","large":"https:\/\/staging.varesenews.it\/photogallery_new\/images\/2019\/07\/politeama-varese-750723.610x431.jpg"}],"_links":{"self":[{"href":"https:\/\/staging.varesenews.it\/swgapi\/v1\/wp\/v2\/posts\/840139"}],"collection":[{"href":"https:\/\/staging.varesenews.it\/swgapi\/v1\/wp\/v2\/posts"}],"about":[{"href":"https:\/\/staging.varesenews.it\/swgapi\/v1\/wp\/v2\/types\/post"}],"author":[{"embeddable":true,"href":"https:\/\/staging.varesenews.it\/swgapi\/v1\/wp\/v2\/users\/49"}],"replies":[{"embeddable":true,"href":"https:\/\/staging.varesenews.it\/swgapi\/v1\/wp\/v2\/comments?post=840139"}],"version-history":[{"count":0,"href":"https:\/\/staging.varesenews.it\/swgapi\/v1\/wp\/v2\/posts\/840139\/revisions"}],"wp:attachment":[{"href":"https:\/\/staging.varesenews.it\/swgapi\/v1\/wp\/v2\/media?parent=840139"}],"wp:term":[{"taxonomy":"category","embeddable":true,"href":"https:\/\/staging.varesenews.it\/swgapi\/v1\/wp\/v2\/categories?post=840139"},{"taxonomy":"post_tag","embeddable":true,"href":"https:\/\/staging.varesenews.it\/swgapi\/v1\/wp\/v2\/tags?post=840139"}],"curies":[{"name":"wp","href":"https:\/\/api.w.org\/{rel}","templated":true}]}}