{"id":840614,"date":"2019-07-21T15:44:41","date_gmt":"2019-07-21T13:44:41","guid":{"rendered":"https:\/\/www.varesenews.it\/?p=840614"},"modified":"2019-07-21T15:44:41","modified_gmt":"2019-07-21T13:44:41","slug":"terra-leggende-regno-delle-bocce","status":"publish","type":"post","link":"https:\/\/staging.varesenews.it\/2019\/07\/terra-leggende-regno-delle-bocce\/840614\/","title":{"rendered":"Terra di leggende il regno delle bocce"},"content":{"rendered":"<p><span style=\"font-weight: 400;\">Appoggiati alla balaustra che delimita lateralmente il campo, intenti ad osservare le evoluzioni dei contendenti, si parlano. Evocano le gesta dei grandi giocatori che hanno attraversato il Regno delle Bocce, ubicate chiss\u00e0 dove, alterate dall\u2019astuto labirinto della fantasia, che amplia a dismisura, o comprime, a seconda degli umori del giorno, il reale svolgimento degli episodi.<\/span><\/p>\n<p><span style=\"font-weight: 400;\">\u201cTi ricordi l\u2019Umberto?\u201d dice uno. \u201cChi il volista? Quello che andava a barbera?\u201d risponde l\u2019altro.\u00a0<\/span><\/p>\n<p><span style=\"font-weight: 400;\">E l\u00ec prende corpo, parola dopo parola, l\u2019immagine non pi\u00f9 sbiadita, ma sempre pi\u00f9 vivida, dell\u2019Umberto. Veneto, di Rovigo, ma trapiantato in Lombardia, forse in occasione delle alluvioni che costrinsero molti di quella Regione ad emigrare, parlava indifferentemente i due dialetti \u2013 veneto, o meglio polesano, e lombardo \u2013 con propriet\u00e0, di gusto, quasi, senza disdegnare l\u2019italiano, per\u00f2. Falegname, anzi mobiliere come amava designare la sua professione, in effetti confezionava con maestria tavoli, panche, scansie e quant\u2019altro fosse necessario sul lavoro, e la grande, inalienabile passione: le bocce.<\/span><\/p>\n<p><span style=\"font-weight: 400;\">Bocciatore, anzi tirava praticamente solo di volo, nelle gare domenicali al mattino era imbattibile, con l\u2019immancabile caraffa di vino \u2013 \u201cla tasa\u201d, come la qualificava affettuosamente &#8211; appoggiata in qualche angolo del bocciodromo, purch\u00e9 vicino ai campi di gioco; colpiva con percentuali del cento per cento, in qualsiasi punto della corsia, di taglio a destra, a sinistra, a boccia piena, in funzione delle esigenze della giocata: una sinfonia da grande palcoscenico.<\/span><\/p>\n<p><span style=\"font-weight: 400;\">Al pomeriggio le cose sovente avevano uno sviluppo diverso, le percentuali scadevano e la perfezione si allontanava. \u201cMa come faceva a giocare cos\u00ec bene al mattino e poi, patapumfete al pomeriggio?\u201d dice un altro ancora. \u201cQual era il segreto?\u201d.<\/span><\/p>\n<p><span style=\"font-weight: 400;\">Senza voler scomodare \u201cLa leggenda del santo bevitore\u201d, celebre film di Ermanno Olmi derivato dal racconto di Joseph Roth, le analogie ci sono e abbastanza evidenti.<\/span><\/p>\n<p><span style=\"font-weight: 400;\">Il segreto era l\u00ec, sotto gli occhi di tutti: la famosa \u201ctasa\u201d di barbera! L\u2019Umberto con il barbera trovava il combustibile ideale, era il suo doping, ogni cosa nel campo si delineava in modo perfetto e la sua andatura sbilenca \u2013 gi\u00e0 il nostro camminava a piedi in fuori, con un passo da papera \u2013 veniva minimizzata. Tutti si domandavano come potesse, con quei piedi a spatola, coordinare la rincorsa, il movimento del braccio, il rilascio della boccia, la sua parabola perfetta che la faceva ricadere sulla disgraziata boccia dell\u2019avversario. Non capivano, non si capacitavano, non riuscivano a carpire il segreto. Ma poi, se il barbera superava il livello di guardia, l\u2019estro si spegneva e le bocce sembravano aver perso la guida e si ritenessero libere di andare dove volevano.<\/span><\/p>\n<p><span style=\"font-weight: 400;\">\u201cGrande giocatore l\u2019Umberto, un volista come lui l\u2019ho visto raramente, anzi, forse, mai. Ma come faceva, non sembrava neanche che si concentrasse! Tirava cos\u00ec e colpiva, colpiva. Una macchina era\u201d.<\/span><\/p>\n<p><span style=\"font-weight: 400;\">Nel Regno delle Bocce \u00e8 cos\u00ec: i miti si perfezionano giorno dopo giorno e sono sempre pronti ad essere celebrati, perch\u00e9 le leggende possono solo crescere, non si estinguono mai.\u00a0\u00a0\u00a0\u00a0\u00a0\u00a0\u00a0\u00a0\u00a0\u00a0\u00a0\u00a0\u00a0\u00a0\u00a0\u00a0\u00a0\u00a0<\/span><\/p>\n<p><b>PILLOLE DI BOCCE<\/b><\/p>\n<ul>\n<li style=\"font-weight: 400;\"><span style=\"font-weight: 400;\">Gioved\u00ec 18 luglio \u2013 Solbiate \u2013 Finale regionale individuale\u00a0<\/span><\/li>\n<\/ul>\n<ol>\n<li style=\"font-weight: 400;\"><span style=\"font-weight: 400;\">Molteni \u2013 Primavera Cucciago<\/span><\/li>\n<li style=\"font-weight: 400;\"><span style=\"font-weight: 400;\">Barilani \u2013 Alto Verbano<\/span><\/li>\n<li style=\"font-weight: 400;\"><span style=\"font-weight: 400;\">D\u2019Alto\u00e8 \u2013 F.lli d\u2019Italia<\/span><\/li>\n<li style=\"font-weight: 400;\"><span style=\"font-weight: 400;\">Macchi \u2013 F.lli d\u2019Italia<\/span><\/li>\n<\/ol>\n<ul>\n<li style=\"font-weight: 400;\"><span style=\"font-weight: 400;\">Venerd\u00ec 18 luglio \u2013 Reno \u2013 Finale regionale individuale<\/span><\/li>\n<\/ul>\n<p><span style=\"font-weight: 400;\">Categoria A<\/span><\/p>\n<ol>\n<li style=\"font-weight: 400;\"><span style=\"font-weight: 400;\">Turuani \u2013 Possaccio (VCO)<\/span><\/li>\n<li style=\"font-weight: 400;\"><span style=\"font-weight: 400;\">Bongio \u2013 Renese (VA)<\/span><\/li>\n<\/ol>\n<p><span style=\"font-weight: 400;\">Categoria B\/C<\/span><\/p>\n<ol>\n<li style=\"font-weight: 400;\"><span style=\"font-weight: 400;\">Riga \u2013 Malnate<\/span><\/li>\n<li style=\"font-weight: 400;\"><span style=\"font-weight: 400;\">Martelli &#8211; Borgomanero<\/span><\/li>\n<\/ol>\n<ul>\n<li style=\"font-weight: 400;\"><span style=\"font-weight: 400;\">Mercoled\u00ec 24 luglio \u2013 Cedrate \u2013 Finale individuale<\/span><\/li>\n<li style=\"font-weight: 400;\"><span style=\"font-weight: 400;\">Gioved\u00ec 25 luglio \u2013 Brenta \u2013 Finali regionale individuale cat. A<\/span><\/li>\n<li style=\"font-weight: 400;\"><span style=\"font-weight: 400;\">Sabato 27 luglio \u2013 Brenta &#8211; Finali regionale individuale cat. B\/C<\/span><\/li>\n<li style=\"font-weight: 400;\"><span style=\"font-weight: 400;\">Sabato 27 luglio \u2013 Cairate \u2013 Bocc. Cavallotti \u2013 inizio gara libera individuale<\/span><\/li>\n<\/ul>\n","protected":false},"excerpt":{"rendered":"<p>Il ricordo dell&#8217;Umberto, i miti si perfezionano giorno dopo giorno e sono sempre pronti ad essere celebrati, perch\u00e9 le leggende possono solo crescere, non si estinguono mai<\/p>\n","protected":false},"author":37,"featured_media":0,"comment_status":"open","ping_status":"open","sticky":false,"template":"","format":"standard","meta":{"footnotes":""},"categories":[14,2],"tags":[822],"acf":[],"yoast_head":"<!-- This site is optimized with the Yoast SEO plugin v20.1 - https:\/\/yoast.com\/wordpress\/plugins\/seo\/ -->\n<title>Terra di leggende il regno delle bocce<\/title>\n<meta name=\"description\" content=\"Il ricordo dell&#039;Umberto, i miti si perfezionano giorno dopo giorno e sono sempre pronti ad essere celebrati, perch\u00e9 le leggende possono solo crescere, non si estinguono mai\" \/>\n<meta name=\"robots\" content=\"noindex, follow, max-snippet:-1, max-image-preview:large, max-video-preview:-1\" \/>\n<meta property=\"og:locale\" content=\"it_IT\" \/>\n<meta property=\"og:type\" content=\"article\" \/>\n<meta property=\"og:title\" content=\"Terra di leggende il regno delle bocce\" \/>\n<meta property=\"og:description\" content=\"Il ricordo dell&#039;Umberto, i miti si perfezionano giorno dopo giorno e sono sempre pronti ad essere celebrati, perch\u00e9 le leggende possono solo crescere, non si estinguono mai\" \/>\n<meta property=\"og:url\" content=\"https:\/\/staging.varesenews.it\/2019\/07\/terra-leggende-regno-delle-bocce\/840614\/\" \/>\n<meta property=\"og:site_name\" content=\"VareseNews\" \/>\n<meta property=\"article:publisher\" content=\"https:\/\/www.facebook.com\/varesenews\" \/>\n<meta property=\"article:published_time\" content=\"2019-07-21T13:44:41+00:00\" \/>\n<meta name=\"author\" content=\"Francesco Mazzoleni\" \/>\n<meta name=\"twitter:card\" content=\"summary_large_image\" \/>\n<meta name=\"twitter:creator\" content=\"@fmazzof\" \/>\n<meta name=\"twitter:site\" content=\"@varesenews\" \/>\n<meta name=\"twitter:label1\" content=\"Scritto da\" \/>\n\t<meta name=\"twitter:data1\" content=\"Francesco Mazzoleni\" \/>\n\t<meta name=\"twitter:label2\" content=\"Tempo di lettura stimato\" \/>\n\t<meta name=\"twitter:data2\" content=\"3 minuti\" \/>\n<script type=\"application\/ld+json\" class=\"yoast-schema-graph\">{\"@context\":\"https:\/\/schema.org\",\"@graph\":[{\"@type\":\"WebPage\",\"@id\":\"https:\/\/staging.varesenews.it\/2019\/07\/terra-leggende-regno-delle-bocce\/840614\/\",\"url\":\"https:\/\/staging.varesenews.it\/2019\/07\/terra-leggende-regno-delle-bocce\/840614\/\",\"name\":\"Terra di leggende il regno delle bocce\",\"isPartOf\":{\"@id\":\"https:\/\/staging.varesenews.it\/#website\"},\"datePublished\":\"2019-07-21T13:44:41+00:00\",\"dateModified\":\"2019-07-21T13:44:41+00:00\",\"author\":{\"@id\":\"https:\/\/staging.varesenews.it\/#\/schema\/person\/e82236e79160d30d4e1f942004ac3038\"},\"description\":\"Il ricordo dell'Umberto, i miti si perfezionano giorno dopo giorno e sono sempre pronti ad essere celebrati, perch\u00e9 le leggende possono solo crescere, non si estinguono mai\",\"breadcrumb\":{\"@id\":\"https:\/\/staging.varesenews.it\/2019\/07\/terra-leggende-regno-delle-bocce\/840614\/#breadcrumb\"},\"inLanguage\":\"it-IT\",\"potentialAction\":[{\"@type\":\"ReadAction\",\"target\":[\"https:\/\/staging.varesenews.it\/2019\/07\/terra-leggende-regno-delle-bocce\/840614\/\"]}]},{\"@type\":\"BreadcrumbList\",\"@id\":\"https:\/\/staging.varesenews.it\/2019\/07\/terra-leggende-regno-delle-bocce\/840614\/#breadcrumb\",\"itemListElement\":[{\"@type\":\"ListItem\",\"position\":1,\"name\":\"Home\",\"item\":\"https:\/\/www.varesenews.it\/\"},{\"@type\":\"ListItem\",\"position\":2,\"name\":\"Terra di leggende il regno delle bocce\"}]},{\"@type\":\"WebSite\",\"@id\":\"https:\/\/staging.varesenews.it\/#website\",\"url\":\"https:\/\/staging.varesenews.it\/\",\"name\":\"VareseNews\",\"description\":\"\",\"potentialAction\":[{\"@type\":\"SearchAction\",\"target\":{\"@type\":\"EntryPoint\",\"urlTemplate\":\"https:\/\/staging.varesenews.it\/?s={search_term_string}\"},\"query-input\":\"required name=search_term_string\"}],\"inLanguage\":\"it-IT\"},{\"@type\":\"Person\",\"@id\":\"https:\/\/staging.varesenews.it\/#\/schema\/person\/e82236e79160d30d4e1f942004ac3038\",\"name\":\"Francesco Mazzoleni\",\"image\":{\"@type\":\"ImageObject\",\"inLanguage\":\"it-IT\",\"@id\":\"https:\/\/staging.varesenews.it\/#\/schema\/person\/image\/\",\"url\":\"https:\/\/staging.varesenews.it\/wp-content\/uploads\/2020\/12\/francesco_mazzoleni_colori_500-1.jpg\",\"contentUrl\":\"https:\/\/staging.varesenews.it\/wp-content\/uploads\/2020\/12\/francesco_mazzoleni_colori_500-1.jpg\",\"caption\":\"Francesco Mazzoleni\"},\"description\":\"\\\"Uomo di campo\\\" della redazione sportiva. Nutro una vera passione per il calcio, che sia ad alti livelli, sui campi di provincia o in altri continenti. Sono nato a Varese nel 1984, vivo da sempre a Malnate e ho una laurea in Scienze Motorie. Ho mosso i primi passi a VareseNews da stagista nel 2002; nel 2008 ho iniziato a collaborare con maggiore continuit\u00e0 e dal 2018 sono giornalista professionista. Orgoglioso pap\u00e0 di Federico e Adelaide.\",\"sameAs\":[\"fmazzof\",\"it.linkedin.com\/in\/francescomazzolenif\",\"https:\/\/twitter.com\/fmazzof\"],\"url\":\"https:\/\/staging.varesenews.it\/persona\/francesco_mazzoleniferracini\/\"}]}<\/script>\n<!-- \/ Yoast SEO plugin. -->","yoast_head_json":{"title":"Terra di leggende il regno delle bocce","description":"Il ricordo dell'Umberto, i miti si perfezionano giorno dopo giorno e sono sempre pronti ad essere celebrati, perch\u00e9 le leggende possono solo crescere, non si estinguono mai","robots":{"index":"noindex","follow":"follow","max-snippet":"max-snippet:-1","max-image-preview":"max-image-preview:large","max-video-preview":"max-video-preview:-1"},"og_locale":"it_IT","og_type":"article","og_title":"Terra di leggende il regno delle bocce","og_description":"Il ricordo dell'Umberto, i miti si perfezionano giorno dopo giorno e sono sempre pronti ad essere celebrati, perch\u00e9 le leggende possono solo crescere, non si estinguono mai","og_url":"https:\/\/staging.varesenews.it\/2019\/07\/terra-leggende-regno-delle-bocce\/840614\/","og_site_name":"VareseNews","article_publisher":"https:\/\/www.facebook.com\/varesenews","article_published_time":"2019-07-21T13:44:41+00:00","author":"Francesco Mazzoleni","twitter_card":"summary_large_image","twitter_creator":"@fmazzof","twitter_site":"@varesenews","twitter_misc":{"Scritto da":"Francesco Mazzoleni","Tempo di lettura stimato":"3 minuti"},"schema":{"@context":"https:\/\/schema.org","@graph":[{"@type":"WebPage","@id":"https:\/\/staging.varesenews.it\/2019\/07\/terra-leggende-regno-delle-bocce\/840614\/","url":"https:\/\/staging.varesenews.it\/2019\/07\/terra-leggende-regno-delle-bocce\/840614\/","name":"Terra di leggende il regno delle bocce","isPartOf":{"@id":"https:\/\/staging.varesenews.it\/#website"},"datePublished":"2019-07-21T13:44:41+00:00","dateModified":"2019-07-21T13:44:41+00:00","author":{"@id":"https:\/\/staging.varesenews.it\/#\/schema\/person\/e82236e79160d30d4e1f942004ac3038"},"description":"Il ricordo dell'Umberto, i miti si perfezionano giorno dopo giorno e sono sempre pronti ad essere celebrati, perch\u00e9 le leggende possono solo crescere, non si estinguono mai","breadcrumb":{"@id":"https:\/\/staging.varesenews.it\/2019\/07\/terra-leggende-regno-delle-bocce\/840614\/#breadcrumb"},"inLanguage":"it-IT","potentialAction":[{"@type":"ReadAction","target":["https:\/\/staging.varesenews.it\/2019\/07\/terra-leggende-regno-delle-bocce\/840614\/"]}]},{"@type":"BreadcrumbList","@id":"https:\/\/staging.varesenews.it\/2019\/07\/terra-leggende-regno-delle-bocce\/840614\/#breadcrumb","itemListElement":[{"@type":"ListItem","position":1,"name":"Home","item":"https:\/\/www.varesenews.it\/"},{"@type":"ListItem","position":2,"name":"Terra di leggende il regno delle bocce"}]},{"@type":"WebSite","@id":"https:\/\/staging.varesenews.it\/#website","url":"https:\/\/staging.varesenews.it\/","name":"VareseNews","description":"","potentialAction":[{"@type":"SearchAction","target":{"@type":"EntryPoint","urlTemplate":"https:\/\/staging.varesenews.it\/?s={search_term_string}"},"query-input":"required name=search_term_string"}],"inLanguage":"it-IT"},{"@type":"Person","@id":"https:\/\/staging.varesenews.it\/#\/schema\/person\/e82236e79160d30d4e1f942004ac3038","name":"Francesco Mazzoleni","image":{"@type":"ImageObject","inLanguage":"it-IT","@id":"https:\/\/staging.varesenews.it\/#\/schema\/person\/image\/","url":"https:\/\/staging.varesenews.it\/wp-content\/uploads\/2020\/12\/francesco_mazzoleni_colori_500-1.jpg","contentUrl":"https:\/\/staging.varesenews.it\/wp-content\/uploads\/2020\/12\/francesco_mazzoleni_colori_500-1.jpg","caption":"Francesco Mazzoleni"},"description":"\"Uomo di campo\" della redazione sportiva. Nutro una vera passione per il calcio, che sia ad alti livelli, sui campi di provincia o in altri continenti. Sono nato a Varese nel 1984, vivo da sempre a Malnate e ho una laurea in Scienze Motorie. Ho mosso i primi passi a VareseNews da stagista nel 2002; nel 2008 ho iniziato a collaborare con maggiore continuit\u00e0 e dal 2018 sono giornalista professionista. Orgoglioso pap\u00e0 di Federico e Adelaide.","sameAs":["fmazzof","it.linkedin.com\/in\/francescomazzolenif","https:\/\/twitter.com\/fmazzof"],"url":"https:\/\/staging.varesenews.it\/persona\/francesco_mazzoleniferracini\/"}]}},"post_meta":{"_edit_lock":"1563721353:37","_edit_last":"37","_category_permalink":"a:1:{s:8:\"category\";s:2:\"14\";}","ratings_users":"0","ratings_score":"0","ratings_average":"0","foto":"750960","firma-personalizzata":"Roberto Bramani Araldi","argomento":"Bocce","_yoast_wpseo_content_score":"30","_jd_tweet_this":"yes","_wpt_short_url":"https:\/\/www.varesenews.it\/2019\/07\/terra-leggende-regno-delle-bocce\/840614\/","_wp_jd_target":"https:\/\/www.varesenews.it\/2019\/07\/terra-leggende-regno-delle-bocce\/840614\/","_jd_wp_twitter":"a:1:{i:0;s:120:\"Terra di leggende il regno delle bocce https:\/\/www.varesenews.it\/2019\/07\/terra-leggende-regno-delle-bocce\/840614\/ #bocce\";}","_wpt_status_message":"Tweet inviato con successo."},"photos":[{"original":"https:\/\/staging.varesenews.it\/photogallery_new\/images\/2019\/07\/bocce-varie-750960.jpg","full":"https:\/\/staging.varesenews.it\/photogallery_new\/images\/2019\/07\/bocce-varie-750960.1024x768.jpg","large":"https:\/\/staging.varesenews.it\/photogallery_new\/images\/2019\/07\/bocce-varie-750960.610x431.jpg"}],"_links":{"self":[{"href":"https:\/\/staging.varesenews.it\/swgapi\/v1\/wp\/v2\/posts\/840614"}],"collection":[{"href":"https:\/\/staging.varesenews.it\/swgapi\/v1\/wp\/v2\/posts"}],"about":[{"href":"https:\/\/staging.varesenews.it\/swgapi\/v1\/wp\/v2\/types\/post"}],"author":[{"embeddable":true,"href":"https:\/\/staging.varesenews.it\/swgapi\/v1\/wp\/v2\/users\/37"}],"replies":[{"embeddable":true,"href":"https:\/\/staging.varesenews.it\/swgapi\/v1\/wp\/v2\/comments?post=840614"}],"version-history":[{"count":0,"href":"https:\/\/staging.varesenews.it\/swgapi\/v1\/wp\/v2\/posts\/840614\/revisions"}],"wp:attachment":[{"href":"https:\/\/staging.varesenews.it\/swgapi\/v1\/wp\/v2\/media?parent=840614"}],"wp:term":[{"taxonomy":"category","embeddable":true,"href":"https:\/\/staging.varesenews.it\/swgapi\/v1\/wp\/v2\/categories?post=840614"},{"taxonomy":"post_tag","embeddable":true,"href":"https:\/\/staging.varesenews.it\/swgapi\/v1\/wp\/v2\/tags?post=840614"}],"curies":[{"name":"wp","href":"https:\/\/api.w.org\/{rel}","templated":true}]}}