{"id":841931,"date":"2019-07-26T11:59:14","date_gmt":"2019-07-26T09:59:14","guid":{"rendered":"https:\/\/www.varesenews.it\/?p=841931"},"modified":"2019-07-26T11:59:14","modified_gmt":"2019-07-26T09:59:14","slug":"binda-cassazione-richiesta-risarcimento","status":"publish","type":"post","link":"https:\/\/staging.varesenews.it\/2019\/07\/binda-cassazione-richiesta-risarcimento\/841931\/","title":{"rendered":"Binda, tra Cassazione e richiesta di risarcimento"},"content":{"rendered":"<p><strong>\u00abLe carceri le chiamano \u201ccase circondariali\u201c. A volte disturba\u00bb<\/strong>. Una delle prime frasi pronunciate da <a href=\"https:\/\/www.varesenews.it\/2019\/07\/binda-torna-casa-desiderio-normalita\/841565\/\">Stefano Binda mercoled\u00ec scorso<\/a>, non appena rientrato nella sua abitazione di Brebbia \u00e8 stata questa.<\/p>\n<p>Una frase a prima vista da decifrare per chi non conosce quest\u2019uomo, che si svela con un\u2019enorme carica ironica, su di giri al cospetto di amici e parenti che l\u2019hanno incontrato mercoled\u00ec a tarda sera, il giorno della scarcerazione.<\/p>\n<p><strong>Del resto il ricordo del carcere \u00e8 vivo, e le lancette dell\u2019orologio biologico dettato dai tempi della prigione lo vedono in piedi all\u2019alba<\/strong>, quando i primi rumori svegliano i detenuti.<\/p>\n<p>Oggi invece \u00e8 tornato il canto del gallo: la realt\u00e0 per quest\u2019uomo che il 12 agosto compir\u00e0 52 anni \u00e8 diversa e ha il sapore della libert\u00e0 vissuta nel pieno dell\u2019estate, fatta di messe mattutine, letture e visite.<\/p>\n<p>\u00c8 tornato a casa, e per questo parlare di \u201ccasa circondariale\u201c per descrivere una prigione, gli suonava male.<\/p>\n<p><strong>E suona male anche quella carcerazione in regime di custodia cautelare<\/strong> in attesa di giudizio durata tre anni e mezzo e oggetto di numerosi ricorsi, sempre rigettati, da parte della difesa: ultima la decisione della Cassazione arrivata solo il sabato prima della sentenza di assoluzione per non aver commesso il fatto, giunta alle 19 di mercoled\u00ec 24 luglio.<\/p>\n<p><strong>Ora che succeder\u00e0?<\/strong> Ci sono gli estremi per chiedere un <strong>risarcimento allo Stato per l\u2019ingiusta detenzione?<\/strong> <strong>\u00abValuteremo\u00bb<\/strong>, spiega uno dei difensori, l\u2019avvocato <strong>Patrizia Esposito<\/strong> che assieme al collega <strong>Sergio Martelli<\/strong>, entrambi del foro di Varese hanno seguito l\u2019intera fase processuale della vicenda. \u00abPrima occorre far passare in giudicato la sentenza. Ora ci vorranno <strong>90 giorni per il deposito delle motivazioni. A quel punto si vedr\u00e0 cosa succeder\u00e0<\/strong>\u00bb.<\/p>\n<p><iframe loading=\"lazy\" src=\"https:\/\/www.youtube.com\/embed\/NbQrysGDPHk\" width=\"560\" height=\"315\" frameborder=\"0\" allowfullscreen=\"allowfullscreen\"><\/iframe><\/p>\n<p><strong>L\u2019avvocato si riferisce all\u2019ipotesi paventata un minuto dopo la lettura del dispositivo<\/strong> da parte del difensore della famiglia Macchi, <strong>Daniele Pizzi<\/strong> che parlava di possibile ricorso in <strong>Cassazione<\/strong>. Ora, a due giorni da quella decisione, la strada sembra segnata: \u00abNo, non \u00e8 finita finch\u00e9 non \u00e8 finita\u00bb, spiega Pizzi \u00abpoich\u00e9 primo e secondo grado hanno trattato dei medesimi argomenti istruttori, con un convincimento opposto. Di fronte a due sentenze cos\u00ec contrastanti basate sugli elementi chiederemo che ci sia un vaglio della Corte di Cassazione che possa nell\u2019ottica dell\u2019accertamento verificare se i giudici di Milano abbiano operato bene o no. Secondo noi ci sono lacune, al di l\u00e0 dell\u2019esito\u00bb.<\/p>\n<p><strong>Il ricorso in Cassazione potr\u00e0 venir chiesto entro 45 giorni dalla pubblicazione delle motivazioni<\/strong>, quindi c\u2019\u00e8 un tempo teorico fino a dicembre inoltrato. Ma, mentre <strong>per la parte civile potr\u00e0 venir richiesto per i soli effetti civilistici<\/strong> (sono state chieste provvisionali per ciascuno dei famigliari costituitisi: Stefania e Alberto Macchi, fratelli di Lidia e la mamma, Paola Bettoni), <strong>dal punto di vista penale rivestir\u00e0 particolare importanza quello che la Procura generale avr\u00e0 la facolt\u00e0 di promuovere<\/strong>.<\/p>\n<p>Tradotto: la richiesta ai giudici di Roma, che potr\u00e0 vertere sui soli principi di legittimit\u00e0, potr\u00e0 avere forza per la modifica della sentenza di secondo grado. Una scelta che spetter\u00e0 alla procuratrice <strong>Gemma Gualdi, che fu la prima a stringere la mano all\u2019avvocato Patrizia Esposito subito dopo la lettura della sentenza<\/strong>, a Milano. \u00abUn risultato a cui si poteva arrivare gi\u00e0 in primo grado\u00bb, chiosa la legale di Binda prima di rispondere ad un\u2019ultima domanda, prima delle meritate vacanze.<\/p>\n<p><strong>La Corte d\u2019Assise \u00e8 composta di sei giudici popolari e due togati<\/strong>, e i loro voti sulle sentenze hanno pari valore eccetto nei casi di parit\u00e0 quando quello del presidente vale doppio. <strong>Quindi: come ha deciso la giuria?<\/strong><\/p>\n<p><strong>\u00abQuesto non lo sapremo mai. Come per il primo grado\u00bb.<\/strong><\/p>\n","protected":false},"excerpt":{"rendered":"<p>Che cosa accadr\u00e0 adesso? \u00abValuteremo\u00bb, spiega uno dei difensori, l\u2019avvocato Patrizia Esposito. Sicuro il ricorso della Parte civile<\/p>\n","protected":false},"author":34,"featured_media":0,"comment_status":"open","ping_status":"open","sticky":false,"template":"","format":"standard","meta":{"footnotes":""},"categories":[2],"tags":[68998],"acf":[],"yoast_head":"<!-- This site is optimized with the Yoast SEO plugin v20.1 - https:\/\/yoast.com\/wordpress\/plugins\/seo\/ -->\n<title>Binda, tra Cassazione e richiesta di risarcimento<\/title>\n<meta name=\"description\" content=\"Che cosa accadr\u00e0 adesso? \u00abValuteremo\u00bb, spiega uno dei difensori, l\u2019avvocato Patrizia Esposito. Sicuro il ricorso della Parte civile\" \/>\n<meta name=\"robots\" content=\"noindex, follow, max-snippet:-1, max-image-preview:large, max-video-preview:-1\" \/>\n<meta property=\"og:locale\" content=\"it_IT\" \/>\n<meta property=\"og:type\" content=\"article\" \/>\n<meta property=\"og:title\" content=\"Binda, tra Cassazione e richiesta di risarcimento\" \/>\n<meta property=\"og:description\" content=\"Che cosa accadr\u00e0 adesso? \u00abValuteremo\u00bb, spiega uno dei difensori, l\u2019avvocato Patrizia Esposito. Sicuro il ricorso della Parte civile\" \/>\n<meta property=\"og:url\" content=\"https:\/\/www.varesenews.it\/2019\/07\/binda-cassazione-richiesta-risarcimento\/841931\/\" \/>\n<meta property=\"og:site_name\" content=\"VareseNews\" \/>\n<meta property=\"article:publisher\" content=\"https:\/\/www.facebook.com\/varesenews\" \/>\n<meta property=\"article:author\" content=\"https:\/\/www.facebook.com\/andrea.camurani?fref=photo\" \/>\n<meta property=\"article:published_time\" content=\"2019-07-26T09:59:14+00:00\" \/>\n<meta name=\"author\" content=\"Andrea Camurani\" \/>\n<meta name=\"twitter:card\" content=\"summary_large_image\" \/>\n<meta name=\"twitter:creator\" content=\"@AndreaCamurani\" \/>\n<meta name=\"twitter:site\" content=\"@varesenews\" \/>\n<meta name=\"twitter:label1\" content=\"Scritto da\" \/>\n\t<meta name=\"twitter:data1\" content=\"Andrea Camurani\" \/>\n\t<meta name=\"twitter:label2\" content=\"Tempo di lettura stimato\" \/>\n\t<meta name=\"twitter:data2\" content=\"3 minuti\" \/>\n<script type=\"application\/ld+json\" class=\"yoast-schema-graph\">{\"@context\":\"https:\/\/schema.org\",\"@graph\":[{\"@type\":\"WebPage\",\"@id\":\"https:\/\/www.varesenews.it\/2019\/07\/binda-cassazione-richiesta-risarcimento\/841931\/\",\"url\":\"https:\/\/www.varesenews.it\/2019\/07\/binda-cassazione-richiesta-risarcimento\/841931\/\",\"name\":\"Binda, tra Cassazione e richiesta di risarcimento\",\"isPartOf\":{\"@id\":\"https:\/\/staging.varesenews.it\/#website\"},\"datePublished\":\"2019-07-26T09:59:14+00:00\",\"dateModified\":\"2019-07-26T09:59:14+00:00\",\"author\":{\"@id\":\"https:\/\/staging.varesenews.it\/#\/schema\/person\/3eb5832c6beae763de8d9596fdbe8c49\"},\"description\":\"Che cosa accadr\u00e0 adesso? \u00abValuteremo\u00bb, spiega uno dei difensori, l\u2019avvocato Patrizia Esposito. Sicuro il ricorso della Parte civile\",\"breadcrumb\":{\"@id\":\"https:\/\/www.varesenews.it\/2019\/07\/binda-cassazione-richiesta-risarcimento\/841931\/#breadcrumb\"},\"inLanguage\":\"it-IT\",\"potentialAction\":[{\"@type\":\"ReadAction\",\"target\":[\"https:\/\/www.varesenews.it\/2019\/07\/binda-cassazione-richiesta-risarcimento\/841931\/\"]}]},{\"@type\":\"BreadcrumbList\",\"@id\":\"https:\/\/www.varesenews.it\/2019\/07\/binda-cassazione-richiesta-risarcimento\/841931\/#breadcrumb\",\"itemListElement\":[{\"@type\":\"ListItem\",\"position\":1,\"name\":\"Home\",\"item\":\"https:\/\/www.varesenews.it\/\"},{\"@type\":\"ListItem\",\"position\":2,\"name\":\"Binda, tra Cassazione e richiesta di risarcimento\"}]},{\"@type\":\"WebSite\",\"@id\":\"https:\/\/staging.varesenews.it\/#website\",\"url\":\"https:\/\/staging.varesenews.it\/\",\"name\":\"VareseNews\",\"description\":\"\",\"potentialAction\":[{\"@type\":\"SearchAction\",\"target\":{\"@type\":\"EntryPoint\",\"urlTemplate\":\"https:\/\/staging.varesenews.it\/?s={search_term_string}\"},\"query-input\":\"required name=search_term_string\"}],\"inLanguage\":\"it-IT\"},{\"@type\":\"Person\",\"@id\":\"https:\/\/staging.varesenews.it\/#\/schema\/person\/3eb5832c6beae763de8d9596fdbe8c49\",\"name\":\"Andrea Camurani\",\"image\":{\"@type\":\"ImageObject\",\"inLanguage\":\"it-IT\",\"@id\":\"https:\/\/staging.varesenews.it\/#\/schema\/person\/image\/\",\"url\":\"https:\/\/staging.varesenews.it\/wp-content\/uploads\/2020\/12\/andrea_camurani_colori_500.jpg\",\"contentUrl\":\"https:\/\/staging.varesenews.it\/wp-content\/uploads\/2020\/12\/andrea_camurani_colori_500.jpg\",\"caption\":\"Andrea Camurani\"},\"description\":\"Sono figlio degli anni Settanta e di Milano, dove ho imparato a riconoscere buoni e cattivi. Laurea in scienze politiche, lavoro a VareseNews dal 2000. Racconto quel che trovo quando incontro chi vuole lasciare al mondo un pezzetto di vita, che si chiama cronaca. &ldquo;...perch&eacute; &egrave; la gente il pi&ugrave; grande spettacolo del mondo. E non si paga il biglietto...&rdquo; (Charles Bukowsky)\",\"sameAs\":[\"https:\/\/www.facebook.com\/andrea.camurani?fref=photo\",\"andreacamurani\",\"https:\/\/www.linkedin.com\/hp\/?dnr=A9a84RfzsLdo9xg4NcGV4dLiMknoc9ms4WM\",\"https:\/\/twitter.com\/AndreaCamurani\"],\"url\":\"https:\/\/staging.varesenews.it\/persona\/andrea_camurani\/\"}]}<\/script>\n<!-- \/ Yoast SEO plugin. -->","yoast_head_json":{"title":"Binda, tra Cassazione e richiesta di risarcimento","description":"Che cosa accadr\u00e0 adesso? \u00abValuteremo\u00bb, spiega uno dei difensori, l\u2019avvocato Patrizia Esposito. Sicuro il ricorso della Parte civile","robots":{"index":"noindex","follow":"follow","max-snippet":"max-snippet:-1","max-image-preview":"max-image-preview:large","max-video-preview":"max-video-preview:-1"},"og_locale":"it_IT","og_type":"article","og_title":"Binda, tra Cassazione e richiesta di risarcimento","og_description":"Che cosa accadr\u00e0 adesso? \u00abValuteremo\u00bb, spiega uno dei difensori, l\u2019avvocato Patrizia Esposito. Sicuro il ricorso della Parte civile","og_url":"https:\/\/www.varesenews.it\/2019\/07\/binda-cassazione-richiesta-risarcimento\/841931\/","og_site_name":"VareseNews","article_publisher":"https:\/\/www.facebook.com\/varesenews","article_author":"https:\/\/www.facebook.com\/andrea.camurani?fref=photo","article_published_time":"2019-07-26T09:59:14+00:00","author":"Andrea Camurani","twitter_card":"summary_large_image","twitter_creator":"@AndreaCamurani","twitter_site":"@varesenews","twitter_misc":{"Scritto da":"Andrea Camurani","Tempo di lettura stimato":"3 minuti"},"schema":{"@context":"https:\/\/schema.org","@graph":[{"@type":"WebPage","@id":"https:\/\/www.varesenews.it\/2019\/07\/binda-cassazione-richiesta-risarcimento\/841931\/","url":"https:\/\/www.varesenews.it\/2019\/07\/binda-cassazione-richiesta-risarcimento\/841931\/","name":"Binda, tra Cassazione e richiesta di risarcimento","isPartOf":{"@id":"https:\/\/staging.varesenews.it\/#website"},"datePublished":"2019-07-26T09:59:14+00:00","dateModified":"2019-07-26T09:59:14+00:00","author":{"@id":"https:\/\/staging.varesenews.it\/#\/schema\/person\/3eb5832c6beae763de8d9596fdbe8c49"},"description":"Che cosa accadr\u00e0 adesso? \u00abValuteremo\u00bb, spiega uno dei difensori, l\u2019avvocato Patrizia Esposito. Sicuro il ricorso della Parte civile","breadcrumb":{"@id":"https:\/\/www.varesenews.it\/2019\/07\/binda-cassazione-richiesta-risarcimento\/841931\/#breadcrumb"},"inLanguage":"it-IT","potentialAction":[{"@type":"ReadAction","target":["https:\/\/www.varesenews.it\/2019\/07\/binda-cassazione-richiesta-risarcimento\/841931\/"]}]},{"@type":"BreadcrumbList","@id":"https:\/\/www.varesenews.it\/2019\/07\/binda-cassazione-richiesta-risarcimento\/841931\/#breadcrumb","itemListElement":[{"@type":"ListItem","position":1,"name":"Home","item":"https:\/\/www.varesenews.it\/"},{"@type":"ListItem","position":2,"name":"Binda, tra Cassazione e richiesta di risarcimento"}]},{"@type":"WebSite","@id":"https:\/\/staging.varesenews.it\/#website","url":"https:\/\/staging.varesenews.it\/","name":"VareseNews","description":"","potentialAction":[{"@type":"SearchAction","target":{"@type":"EntryPoint","urlTemplate":"https:\/\/staging.varesenews.it\/?s={search_term_string}"},"query-input":"required name=search_term_string"}],"inLanguage":"it-IT"},{"@type":"Person","@id":"https:\/\/staging.varesenews.it\/#\/schema\/person\/3eb5832c6beae763de8d9596fdbe8c49","name":"Andrea Camurani","image":{"@type":"ImageObject","inLanguage":"it-IT","@id":"https:\/\/staging.varesenews.it\/#\/schema\/person\/image\/","url":"https:\/\/staging.varesenews.it\/wp-content\/uploads\/2020\/12\/andrea_camurani_colori_500.jpg","contentUrl":"https:\/\/staging.varesenews.it\/wp-content\/uploads\/2020\/12\/andrea_camurani_colori_500.jpg","caption":"Andrea Camurani"},"description":"Sono figlio degli anni Settanta e di Milano, dove ho imparato a riconoscere buoni e cattivi. Laurea in scienze politiche, lavoro a VareseNews dal 2000. Racconto quel che trovo quando incontro chi vuole lasciare al mondo un pezzetto di vita, che si chiama cronaca. &ldquo;...perch&eacute; &egrave; la gente il pi&ugrave; grande spettacolo del mondo. E non si paga il biglietto...&rdquo; (Charles Bukowsky)","sameAs":["https:\/\/www.facebook.com\/andrea.camurani?fref=photo","andreacamurani","https:\/\/www.linkedin.com\/hp\/?dnr=A9a84RfzsLdo9xg4NcGV4dLiMknoc9ms4WM","https:\/\/twitter.com\/AndreaCamurani"],"url":"https:\/\/staging.varesenews.it\/persona\/andrea_camurani\/"}]}},"post_meta":{"_edit_lock":"1564138429:49","_edit_last":"49","_category_permalink":"a:1:{s:8:\"category\";s:0:\"\";}","id_leggi_anche":"841532,840221,838108,711409,840857,841975,846857","foto":"751635","argomento":"Brebbia","_yoast_wpseo_content_score":"30","_jd_tweet_this":"yes","ratings_users":"0","ratings_score":"0","ratings_average":"0","_wpt_short_url":"https:\/\/www.varesenews.it\/2019\/07\/binda-cassazione-richiesta-risarcimento\/841931\/","_wp_jd_target":"https:\/\/www.varesenews.it\/2019\/07\/binda-cassazione-richiesta-risarcimento\/841931\/","_jd_wp_twitter":"a:1:{i:0;s:132:\"Binda, tra Cassazione e richiesta di risarcimento https:\/\/www.varesenews.it\/2019\/07\/binda-cassazione-richiesta-risarcimento\/841931\/ \";}","_wpt_status_message":"Tweet inviato con successo."},"photos":[{"original":"https:\/\/staging.varesenews.it\/photogallery_new\/images\/2019\/07\/avarie-751635.jpg","full":"https:\/\/staging.varesenews.it\/photogallery_new\/images\/2019\/07\/avarie-751635.1024x768.jpg","large":"https:\/\/staging.varesenews.it\/photogallery_new\/images\/2019\/07\/avarie-751635.610x431.jpg"}],"_links":{"self":[{"href":"https:\/\/staging.varesenews.it\/swgapi\/v1\/wp\/v2\/posts\/841931"}],"collection":[{"href":"https:\/\/staging.varesenews.it\/swgapi\/v1\/wp\/v2\/posts"}],"about":[{"href":"https:\/\/staging.varesenews.it\/swgapi\/v1\/wp\/v2\/types\/post"}],"author":[{"embeddable":true,"href":"https:\/\/staging.varesenews.it\/swgapi\/v1\/wp\/v2\/users\/34"}],"replies":[{"embeddable":true,"href":"https:\/\/staging.varesenews.it\/swgapi\/v1\/wp\/v2\/comments?post=841931"}],"version-history":[{"count":0,"href":"https:\/\/staging.varesenews.it\/swgapi\/v1\/wp\/v2\/posts\/841931\/revisions"}],"wp:attachment":[{"href":"https:\/\/staging.varesenews.it\/swgapi\/v1\/wp\/v2\/media?parent=841931"}],"wp:term":[{"taxonomy":"category","embeddable":true,"href":"https:\/\/staging.varesenews.it\/swgapi\/v1\/wp\/v2\/categories?post=841931"},{"taxonomy":"post_tag","embeddable":true,"href":"https:\/\/staging.varesenews.it\/swgapi\/v1\/wp\/v2\/tags?post=841931"}],"curies":[{"name":"wp","href":"https:\/\/api.w.org\/{rel}","templated":true}]}}