{"id":845210,"date":"2019-08-08T12:52:11","date_gmt":"2019-08-08T10:52:11","guid":{"rendered":"https:\/\/www.varesenews.it\/?p=845210"},"modified":"2019-08-08T13:48:37","modified_gmt":"2019-08-08T11:48:37","slug":"cosa-la-popillia-japonica","status":"publish","type":"post","link":"https:\/\/staging.varesenews.it\/2019\/08\/cosa-la-popillia-japonica\/845210\/","title":{"rendered":"Cosa fare contro la Popillia japonica"},"content":{"rendered":"<p>\u00c8 un insetto giapponese che ormai ha preso casa da queste parti. Stiamo parlando della\u00a0<strong>Popillia japonica<\/strong>, una vera e propria piaga che dal 2015 sta affliggendo campi e orti tutt&#8217;attorno alla valle del Ticino. Che fare dunque per contrastare questo invasore?<\/p>\n<p>I consigli di <a href=\"https:\/\/ente.parcoticino.it\/popillia-japonica-cosa-fare\/\">Parco del Ticino<\/a> e <a href=\"https:\/\/www.ersaf.lombardia.it\/it\/servizio-fitosanitario\/organismi-nocivi\/insetti-1544624942\/pagina-popillia\">Ersaf<\/a>\u00a0per i singoli cittadini sono molto semplici e\u00a0consistono nella riduzione della presenza degli adulti, anche perch\u00e8 le uova e conseguentemente le larve potrebbero essere deposte in terreni lontani dalle piante sulle quali gli insetti si alimentano. Sono tre le alternative che si possono mettere in campo (da sole o tutte assieme) e partono dal\u00a0<strong>controllo manuale<\/strong>, far cio\u00e8 cadere gli insetti in una bottiglietta o recipiente con acqua preferibilmente la mattina o la sera quando gli insetti sono meno mobili. Si pu\u00f2 poi ricorrere a\u00a0prodotti a base di <strong>olio di neem<\/strong> (principio attivo: azadiractina) da spruzzare sulle piante o, ancora,\u00a0utilizzare<strong> reti anti-insetto<\/strong> a protezione delle piante.<\/p>\n<p><strong>Quello che \u00e8 assolutamente sconsigliato \u00e8 utilizzare trappole.<\/strong> &#8220;Il loro potere attrattivo \u00e8 superiore alla capacit\u00e0 di cattura -spiega il Parco del Ticino- e cos\u00ec una trappola collocata all\u2019interno di un orto o di un giardino richiama insetti da centinaia di metri con la conseguenza di aumentare notevolmente il danno a carico della vegetazione presente, foglie, fiori e frutti&#8221;. Le trappole sono invece molto utili &#8220;nell\u2019ambito di strategie territoriali&#8221; ed \u00e8 proprio quello che in questi mesi viene fatto dal servizio fitosanitario regionale che per questo &#8220;<b>chiede quindi la collaborazione di tutti i cittadini perch\u00e9 le trappole non vengano spostate, sottratte o manomesse&#8221;.<\/b><\/p>\n<h2>Le piante attaccate dalla\u00a0Popillia japonica<\/h2>\n<p>Sono tante le piante che piacciono alla\u00a0Popillia japonica, a partire da quelle da frutto. Nell&#8217;elenco delle preferite ci sono\u00a0ciliegio, nettarine, albicocco, susino, melo, cotogno, kaki, actinidia, piccoli frutti, nocciolo e vite ma questo insetto non disdegna neanche gli orti andando ad attaccare principalmente pomodori, melanzane e basilico. Non si salvano neanche le piante ornamentali come\u00a0rosa, ibisco, glicine, tiglio e betulla e neanche quelle selvatiche come\u00a0enotera, ortica, rovo, salcerella, luppolo, vite canadese, salicone, biancospino. Alla Popillia piacciono anche le piante da campo, in particolare modo soia e mais.<\/p>\n<h2>L&#8217;evoluzione dell&#8217;invasione<\/h2>\n<p>Le prime segnalazioni della\u00a0Popillia japonica dalle nostre parti risalgono al 2015. In quell&#8217;anno sono stati contati 11 comuni contagiati ma due anni pi\u00f9 tardi -ultimo dato disponibile- i comuni sono ben 174. Localit\u00e0 che nella zona rossa vanno da Vigevano fino ai primi comuni a sud del Lago Maggiore e da Novara fino alle porte di Milano. Nella cosiddetta zona cuscinetto rientra invece praticamente tutta la provincia di Varese e comuni che si estendono fino a Pavia.<\/p>\n<div class=\"photo-inside-post\"><img decoding=\"async\" loading=\"lazy\" fetchpriority=\"low\" width=\"610\" height=\"431\" src=\"https:\/\/staging.varesenews.it\/photogallery_new\/images\/2019\/08\/generico-2018-753359.610x431.jpg\" alt=\"evoluzione popilla japonica\"><\/div>\n<p>Per ulteriori informazioni si pu\u00f2 <a href=\"https:\/\/www.ersaf.lombardia.it\/it\/servizio-fitosanitario\/organismi-nocivi\/insetti-1544624942\/pagina-popillia\">consultare questo link<\/a>\u00a0o scrivere a\u00a0<a class=\"moz-txt-link-abbreviated\" href=\"mailto:popillia@ersaf.lombardia.it\">popillia@ersaf.lombardia.it<\/a>\u00a0e\u00a0<a class=\"moz-txt-link-abbreviated\" href=\"mailto:popillia@parcoticino.it\">popillia@parcoticino.it<\/a><\/p>\n","protected":false},"excerpt":{"rendered":"<p>Questo insetto giapponese attacca orti, campi e piante. Ecco i consigli di Parco del Ticino e Ersaf\u00a0per contrastare l&#8217;invasore<\/p>\n","protected":false},"author":42,"featured_media":0,"comment_status":"open","ping_status":"open","sticky":false,"template":"","format":"standard","meta":{"footnotes":""},"categories":[4,3,7,5,2],"tags":[12968,1607,61772],"acf":[],"yoast_head":"<!-- This site is optimized with the Yoast SEO plugin v20.1 - https:\/\/yoast.com\/wordpress\/plugins\/seo\/ -->\n<title>Cosa fare contro la Popillia japonica<\/title>\n<meta name=\"description\" content=\"Questo insetto giapponese attacca orti, campi e piante. Ecco i consigli di Parco del Ticino e Ersaf\u00a0per contrastare l&#039;invasore\" \/>\n<meta name=\"robots\" content=\"noindex, follow, max-snippet:-1, max-image-preview:large, max-video-preview:-1\" \/>\n<meta property=\"og:locale\" content=\"it_IT\" \/>\n<meta property=\"og:type\" content=\"article\" \/>\n<meta property=\"og:title\" content=\"Cosa fare contro la Popillia japonica\" \/>\n<meta property=\"og:description\" content=\"Questo insetto giapponese attacca orti, campi e piante. Ecco i consigli di Parco del Ticino e Ersaf\u00a0per contrastare l&#039;invasore\" \/>\n<meta property=\"og:url\" content=\"https:\/\/staging.varesenews.it\/2019\/08\/cosa-la-popillia-japonica\/845210\/\" \/>\n<meta property=\"og:site_name\" content=\"VareseNews\" \/>\n<meta property=\"article:publisher\" content=\"https:\/\/www.facebook.com\/varesenews\" \/>\n<meta property=\"article:published_time\" content=\"2019-08-08T10:52:11+00:00\" \/>\n<meta property=\"article:modified_time\" content=\"2019-08-08T11:48:37+00:00\" \/>\n<meta name=\"author\" content=\"Marco Corso\" \/>\n<meta name=\"twitter:card\" content=\"summary_large_image\" \/>\n<meta name=\"twitter:creator\" content=\"@varesenews\" \/>\n<meta name=\"twitter:site\" content=\"@varesenews\" \/>\n<meta name=\"twitter:label1\" content=\"Scritto da\" \/>\n\t<meta name=\"twitter:data1\" content=\"Marco Corso\" \/>\n\t<meta name=\"twitter:label2\" content=\"Tempo di lettura stimato\" \/>\n\t<meta name=\"twitter:data2\" content=\"2 minuti\" \/>\n<script type=\"application\/ld+json\" class=\"yoast-schema-graph\">{\"@context\":\"https:\/\/schema.org\",\"@graph\":[{\"@type\":\"WebPage\",\"@id\":\"https:\/\/staging.varesenews.it\/2019\/08\/cosa-la-popillia-japonica\/845210\/\",\"url\":\"https:\/\/staging.varesenews.it\/2019\/08\/cosa-la-popillia-japonica\/845210\/\",\"name\":\"Cosa fare contro la Popillia japonica\",\"isPartOf\":{\"@id\":\"https:\/\/staging.varesenews.it\/#website\"},\"datePublished\":\"2019-08-08T10:52:11+00:00\",\"dateModified\":\"2019-08-08T11:48:37+00:00\",\"author\":{\"@id\":\"https:\/\/staging.varesenews.it\/#\/schema\/person\/f0b866bf1a4a7b2b1558574309a927fa\"},\"description\":\"Questo insetto giapponese attacca orti, campi e piante. Ecco i consigli di Parco del Ticino e Ersaf\u00a0per contrastare l'invasore\",\"breadcrumb\":{\"@id\":\"https:\/\/staging.varesenews.it\/2019\/08\/cosa-la-popillia-japonica\/845210\/#breadcrumb\"},\"inLanguage\":\"it-IT\",\"potentialAction\":[{\"@type\":\"ReadAction\",\"target\":[\"https:\/\/staging.varesenews.it\/2019\/08\/cosa-la-popillia-japonica\/845210\/\"]}]},{\"@type\":\"BreadcrumbList\",\"@id\":\"https:\/\/staging.varesenews.it\/2019\/08\/cosa-la-popillia-japonica\/845210\/#breadcrumb\",\"itemListElement\":[{\"@type\":\"ListItem\",\"position\":1,\"name\":\"Home\",\"item\":\"https:\/\/www.varesenews.it\/\"},{\"@type\":\"ListItem\",\"position\":2,\"name\":\"Cosa fare contro la Popillia japonica\"}]},{\"@type\":\"WebSite\",\"@id\":\"https:\/\/staging.varesenews.it\/#website\",\"url\":\"https:\/\/staging.varesenews.it\/\",\"name\":\"VareseNews\",\"description\":\"\",\"potentialAction\":[{\"@type\":\"SearchAction\",\"target\":{\"@type\":\"EntryPoint\",\"urlTemplate\":\"https:\/\/staging.varesenews.it\/?s={search_term_string}\"},\"query-input\":\"required name=search_term_string\"}],\"inLanguage\":\"it-IT\"},{\"@type\":\"Person\",\"@id\":\"https:\/\/staging.varesenews.it\/#\/schema\/person\/f0b866bf1a4a7b2b1558574309a927fa\",\"name\":\"Marco Corso\",\"image\":{\"@type\":\"ImageObject\",\"inLanguage\":\"it-IT\",\"@id\":\"https:\/\/staging.varesenews.it\/#\/schema\/person\/image\/\",\"url\":\"https:\/\/staging.varesenews.it\/wp-content\/uploads\/2020\/12\/marco_corso_colori_500.jpg\",\"contentUrl\":\"https:\/\/staging.varesenews.it\/wp-content\/uploads\/2020\/12\/marco_corso_colori_500.jpg\",\"caption\":\"Marco Corso\"},\"description\":\"Classe 91, per diversi anni mi sono fregiato del titolo di pi&ugrave; giovane della redazione, ma adesso faccio il fratello maggiore alle nuove leve. Mi sono laureato nel 2013 in Scienze Sociali per la Globalizzazione alla Statale di Milano e nel 2015 mi sono diplomato in videogiornalismo alla Civica Scuola di Cinema di Milano. A VareseNews da 10 anni, ho seguito da sempre diversi progetti, partendo dalla mia Busto Arsizio per attraversare tutta la provincia. Adesso la \\\"sorvolo\\\" anche con il mio drone, regalando alle mie riprese sempre un punto di vista emozionale e narrativo sui luoghi e le vicende che racconto, ma rimanendo fedele alla cronaca. Quando non faccio il giornalista viaggio o mi arrampico sui monti, per guardare il mondo da altri punti di vista.\",\"sameAs\":[\"mar_corso\"],\"url\":\"https:\/\/staging.varesenews.it\/persona\/marco-corso1\/\"}]}<\/script>\n<!-- \/ Yoast SEO plugin. -->","yoast_head_json":{"title":"Cosa fare contro la Popillia japonica","description":"Questo insetto giapponese attacca orti, campi e piante. Ecco i consigli di Parco del Ticino e Ersaf\u00a0per contrastare l'invasore","robots":{"index":"noindex","follow":"follow","max-snippet":"max-snippet:-1","max-image-preview":"max-image-preview:large","max-video-preview":"max-video-preview:-1"},"og_locale":"it_IT","og_type":"article","og_title":"Cosa fare contro la Popillia japonica","og_description":"Questo insetto giapponese attacca orti, campi e piante. Ecco i consigli di Parco del Ticino e Ersaf\u00a0per contrastare l'invasore","og_url":"https:\/\/staging.varesenews.it\/2019\/08\/cosa-la-popillia-japonica\/845210\/","og_site_name":"VareseNews","article_publisher":"https:\/\/www.facebook.com\/varesenews","article_published_time":"2019-08-08T10:52:11+00:00","article_modified_time":"2019-08-08T11:48:37+00:00","author":"Marco Corso","twitter_card":"summary_large_image","twitter_creator":"@varesenews","twitter_site":"@varesenews","twitter_misc":{"Scritto da":"Marco Corso","Tempo di lettura stimato":"2 minuti"},"schema":{"@context":"https:\/\/schema.org","@graph":[{"@type":"WebPage","@id":"https:\/\/staging.varesenews.it\/2019\/08\/cosa-la-popillia-japonica\/845210\/","url":"https:\/\/staging.varesenews.it\/2019\/08\/cosa-la-popillia-japonica\/845210\/","name":"Cosa fare contro la Popillia japonica","isPartOf":{"@id":"https:\/\/staging.varesenews.it\/#website"},"datePublished":"2019-08-08T10:52:11+00:00","dateModified":"2019-08-08T11:48:37+00:00","author":{"@id":"https:\/\/staging.varesenews.it\/#\/schema\/person\/f0b866bf1a4a7b2b1558574309a927fa"},"description":"Questo insetto giapponese attacca orti, campi e piante. Ecco i consigli di Parco del Ticino e Ersaf\u00a0per contrastare l'invasore","breadcrumb":{"@id":"https:\/\/staging.varesenews.it\/2019\/08\/cosa-la-popillia-japonica\/845210\/#breadcrumb"},"inLanguage":"it-IT","potentialAction":[{"@type":"ReadAction","target":["https:\/\/staging.varesenews.it\/2019\/08\/cosa-la-popillia-japonica\/845210\/"]}]},{"@type":"BreadcrumbList","@id":"https:\/\/staging.varesenews.it\/2019\/08\/cosa-la-popillia-japonica\/845210\/#breadcrumb","itemListElement":[{"@type":"ListItem","position":1,"name":"Home","item":"https:\/\/www.varesenews.it\/"},{"@type":"ListItem","position":2,"name":"Cosa fare contro la Popillia japonica"}]},{"@type":"WebSite","@id":"https:\/\/staging.varesenews.it\/#website","url":"https:\/\/staging.varesenews.it\/","name":"VareseNews","description":"","potentialAction":[{"@type":"SearchAction","target":{"@type":"EntryPoint","urlTemplate":"https:\/\/staging.varesenews.it\/?s={search_term_string}"},"query-input":"required name=search_term_string"}],"inLanguage":"it-IT"},{"@type":"Person","@id":"https:\/\/staging.varesenews.it\/#\/schema\/person\/f0b866bf1a4a7b2b1558574309a927fa","name":"Marco Corso","image":{"@type":"ImageObject","inLanguage":"it-IT","@id":"https:\/\/staging.varesenews.it\/#\/schema\/person\/image\/","url":"https:\/\/staging.varesenews.it\/wp-content\/uploads\/2020\/12\/marco_corso_colori_500.jpg","contentUrl":"https:\/\/staging.varesenews.it\/wp-content\/uploads\/2020\/12\/marco_corso_colori_500.jpg","caption":"Marco Corso"},"description":"Classe 91, per diversi anni mi sono fregiato del titolo di pi&ugrave; giovane della redazione, ma adesso faccio il fratello maggiore alle nuove leve. Mi sono laureato nel 2013 in Scienze Sociali per la Globalizzazione alla Statale di Milano e nel 2015 mi sono diplomato in videogiornalismo alla Civica Scuola di Cinema di Milano. A VareseNews da 10 anni, ho seguito da sempre diversi progetti, partendo dalla mia Busto Arsizio per attraversare tutta la provincia. Adesso la \"sorvolo\" anche con il mio drone, regalando alle mie riprese sempre un punto di vista emozionale e narrativo sui luoghi e le vicende che racconto, ma rimanendo fedele alla cronaca. Quando non faccio il giornalista viaggio o mi arrampico sui monti, per guardare il mondo da altri punti di vista.","sameAs":["mar_corso"],"url":"https:\/\/staging.varesenews.it\/persona\/marco-corso1\/"}]}},"post_meta":{"_edit_lock":"1565268921:42","_edit_last":"42","_category_permalink":"a:1:{s:8:\"category\";s:0:\"\";}","foto":"753346","argomento":"Ambiente","_yoast_wpseo_content_score":"30","_jd_tweet_this":"yes","id_link_fotogallery":"845234","firma-personalizzata":"mar.co.","ratings_users":"0","ratings_score":"0","ratings_average":"0","_wpt_short_url":"https:\/\/www.varesenews.it\/2019\/08\/cosa-la-popillia-japonica\/845210\/","_wp_jd_target":"https:\/\/www.varesenews.it\/2019\/08\/cosa-la-popillia-japonica\/845210\/","_jd_wp_twitter":"a:1:{i:0;s:130:\"Cosa fare contro la Popillia japonica https:\/\/www.varesenews.it\/2019\/08\/cosa-la-popillia-japonica\/845210\/ #insetti #parcodelTicino\";}","_wpt_status_message":"Tweet inviato con successo."},"photos":[{"original":"https:\/\/staging.varesenews.it\/photogallery_new\/images\/2019\/08\/generico-2018-753346.jpg","full":"https:\/\/staging.varesenews.it\/photogallery_new\/images\/2019\/08\/generico-2018-753346.1024x768.jpg","large":"https:\/\/staging.varesenews.it\/photogallery_new\/images\/2019\/08\/generico-2018-753346.610x431.jpg"}],"_links":{"self":[{"href":"https:\/\/staging.varesenews.it\/swgapi\/v1\/wp\/v2\/posts\/845210"}],"collection":[{"href":"https:\/\/staging.varesenews.it\/swgapi\/v1\/wp\/v2\/posts"}],"about":[{"href":"https:\/\/staging.varesenews.it\/swgapi\/v1\/wp\/v2\/types\/post"}],"author":[{"embeddable":true,"href":"https:\/\/staging.varesenews.it\/swgapi\/v1\/wp\/v2\/users\/42"}],"replies":[{"embeddable":true,"href":"https:\/\/staging.varesenews.it\/swgapi\/v1\/wp\/v2\/comments?post=845210"}],"version-history":[{"count":0,"href":"https:\/\/staging.varesenews.it\/swgapi\/v1\/wp\/v2\/posts\/845210\/revisions"}],"wp:attachment":[{"href":"https:\/\/staging.varesenews.it\/swgapi\/v1\/wp\/v2\/media?parent=845210"}],"wp:term":[{"taxonomy":"category","embeddable":true,"href":"https:\/\/staging.varesenews.it\/swgapi\/v1\/wp\/v2\/categories?post=845210"},{"taxonomy":"post_tag","embeddable":true,"href":"https:\/\/staging.varesenews.it\/swgapi\/v1\/wp\/v2\/tags?post=845210"}],"curies":[{"name":"wp","href":"https:\/\/api.w.org\/{rel}","templated":true}]}}