{"id":845513,"date":"2019-08-09T14:27:25","date_gmt":"2019-08-09T12:27:25","guid":{"rendered":"https:\/\/www.varesenews.it\/?p=845513"},"modified":"2019-08-09T14:27:25","modified_gmt":"2019-08-09T12:27:25","slug":"la-lega-cerca-la-pace-antonelli-la-nuova-giunta-ci-piace","status":"publish","type":"post","link":"https:\/\/staging.varesenews.it\/2019\/08\/la-lega-cerca-la-pace-antonelli-la-nuova-giunta-ci-piace\/845513\/","title":{"rendered":"La Lega cerca la pace con Antonelli: &#8220;La nuova giunta ci piace&#8221;"},"content":{"rendered":"<p>Pace fatta tra Emanuele Antonelli e la Lega. Dopo settimane di trattative, incontri e tira e molla sono bastate poche righe sui social al sindaco per riportare l&#8217;alleato alla calma. <a href=\"https:\/\/www.varesenews.it\/2019\/08\/lo-strappo-antonelli-la-lega-vogliono-non-persone-competenti\/845397\/\">Poche parole, s\u00ec, ma pesantissime<\/a>. E poche ore dopo quel post la Lega ha risposto diffondendo una nota dai toni molto pacati e asettici.<\/p>\n<p>&#8220;La Lega di Busto Arsizio, a seguito della riunione che si \u00e8 svolta ieri sera sul tema del nuovo assetto della Giunta comunale, valutata la proposta formulata dal sindaco Emanuele Antonelli, ha deciso all&#8217;unanimit\u00e0 dei presenti di non opporsi&#8221; si legge nella comunicazione della sezione. La ricostruzione che arriva dal Carroccio \u00e8 un po&#8217; diversa per\u00f2 da quella piena di tensioni tratteggiata dal Sindaco. &#8220;In queste settimane di confronto la Lega ha lavorato, al Tavolo delle trattative, <strong>con lealt\u00e0 e spirito di collaborazione, come \u00e8 suo uso, mettendo innanzitutto al centro il bene della citt\u00e0 e della sua amministrazione<\/strong> -continua il comunicato-. In questo senso va letta la disponibilit\u00e0 manifestata nei confronti di una possibile revisione delle deleghe, anche se meno incisive politicamente, che consentissero la migliore gestione possibile anche di settori di cui non si era mai occupata finora nell&#8217;ambito della Giunta.\u00a0<strong>Si \u00e8 tuttavia preso atto del diverso orientamento del sindaco Antonelli e pertanto la decisione \u00e8 di non opporsi all&#8217;assetto da lui proposto&#8221;<\/strong>.<\/p>\n<p>Quindi la Lega conferma i posti e le cariche a lei assegnate: <strong>Max Rogora<\/strong> \u00e8 confermato come assessore alla Sicurezza e <strong>Manuela Maffioli<\/strong> rimane assessore a Identit\u00e0, Cultura e Sviluppo del Territorio prendendo anche la carica di vicesindaco. La new entry \u00e8 <strong>Alessandro Albani<\/strong> che avr\u00e0 il ruolo di assessore a Urbanistica ed Edilizia (ed era proprio sul suo nome e le sue competenze che si stava consumando lo strappo). &#8220;Agli assessori che restano confermiamo stima e fiducia -spiega la Lega-. Ringraziamo la vicesindaco Isabella Tovaglieri per il lavoro svolto in questi anni e le rinnoviamo i nostri migliori auguri di buon lavoro al Parlamento europeo.\u00a0Ringraziamo il dottor Alessandro Albani, da tre anni consigliere comunale della citt\u00e0, per aver accettato di farsi carico di un settore cos\u00ec strategico per lo sviluppo di Busto.\u00a0Un grazie per la disponibilit\u00e0 va anche a Manuela Maffioli, prima e unica scelta della sezione per il ruolo di vicesindaco, che premia il lavoro finora svolto nei settori della Cultura e del Commercio, oltre alla sua lunga esperienza nella pubblica amministrazione&#8221;.<\/p>\n<p>E mentre si aspetta l&#8217;ufficialit\u00e0 delle nuove nomine la Lega assicura che &#8220;<strong>in questo nuovo assetto della Giunta la Lega intende confermarsi elemento di riferimento politico e di stabilit\u00e0, alleato collaborativo e presente su ogni settore della vita della citt\u00e0&#8221;<\/strong>.<\/p>\n<blockquote class=\"wp-embedded-content\" data-secret=\"Ipc2zV2Gik\"><p><a href=\"https:\/\/www.varesenews.it\/2019\/08\/lo-strappo-antonelli-la-lega-vogliono-non-persone-competenti\/845397\/\">Lo strappo di Antonelli con la Lega: &#8220;Vogliono tutto ma non hanno persone competenti&#8221;<\/a><\/p><\/blockquote>\n<p><iframe class=\"wp-embedded-content\" sandbox=\"allow-scripts\" security=\"restricted\" style=\"position: absolute; clip: rect(1px, 1px, 1px, 1px);\" src=\"https:\/\/www.varesenews.it\/2019\/08\/lo-strappo-antonelli-la-lega-vogliono-non-persone-competenti\/845397\/embed\/#?secret=Ipc2zV2Gik\" data-secret=\"Ipc2zV2Gik\" width=\"500\" height=\"282\" title=\"&#8220;Lo strappo di Antonelli con la Lega: &#8220;Vogliono tutto ma non hanno persone competenti&#8221;&#8221; &#8212; VareseNews\" frameborder=\"0\" marginwidth=\"0\" marginheight=\"0\" scrolling=\"no\"><\/iframe><\/p>\n","protected":false},"excerpt":{"rendered":"<p>Dopo lo sfogo di Antonelli la Lega di Busto Arsizio annuncia che &#8220;abbiamo approvato all&#8217;unanimit\u00e0 di non opporci&#8221; affermando di aver fatto tutto con &#8220;lealt\u00e0 e spirito di collaborazione&#8221;<\/p>\n","protected":false},"author":42,"featured_media":0,"comment_status":"open","ping_status":"open","sticky":false,"template":"","format":"standard","meta":{"footnotes":""},"categories":[4,16],"tags":[61894],"acf":[],"yoast_head":"<!-- This site is optimized with the Yoast SEO plugin v20.1 - https:\/\/yoast.com\/wordpress\/plugins\/seo\/ -->\n<title>La Lega cerca la pace con Antonelli: &quot;La nuova giunta ci piace&quot;<\/title>\n<meta name=\"description\" content=\"Dopo lo sfogo di Antonelli la Lega di Busto Arsizio annuncia che &quot;abbiamo approvato all&#039;unanimit\u00e0 di non opporci&quot; affermando di aver fatto tutto con &quot;lealt\u00e0 e spirito di collaborazione&quot;\" \/>\n<meta name=\"robots\" content=\"noindex, follow, max-snippet:-1, max-image-preview:large, max-video-preview:-1\" \/>\n<meta property=\"og:locale\" content=\"it_IT\" \/>\n<meta property=\"og:type\" content=\"article\" \/>\n<meta property=\"og:title\" content=\"La Lega cerca la pace con Antonelli: &quot;La nuova giunta ci piace&quot;\" \/>\n<meta property=\"og:description\" content=\"Dopo lo sfogo di Antonelli la Lega di Busto Arsizio annuncia che &quot;abbiamo approvato all&#039;unanimit\u00e0 di non opporci&quot; affermando di aver fatto tutto con &quot;lealt\u00e0 e spirito di collaborazione&quot;\" \/>\n<meta property=\"og:url\" content=\"https:\/\/staging.varesenews.it\/2019\/08\/la-lega-cerca-la-pace-antonelli-la-nuova-giunta-ci-piace\/845513\/\" \/>\n<meta property=\"og:site_name\" content=\"VareseNews\" \/>\n<meta property=\"article:publisher\" content=\"https:\/\/www.facebook.com\/varesenews\" \/>\n<meta property=\"article:published_time\" content=\"2019-08-09T12:27:25+00:00\" \/>\n<meta name=\"author\" content=\"Marco Corso\" \/>\n<meta name=\"twitter:card\" content=\"summary_large_image\" \/>\n<meta name=\"twitter:creator\" content=\"@varesenews\" \/>\n<meta name=\"twitter:site\" content=\"@varesenews\" \/>\n<meta name=\"twitter:label1\" content=\"Scritto da\" \/>\n\t<meta name=\"twitter:data1\" content=\"Marco Corso\" \/>\n\t<meta name=\"twitter:label2\" content=\"Tempo di lettura stimato\" \/>\n\t<meta name=\"twitter:data2\" content=\"2 minuti\" \/>\n<script type=\"application\/ld+json\" class=\"yoast-schema-graph\">{\"@context\":\"https:\/\/schema.org\",\"@graph\":[{\"@type\":\"WebPage\",\"@id\":\"https:\/\/staging.varesenews.it\/2019\/08\/la-lega-cerca-la-pace-antonelli-la-nuova-giunta-ci-piace\/845513\/\",\"url\":\"https:\/\/staging.varesenews.it\/2019\/08\/la-lega-cerca-la-pace-antonelli-la-nuova-giunta-ci-piace\/845513\/\",\"name\":\"La Lega cerca la pace con Antonelli: \\\"La nuova giunta ci piace\\\"\",\"isPartOf\":{\"@id\":\"https:\/\/staging.varesenews.it\/#website\"},\"datePublished\":\"2019-08-09T12:27:25+00:00\",\"dateModified\":\"2019-08-09T12:27:25+00:00\",\"author\":{\"@id\":\"https:\/\/staging.varesenews.it\/#\/schema\/person\/f0b866bf1a4a7b2b1558574309a927fa\"},\"description\":\"Dopo lo sfogo di Antonelli la Lega di Busto Arsizio annuncia che \\\"abbiamo approvato all'unanimit\u00e0 di non opporci\\\" affermando di aver fatto tutto con \\\"lealt\u00e0 e spirito di collaborazione\\\"\",\"breadcrumb\":{\"@id\":\"https:\/\/staging.varesenews.it\/2019\/08\/la-lega-cerca-la-pace-antonelli-la-nuova-giunta-ci-piace\/845513\/#breadcrumb\"},\"inLanguage\":\"it-IT\",\"potentialAction\":[{\"@type\":\"ReadAction\",\"target\":[\"https:\/\/staging.varesenews.it\/2019\/08\/la-lega-cerca-la-pace-antonelli-la-nuova-giunta-ci-piace\/845513\/\"]}]},{\"@type\":\"BreadcrumbList\",\"@id\":\"https:\/\/staging.varesenews.it\/2019\/08\/la-lega-cerca-la-pace-antonelli-la-nuova-giunta-ci-piace\/845513\/#breadcrumb\",\"itemListElement\":[{\"@type\":\"ListItem\",\"position\":1,\"name\":\"Home\",\"item\":\"https:\/\/www.varesenews.it\/\"},{\"@type\":\"ListItem\",\"position\":2,\"name\":\"La Lega cerca la pace con Antonelli: &#8220;La nuova giunta ci piace&#8221;\"}]},{\"@type\":\"WebSite\",\"@id\":\"https:\/\/staging.varesenews.it\/#website\",\"url\":\"https:\/\/staging.varesenews.it\/\",\"name\":\"VareseNews\",\"description\":\"\",\"potentialAction\":[{\"@type\":\"SearchAction\",\"target\":{\"@type\":\"EntryPoint\",\"urlTemplate\":\"https:\/\/staging.varesenews.it\/?s={search_term_string}\"},\"query-input\":\"required name=search_term_string\"}],\"inLanguage\":\"it-IT\"},{\"@type\":\"Person\",\"@id\":\"https:\/\/staging.varesenews.it\/#\/schema\/person\/f0b866bf1a4a7b2b1558574309a927fa\",\"name\":\"Marco Corso\",\"image\":{\"@type\":\"ImageObject\",\"inLanguage\":\"it-IT\",\"@id\":\"https:\/\/staging.varesenews.it\/#\/schema\/person\/image\/\",\"url\":\"https:\/\/staging.varesenews.it\/wp-content\/uploads\/2020\/12\/marco_corso_colori_500.jpg\",\"contentUrl\":\"https:\/\/staging.varesenews.it\/wp-content\/uploads\/2020\/12\/marco_corso_colori_500.jpg\",\"caption\":\"Marco Corso\"},\"description\":\"Classe 91, per diversi anni mi sono fregiato del titolo di pi&ugrave; giovane della redazione, ma adesso faccio il fratello maggiore alle nuove leve. Mi sono laureato nel 2013 in Scienze Sociali per la Globalizzazione alla Statale di Milano e nel 2015 mi sono diplomato in videogiornalismo alla Civica Scuola di Cinema di Milano. A VareseNews da 10 anni, ho seguito da sempre diversi progetti, partendo dalla mia Busto Arsizio per attraversare tutta la provincia. Adesso la \\\"sorvolo\\\" anche con il mio drone, regalando alle mie riprese sempre un punto di vista emozionale e narrativo sui luoghi e le vicende che racconto, ma rimanendo fedele alla cronaca. Quando non faccio il giornalista viaggio o mi arrampico sui monti, per guardare il mondo da altri punti di vista.\",\"sameAs\":[\"mar_corso\"],\"url\":\"https:\/\/staging.varesenews.it\/persona\/marco-corso1\/\"}]}<\/script>\n<!-- \/ Yoast SEO plugin. -->","yoast_head_json":{"title":"La Lega cerca la pace con Antonelli: \"La nuova giunta ci piace\"","description":"Dopo lo sfogo di Antonelli la Lega di Busto Arsizio annuncia che \"abbiamo approvato all'unanimit\u00e0 di non opporci\" affermando di aver fatto tutto con \"lealt\u00e0 e spirito di collaborazione\"","robots":{"index":"noindex","follow":"follow","max-snippet":"max-snippet:-1","max-image-preview":"max-image-preview:large","max-video-preview":"max-video-preview:-1"},"og_locale":"it_IT","og_type":"article","og_title":"La Lega cerca la pace con Antonelli: \"La nuova giunta ci piace\"","og_description":"Dopo lo sfogo di Antonelli la Lega di Busto Arsizio annuncia che \"abbiamo approvato all'unanimit\u00e0 di non opporci\" affermando di aver fatto tutto con \"lealt\u00e0 e spirito di collaborazione\"","og_url":"https:\/\/staging.varesenews.it\/2019\/08\/la-lega-cerca-la-pace-antonelli-la-nuova-giunta-ci-piace\/845513\/","og_site_name":"VareseNews","article_publisher":"https:\/\/www.facebook.com\/varesenews","article_published_time":"2019-08-09T12:27:25+00:00","author":"Marco Corso","twitter_card":"summary_large_image","twitter_creator":"@varesenews","twitter_site":"@varesenews","twitter_misc":{"Scritto da":"Marco Corso","Tempo di lettura stimato":"2 minuti"},"schema":{"@context":"https:\/\/schema.org","@graph":[{"@type":"WebPage","@id":"https:\/\/staging.varesenews.it\/2019\/08\/la-lega-cerca-la-pace-antonelli-la-nuova-giunta-ci-piace\/845513\/","url":"https:\/\/staging.varesenews.it\/2019\/08\/la-lega-cerca-la-pace-antonelli-la-nuova-giunta-ci-piace\/845513\/","name":"La Lega cerca la pace con Antonelli: \"La nuova giunta ci piace\"","isPartOf":{"@id":"https:\/\/staging.varesenews.it\/#website"},"datePublished":"2019-08-09T12:27:25+00:00","dateModified":"2019-08-09T12:27:25+00:00","author":{"@id":"https:\/\/staging.varesenews.it\/#\/schema\/person\/f0b866bf1a4a7b2b1558574309a927fa"},"description":"Dopo lo sfogo di Antonelli la Lega di Busto Arsizio annuncia che \"abbiamo approvato all'unanimit\u00e0 di non opporci\" affermando di aver fatto tutto con \"lealt\u00e0 e spirito di collaborazione\"","breadcrumb":{"@id":"https:\/\/staging.varesenews.it\/2019\/08\/la-lega-cerca-la-pace-antonelli-la-nuova-giunta-ci-piace\/845513\/#breadcrumb"},"inLanguage":"it-IT","potentialAction":[{"@type":"ReadAction","target":["https:\/\/staging.varesenews.it\/2019\/08\/la-lega-cerca-la-pace-antonelli-la-nuova-giunta-ci-piace\/845513\/"]}]},{"@type":"BreadcrumbList","@id":"https:\/\/staging.varesenews.it\/2019\/08\/la-lega-cerca-la-pace-antonelli-la-nuova-giunta-ci-piace\/845513\/#breadcrumb","itemListElement":[{"@type":"ListItem","position":1,"name":"Home","item":"https:\/\/www.varesenews.it\/"},{"@type":"ListItem","position":2,"name":"La Lega cerca la pace con Antonelli: &#8220;La nuova giunta ci piace&#8221;"}]},{"@type":"WebSite","@id":"https:\/\/staging.varesenews.it\/#website","url":"https:\/\/staging.varesenews.it\/","name":"VareseNews","description":"","potentialAction":[{"@type":"SearchAction","target":{"@type":"EntryPoint","urlTemplate":"https:\/\/staging.varesenews.it\/?s={search_term_string}"},"query-input":"required name=search_term_string"}],"inLanguage":"it-IT"},{"@type":"Person","@id":"https:\/\/staging.varesenews.it\/#\/schema\/person\/f0b866bf1a4a7b2b1558574309a927fa","name":"Marco Corso","image":{"@type":"ImageObject","inLanguage":"it-IT","@id":"https:\/\/staging.varesenews.it\/#\/schema\/person\/image\/","url":"https:\/\/staging.varesenews.it\/wp-content\/uploads\/2020\/12\/marco_corso_colori_500.jpg","contentUrl":"https:\/\/staging.varesenews.it\/wp-content\/uploads\/2020\/12\/marco_corso_colori_500.jpg","caption":"Marco Corso"},"description":"Classe 91, per diversi anni mi sono fregiato del titolo di pi&ugrave; giovane della redazione, ma adesso faccio il fratello maggiore alle nuove leve. Mi sono laureato nel 2013 in Scienze Sociali per la Globalizzazione alla Statale di Milano e nel 2015 mi sono diplomato in videogiornalismo alla Civica Scuola di Cinema di Milano. A VareseNews da 10 anni, ho seguito da sempre diversi progetti, partendo dalla mia Busto Arsizio per attraversare tutta la provincia. Adesso la \"sorvolo\" anche con il mio drone, regalando alle mie riprese sempre un punto di vista emozionale e narrativo sui luoghi e le vicende che racconto, ma rimanendo fedele alla cronaca. Quando non faccio il giornalista viaggio o mi arrampico sui monti, per guardare il mondo da altri punti di vista.","sameAs":["mar_corso"],"url":"https:\/\/staging.varesenews.it\/persona\/marco-corso1\/"}]}},"post_meta":{"_edit_lock":"1566286600:47","_edit_last":"42","_oembed_ed15b23c32ce86d73720f07a1027f160":"<blockquote class=\"wp-embedded-content\" data-secret=\"Ipc2zV2Gik\"><a href=\"https:\/\/www.varesenews.it\/2019\/08\/lo-strappo-antonelli-la-lega-vogliono-non-persone-competenti\/845397\/\">Lo strappo di Antonelli con la Lega: &#8220;Vogliono tutto ma non hanno persone competenti&#8221;<\/a><\/blockquote><iframe class=\"wp-embedded-content\" sandbox=\"allow-scripts\" security=\"restricted\" style=\"position: absolute; clip: rect(1px, 1px, 1px, 1px);\" src=\"https:\/\/www.varesenews.it\/2019\/08\/lo-strappo-antonelli-la-lega-vogliono-non-persone-competenti\/845397\/embed\/#?secret=Ipc2zV2Gik\" data-secret=\"Ipc2zV2Gik\" width=\"500\" height=\"282\" title=\"&#8220;Lo strappo di Antonelli con la Lega: &#8220;Vogliono tutto ma non hanno persone competenti&#8221;&#8221; &#8212; VareseNews\" frameborder=\"0\" marginwidth=\"0\" marginheight=\"0\" scrolling=\"no\"><\/iframe>","_oembed_time_ed15b23c32ce86d73720f07a1027f160":"1565353170","_category_permalink":"a:1:{s:8:\"category\";s:0:\"\";}","foto":"552133","firma_come_redazione":"1","argomento":"Busto Arsizio","_yoast_wpseo_content_score":"30","_jd_tweet_this":"yes","ratings_users":"0","ratings_score":"0","ratings_average":"0","_wpt_short_url":"https:\/\/www.varesenews.it\/2019\/08\/la-lega-cerca-la-pace-antonelli-la-nuova-giunta-ci-piace\/845513\/","_wp_jd_target":"https:\/\/www.varesenews.it\/2019\/08\/la-lega-cerca-la-pace-antonelli-la-nuova-giunta-ci-piace\/845513\/","_jd_wp_twitter":"a:1:{i:0;s:183:\"La Lega cerca la pace con Antonelli: \u201cLa nuova giunta ci piace\u201d https:\/\/www.varesenews.it\/2019\/08\/la-lega-cerca-la-pace-antonelli-la-nuova-giunta-ci-piace\/845513\/ #giuntaantonelli\";}","_wpt_status_message":"Tweet inviato con successo.","id_leggi_anche":"847178,849021"},"photos":[{"original":"https:\/\/staging.varesenews.it\/photogallery_new\/images\/2016\/07\/consiglio-comunale-busto-arsizio-552133.jpg","full":"https:\/\/staging.varesenews.it\/photogallery_new\/images\/2016\/07\/consiglio-comunale-busto-arsizio-552133.1024x768.jpg","large":"https:\/\/staging.varesenews.it\/photogallery_new\/images\/2016\/07\/consiglio-comunale-busto-arsizio-552133.610x431.jpg"}],"_links":{"self":[{"href":"https:\/\/staging.varesenews.it\/swgapi\/v1\/wp\/v2\/posts\/845513"}],"collection":[{"href":"https:\/\/staging.varesenews.it\/swgapi\/v1\/wp\/v2\/posts"}],"about":[{"href":"https:\/\/staging.varesenews.it\/swgapi\/v1\/wp\/v2\/types\/post"}],"author":[{"embeddable":true,"href":"https:\/\/staging.varesenews.it\/swgapi\/v1\/wp\/v2\/users\/42"}],"replies":[{"embeddable":true,"href":"https:\/\/staging.varesenews.it\/swgapi\/v1\/wp\/v2\/comments?post=845513"}],"version-history":[{"count":0,"href":"https:\/\/staging.varesenews.it\/swgapi\/v1\/wp\/v2\/posts\/845513\/revisions"}],"wp:attachment":[{"href":"https:\/\/staging.varesenews.it\/swgapi\/v1\/wp\/v2\/media?parent=845513"}],"wp:term":[{"taxonomy":"category","embeddable":true,"href":"https:\/\/staging.varesenews.it\/swgapi\/v1\/wp\/v2\/categories?post=845513"},{"taxonomy":"post_tag","embeddable":true,"href":"https:\/\/staging.varesenews.it\/swgapi\/v1\/wp\/v2\/tags?post=845513"}],"curies":[{"name":"wp","href":"https:\/\/api.w.org\/{rel}","templated":true}]}}