{"id":846337,"date":"2019-08-14T09:28:16","date_gmt":"2019-08-14T07:28:16","guid":{"rendered":"https:\/\/www.varesenews.it\/?p=846337"},"modified":"2019-08-14T09:28:16","modified_gmt":"2019-08-14T07:28:16","slug":"bene-arriva-al-cinema-allaperto","status":"publish","type":"post","link":"https:\/\/staging.varesenews.it\/2019\/08\/bene-arriva-al-cinema-allaperto\/846337\/","title":{"rendered":"&#8220;Fino a qui tutto bene&#8221; arriva al cinema all&#8217;aperto"},"content":{"rendered":"<p>Quinto appuntamento, mercoled\u00ec 14 agosto, con il cinema all&#8217;aperto, curato da BA Festival e Istituto Cinematografico Michelangelo Antonioni, in collaborazione con l&#8217;Amministrazione Comunale.\u00a0<strong>Alle 21.30 nel parco di Villa Calcaterra (in via Magenta, 70) sar\u00e0 proiettato &#8220;Fino a qui tutto bene&#8221; di Roan Johnson.\u00a0<\/strong><\/p>\n<p>Il film, uscito nel 2014, racconta degli ultimi tre giorni di cinque amici che hanno condiviso il momento forse pi\u00f9 bello della loro vita, i tempi dell&#8217;universit\u00e0 e della convivenza tra amici. Ora che stanno per prendere strade diverse e temono di non vedersi pi\u00f9, cercano di ricordare tutti i momenti vissuti assieme.<\/p>\n<p><strong>L\u2019ingresso \u00e8 gratuito<\/strong> e come sempre gli ospiti potranno accomodarsi su sedie o su coperte sul prato e sar\u00e0 possibile acquistare pop corn e zucchero filato.\u00a0In caso di pioggia l&#8217;evento sar\u00e0 annullato.<\/p>\n","protected":false},"excerpt":{"rendered":"<p>Il 14 agosto l&#8217;appuntamento a Villa Calcaterra \u00e8 con la pellicola di Roan Johnson. Ingresso gratuito<\/p>\n","protected":false},"author":42,"featured_media":0,"comment_status":"open","ping_status":"open","sticky":false,"template":"","format":"standard","meta":{"footnotes":""},"categories":[4,21],"tags":[728,1633],"acf":[],"yoast_head":"<!-- This site is optimized with the Yoast SEO plugin v20.1 - https:\/\/yoast.com\/wordpress\/plugins\/seo\/ -->\n<title>&quot;Fino a qui tutto bene&quot; arriva al cinema all&#039;aperto<\/title>\n<meta name=\"description\" content=\"Il 14 agosto l&#039;appuntamento a Villa Calcaterra \u00e8 con la pellicola di Roan Johnson. Ingresso gratuito\" \/>\n<meta name=\"robots\" content=\"noindex, follow, max-snippet:-1, max-image-preview:large, max-video-preview:-1\" \/>\n<meta property=\"og:locale\" content=\"it_IT\" \/>\n<meta property=\"og:type\" content=\"article\" \/>\n<meta property=\"og:title\" content=\"&quot;Fino a qui tutto bene&quot; arriva al cinema all&#039;aperto\" \/>\n<meta property=\"og:description\" content=\"Il 14 agosto l&#039;appuntamento a Villa Calcaterra \u00e8 con la pellicola di Roan Johnson. Ingresso gratuito\" \/>\n<meta property=\"og:url\" content=\"https:\/\/staging.varesenews.it\/2019\/08\/bene-arriva-al-cinema-allaperto\/846337\/\" \/>\n<meta property=\"og:site_name\" content=\"VareseNews\" \/>\n<meta property=\"article:publisher\" content=\"https:\/\/www.facebook.com\/varesenews\" \/>\n<meta property=\"article:published_time\" content=\"2019-08-14T07:28:16+00:00\" \/>\n<meta name=\"author\" content=\"Marco Corso\" \/>\n<meta name=\"twitter:card\" content=\"summary_large_image\" \/>\n<meta name=\"twitter:creator\" content=\"@varesenews\" \/>\n<meta name=\"twitter:site\" content=\"@varesenews\" \/>\n<meta name=\"twitter:label1\" content=\"Scritto da\" \/>\n\t<meta name=\"twitter:data1\" content=\"Marco Corso\" \/>\n\t<meta name=\"twitter:label2\" content=\"Tempo di lettura stimato\" \/>\n\t<meta name=\"twitter:data2\" content=\"1 minuto\" \/>\n<script type=\"application\/ld+json\" class=\"yoast-schema-graph\">{\"@context\":\"https:\/\/schema.org\",\"@graph\":[{\"@type\":\"WebPage\",\"@id\":\"https:\/\/staging.varesenews.it\/2019\/08\/bene-arriva-al-cinema-allaperto\/846337\/\",\"url\":\"https:\/\/staging.varesenews.it\/2019\/08\/bene-arriva-al-cinema-allaperto\/846337\/\",\"name\":\"\\\"Fino a qui tutto bene\\\" arriva al cinema all'aperto\",\"isPartOf\":{\"@id\":\"https:\/\/staging.varesenews.it\/#website\"},\"datePublished\":\"2019-08-14T07:28:16+00:00\",\"dateModified\":\"2019-08-14T07:28:16+00:00\",\"author\":{\"@id\":\"https:\/\/staging.varesenews.it\/#\/schema\/person\/f0b866bf1a4a7b2b1558574309a927fa\"},\"description\":\"Il 14 agosto l'appuntamento a Villa Calcaterra \u00e8 con la pellicola di Roan Johnson. Ingresso gratuito\",\"breadcrumb\":{\"@id\":\"https:\/\/staging.varesenews.it\/2019\/08\/bene-arriva-al-cinema-allaperto\/846337\/#breadcrumb\"},\"inLanguage\":\"it-IT\",\"potentialAction\":[{\"@type\":\"ReadAction\",\"target\":[\"https:\/\/staging.varesenews.it\/2019\/08\/bene-arriva-al-cinema-allaperto\/846337\/\"]}]},{\"@type\":\"BreadcrumbList\",\"@id\":\"https:\/\/staging.varesenews.it\/2019\/08\/bene-arriva-al-cinema-allaperto\/846337\/#breadcrumb\",\"itemListElement\":[{\"@type\":\"ListItem\",\"position\":1,\"name\":\"Home\",\"item\":\"https:\/\/www.varesenews.it\/\"},{\"@type\":\"ListItem\",\"position\":2,\"name\":\"&#8220;Fino a qui tutto bene&#8221; arriva al cinema all&#8217;aperto\"}]},{\"@type\":\"WebSite\",\"@id\":\"https:\/\/staging.varesenews.it\/#website\",\"url\":\"https:\/\/staging.varesenews.it\/\",\"name\":\"VareseNews\",\"description\":\"\",\"potentialAction\":[{\"@type\":\"SearchAction\",\"target\":{\"@type\":\"EntryPoint\",\"urlTemplate\":\"https:\/\/staging.varesenews.it\/?s={search_term_string}\"},\"query-input\":\"required name=search_term_string\"}],\"inLanguage\":\"it-IT\"},{\"@type\":\"Person\",\"@id\":\"https:\/\/staging.varesenews.it\/#\/schema\/person\/f0b866bf1a4a7b2b1558574309a927fa\",\"name\":\"Marco Corso\",\"image\":{\"@type\":\"ImageObject\",\"inLanguage\":\"it-IT\",\"@id\":\"https:\/\/staging.varesenews.it\/#\/schema\/person\/image\/\",\"url\":\"https:\/\/staging.varesenews.it\/wp-content\/uploads\/2020\/12\/marco_corso_colori_500.jpg\",\"contentUrl\":\"https:\/\/staging.varesenews.it\/wp-content\/uploads\/2020\/12\/marco_corso_colori_500.jpg\",\"caption\":\"Marco Corso\"},\"description\":\"Classe 91, per diversi anni mi sono fregiato del titolo di pi&ugrave; giovane della redazione, ma adesso faccio il fratello maggiore alle nuove leve. Mi sono laureato nel 2013 in Scienze Sociali per la Globalizzazione alla Statale di Milano e nel 2015 mi sono diplomato in videogiornalismo alla Civica Scuola di Cinema di Milano. A VareseNews da 10 anni, ho seguito da sempre diversi progetti, partendo dalla mia Busto Arsizio per attraversare tutta la provincia. Adesso la \\\"sorvolo\\\" anche con il mio drone, regalando alle mie riprese sempre un punto di vista emozionale e narrativo sui luoghi e le vicende che racconto, ma rimanendo fedele alla cronaca. Quando non faccio il giornalista viaggio o mi arrampico sui monti, per guardare il mondo da altri punti di vista.\",\"sameAs\":[\"mar_corso\"],\"url\":\"https:\/\/staging.varesenews.it\/persona\/marco-corso1\/\"}]}<\/script>\n<!-- \/ Yoast SEO plugin. -->","yoast_head_json":{"title":"\"Fino a qui tutto bene\" arriva al cinema all'aperto","description":"Il 14 agosto l'appuntamento a Villa Calcaterra \u00e8 con la pellicola di Roan Johnson. Ingresso gratuito","robots":{"index":"noindex","follow":"follow","max-snippet":"max-snippet:-1","max-image-preview":"max-image-preview:large","max-video-preview":"max-video-preview:-1"},"og_locale":"it_IT","og_type":"article","og_title":"\"Fino a qui tutto bene\" arriva al cinema all'aperto","og_description":"Il 14 agosto l'appuntamento a Villa Calcaterra \u00e8 con la pellicola di Roan Johnson. Ingresso gratuito","og_url":"https:\/\/staging.varesenews.it\/2019\/08\/bene-arriva-al-cinema-allaperto\/846337\/","og_site_name":"VareseNews","article_publisher":"https:\/\/www.facebook.com\/varesenews","article_published_time":"2019-08-14T07:28:16+00:00","author":"Marco Corso","twitter_card":"summary_large_image","twitter_creator":"@varesenews","twitter_site":"@varesenews","twitter_misc":{"Scritto da":"Marco Corso","Tempo di lettura stimato":"1 minuto"},"schema":{"@context":"https:\/\/schema.org","@graph":[{"@type":"WebPage","@id":"https:\/\/staging.varesenews.it\/2019\/08\/bene-arriva-al-cinema-allaperto\/846337\/","url":"https:\/\/staging.varesenews.it\/2019\/08\/bene-arriva-al-cinema-allaperto\/846337\/","name":"\"Fino a qui tutto bene\" arriva al cinema all'aperto","isPartOf":{"@id":"https:\/\/staging.varesenews.it\/#website"},"datePublished":"2019-08-14T07:28:16+00:00","dateModified":"2019-08-14T07:28:16+00:00","author":{"@id":"https:\/\/staging.varesenews.it\/#\/schema\/person\/f0b866bf1a4a7b2b1558574309a927fa"},"description":"Il 14 agosto l'appuntamento a Villa Calcaterra \u00e8 con la pellicola di Roan Johnson. Ingresso gratuito","breadcrumb":{"@id":"https:\/\/staging.varesenews.it\/2019\/08\/bene-arriva-al-cinema-allaperto\/846337\/#breadcrumb"},"inLanguage":"it-IT","potentialAction":[{"@type":"ReadAction","target":["https:\/\/staging.varesenews.it\/2019\/08\/bene-arriva-al-cinema-allaperto\/846337\/"]}]},{"@type":"BreadcrumbList","@id":"https:\/\/staging.varesenews.it\/2019\/08\/bene-arriva-al-cinema-allaperto\/846337\/#breadcrumb","itemListElement":[{"@type":"ListItem","position":1,"name":"Home","item":"https:\/\/www.varesenews.it\/"},{"@type":"ListItem","position":2,"name":"&#8220;Fino a qui tutto bene&#8221; arriva al cinema all&#8217;aperto"}]},{"@type":"WebSite","@id":"https:\/\/staging.varesenews.it\/#website","url":"https:\/\/staging.varesenews.it\/","name":"VareseNews","description":"","potentialAction":[{"@type":"SearchAction","target":{"@type":"EntryPoint","urlTemplate":"https:\/\/staging.varesenews.it\/?s={search_term_string}"},"query-input":"required name=search_term_string"}],"inLanguage":"it-IT"},{"@type":"Person","@id":"https:\/\/staging.varesenews.it\/#\/schema\/person\/f0b866bf1a4a7b2b1558574309a927fa","name":"Marco Corso","image":{"@type":"ImageObject","inLanguage":"it-IT","@id":"https:\/\/staging.varesenews.it\/#\/schema\/person\/image\/","url":"https:\/\/staging.varesenews.it\/wp-content\/uploads\/2020\/12\/marco_corso_colori_500.jpg","contentUrl":"https:\/\/staging.varesenews.it\/wp-content\/uploads\/2020\/12\/marco_corso_colori_500.jpg","caption":"Marco Corso"},"description":"Classe 91, per diversi anni mi sono fregiato del titolo di pi&ugrave; giovane della redazione, ma adesso faccio il fratello maggiore alle nuove leve. Mi sono laureato nel 2013 in Scienze Sociali per la Globalizzazione alla Statale di Milano e nel 2015 mi sono diplomato in videogiornalismo alla Civica Scuola di Cinema di Milano. A VareseNews da 10 anni, ho seguito da sempre diversi progetti, partendo dalla mia Busto Arsizio per attraversare tutta la provincia. Adesso la \"sorvolo\" anche con il mio drone, regalando alle mie riprese sempre un punto di vista emozionale e narrativo sui luoghi e le vicende che racconto, ma rimanendo fedele alla cronaca. Quando non faccio il giornalista viaggio o mi arrampico sui monti, per guardare il mondo da altri punti di vista.","sameAs":["mar_corso"],"url":"https:\/\/staging.varesenews.it\/persona\/marco-corso1\/"}]}},"post_meta":{"_edit_lock":"1565770599:42","_edit_last":"42","_category_permalink":"a:1:{s:8:\"category\";s:0:\"\";}","foto":"754008","firma_come_redazione":"1","argomento":"Busto Arsizio","_yoast_wpseo_content_score":"30","_jd_tweet_this":"yes","ratings_users":"0","ratings_score":"0","ratings_average":"0","_wpt_short_url":"https:\/\/www.varesenews.it\/2019\/08\/bene-arriva-al-cinema-allaperto\/846337\/","_wp_jd_target":"https:\/\/www.varesenews.it\/2019\/08\/bene-arriva-al-cinema-allaperto\/846337\/","_jd_wp_twitter":"a:1:{i:0;s:149:\"\u201cFino a qui tutto bene\u201d arriva al cinema all\u2019aperto https:\/\/www.varesenews.it\/2019\/08\/bene-arriva-al-cinema-allaperto\/846337\/ #baestate #estate\";}","_wpt_status_message":"Tweet inviato con successo."},"photos":[{"original":"https:\/\/staging.varesenews.it\/photogallery_new\/images\/2019\/08\/generico-2018-754008.jpg","full":"https:\/\/staging.varesenews.it\/photogallery_new\/images\/2019\/08\/generico-2018-754008.1024x768.jpg","large":"https:\/\/staging.varesenews.it\/photogallery_new\/images\/2019\/08\/generico-2018-754008.610x431.jpg"}],"_links":{"self":[{"href":"https:\/\/staging.varesenews.it\/swgapi\/v1\/wp\/v2\/posts\/846337"}],"collection":[{"href":"https:\/\/staging.varesenews.it\/swgapi\/v1\/wp\/v2\/posts"}],"about":[{"href":"https:\/\/staging.varesenews.it\/swgapi\/v1\/wp\/v2\/types\/post"}],"author":[{"embeddable":true,"href":"https:\/\/staging.varesenews.it\/swgapi\/v1\/wp\/v2\/users\/42"}],"replies":[{"embeddable":true,"href":"https:\/\/staging.varesenews.it\/swgapi\/v1\/wp\/v2\/comments?post=846337"}],"version-history":[{"count":0,"href":"https:\/\/staging.varesenews.it\/swgapi\/v1\/wp\/v2\/posts\/846337\/revisions"}],"wp:attachment":[{"href":"https:\/\/staging.varesenews.it\/swgapi\/v1\/wp\/v2\/media?parent=846337"}],"wp:term":[{"taxonomy":"category","embeddable":true,"href":"https:\/\/staging.varesenews.it\/swgapi\/v1\/wp\/v2\/categories?post=846337"},{"taxonomy":"post_tag","embeddable":true,"href":"https:\/\/staging.varesenews.it\/swgapi\/v1\/wp\/v2\/tags?post=846337"}],"curies":[{"name":"wp","href":"https:\/\/api.w.org\/{rel}","templated":true}]}}