{"id":846666,"date":"2019-08-16T17:41:04","date_gmt":"2019-08-16T15:41:04","guid":{"rendered":"https:\/\/www.varesenews.it\/?p=846666"},"modified":"2019-08-16T17:41:04","modified_gmt":"2019-08-16T15:41:04","slug":"monteviasco-un-elicottero-sostituisca-subito-la-funivia","status":"publish","type":"post","link":"https:\/\/staging.varesenews.it\/2019\/08\/monteviasco-un-elicottero-sostituisca-subito-la-funivia\/846666\/","title":{"rendered":"Monteviasco: \u00abUn elicottero sostituisca subito la funivia\u00bb"},"content":{"rendered":"<p><em>Continuano a nove mesi dallo stop degli impianti, le proposte e gli appelli per il ripristino del collegamento da Ponte di Piero a Monteviasco. Pubblichiamo la lettera aperta che l&#8217;attivista Cinquestelle Gianfranco Cipriano ha inviato al presidente della Regione Lombardia Attilio Fontana.<\/em><\/p>\n<div class=\"related-posts related-01\"><h4>Leggi anche<\/h4><ul><li><a title=\"&#8220;Domenica scorsa a Monteviasco \u00e8 stata davvero speciale&#8221;\" target=\"_blank\" href=\"https:\/\/staging.varesenews.it\/2019\/08\/domenica-scorsa-monteviasco-stata-davvero-speciale\/846386\/\"><strong>La lettera <\/strong> - &#8220;Domenica scorsa a Monteviasco \u00e8 stata davvero speciale&#8221;<\/a><\/li><li><a title=\"La &#8220;fatica&#8221; dei turisti per non lasciare sola Monteviasco\" target=\"_blank\" href=\"https:\/\/staging.varesenews.it\/2019\/08\/la-fatica-dei-turisti-non-lasciare-sola-monteviasco\/845830\/\"><strong>Il reportage <\/strong> - La &#8220;fatica&#8221; dei turisti per non lasciare sola Monteviasco<\/a><\/li><li><a title=\"A Monteviasco in elicottero il giorno delle stelle\" target=\"_blank\" href=\"https:\/\/staging.varesenews.it\/2019\/08\/monteviasco-elicottero-giorno-delle-stelle\/845256\/\"><strong>Curiglia con Monteviasco <\/strong> - A Monteviasco in elicottero il giorno delle stelle<\/a><\/li><li><a title=\"Monteviasco sempre isolata, continuano i rifornimenti \u201ca spalla\u201c\" target=\"_blank\" href=\"https:\/\/staging.varesenews.it\/2019\/07\/monteviasco-sempre-isolata-continuano-rifornimenti-spalla\/840650\/\"><strong>Curiglia con Monteviasco <\/strong> - Monteviasco sempre isolata, continuano i rifornimenti \u201ca spalla\u201c<\/a><\/li><li><a title=\"Monteviasco, un passo avanti sulla funivia\" target=\"_blank\" href=\"https:\/\/staging.varesenews.it\/2019\/06\/monteviasco-un-passo-avanti-sulla-funivia\/834743\/\"><strong>Curiglia con Monteviasco <\/strong> - Monteviasco, un passo avanti sulla funivia<\/a><\/li><li><a title=\"Malore in casa, evacuata anziana a Monteviasco\" target=\"_blank\" href=\"https:\/\/staging.varesenews.it\/2019\/06\/malore-casa-evacuata-anziana-monteviasco\/828936\/\"><strong>Curiglia con Monteviasco <\/strong> - Malore in casa, evacuata anziana a Monteviasco<\/a><\/li><li><a title=\"Monteviasco, anche il presidente Mattarella elogia i Carabinieri\" target=\"_blank\" href=\"https:\/\/staging.varesenews.it\/2019\/06\/sergio-mattarella-parla-monteviasco-li-essenza-delle-istituzioni\/827504\/\"><strong>Roma <\/strong> - Monteviasco, anche il presidente Mattarella elogia i Carabinieri<\/a><\/li><li><a title=\"Cosentino su Monteviasco \u00abA breve la risposta sull&#8217;uso dell&#8217;elicottero\u00bb\" target=\"_blank\" href=\"https:\/\/staging.varesenews.it\/2019\/08\/cosentino-monteviasco-breve-la-risposta-sulluso-dellelicottero\/846685\/\"><strong>Milano <\/strong> - Cosentino su Monteviasco \u00abA breve la risposta sull&#8217;uso dell&#8217;elicottero\u00bb<\/a><\/li><li><a title=\"Monteviasco, \u00abil punto sulla sicurezza prima dell\u2019inverno\u00bb\" target=\"_blank\" href=\"https:\/\/staging.varesenews.it\/2019\/10\/monteviasco-punto-sulla-sicurezza-dellinverno\/865151\/\"><strong>Curiglia con Monteviasco <\/strong> - Monteviasco, \u00abil punto sulla sicurezza prima dell\u2019inverno\u00bb<\/a><\/li><li><a title=\"Funivia, decaduto il nuovo gestore, gara da rifare\" target=\"_blank\" href=\"https:\/\/staging.varesenews.it\/2019\/11\/funivia-decaduto-gestore-gara-rifare\/874517\/\"><strong>Curiglia con Monteviasco <\/strong> - Funivia, decaduto il nuovo gestore, gara da rifare<\/a><\/li><li><a title=\"Dalla Regione i soldi per la funivia\" target=\"_blank\" href=\"https:\/\/staging.varesenews.it\/2019\/12\/dalla-regione-soldi-la-funivia\/883996\/\"><strong>Curiglia con Monteviasco <\/strong> - Dalla Regione i soldi per la funivia<\/a><\/li><li><a title=\"Cinquestelle su Monteviasco: \u201cUn incontro per fare il punto sulla funivia\u201c\" target=\"_blank\" href=\"https:\/\/staging.varesenews.it\/2020\/01\/cinquestelle-monteviasco-un-incontro-punto-sulla-funivia\/888023\/\"><strong>Curiglia con Monteviasco <\/strong> - Cinquestelle su Monteviasco: \u201cUn incontro per fare il punto sulla funivia\u201c<\/a><\/li><li><a title=\"La funivia di Monteviasco \u00e8 \u201cpronta&#8221; ma si cerca ancora un gestore dell&#8217;impianto: l&#8217;appello della sindaca\" target=\"_blank\" href=\"https:\/\/staging.varesenews.it\/2022\/04\/la-funivia-monteviasco-pronta-si-cerca-ancora-un-gestore-dellimpianto-lappello-della-sindaca\/1448142\/\"><strong>Curiglia con Monteviasco <\/strong> - La funivia di Monteviasco \u00e8 \u201cpronta&#8221; ma si cerca ancora un gestore dell&#8217;impianto: l&#8217;appello della sindaca<\/a><\/li><\/ul><\/div>\n<p><strong>Lettera aperta al Presidente Fontana.<\/strong><\/p>\n<p>Ill.mo presidente, le scrivo da cittadino, ma attento conoscitore delle vicende della funivia di Monteviasco e di tutti i passaggi istituzionali e non, oltre che di tutti i soggetti politici e tecnici impegnati nella stessa.<br \/>\nDopo tanta pazienza di un esasperata comunit\u00e0 le chiedo una brusca accelerazione a compenso del danno da loro subito per cause a non addebitabili agli stessi.<br \/>\nCome da me richiesto agli albori della disgrazia, ma anche di recente al Consigliere Cosentino,<strong> \u00e8 necessario che un elicottero sostituisca in servizio di trasporto passeggeri, che inevitabilmente \u00e8 venuto a mancare.<\/strong><br \/>\nApprezzo l&#8217;intervento economico messo a disposizione da Regione per il ripristino della linea funiviaria ma \u00e8 necessario fare di pi\u00f9. Imprimere un cambio di passo nell&#8217;iter degli accordi e nel disbrigo delle interlocuzioni con il ministero \u00e8 ormai indispensabile e questo \u00e8 il momento che lei con le sue importanti capacit\u00e0, si occupi personalmente, se non altro di monitorare da vicino la questione, stimolando un rapido lieto fine.<br \/>\n<strong>Confido nella sua sensibilit\u00e0<\/strong> e mi permetto di invitarla a visitare questo splendido borgo, magari non appena sar\u00e0 attivato il servizio di collegamento aereo finch\u00e9 non si ripristini la normalit\u00e0.<\/p>\n<p>Gianfranco Cipriano<\/p>\n","protected":false},"excerpt":{"rendered":"<p>La proposta in una lettera aperta degli attivisti Cinquestelle al presidente della Lombardia Attilio Fontana<\/p>\n","protected":false},"author":34,"featured_media":0,"comment_status":"open","ping_status":"open","sticky":false,"template":"","format":"standard","meta":{"footnotes":""},"categories":[2],"tags":[59764],"acf":[],"yoast_head":"<!-- This site is optimized with the Yoast SEO plugin v20.1 - https:\/\/yoast.com\/wordpress\/plugins\/seo\/ -->\n<title>Monteviasco: \u00abUn elicottero sostituisca subito la funivia\u00bb<\/title>\n<meta name=\"description\" content=\"La proposta in una lettera aperta degli attivisti Cinquestelle al presidente della Lombardia Attilio Fontana\" \/>\n<meta name=\"robots\" content=\"noindex, follow, max-snippet:-1, max-image-preview:large, max-video-preview:-1\" \/>\n<meta property=\"og:locale\" content=\"it_IT\" \/>\n<meta property=\"og:type\" content=\"article\" \/>\n<meta property=\"og:title\" content=\"Monteviasco: \u00abUn elicottero sostituisca subito la funivia\u00bb\" \/>\n<meta property=\"og:description\" content=\"La proposta in una lettera aperta degli attivisti Cinquestelle al presidente della Lombardia Attilio Fontana\" \/>\n<meta property=\"og:url\" content=\"https:\/\/staging.varesenews.it\/2019\/08\/monteviasco-un-elicottero-sostituisca-subito-la-funivia\/846666\/\" \/>\n<meta property=\"og:site_name\" content=\"VareseNews\" \/>\n<meta property=\"article:publisher\" content=\"https:\/\/www.facebook.com\/varesenews\" \/>\n<meta property=\"article:author\" content=\"https:\/\/www.facebook.com\/andrea.camurani?fref=photo\" \/>\n<meta property=\"article:published_time\" content=\"2019-08-16T15:41:04+00:00\" \/>\n<meta name=\"author\" content=\"Andrea Camurani\" \/>\n<meta name=\"twitter:card\" content=\"summary_large_image\" \/>\n<meta name=\"twitter:creator\" content=\"@AndreaCamurani\" \/>\n<meta name=\"twitter:site\" content=\"@varesenews\" \/>\n<meta name=\"twitter:label1\" content=\"Scritto da\" \/>\n\t<meta name=\"twitter:data1\" content=\"Andrea Camurani\" \/>\n\t<meta name=\"twitter:label2\" content=\"Tempo di lettura stimato\" \/>\n\t<meta name=\"twitter:data2\" content=\"1 minuto\" \/>\n<script type=\"application\/ld+json\" class=\"yoast-schema-graph\">{\"@context\":\"https:\/\/schema.org\",\"@graph\":[{\"@type\":\"WebPage\",\"@id\":\"https:\/\/staging.varesenews.it\/2019\/08\/monteviasco-un-elicottero-sostituisca-subito-la-funivia\/846666\/\",\"url\":\"https:\/\/staging.varesenews.it\/2019\/08\/monteviasco-un-elicottero-sostituisca-subito-la-funivia\/846666\/\",\"name\":\"Monteviasco: \u00abUn elicottero sostituisca subito la funivia\u00bb\",\"isPartOf\":{\"@id\":\"https:\/\/staging.varesenews.it\/#website\"},\"datePublished\":\"2019-08-16T15:41:04+00:00\",\"dateModified\":\"2019-08-16T15:41:04+00:00\",\"author\":{\"@id\":\"https:\/\/staging.varesenews.it\/#\/schema\/person\/3eb5832c6beae763de8d9596fdbe8c49\"},\"description\":\"La proposta in una lettera aperta degli attivisti Cinquestelle al presidente della Lombardia Attilio Fontana\",\"breadcrumb\":{\"@id\":\"https:\/\/staging.varesenews.it\/2019\/08\/monteviasco-un-elicottero-sostituisca-subito-la-funivia\/846666\/#breadcrumb\"},\"inLanguage\":\"it-IT\",\"potentialAction\":[{\"@type\":\"ReadAction\",\"target\":[\"https:\/\/staging.varesenews.it\/2019\/08\/monteviasco-un-elicottero-sostituisca-subito-la-funivia\/846666\/\"]}]},{\"@type\":\"BreadcrumbList\",\"@id\":\"https:\/\/staging.varesenews.it\/2019\/08\/monteviasco-un-elicottero-sostituisca-subito-la-funivia\/846666\/#breadcrumb\",\"itemListElement\":[{\"@type\":\"ListItem\",\"position\":1,\"name\":\"Home\",\"item\":\"https:\/\/www.varesenews.it\/\"},{\"@type\":\"ListItem\",\"position\":2,\"name\":\"Monteviasco: \u00abUn elicottero sostituisca subito la funivia\u00bb\"}]},{\"@type\":\"WebSite\",\"@id\":\"https:\/\/staging.varesenews.it\/#website\",\"url\":\"https:\/\/staging.varesenews.it\/\",\"name\":\"VareseNews\",\"description\":\"\",\"potentialAction\":[{\"@type\":\"SearchAction\",\"target\":{\"@type\":\"EntryPoint\",\"urlTemplate\":\"https:\/\/staging.varesenews.it\/?s={search_term_string}\"},\"query-input\":\"required name=search_term_string\"}],\"inLanguage\":\"it-IT\"},{\"@type\":\"Person\",\"@id\":\"https:\/\/staging.varesenews.it\/#\/schema\/person\/3eb5832c6beae763de8d9596fdbe8c49\",\"name\":\"Andrea Camurani\",\"image\":{\"@type\":\"ImageObject\",\"inLanguage\":\"it-IT\",\"@id\":\"https:\/\/staging.varesenews.it\/#\/schema\/person\/image\/\",\"url\":\"https:\/\/staging.varesenews.it\/wp-content\/uploads\/2020\/12\/andrea_camurani_colori_500.jpg\",\"contentUrl\":\"https:\/\/staging.varesenews.it\/wp-content\/uploads\/2020\/12\/andrea_camurani_colori_500.jpg\",\"caption\":\"Andrea Camurani\"},\"description\":\"Sono figlio degli anni Settanta e di Milano, dove ho imparato a riconoscere buoni e cattivi. Laurea in scienze politiche, lavoro a VareseNews dal 2000. Racconto quel che trovo quando incontro chi vuole lasciare al mondo un pezzetto di vita, che si chiama cronaca. &ldquo;...perch&eacute; &egrave; la gente il pi&ugrave; grande spettacolo del mondo. E non si paga il biglietto...&rdquo; (Charles Bukowsky)\",\"sameAs\":[\"https:\/\/www.facebook.com\/andrea.camurani?fref=photo\",\"andreacamurani\",\"https:\/\/www.linkedin.com\/hp\/?dnr=A9a84RfzsLdo9xg4NcGV4dLiMknoc9ms4WM\",\"https:\/\/twitter.com\/AndreaCamurani\"],\"url\":\"https:\/\/staging.varesenews.it\/persona\/andrea_camurani\/\"}]}<\/script>\n<!-- \/ Yoast SEO plugin. -->","yoast_head_json":{"title":"Monteviasco: \u00abUn elicottero sostituisca subito la funivia\u00bb","description":"La proposta in una lettera aperta degli attivisti Cinquestelle al presidente della Lombardia Attilio Fontana","robots":{"index":"noindex","follow":"follow","max-snippet":"max-snippet:-1","max-image-preview":"max-image-preview:large","max-video-preview":"max-video-preview:-1"},"og_locale":"it_IT","og_type":"article","og_title":"Monteviasco: \u00abUn elicottero sostituisca subito la funivia\u00bb","og_description":"La proposta in una lettera aperta degli attivisti Cinquestelle al presidente della Lombardia Attilio Fontana","og_url":"https:\/\/staging.varesenews.it\/2019\/08\/monteviasco-un-elicottero-sostituisca-subito-la-funivia\/846666\/","og_site_name":"VareseNews","article_publisher":"https:\/\/www.facebook.com\/varesenews","article_author":"https:\/\/www.facebook.com\/andrea.camurani?fref=photo","article_published_time":"2019-08-16T15:41:04+00:00","author":"Andrea Camurani","twitter_card":"summary_large_image","twitter_creator":"@AndreaCamurani","twitter_site":"@varesenews","twitter_misc":{"Scritto da":"Andrea Camurani","Tempo di lettura stimato":"1 minuto"},"schema":{"@context":"https:\/\/schema.org","@graph":[{"@type":"WebPage","@id":"https:\/\/staging.varesenews.it\/2019\/08\/monteviasco-un-elicottero-sostituisca-subito-la-funivia\/846666\/","url":"https:\/\/staging.varesenews.it\/2019\/08\/monteviasco-un-elicottero-sostituisca-subito-la-funivia\/846666\/","name":"Monteviasco: \u00abUn elicottero sostituisca subito la funivia\u00bb","isPartOf":{"@id":"https:\/\/staging.varesenews.it\/#website"},"datePublished":"2019-08-16T15:41:04+00:00","dateModified":"2019-08-16T15:41:04+00:00","author":{"@id":"https:\/\/staging.varesenews.it\/#\/schema\/person\/3eb5832c6beae763de8d9596fdbe8c49"},"description":"La proposta in una lettera aperta degli attivisti Cinquestelle al presidente della Lombardia Attilio Fontana","breadcrumb":{"@id":"https:\/\/staging.varesenews.it\/2019\/08\/monteviasco-un-elicottero-sostituisca-subito-la-funivia\/846666\/#breadcrumb"},"inLanguage":"it-IT","potentialAction":[{"@type":"ReadAction","target":["https:\/\/staging.varesenews.it\/2019\/08\/monteviasco-un-elicottero-sostituisca-subito-la-funivia\/846666\/"]}]},{"@type":"BreadcrumbList","@id":"https:\/\/staging.varesenews.it\/2019\/08\/monteviasco-un-elicottero-sostituisca-subito-la-funivia\/846666\/#breadcrumb","itemListElement":[{"@type":"ListItem","position":1,"name":"Home","item":"https:\/\/www.varesenews.it\/"},{"@type":"ListItem","position":2,"name":"Monteviasco: \u00abUn elicottero sostituisca subito la funivia\u00bb"}]},{"@type":"WebSite","@id":"https:\/\/staging.varesenews.it\/#website","url":"https:\/\/staging.varesenews.it\/","name":"VareseNews","description":"","potentialAction":[{"@type":"SearchAction","target":{"@type":"EntryPoint","urlTemplate":"https:\/\/staging.varesenews.it\/?s={search_term_string}"},"query-input":"required name=search_term_string"}],"inLanguage":"it-IT"},{"@type":"Person","@id":"https:\/\/staging.varesenews.it\/#\/schema\/person\/3eb5832c6beae763de8d9596fdbe8c49","name":"Andrea Camurani","image":{"@type":"ImageObject","inLanguage":"it-IT","@id":"https:\/\/staging.varesenews.it\/#\/schema\/person\/image\/","url":"https:\/\/staging.varesenews.it\/wp-content\/uploads\/2020\/12\/andrea_camurani_colori_500.jpg","contentUrl":"https:\/\/staging.varesenews.it\/wp-content\/uploads\/2020\/12\/andrea_camurani_colori_500.jpg","caption":"Andrea Camurani"},"description":"Sono figlio degli anni Settanta e di Milano, dove ho imparato a riconoscere buoni e cattivi. Laurea in scienze politiche, lavoro a VareseNews dal 2000. Racconto quel che trovo quando incontro chi vuole lasciare al mondo un pezzetto di vita, che si chiama cronaca. &ldquo;...perch&eacute; &egrave; la gente il pi&ugrave; grande spettacolo del mondo. E non si paga il biglietto...&rdquo; (Charles Bukowsky)","sameAs":["https:\/\/www.facebook.com\/andrea.camurani?fref=photo","andreacamurani","https:\/\/www.linkedin.com\/hp\/?dnr=A9a84RfzsLdo9xg4NcGV4dLiMknoc9ms4WM","https:\/\/twitter.com\/AndreaCamurani"],"url":"https:\/\/staging.varesenews.it\/persona\/andrea_camurani\/"}]}},"post_meta":{"_edit_lock":"1565970219:34","_edit_last":"34","_category_permalink":"a:1:{s:8:\"category\";s:0:\"\";}","ratings_users":"0","ratings_score":"0","ratings_average":"0","id_leggi_anche":"846386,845830,845256,840650,834743,828936,827504,846685,865151,874517,883996,888023,1448142","foto":"753758","firma_come_redazione":"1","argomento":"Curiglia con Monteviasco - Luino","_yoast_wpseo_content_score":"30","_jd_tweet_this":"yes","_wpt_short_url":"https:\/\/www.varesenews.it\/2019\/08\/monteviasco-un-elicottero-sostituisca-subito-la-funivia\/846666\/","_wp_jd_target":"https:\/\/www.varesenews.it\/2019\/08\/monteviasco-un-elicottero-sostituisca-subito-la-funivia\/846666\/","_jd_wp_twitter":"a:1:{i:0;s:159:\"Monteviasco: \u00abUn elicottero sostituisca subito la funivia\u00bb https:\/\/www.varesenews.it\/2019\/08\/monteviasco-un-elicottero-sostituisca-subito-la-funivia\/846666\/ \";}","_wpt_status_message":"Tweet inviato con successo."},"photos":[{"original":"https:\/\/staging.varesenews.it\/photogallery_new\/images\/2019\/08\/una-domenica-a-monteviasco-753758.jpg","full":"https:\/\/staging.varesenews.it\/photogallery_new\/images\/2019\/08\/una-domenica-a-monteviasco-753758.1024x768.jpg","large":"https:\/\/staging.varesenews.it\/photogallery_new\/images\/2019\/08\/una-domenica-a-monteviasco-753758.610x431.jpg"}],"_links":{"self":[{"href":"https:\/\/staging.varesenews.it\/swgapi\/v1\/wp\/v2\/posts\/846666"}],"collection":[{"href":"https:\/\/staging.varesenews.it\/swgapi\/v1\/wp\/v2\/posts"}],"about":[{"href":"https:\/\/staging.varesenews.it\/swgapi\/v1\/wp\/v2\/types\/post"}],"author":[{"embeddable":true,"href":"https:\/\/staging.varesenews.it\/swgapi\/v1\/wp\/v2\/users\/34"}],"replies":[{"embeddable":true,"href":"https:\/\/staging.varesenews.it\/swgapi\/v1\/wp\/v2\/comments?post=846666"}],"version-history":[{"count":0,"href":"https:\/\/staging.varesenews.it\/swgapi\/v1\/wp\/v2\/posts\/846666\/revisions"}],"wp:attachment":[{"href":"https:\/\/staging.varesenews.it\/swgapi\/v1\/wp\/v2\/media?parent=846666"}],"wp:term":[{"taxonomy":"category","embeddable":true,"href":"https:\/\/staging.varesenews.it\/swgapi\/v1\/wp\/v2\/categories?post=846666"},{"taxonomy":"post_tag","embeddable":true,"href":"https:\/\/staging.varesenews.it\/swgapi\/v1\/wp\/v2\/tags?post=846666"}],"curies":[{"name":"wp","href":"https:\/\/api.w.org\/{rel}","templated":true}]}}