{"id":846893,"date":"2019-08-19T11:25:59","date_gmt":"2019-08-19T09:25:59","guid":{"rendered":"https:\/\/www.varesenews.it\/?p=846893"},"modified":"2019-08-19T11:25:59","modified_gmt":"2019-08-19T09:25:59","slug":"vallemaggia-trekking-dei-laghietti-alpini","status":"publish","type":"post","link":"https:\/\/staging.varesenews.it\/2019\/08\/vallemaggia-trekking-dei-laghietti-alpini\/846893\/","title":{"rendered":"Vallemaggia, il trekking dei laghietti alpini"},"content":{"rendered":"<p>L&#8217;<a href=\"https:\/\/www.vialtavallemaggia.ch\/\"><strong>Associazione Alta Vallemaggia<\/strong><\/a> presenta un itinerario di cinque giorni attraverso suggestivi paesaggi di montagna, fiumi e specchi d&#8217;acqua alpini, capanne e rifugi.<\/p>\n<p>Il trekking dei laghetti alpini \u00e8 un percorso circolare d&#8217;alta quota che si snoda tra <strong>Vallemaggia, Leventina e Formazza<\/strong>. 61 km oltre il limite del bosco per un\u2019esperienza di cinque giorni da vivere lungo un percorso che conduce attraverso una delle regioni pi\u00f9 straordinarie delle Alpi.<\/p>\n<p><a href=\"https:\/\/assets.website-files.com\/5ced3d8c68ab6ed844eb9204\/5d1325887a7a1abbeef3da01_TDL%20ITA.pdf\">Qui i dettagli<\/a><\/p>\n<p>Lungo il percorso si incontrano sorgenti e cascate, fiumi, nevai e soprattutto tanti laghetti: l\u2019acqua \u00e8 l\u2019elemento che accompagna gli escursionisti che affrontano questo trekking. Lungo le cinque tappe si lambiscono le sponde di 14 laghetti alpini:<strong> Froda, Nero, Bianco, Robiei, Boden, Castel, Toggia, Cavagn\u00f6\u00f6, Sfundau, Val Sabbia, Forn\u00e0 e Sambuco.<\/strong><\/p>\n<p>Superata la prima impegnativa giornata di cammino, ogni tappa presenta una via di fuga che permette di raggiungere rapidamente il fondovalle (funivia Robiei, strada Val Formazza, strada consortile Fusio-Naret).<\/p>\n<p><a href=\"https:\/\/www.vialtavallemaggia.ch\/trekking\">Info su itinerario, ospitalit\u00e0, caratteristiche e difficolt\u00e0 dei percorsi qui<\/a><\/p>\n<p>&nbsp;<\/p>\n","protected":false},"excerpt":{"rendered":"<p>Un itinerario di cinque giorni racchiuso tra Vallemaggia, Leventina e Formazza<\/p>\n","protected":false},"author":43,"featured_media":0,"comment_status":"open","ping_status":"open","sticky":false,"template":"","format":"standard","meta":{"footnotes":""},"categories":[8,46],"tags":[93153,24787,16031,236,85246,87325],"acf":[],"yoast_head":"<!-- This site is optimized with the Yoast SEO plugin v20.1 - https:\/\/yoast.com\/wordpress\/plugins\/seo\/ -->\n<title>Vallemaggia, il trekking dei laghietti alpini<\/title>\n<meta name=\"description\" content=\"Un itinerario di cinque giorni racchiuso tra Vallemaggia, Leventina e Formazza\" \/>\n<meta name=\"robots\" content=\"noindex, follow, max-snippet:-1, max-image-preview:large, max-video-preview:-1\" \/>\n<meta property=\"og:locale\" content=\"it_IT\" \/>\n<meta property=\"og:type\" content=\"article\" \/>\n<meta property=\"og:title\" content=\"Vallemaggia, il trekking dei laghietti alpini\" \/>\n<meta property=\"og:description\" content=\"Un itinerario di cinque giorni racchiuso tra Vallemaggia, Leventina e Formazza\" \/>\n<meta property=\"og:url\" content=\"https:\/\/staging.varesenews.it\/2019\/08\/vallemaggia-trekking-dei-laghietti-alpini\/846893\/\" \/>\n<meta property=\"og:site_name\" content=\"VareseNews\" \/>\n<meta property=\"article:publisher\" content=\"https:\/\/www.facebook.com\/varesenews\" \/>\n<meta property=\"article:author\" content=\"https:\/\/www.facebook.com\/mariacarla.cebrelli\" \/>\n<meta property=\"article:published_time\" content=\"2019-08-19T09:25:59+00:00\" \/>\n<meta name=\"author\" content=\"Maria Carla Cebrelli\" \/>\n<meta name=\"twitter:card\" content=\"summary_large_image\" \/>\n<meta name=\"twitter:creator\" content=\"@pikapiketti\" \/>\n<meta name=\"twitter:site\" content=\"@varesenews\" \/>\n<meta name=\"twitter:label1\" content=\"Scritto da\" \/>\n\t<meta name=\"twitter:data1\" content=\"Maria Carla Cebrelli\" \/>\n\t<meta name=\"twitter:label2\" content=\"Tempo di lettura stimato\" \/>\n\t<meta name=\"twitter:data2\" content=\"1 minuto\" \/>\n<script type=\"application\/ld+json\" class=\"yoast-schema-graph\">{\"@context\":\"https:\/\/schema.org\",\"@graph\":[{\"@type\":\"WebPage\",\"@id\":\"https:\/\/staging.varesenews.it\/2019\/08\/vallemaggia-trekking-dei-laghietti-alpini\/846893\/\",\"url\":\"https:\/\/staging.varesenews.it\/2019\/08\/vallemaggia-trekking-dei-laghietti-alpini\/846893\/\",\"name\":\"Vallemaggia, il trekking dei laghietti alpini\",\"isPartOf\":{\"@id\":\"https:\/\/staging.varesenews.it\/#website\"},\"datePublished\":\"2019-08-19T09:25:59+00:00\",\"dateModified\":\"2019-08-19T09:25:59+00:00\",\"author\":{\"@id\":\"https:\/\/staging.varesenews.it\/#\/schema\/person\/5bf790e99d7ec50061119cc825c454de\"},\"description\":\"Un itinerario di cinque giorni racchiuso tra Vallemaggia, Leventina e Formazza\",\"breadcrumb\":{\"@id\":\"https:\/\/staging.varesenews.it\/2019\/08\/vallemaggia-trekking-dei-laghietti-alpini\/846893\/#breadcrumb\"},\"inLanguage\":\"it-IT\",\"potentialAction\":[{\"@type\":\"ReadAction\",\"target\":[\"https:\/\/staging.varesenews.it\/2019\/08\/vallemaggia-trekking-dei-laghietti-alpini\/846893\/\"]}]},{\"@type\":\"BreadcrumbList\",\"@id\":\"https:\/\/staging.varesenews.it\/2019\/08\/vallemaggia-trekking-dei-laghietti-alpini\/846893\/#breadcrumb\",\"itemListElement\":[{\"@type\":\"ListItem\",\"position\":1,\"name\":\"Home\",\"item\":\"https:\/\/www.varesenews.it\/\"},{\"@type\":\"ListItem\",\"position\":2,\"name\":\"Vallemaggia, il trekking dei laghietti alpini\"}]},{\"@type\":\"WebSite\",\"@id\":\"https:\/\/staging.varesenews.it\/#website\",\"url\":\"https:\/\/staging.varesenews.it\/\",\"name\":\"VareseNews\",\"description\":\"\",\"potentialAction\":[{\"@type\":\"SearchAction\",\"target\":{\"@type\":\"EntryPoint\",\"urlTemplate\":\"https:\/\/staging.varesenews.it\/?s={search_term_string}\"},\"query-input\":\"required name=search_term_string\"}],\"inLanguage\":\"it-IT\"},{\"@type\":\"Person\",\"@id\":\"https:\/\/staging.varesenews.it\/#\/schema\/person\/5bf790e99d7ec50061119cc825c454de\",\"name\":\"Maria Carla Cebrelli\",\"image\":{\"@type\":\"ImageObject\",\"inLanguage\":\"it-IT\",\"@id\":\"https:\/\/staging.varesenews.it\/#\/schema\/person\/image\/\",\"url\":\"https:\/\/staging.varesenews.it\/wp-content\/uploads\/2020\/12\/mariacarla_cebrelli_colori_500-1.jpg\",\"contentUrl\":\"https:\/\/staging.varesenews.it\/wp-content\/uploads\/2020\/12\/mariacarla_cebrelli_colori_500-1.jpg\",\"caption\":\"Maria Carla Cebrelli\"},\"description\":\"Economista di formazione, giornalista per passione. A VareseNews dal 2005, mi sono occupata negli anni di universit&agrave;, tematiche di confine, news locali e comunicazione nel settore sociale. Attualmente sono responsabile di VerbanoNews, del canale di VareseNews dedicato al Turismo e seguo i social dell'area business.\",\"sameAs\":[\"https:\/\/www.facebook.com\/mariacarla.cebrelli\",\"pikapiketti\",\"https:\/\/twitter.com\/pikapiketti\"],\"url\":\"https:\/\/staging.varesenews.it\/persona\/mariacarla-cebrelli1\/\"}]}<\/script>\n<!-- \/ Yoast SEO plugin. -->","yoast_head_json":{"title":"Vallemaggia, il trekking dei laghietti alpini","description":"Un itinerario di cinque giorni racchiuso tra Vallemaggia, Leventina e Formazza","robots":{"index":"noindex","follow":"follow","max-snippet":"max-snippet:-1","max-image-preview":"max-image-preview:large","max-video-preview":"max-video-preview:-1"},"og_locale":"it_IT","og_type":"article","og_title":"Vallemaggia, il trekking dei laghietti alpini","og_description":"Un itinerario di cinque giorni racchiuso tra Vallemaggia, Leventina e Formazza","og_url":"https:\/\/staging.varesenews.it\/2019\/08\/vallemaggia-trekking-dei-laghietti-alpini\/846893\/","og_site_name":"VareseNews","article_publisher":"https:\/\/www.facebook.com\/varesenews","article_author":"https:\/\/www.facebook.com\/mariacarla.cebrelli","article_published_time":"2019-08-19T09:25:59+00:00","author":"Maria Carla Cebrelli","twitter_card":"summary_large_image","twitter_creator":"@pikapiketti","twitter_site":"@varesenews","twitter_misc":{"Scritto da":"Maria Carla Cebrelli","Tempo di lettura stimato":"1 minuto"},"schema":{"@context":"https:\/\/schema.org","@graph":[{"@type":"WebPage","@id":"https:\/\/staging.varesenews.it\/2019\/08\/vallemaggia-trekking-dei-laghietti-alpini\/846893\/","url":"https:\/\/staging.varesenews.it\/2019\/08\/vallemaggia-trekking-dei-laghietti-alpini\/846893\/","name":"Vallemaggia, il trekking dei laghietti alpini","isPartOf":{"@id":"https:\/\/staging.varesenews.it\/#website"},"datePublished":"2019-08-19T09:25:59+00:00","dateModified":"2019-08-19T09:25:59+00:00","author":{"@id":"https:\/\/staging.varesenews.it\/#\/schema\/person\/5bf790e99d7ec50061119cc825c454de"},"description":"Un itinerario di cinque giorni racchiuso tra Vallemaggia, Leventina e Formazza","breadcrumb":{"@id":"https:\/\/staging.varesenews.it\/2019\/08\/vallemaggia-trekking-dei-laghietti-alpini\/846893\/#breadcrumb"},"inLanguage":"it-IT","potentialAction":[{"@type":"ReadAction","target":["https:\/\/staging.varesenews.it\/2019\/08\/vallemaggia-trekking-dei-laghietti-alpini\/846893\/"]}]},{"@type":"BreadcrumbList","@id":"https:\/\/staging.varesenews.it\/2019\/08\/vallemaggia-trekking-dei-laghietti-alpini\/846893\/#breadcrumb","itemListElement":[{"@type":"ListItem","position":1,"name":"Home","item":"https:\/\/www.varesenews.it\/"},{"@type":"ListItem","position":2,"name":"Vallemaggia, il trekking dei laghietti alpini"}]},{"@type":"WebSite","@id":"https:\/\/staging.varesenews.it\/#website","url":"https:\/\/staging.varesenews.it\/","name":"VareseNews","description":"","potentialAction":[{"@type":"SearchAction","target":{"@type":"EntryPoint","urlTemplate":"https:\/\/staging.varesenews.it\/?s={search_term_string}"},"query-input":"required name=search_term_string"}],"inLanguage":"it-IT"},{"@type":"Person","@id":"https:\/\/staging.varesenews.it\/#\/schema\/person\/5bf790e99d7ec50061119cc825c454de","name":"Maria Carla Cebrelli","image":{"@type":"ImageObject","inLanguage":"it-IT","@id":"https:\/\/staging.varesenews.it\/#\/schema\/person\/image\/","url":"https:\/\/staging.varesenews.it\/wp-content\/uploads\/2020\/12\/mariacarla_cebrelli_colori_500-1.jpg","contentUrl":"https:\/\/staging.varesenews.it\/wp-content\/uploads\/2020\/12\/mariacarla_cebrelli_colori_500-1.jpg","caption":"Maria Carla Cebrelli"},"description":"Economista di formazione, giornalista per passione. A VareseNews dal 2005, mi sono occupata negli anni di universit&agrave;, tematiche di confine, news locali e comunicazione nel settore sociale. Attualmente sono responsabile di VerbanoNews, del canale di VareseNews dedicato al Turismo e seguo i social dell'area business.","sameAs":["https:\/\/www.facebook.com\/mariacarla.cebrelli","pikapiketti","https:\/\/twitter.com\/pikapiketti"],"url":"https:\/\/staging.varesenews.it\/persona\/mariacarla-cebrelli1\/"}]}},"post_meta":{"_edit_lock":"1566206911:43","_edit_last":"43","_category_permalink":"a:1:{s:8:\"category\";s:2:\"46\";}","ratings_users":"0","ratings_score":"0","ratings_average":"0","id_leggi_anche":"724274,818061","foto":"754321","firma-personalizzata":"turismo@varesenews.it","argomento":"Turismo","_yoast_wpseo_content_score":"30","_jd_tweet_this":"yes","_wpt_short_url":"https:\/\/www.varesenews.it\/2019\/08\/vallemaggia-trekking-dei-laghietti-alpini\/846893\/","_wp_jd_target":"https:\/\/www.varesenews.it\/2019\/08\/vallemaggia-trekking-dei-laghietti-alpini\/846893\/","_jd_wp_twitter":"a:1:{i:0;s:165:\"Vallemaggia, il trekking dei laghietti alpini https:\/\/www.varesenews.it\/2019\/08\/vallemaggia-trekking-dei-laghietti-alpini\/846893\/ #escursionismo #Itinerari #montagna\";}","_wpt_status_message":"Tweet inviato con successo."},"photos":[{"original":"https:\/\/staging.varesenews.it\/photogallery_new\/images\/2019\/08\/trekking-laghetti-alpini-754321.jpg","full":"https:\/\/staging.varesenews.it\/photogallery_new\/images\/2019\/08\/trekking-laghetti-alpini-754321.1024x768.jpg","large":"https:\/\/staging.varesenews.it\/photogallery_new\/images\/2019\/08\/trekking-laghetti-alpini-754321.610x431.jpg"}],"_links":{"self":[{"href":"https:\/\/staging.varesenews.it\/swgapi\/v1\/wp\/v2\/posts\/846893"}],"collection":[{"href":"https:\/\/staging.varesenews.it\/swgapi\/v1\/wp\/v2\/posts"}],"about":[{"href":"https:\/\/staging.varesenews.it\/swgapi\/v1\/wp\/v2\/types\/post"}],"author":[{"embeddable":true,"href":"https:\/\/staging.varesenews.it\/swgapi\/v1\/wp\/v2\/users\/43"}],"replies":[{"embeddable":true,"href":"https:\/\/staging.varesenews.it\/swgapi\/v1\/wp\/v2\/comments?post=846893"}],"version-history":[{"count":0,"href":"https:\/\/staging.varesenews.it\/swgapi\/v1\/wp\/v2\/posts\/846893\/revisions"}],"wp:attachment":[{"href":"https:\/\/staging.varesenews.it\/swgapi\/v1\/wp\/v2\/media?parent=846893"}],"wp:term":[{"taxonomy":"category","embeddable":true,"href":"https:\/\/staging.varesenews.it\/swgapi\/v1\/wp\/v2\/categories?post=846893"},{"taxonomy":"post_tag","embeddable":true,"href":"https:\/\/staging.varesenews.it\/swgapi\/v1\/wp\/v2\/tags?post=846893"}],"curies":[{"name":"wp","href":"https:\/\/api.w.org\/{rel}","templated":true}]}}