{"id":847275,"date":"2019-08-20T19:47:17","date_gmt":"2019-08-20T17:47:17","guid":{"rendered":"https:\/\/www.varesenews.it\/?p=847275"},"modified":"2019-08-20T21:54:48","modified_gmt":"2019-08-20T19:54:48","slug":"bomba-dacqua-cocquio-gavirate","status":"publish","type":"post","link":"https:\/\/staging.varesenews.it\/2019\/08\/bomba-dacqua-cocquio-gavirate\/847275\/","title":{"rendered":"Bomba d&#8217;acqua nel nord della provincia"},"content":{"rendered":"<p><strong>Violento temporale nella serata del marted\u00ec 20 agosto nel nord della provincia<\/strong>, intorno alle 19. Molte le chiamate ai vigili del fuoco e anche le segnalazioni da parte dei lettori. La bomba d&#8217;acqua \u00e8 durata pochi minuti, ma \u00e8 stata molto intensa e si \u00e8 spostata in diverse zone della provincia, a partire\u00a0<strong>Cocquio e Gavirate.<\/strong><br \/>\nLa bomba d&#8217;acqua si \u00e8 abbattuta nella zona per circa un&#8217;ora e le chiamate ai vigili del fuoco hanno riguardato soprattutto la caduta di alcune piante. Non risulta vi siano persone ferite.<\/p>\n<p>Intorno alle 21 i volontari dell&#8217;intercomunale Valcuvia erano al lavoro per ripristinare la viabilit\u00e0 sulla Sp45 tra <strong>Castello Cabiaglio e Brinzio<\/strong>, tornata percorribile poco pi\u00f9 tardi. Rimane interrotta la strada tra Cabiaglio e Brinzio. <div class=\"photo-inside-post\"><img decoding=\"async\" loading=\"lazy\" fetchpriority=\"low\" width=\"610\" height=\"431\" src=\"https:\/\/staging.varesenews.it\/photogallery_new\/images\/2019\/08\/maltempo-nel-nord-della-provincia-754415.610x431.jpg\" alt=\"Maltempo nel nord della provincia\"><\/div><\/p>\n<p>Inoltre, tre squadre della p<strong>rotezione civile del Piambello<\/strong> sono impegnate dalle 19.30 sulla strada per Bedero nel taglio di grosse piante cadute sulla Strada Provinciale. La strada per Mondonico \u00e8 chiusa causa caduta di due grosse querce. Per liberare la strada sono impegnati due mezzi ed un trattore.<strong> Presente anche il sindaco di Valganna.\u00a0<\/strong><\/p>\n","protected":false},"excerpt":{"rendered":"<p>Violento temporale nella serata del marted\u00ec 20 agosto, intorno alle 19. Molte le chiamate ai vigili del fuoco<\/p>\n","protected":false},"author":51,"featured_media":0,"comment_status":"open","ping_status":"open","sticky":false,"template":"","format":"standard","meta":{"footnotes":""},"categories":[2],"tags":[3738],"acf":[],"yoast_head":"<!-- This site is optimized with the Yoast SEO plugin v20.1 - https:\/\/yoast.com\/wordpress\/plugins\/seo\/ -->\n<title>Bomba d&#039;acqua nel nord della provincia<\/title>\n<meta name=\"description\" content=\"Violento temporale nella serata del marted\u00ec 20 agosto, intorno alle 19. Molte le chiamate ai vigili del fuoco\" \/>\n<meta name=\"robots\" content=\"noindex, follow, max-snippet:-1, max-image-preview:large, max-video-preview:-1\" \/>\n<meta property=\"og:locale\" content=\"it_IT\" \/>\n<meta property=\"og:type\" content=\"article\" \/>\n<meta property=\"og:title\" content=\"Bomba d&#039;acqua nel nord della provincia\" \/>\n<meta property=\"og:description\" content=\"Violento temporale nella serata del marted\u00ec 20 agosto, intorno alle 19. Molte le chiamate ai vigili del fuoco\" \/>\n<meta property=\"og:url\" content=\"https:\/\/staging.varesenews.it\/2019\/08\/bomba-dacqua-cocquio-gavirate\/847275\/\" \/>\n<meta property=\"og:site_name\" content=\"VareseNews\" \/>\n<meta property=\"article:publisher\" content=\"https:\/\/www.facebook.com\/varesenews\" \/>\n<meta property=\"article:author\" content=\"https:\/\/www.facebook.com\/manuel.sgarella\" \/>\n<meta property=\"article:published_time\" content=\"2019-08-20T17:47:17+00:00\" \/>\n<meta property=\"article:modified_time\" content=\"2019-08-20T19:54:48+00:00\" \/>\n<meta name=\"author\" content=\"Manuel Sgarella\" \/>\n<meta name=\"twitter:card\" content=\"summary_large_image\" \/>\n<meta name=\"twitter:creator\" content=\"@Sgarel\" \/>\n<meta name=\"twitter:site\" content=\"@varesenews\" \/>\n<meta name=\"twitter:label1\" content=\"Scritto da\" \/>\n\t<meta name=\"twitter:data1\" content=\"Manuel Sgarella\" \/>\n\t<meta name=\"twitter:label2\" content=\"Tempo di lettura stimato\" \/>\n\t<meta name=\"twitter:data2\" content=\"1 minuto\" \/>\n<script type=\"application\/ld+json\" class=\"yoast-schema-graph\">{\"@context\":\"https:\/\/schema.org\",\"@graph\":[{\"@type\":\"WebPage\",\"@id\":\"https:\/\/staging.varesenews.it\/2019\/08\/bomba-dacqua-cocquio-gavirate\/847275\/\",\"url\":\"https:\/\/staging.varesenews.it\/2019\/08\/bomba-dacqua-cocquio-gavirate\/847275\/\",\"name\":\"Bomba d'acqua nel nord della provincia\",\"isPartOf\":{\"@id\":\"https:\/\/staging.varesenews.it\/#website\"},\"datePublished\":\"2019-08-20T17:47:17+00:00\",\"dateModified\":\"2019-08-20T19:54:48+00:00\",\"author\":{\"@id\":\"https:\/\/staging.varesenews.it\/#\/schema\/person\/1ec987bf360cbcf5fab38b0367dbc9d4\"},\"description\":\"Violento temporale nella serata del marted\u00ec 20 agosto, intorno alle 19. Molte le chiamate ai vigili del fuoco\",\"breadcrumb\":{\"@id\":\"https:\/\/staging.varesenews.it\/2019\/08\/bomba-dacqua-cocquio-gavirate\/847275\/#breadcrumb\"},\"inLanguage\":\"it-IT\",\"potentialAction\":[{\"@type\":\"ReadAction\",\"target\":[\"https:\/\/staging.varesenews.it\/2019\/08\/bomba-dacqua-cocquio-gavirate\/847275\/\"]}]},{\"@type\":\"BreadcrumbList\",\"@id\":\"https:\/\/staging.varesenews.it\/2019\/08\/bomba-dacqua-cocquio-gavirate\/847275\/#breadcrumb\",\"itemListElement\":[{\"@type\":\"ListItem\",\"position\":1,\"name\":\"Home\",\"item\":\"https:\/\/www.varesenews.it\/\"},{\"@type\":\"ListItem\",\"position\":2,\"name\":\"Bomba d&#8217;acqua nel nord della provincia\"}]},{\"@type\":\"WebSite\",\"@id\":\"https:\/\/staging.varesenews.it\/#website\",\"url\":\"https:\/\/staging.varesenews.it\/\",\"name\":\"VareseNews\",\"description\":\"\",\"potentialAction\":[{\"@type\":\"SearchAction\",\"target\":{\"@type\":\"EntryPoint\",\"urlTemplate\":\"https:\/\/staging.varesenews.it\/?s={search_term_string}\"},\"query-input\":\"required name=search_term_string\"}],\"inLanguage\":\"it-IT\"},{\"@type\":\"Person\",\"@id\":\"https:\/\/staging.varesenews.it\/#\/schema\/person\/1ec987bf360cbcf5fab38b0367dbc9d4\",\"name\":\"Manuel Sgarella\",\"image\":{\"@type\":\"ImageObject\",\"inLanguage\":\"it-IT\",\"@id\":\"https:\/\/staging.varesenews.it\/#\/schema\/person\/image\/\",\"url\":\"https:\/\/staging.varesenews.it\/wp-content\/uploads\/2020\/12\/manuel_sgarella_colori_500.jpg\",\"contentUrl\":\"https:\/\/staging.varesenews.it\/wp-content\/uploads\/2020\/12\/manuel_sgarella_colori_500.jpg\",\"caption\":\"Manuel Sgarella\"},\"description\":\"A VareseNews dal 1999, da quando ho iniziato a collaborare per la pagina del cinema. Col tempo mi sono occupato della cronaca del territorio di Saronno-Tradate e dell'organizzazione di alcuni progetti speciali di VareseNews, tra cui la produzione del film Digitalife. Dal 2009 sono giornalista professionista. Diplomato alla Civica scuola del cinema di Milano, coltivo da sempre una passione per tutto quello che &egrave; narrazione, soprattutto per film e serie tv. Dal 2014 Pubblico romanzi come autore indipendente.&nbsp;\",\"sameAs\":[\"https:\/\/www.facebook.com\/manuel.sgarella\",\"Sgarel\",\"https:\/\/twitter.com\/Sgarel\"],\"url\":\"https:\/\/staging.varesenews.it\/persona\/manuel-sgarella1\/\"}]}<\/script>\n<!-- \/ Yoast SEO plugin. -->","yoast_head_json":{"title":"Bomba d'acqua nel nord della provincia","description":"Violento temporale nella serata del marted\u00ec 20 agosto, intorno alle 19. Molte le chiamate ai vigili del fuoco","robots":{"index":"noindex","follow":"follow","max-snippet":"max-snippet:-1","max-image-preview":"max-image-preview:large","max-video-preview":"max-video-preview:-1"},"og_locale":"it_IT","og_type":"article","og_title":"Bomba d'acqua nel nord della provincia","og_description":"Violento temporale nella serata del marted\u00ec 20 agosto, intorno alle 19. Molte le chiamate ai vigili del fuoco","og_url":"https:\/\/staging.varesenews.it\/2019\/08\/bomba-dacqua-cocquio-gavirate\/847275\/","og_site_name":"VareseNews","article_publisher":"https:\/\/www.facebook.com\/varesenews","article_author":"https:\/\/www.facebook.com\/manuel.sgarella","article_published_time":"2019-08-20T17:47:17+00:00","article_modified_time":"2019-08-20T19:54:48+00:00","author":"Manuel Sgarella","twitter_card":"summary_large_image","twitter_creator":"@Sgarel","twitter_site":"@varesenews","twitter_misc":{"Scritto da":"Manuel Sgarella","Tempo di lettura stimato":"1 minuto"},"schema":{"@context":"https:\/\/schema.org","@graph":[{"@type":"WebPage","@id":"https:\/\/staging.varesenews.it\/2019\/08\/bomba-dacqua-cocquio-gavirate\/847275\/","url":"https:\/\/staging.varesenews.it\/2019\/08\/bomba-dacqua-cocquio-gavirate\/847275\/","name":"Bomba d'acqua nel nord della provincia","isPartOf":{"@id":"https:\/\/staging.varesenews.it\/#website"},"datePublished":"2019-08-20T17:47:17+00:00","dateModified":"2019-08-20T19:54:48+00:00","author":{"@id":"https:\/\/staging.varesenews.it\/#\/schema\/person\/1ec987bf360cbcf5fab38b0367dbc9d4"},"description":"Violento temporale nella serata del marted\u00ec 20 agosto, intorno alle 19. Molte le chiamate ai vigili del fuoco","breadcrumb":{"@id":"https:\/\/staging.varesenews.it\/2019\/08\/bomba-dacqua-cocquio-gavirate\/847275\/#breadcrumb"},"inLanguage":"it-IT","potentialAction":[{"@type":"ReadAction","target":["https:\/\/staging.varesenews.it\/2019\/08\/bomba-dacqua-cocquio-gavirate\/847275\/"]}]},{"@type":"BreadcrumbList","@id":"https:\/\/staging.varesenews.it\/2019\/08\/bomba-dacqua-cocquio-gavirate\/847275\/#breadcrumb","itemListElement":[{"@type":"ListItem","position":1,"name":"Home","item":"https:\/\/www.varesenews.it\/"},{"@type":"ListItem","position":2,"name":"Bomba d&#8217;acqua nel nord della provincia"}]},{"@type":"WebSite","@id":"https:\/\/staging.varesenews.it\/#website","url":"https:\/\/staging.varesenews.it\/","name":"VareseNews","description":"","potentialAction":[{"@type":"SearchAction","target":{"@type":"EntryPoint","urlTemplate":"https:\/\/staging.varesenews.it\/?s={search_term_string}"},"query-input":"required name=search_term_string"}],"inLanguage":"it-IT"},{"@type":"Person","@id":"https:\/\/staging.varesenews.it\/#\/schema\/person\/1ec987bf360cbcf5fab38b0367dbc9d4","name":"Manuel Sgarella","image":{"@type":"ImageObject","inLanguage":"it-IT","@id":"https:\/\/staging.varesenews.it\/#\/schema\/person\/image\/","url":"https:\/\/staging.varesenews.it\/wp-content\/uploads\/2020\/12\/manuel_sgarella_colori_500.jpg","contentUrl":"https:\/\/staging.varesenews.it\/wp-content\/uploads\/2020\/12\/manuel_sgarella_colori_500.jpg","caption":"Manuel Sgarella"},"description":"A VareseNews dal 1999, da quando ho iniziato a collaborare per la pagina del cinema. Col tempo mi sono occupato della cronaca del territorio di Saronno-Tradate e dell'organizzazione di alcuni progetti speciali di VareseNews, tra cui la produzione del film Digitalife. Dal 2009 sono giornalista professionista. Diplomato alla Civica scuola del cinema di Milano, coltivo da sempre una passione per tutto quello che &egrave; narrazione, soprattutto per film e serie tv. Dal 2014 Pubblico romanzi come autore indipendente.&nbsp;","sameAs":["https:\/\/www.facebook.com\/manuel.sgarella","Sgarel","https:\/\/twitter.com\/Sgarel"],"url":"https:\/\/staging.varesenews.it\/persona\/manuel-sgarella1\/"}]}},"post_meta":{"_edit_lock":"1566372912:51","_edit_last":"51","_category_permalink":"a:1:{s:8:\"category\";s:0:\"\";}","ratings_users":"0","ratings_score":"0","ratings_average":"0","foto":"754430","firma_come_redazione":"1","argomento":"Cocquio Trevisago","_yoast_wpseo_content_score":"30","_jd_tweet_this":"yes","_wpt_short_url":"https:\/\/www.varesenews.it\/2019\/08\/bomba-dacqua-cocquio-gavirate\/847275\/","_wp_jd_target":"https:\/\/www.varesenews.it\/2019\/08\/bomba-dacqua-cocquio-gavirate\/847275\/","_jd_wp_twitter":"a:1:{i:0;s:121:\"Bomba d\u2019acqua tra Cocquio e Gavirate https:\/\/www.varesenews.it\/2019\/08\/bomba-dacqua-cocquio-gavirate\/847275\/ #temporale\";}","_wpt_status_message":"Tweet inviato con successo.","id_video_vzaar":"20764228","video":"847277","id_link_fotogallery":"847287","id_leggi_anche":"847734"},"photos":[{"original":"https:\/\/staging.varesenews.it\/photogallery_new\/images\/2019\/08\/maltempo-754430.jpg","full":"https:\/\/staging.varesenews.it\/photogallery_new\/images\/2019\/08\/maltempo-754430.1024x768.jpg","large":"https:\/\/staging.varesenews.it\/photogallery_new\/images\/2019\/08\/maltempo-754430.610x431.jpg"}],"_links":{"self":[{"href":"https:\/\/staging.varesenews.it\/swgapi\/v1\/wp\/v2\/posts\/847275"}],"collection":[{"href":"https:\/\/staging.varesenews.it\/swgapi\/v1\/wp\/v2\/posts"}],"about":[{"href":"https:\/\/staging.varesenews.it\/swgapi\/v1\/wp\/v2\/types\/post"}],"author":[{"embeddable":true,"href":"https:\/\/staging.varesenews.it\/swgapi\/v1\/wp\/v2\/users\/51"}],"replies":[{"embeddable":true,"href":"https:\/\/staging.varesenews.it\/swgapi\/v1\/wp\/v2\/comments?post=847275"}],"version-history":[{"count":0,"href":"https:\/\/staging.varesenews.it\/swgapi\/v1\/wp\/v2\/posts\/847275\/revisions"}],"wp:attachment":[{"href":"https:\/\/staging.varesenews.it\/swgapi\/v1\/wp\/v2\/media?parent=847275"}],"wp:term":[{"taxonomy":"category","embeddable":true,"href":"https:\/\/staging.varesenews.it\/swgapi\/v1\/wp\/v2\/categories?post=847275"},{"taxonomy":"post_tag","embeddable":true,"href":"https:\/\/staging.varesenews.it\/swgapi\/v1\/wp\/v2\/tags?post=847275"}],"curies":[{"name":"wp","href":"https:\/\/api.w.org\/{rel}","templated":true}]}}