{"id":848981,"date":"2019-08-29T16:14:27","date_gmt":"2019-08-29T14:14:27","guid":{"rendered":"https:\/\/www.varesenews.it\/?p=848981"},"modified":"2019-08-29T16:14:27","modified_gmt":"2019-08-29T14:14:27","slug":"italbasket-scelti-12-mondiale-cina","status":"publish","type":"post","link":"https:\/\/staging.varesenews.it\/2019\/08\/italbasket-scelti-12-mondiale-cina\/848981\/","title":{"rendered":"Italbasket, scelti i 12 per il Mondiale di Cina"},"content":{"rendered":"<p>Il c.t. della Nazionale di basket, <strong>Romeo Sacchetti<\/strong>, ha comunicato i dodici giocatori che formeranno la squadra &#8220;definitiva&#8221; ai<strong> Mondiali di pallacanestro<\/strong> che disputer\u00e0 i mondiali di Cina. Una competizione a cui l&#8217;Italia si avvicina con qualche difficolt\u00e0, visto il forfait di Melli e le condizioni precarie di giocatori come Gallinari e capitan Datome.<\/p>\n<p>Questi ultimi per\u00f2, saranno<strong> regolarmente in campo<\/strong> sui parquet cinesi: i due esclusi con l&#8217;ultimo &#8220;taglio&#8221; da parte di Sacchetti sono le ali <strong>Giampaolo Ricci<\/strong> (ex Cremona, passato in estate alla Virtus) e <strong>Brian Sacchetti<\/strong>, il figlio di Meo, punto di forza della Germani Brescia e unico azzurro con un passato a Varese, seppure nelle giovanili.<\/p>\n<p>La Nazionale quindi sar\u00e0 formata dai <strong>playmaker<\/strong> Hackett, Luca Vitali e Filloyha ; dalle <strong>guardie<\/strong> Belinelli e Della Valle, dalle<strong> ali piccole<\/strong> Datome, Abbass e Gentile. Gallinari sar\u00e0 l<strong>&#8216;ala forte<\/strong> titolare affiancata da Brooks mentre i due <strong>pivot<\/strong> di ruolo saranno Biligha e Tessitori. Il nome di quest&#8217;ultimi \u00e8 probabilmente il pi\u00f9 inatteso, ma il centro di Treviso si \u00e8 comunque messo in luce nelle partite di preparazione e ha una stazza che altri non posseggono.<\/p>\n<p>La squadra si trova gi\u00e0 <strong>in Cina da diversi giorni<\/strong> ed esordir\u00e0<strong> sabato 31 agosto contro le Filippine<\/strong> a Foshang, gi\u00e0 una partita da vincere per pensare di accedere al secondo turno. L&#8217;avvicinamento \u00e8 risultato molto difficoltoso, con sei sconfitte di fila (partite di diverso valore), ma ora \u00e8 tempo di mettersi alle spalle il passato e di provare a fare strada in una competizione da cui l&#8217;Italia <strong>manca da 13 anni<\/strong>. E che \u00e8 anche una prima porta d&#8217;ingresso alle prossime Olimpiadi.<\/p>\n","protected":false},"excerpt":{"rendered":"<p>Il c.t. Meo Sacchetti ha &#8220;tagliato&#8221; Ricci e il figlio Brian dalla lista dei 14. Biligha e Tessitori i due pivot. Sabato il primo match con le Filippine<\/p>\n","protected":false},"author":38,"featured_media":0,"comment_status":"open","ping_status":"open","sticky":false,"template":"","format":"standard","meta":{"footnotes":""},"categories":[9,14],"tags":[153,97795,62557],"acf":[],"yoast_head":"<!-- This site is optimized with the Yoast SEO plugin v20.1 - https:\/\/yoast.com\/wordpress\/plugins\/seo\/ -->\n<title>Italbasket, scelti i 12 per il Mondiale di Cina<\/title>\n<meta name=\"description\" content=\"Il c.t. Meo Sacchetti ha &quot;tagliato&quot; Ricci e il figlio Brian dalla lista dei 14. Biligha e Tessitori i due pivot. Sabato il primo match con le Filippine\" \/>\n<meta name=\"robots\" content=\"noindex, follow, max-snippet:-1, max-image-preview:large, max-video-preview:-1\" \/>\n<meta property=\"og:locale\" content=\"it_IT\" \/>\n<meta property=\"og:type\" content=\"article\" \/>\n<meta property=\"og:title\" content=\"Italbasket, scelti i 12 per il Mondiale di Cina\" \/>\n<meta property=\"og:description\" content=\"Il c.t. Meo Sacchetti ha &quot;tagliato&quot; Ricci e il figlio Brian dalla lista dei 14. Biligha e Tessitori i due pivot. Sabato il primo match con le Filippine\" \/>\n<meta property=\"og:url\" content=\"https:\/\/staging.varesenews.it\/2019\/08\/italbasket-scelti-12-mondiale-cina\/848981\/\" \/>\n<meta property=\"og:site_name\" content=\"VareseNews\" \/>\n<meta property=\"article:publisher\" content=\"https:\/\/www.facebook.com\/varesenews\" \/>\n<meta property=\"article:published_time\" content=\"2019-08-29T14:14:27+00:00\" \/>\n<meta name=\"author\" content=\"Damiano Franzetti\" \/>\n<meta name=\"twitter:card\" content=\"summary_large_image\" \/>\n<meta name=\"twitter:creator\" content=\"@damianofranz\" \/>\n<meta name=\"twitter:site\" content=\"@varesenews\" \/>\n<meta name=\"twitter:label1\" content=\"Scritto da\" \/>\n\t<meta name=\"twitter:data1\" content=\"Damiano Franzetti\" \/>\n\t<meta name=\"twitter:label2\" content=\"Tempo di lettura stimato\" \/>\n\t<meta name=\"twitter:data2\" content=\"1 minuto\" \/>\n<script type=\"application\/ld+json\" class=\"yoast-schema-graph\">{\"@context\":\"https:\/\/schema.org\",\"@graph\":[{\"@type\":\"WebPage\",\"@id\":\"https:\/\/staging.varesenews.it\/2019\/08\/italbasket-scelti-12-mondiale-cina\/848981\/\",\"url\":\"https:\/\/staging.varesenews.it\/2019\/08\/italbasket-scelti-12-mondiale-cina\/848981\/\",\"name\":\"Italbasket, scelti i 12 per il Mondiale di Cina\",\"isPartOf\":{\"@id\":\"https:\/\/staging.varesenews.it\/#website\"},\"datePublished\":\"2019-08-29T14:14:27+00:00\",\"dateModified\":\"2019-08-29T14:14:27+00:00\",\"author\":{\"@id\":\"https:\/\/staging.varesenews.it\/#\/schema\/person\/709ae3769f6b4dbde8ec332baede8a5b\"},\"description\":\"Il c.t. Meo Sacchetti ha \\\"tagliato\\\" Ricci e il figlio Brian dalla lista dei 14. Biligha e Tessitori i due pivot. Sabato il primo match con le Filippine\",\"breadcrumb\":{\"@id\":\"https:\/\/staging.varesenews.it\/2019\/08\/italbasket-scelti-12-mondiale-cina\/848981\/#breadcrumb\"},\"inLanguage\":\"it-IT\",\"potentialAction\":[{\"@type\":\"ReadAction\",\"target\":[\"https:\/\/staging.varesenews.it\/2019\/08\/italbasket-scelti-12-mondiale-cina\/848981\/\"]}]},{\"@type\":\"BreadcrumbList\",\"@id\":\"https:\/\/staging.varesenews.it\/2019\/08\/italbasket-scelti-12-mondiale-cina\/848981\/#breadcrumb\",\"itemListElement\":[{\"@type\":\"ListItem\",\"position\":1,\"name\":\"Home\",\"item\":\"https:\/\/www.varesenews.it\/\"},{\"@type\":\"ListItem\",\"position\":2,\"name\":\"Italbasket, scelti i 12 per il Mondiale di Cina\"}]},{\"@type\":\"WebSite\",\"@id\":\"https:\/\/staging.varesenews.it\/#website\",\"url\":\"https:\/\/staging.varesenews.it\/\",\"name\":\"VareseNews\",\"description\":\"\",\"potentialAction\":[{\"@type\":\"SearchAction\",\"target\":{\"@type\":\"EntryPoint\",\"urlTemplate\":\"https:\/\/staging.varesenews.it\/?s={search_term_string}\"},\"query-input\":\"required name=search_term_string\"}],\"inLanguage\":\"it-IT\"},{\"@type\":\"Person\",\"@id\":\"https:\/\/staging.varesenews.it\/#\/schema\/person\/709ae3769f6b4dbde8ec332baede8a5b\",\"name\":\"Damiano Franzetti\",\"image\":{\"@type\":\"ImageObject\",\"inLanguage\":\"it-IT\",\"@id\":\"https:\/\/staging.varesenews.it\/#\/schema\/person\/image\/\",\"url\":\"https:\/\/staging.varesenews.it\/wp-content\/uploads\/2020\/12\/damiano_franzetti_colori_500.jpg\",\"contentUrl\":\"https:\/\/staging.varesenews.it\/wp-content\/uploads\/2020\/12\/damiano_franzetti_colori_500.jpg\",\"caption\":\"Damiano Franzetti\"},\"description\":\"Classe 1976, una laurea (nel cassetto) in scienze e tecnologie alimentari; sono giornalista professionista dal 2009 nato e cresciuto con VareseNews dove mi occupo soprattutto di sport ormai da vent&rsquo;anni. Inviato sui campi (sulle piste, sulle strade...), intervistatore, coordinatore e responsabile delle pagine sportive, mi ritaglio volentieri lo spazio per scrivere di birra sul blog Malto Gradimento. Ho seguito innumerevoli campionati di Serie A di basket, di serie B di calcio, due Mondiali di ciclismo, qualche Giro d&rsquo;;Italia e tanto altro ancora. Collaboro con Tuttosport e altre testate, mi diletto di social. Ho una moglie, un figlio, vivo nella mia Gemonio e ho purtroppo smesso con il basket giocato. &nbsp;\",\"sameAs\":[\"damianofranz\",\"https:\/\/www.linkedin.com\/profile\/view?id=241597124&trk=nav_responsive_tab_profile\",\"https:\/\/twitter.com\/damianofranz\"],\"url\":\"https:\/\/staging.varesenews.it\/persona\/damiano_franzetti-2\/\"}]}<\/script>\n<!-- \/ Yoast SEO plugin. -->","yoast_head_json":{"title":"Italbasket, scelti i 12 per il Mondiale di Cina","description":"Il c.t. Meo Sacchetti ha \"tagliato\" Ricci e il figlio Brian dalla lista dei 14. Biligha e Tessitori i due pivot. Sabato il primo match con le Filippine","robots":{"index":"noindex","follow":"follow","max-snippet":"max-snippet:-1","max-image-preview":"max-image-preview:large","max-video-preview":"max-video-preview:-1"},"og_locale":"it_IT","og_type":"article","og_title":"Italbasket, scelti i 12 per il Mondiale di Cina","og_description":"Il c.t. Meo Sacchetti ha \"tagliato\" Ricci e il figlio Brian dalla lista dei 14. Biligha e Tessitori i due pivot. Sabato il primo match con le Filippine","og_url":"https:\/\/staging.varesenews.it\/2019\/08\/italbasket-scelti-12-mondiale-cina\/848981\/","og_site_name":"VareseNews","article_publisher":"https:\/\/www.facebook.com\/varesenews","article_published_time":"2019-08-29T14:14:27+00:00","author":"Damiano Franzetti","twitter_card":"summary_large_image","twitter_creator":"@damianofranz","twitter_site":"@varesenews","twitter_misc":{"Scritto da":"Damiano Franzetti","Tempo di lettura stimato":"1 minuto"},"schema":{"@context":"https:\/\/schema.org","@graph":[{"@type":"WebPage","@id":"https:\/\/staging.varesenews.it\/2019\/08\/italbasket-scelti-12-mondiale-cina\/848981\/","url":"https:\/\/staging.varesenews.it\/2019\/08\/italbasket-scelti-12-mondiale-cina\/848981\/","name":"Italbasket, scelti i 12 per il Mondiale di Cina","isPartOf":{"@id":"https:\/\/staging.varesenews.it\/#website"},"datePublished":"2019-08-29T14:14:27+00:00","dateModified":"2019-08-29T14:14:27+00:00","author":{"@id":"https:\/\/staging.varesenews.it\/#\/schema\/person\/709ae3769f6b4dbde8ec332baede8a5b"},"description":"Il c.t. Meo Sacchetti ha \"tagliato\" Ricci e il figlio Brian dalla lista dei 14. Biligha e Tessitori i due pivot. Sabato il primo match con le Filippine","breadcrumb":{"@id":"https:\/\/staging.varesenews.it\/2019\/08\/italbasket-scelti-12-mondiale-cina\/848981\/#breadcrumb"},"inLanguage":"it-IT","potentialAction":[{"@type":"ReadAction","target":["https:\/\/staging.varesenews.it\/2019\/08\/italbasket-scelti-12-mondiale-cina\/848981\/"]}]},{"@type":"BreadcrumbList","@id":"https:\/\/staging.varesenews.it\/2019\/08\/italbasket-scelti-12-mondiale-cina\/848981\/#breadcrumb","itemListElement":[{"@type":"ListItem","position":1,"name":"Home","item":"https:\/\/www.varesenews.it\/"},{"@type":"ListItem","position":2,"name":"Italbasket, scelti i 12 per il Mondiale di Cina"}]},{"@type":"WebSite","@id":"https:\/\/staging.varesenews.it\/#website","url":"https:\/\/staging.varesenews.it\/","name":"VareseNews","description":"","potentialAction":[{"@type":"SearchAction","target":{"@type":"EntryPoint","urlTemplate":"https:\/\/staging.varesenews.it\/?s={search_term_string}"},"query-input":"required name=search_term_string"}],"inLanguage":"it-IT"},{"@type":"Person","@id":"https:\/\/staging.varesenews.it\/#\/schema\/person\/709ae3769f6b4dbde8ec332baede8a5b","name":"Damiano Franzetti","image":{"@type":"ImageObject","inLanguage":"it-IT","@id":"https:\/\/staging.varesenews.it\/#\/schema\/person\/image\/","url":"https:\/\/staging.varesenews.it\/wp-content\/uploads\/2020\/12\/damiano_franzetti_colori_500.jpg","contentUrl":"https:\/\/staging.varesenews.it\/wp-content\/uploads\/2020\/12\/damiano_franzetti_colori_500.jpg","caption":"Damiano Franzetti"},"description":"Classe 1976, una laurea (nel cassetto) in scienze e tecnologie alimentari; sono giornalista professionista dal 2009 nato e cresciuto con VareseNews dove mi occupo soprattutto di sport ormai da vent&rsquo;anni. Inviato sui campi (sulle piste, sulle strade...), intervistatore, coordinatore e responsabile delle pagine sportive, mi ritaglio volentieri lo spazio per scrivere di birra sul blog Malto Gradimento. Ho seguito innumerevoli campionati di Serie A di basket, di serie B di calcio, due Mondiali di ciclismo, qualche Giro d&rsquo;;Italia e tanto altro ancora. Collaboro con Tuttosport e altre testate, mi diletto di social. Ho una moglie, un figlio, vivo nella mia Gemonio e ho purtroppo smesso con il basket giocato. &nbsp;","sameAs":["damianofranz","https:\/\/www.linkedin.com\/profile\/view?id=241597124&trk=nav_responsive_tab_profile","https:\/\/twitter.com\/damianofranz"],"url":"https:\/\/staging.varesenews.it\/persona\/damiano_franzetti-2\/"}]}},"post_meta":{"_edit_lock":"1567088472:38","_edit_last":"38","_category_permalink":"a:1:{s:8:\"category\";s:2:\"14\";}","ratings_users":"0","ratings_score":"0","ratings_average":"0","foto":"723644","argomento":"Basket","_yoast_wpseo_content_score":"30","_jd_tweet_this":"yes","_wpt_short_url":"https:\/\/www.varesenews.it\/2019\/08\/italbasket-scelti-12-mondiale-cina\/848981\/","_wp_jd_target":"https:\/\/www.varesenews.it\/2019\/08\/italbasket-scelti-12-mondiale-cina\/848981\/","_jd_wp_twitter":"a:1:{i:0;s:132:\"Italbasket, scelti i 12 per il Mondiale di Cina https:\/\/www.varesenews.it\/2019\/08\/italbasket-scelti-12-mondiale-cina\/848981\/ #basket\";}","_wpt_status_message":"Tweet inviato con successo."},"photos":[{"original":"https:\/\/staging.varesenews.it\/photogallery_new\/images\/2019\/02\/basket-nazionale-italia-ungheria-fiba-723644.jpg","full":"https:\/\/staging.varesenews.it\/photogallery_new\/images\/2019\/02\/basket-nazionale-italia-ungheria-fiba-723644.1024x768.jpg","large":"https:\/\/staging.varesenews.it\/photogallery_new\/images\/2019\/02\/basket-nazionale-italia-ungheria-fiba-723644.610x431.jpg"}],"_links":{"self":[{"href":"https:\/\/staging.varesenews.it\/swgapi\/v1\/wp\/v2\/posts\/848981"}],"collection":[{"href":"https:\/\/staging.varesenews.it\/swgapi\/v1\/wp\/v2\/posts"}],"about":[{"href":"https:\/\/staging.varesenews.it\/swgapi\/v1\/wp\/v2\/types\/post"}],"author":[{"embeddable":true,"href":"https:\/\/staging.varesenews.it\/swgapi\/v1\/wp\/v2\/users\/38"}],"replies":[{"embeddable":true,"href":"https:\/\/staging.varesenews.it\/swgapi\/v1\/wp\/v2\/comments?post=848981"}],"version-history":[{"count":0,"href":"https:\/\/staging.varesenews.it\/swgapi\/v1\/wp\/v2\/posts\/848981\/revisions"}],"wp:attachment":[{"href":"https:\/\/staging.varesenews.it\/swgapi\/v1\/wp\/v2\/media?parent=848981"}],"wp:term":[{"taxonomy":"category","embeddable":true,"href":"https:\/\/staging.varesenews.it\/swgapi\/v1\/wp\/v2\/categories?post=848981"},{"taxonomy":"post_tag","embeddable":true,"href":"https:\/\/staging.varesenews.it\/swgapi\/v1\/wp\/v2\/tags?post=848981"}],"curies":[{"name":"wp","href":"https:\/\/api.w.org\/{rel}","templated":true}]}}