{"id":851688,"date":"2019-09-10T11:16:52","date_gmt":"2019-09-10T09:16:52","guid":{"rendered":"https:\/\/www.varesenews.it\/?p=851688"},"modified":"2020-10-01T15:02:49","modified_gmt":"2020-10-01T13:02:49","slug":"quaranta-giorni-liberta-dellossola","status":"publish","type":"post","link":"https:\/\/staging.varesenews.it\/2019\/09\/quaranta-giorni-liberta-dellossola\/851688\/","title":{"rendered":"I quaranta giorni di libert\u00e0 dell&#8217;Ossola"},"content":{"rendered":"<p><strong>Il 10 settembre 1944 \u00a0nasceva la \u201cRepubblica dell\u2019Ossola\u201d<\/strong>, l\u2019esempio pi\u00f9 avanzato di territorio liberato autonomamente dagli italiani e governato democraticamente dopo vent&#8217;anni di regime fascista.<strong> Dur\u00f2 solo quaranta giorni, tra settembre e ottobre<\/strong>, ma fu importante perch\u00e9 &#8211; tra l\u2019altro &#8211; <strong>dimostr\u00f2 agli Alleati, ad americani e inglesi, che gli italiani potevano tornare alla democrazia<\/strong>, nonostante le profonde differenze politiche che seguivano il ventennio di dittatura.<\/p>\n<p>A giugno del 1944 le formazioni partigiane, gi\u00e0 numerose in uomini ma scarse in armi e talvolta in esperienza, avevano sub\u00ecto <a href=\"https:\/\/www.varesenews.it\/2019\/06\/rastrellamento-val-grande-parco\/827252\/\">pesanti sconfitte<\/a> in occasione dei <a href=\"https:\/\/www.varesenews.it\/2019\/04\/guido-camussi-un-cavaliere-partigiano-sui-monti-dellossola\/815141\/\">rastrellamenti<\/a> condotti da fascisti e tedeschi. Nell\u2019estate per\u00f2 si erano rapidamente riorganizzate e avevano mostrato in alcuni casi gi\u00e0 grandi capacit\u00e0 di coordinamento (<a href=\"https:\/\/www.varesenews.it\/2019\/08\/assalto-silenzioso-nella-notte-laudace-azione-cavaria\/842310\/\">come nel caso del \u201ccolpo di Cavaria\u201d<\/a>). Tra <strong>fine di agosto e inizio settembr<\/strong>e le brigate &#8211; numerose e ora ben addestrate &#8211; fecero cadere uno dopo l\u2019altro i vari distaccamenti nazifascisti presenti nelle varie valli laterali dell&#8217;Ossola, coma la Val Divedro, la valle Anzasca, Antrona, la Val Vigezzo, la val Antigorio-Formazza.<\/p>\n<p>Non era una azione coordinata, anche perch\u00e9 <strong>tra le formazioni partigiane c\u2019erano profonde differenze e diffidenze<\/strong>.<br \/>\nC\u2019erano le Brigate Garibaldi tendenzialmente di sinistra, guidate dai comunisti; la divisione Valtoce, formazione \u201cmilitare\u201d, ma di fatto di tendenza moderata, monarchica e democristiana; la divisione Valdossola, unitaria, ma con comando di tendenza socialista; la divisione Piave autonoma, senza chiara connotazioni politiche. Nelle loro file combattevano anche moltissimi uomini che venivano da <strong>Milano<\/strong>, <strong>Legnano<\/strong>, <strong>Busto Arsizio<\/strong>, <strong>Gallarate<\/strong> e altre localit\u00e0 tra Milanese e Varesotto.<\/p>\n<p>Incalzati dai partigiani, fascisti e tedeschi si erano concentrati a <strong>Domodossola<\/strong> ma erano di fatto circondati. Al 9 settembre ci fu un incontro appena fuori citt\u00e0 e i comandanti della Valtoce e della Valdossola, <strong>Alfredo Dio Dio<\/strong> e <strong>Dionigi Superti<\/strong>, ottennero che i nazifascisti sgomberassero la citt\u00e0, portando con s\u00e9 poche armi individuali. Fu una decisione utilitaristica (poi molto contestata dai comunisti di <strong>Cino Moscatelli<\/strong>) ma che consent\u00ec di liberare l\u2019intera val d\u2019Ossola, dal confine svizzero fino al Lago Maggiore.<span class=\"Apple-converted-space\">\u00a0<\/span><\/p>\n<p><iframe loading=\"lazy\" style=\"border: none; overflow: hidden;\" src=\"https:\/\/www.facebook.com\/plugins\/video.php?href=https%3A%2F%2Fwww.facebook.com%2Fossola1944%2Fvideos%2F476281409593500%2F&amp;show_text=0&amp;width=560\" width=\"610\" height=\"340\" frameborder=\"0\" scrolling=\"no\" allowfullscreen=\"allowfullscreen\"><\/iframe><br \/>\n<em> (L&#8217;ingresso in citt\u00e0 della Valtoce e della Valdossola, come ricostruito nello sceneggiato che la Rai produsse nel 1974, per il trentesimo anniversario)<\/em><\/p>\n<p>Tra estate e autunno furono numerose le <a href=\"https:\/\/it.wikipedia.org\/wiki\/Repubbliche_partigiane\" target=\"_blank\" rel=\"noopener\">zone liberate nel Nord Italia<\/a>, tra cui la Carnia in Friuli, Alba e le Langhe, Montefiorino in Emilia. Il <strong>caso della Repubblica dell\u2019Ossola &#8211; che allora si chiamava solo &#8220;Zona Libera&#8221; &#8211; fu per\u00f2 il pi\u00f9 eclatante per motivi diversi<\/strong>.<\/p>\n<p>In primo luogo perch\u00e9 era <strong>al confine con la Svizzera<\/strong> e quindi aveva rapporti \u201cinternazionali\u201d, una via d\u2019uscita per i profughi, la possibilit\u00e0 di commerciare. A <strong>Lugano<\/strong> c\u2019erano i delegati dei servizi segreti di Stati Uniti e Regno Unito, che ipotizzarono anche di far sbarcare paracadutisti nella zona.<\/p>\n<p>Soprattutto la Repubblica dell\u2019Ossola fu <strong>l\u2019unica zona liberata che fu amministrata non dai comandanti partigiani, ma da un governo civile<\/strong> e (con i limiti del contesto) democratica: la Giunta Provvisoria di Governo comprendeva esponenti socialisti, comunisti, liberali e del clero. Era guidata da <strong>Ettore Tibaldi,<\/strong> primario dell\u2019ospedale di Domodossola, un socialista di Pavia che era stato \u201cconfinato\u201d dal fascismo in Ossola a causa delle sue idee. Nelle file della giunta e tra i collaboratori ci furono persone che, nel Dopoguerra, ebbero importantissimi incarichi: il comunista <strong>Umberto Terracini<\/strong> ad esempio fu poi presidente dell\u2019Assemblea Costituente e mise la sua firma sulla Costituzione ancora oggi in vigore. Lo stesso Tibaldi fu senatore del Psi, <strong>Ezio Vigorelli<\/strong> fu poi deputato e ministro. Nella giunta c\u2019era anche la prima donna mai chiamata a un incarico di governo: si trattava della comunista <strong>Gisella Floreanini<\/strong>.<\/p>\n<p>La giunta inizi\u00f2 una vera <strong>opera di de-fascistizzazione, introdusse sindacati liberi e libera stampa<\/strong>: nei \u201cquaranta giorni di libert\u00e0\u201d furono<strong> stampate ben sette testate diverse<\/strong>, alcune puramente informative (il <a href=\"http:\/\/www.stampaclandestina.it\/?page_id=116&amp;ricerca=374\">Bollettino della Giunta<\/a>), altre espressione delle brigate partigiane (dei <a href=\"http:\/\/www.stampaclandestina.it\/?page_id=116&amp;ricerca=487\" target=\"_blank\" rel=\"noopener\">garibaldini<\/a>, della <a href=\"http:\/\/www.stampaclandestina.it\/?page_id=116&amp;ricerca=625\" target=\"_blank\" rel=\"noopener\">Valtoce<\/a>, ecc), altre dei partiti (<a href=\"http:\/\/www.stampaclandestina.it\/?page_id=116&amp;ricerca=359\" target=\"_blank\" rel=\"noopener\">L\u2019Avanti<\/a>).<\/p>\n<p>Dopo vent\u2019anni, all\u2019improvviso <strong>si riscopriva la democrazia<\/strong>, che appariva come una sfida affascinante: \u00abAvremo aria libera in casa nostra; potremo leggere i giornali; si discuter\u00e0 di politica in piazza e nei teatri, al caff\u00e8, dovunque! Sentiremo cosa dice l&#8217;uno e cosa dice l&#8217;altro; <strong>cercheremo di farci una ragione nostra, personale, intima e profonda dei vari problemi sociali, economici, morali<\/strong> che la guerra e la crisi hanno prospettati al mondo, e delle<strong> idee che ciascun partito pone al centro<\/strong> delle soluzioni\u00bb si leggeva ad esempio<span class=\"Apple-converted-space\">\u00a0 <\/span>sul <em>Crivello<\/em>, il primo dei giornali pubblicati a Domo. Ci furono conferenze pubbliche partecipatissime e numerosi comizi.<\/p>\n<p><div class=\"photo-inside-post\"><img decoding=\"async\" loading=\"lazy\" fetchpriority=\"low\" width=\"610\" height=\"431\" src=\"https:\/\/staging.varesenews.it\/photogallery_new\/images\/2019\/09\/generico-2018-756763.610x431.jpg\" alt=\"Generico 2018\"><\/div> Comizio in piazza del Mercato a Domodossola, durante i &#8220;quaranta giorni&#8221;<\/p>\n<p>Il socialista <strong>Mario Bonfantini<\/strong>, che fu poi professore universitario,<strong> trov\u00f2 affollata la sala delle conferenze anche al 12 ottobre<\/strong>, quando i fascisti erano gi\u00e0 alle porte. Il giorno prima era incominciato <strong>l\u2019attacco, condotto da migliaia di repubblichini<\/strong> con l\u2019appoggio di reparti tedeschi: la difesa dell&#8217;Ossola dur\u00f2 undici giorni, poi le formazioni partigiane tornarono alla guerriglia (ritirandosi nelle alte valli) o espatriarono in Svizzera. Al 19 ottobre ci fu l\u2019ultimo contrattacco dei patrioti alle Casse del Toce, con venti fascisti fatti prigionieri.<\/p>\n<p><strong>Furono 18mila gli ossolani che si rifugiarono nella Confederazione Elvetica<\/strong> perch\u00e9 temevano la rappresaglia fascista o perch\u00e9 avevano condiviso fino in fondo l\u2019esperienza della Zona Libera.<\/p>\n<p>I pi\u00f9 &#8211; civili &#8211; espatriarono in treno e trovarono accoglienza molto umana dagli svizzeri, in Canton Ticino e nel Vallese. Pi\u00f9 ostile, soprattutto verso i garibaldini, fu l\u2019atteggiamento verso i partigiani espatriati. Il grosso della colonna si ritir\u00f2 dal Passo San Giacomo, in val Formazza. Tra loro i membri della Giunta di Governo, con <strong>tutti i documenti e la contabilit\u00e0 dei quaranta giorni di amministrazione<\/strong>.<\/p>\n<p>C\u2019era soprattutto <strong>un numero di grande valore<\/strong>, che non stava nella contabilit\u00e0 economica. Passati i combattimenti, il socialista <strong>Ezio Vigorelli<\/strong> &#8211; nominato procuratore e consulente giuridico &#8211; s\u2019impegn\u00f2 per garantire processi equi ed evitare sentenze capitali, in questo scontrandosi anche con i comandanti delle formazioni partigiane che avrebbero voluto maggiore fermezza.<br \/>\nVigorelli aveva perso due figli, partigiani morti nel <a href=\"https:\/\/www.varesenews.it\/2019\/06\/rastrellamento-val-grande-parco\/827252\/\">rastrellamento nazifascista avvenuto solo due mesi prima<\/a>:<strong> nei quaranta giorni dell\u2019Ossola non fu emessa nessuna condanna a morte.<\/strong><\/p>\n","protected":false},"excerpt":{"rendered":"<p>Il 10 settembre 1944 i partigiani liberarono Domodossola. Si speriment\u00f2 il ritorno alla vita democratica, con una giunta di diversi &#8220;colori&#8221; politici, giornali, dibattiti pubblici<\/p>\n","protected":false},"author":46,"featured_media":0,"comment_status":"open","ping_status":"open","sticky":false,"template":"","format":"standard","meta":{"footnotes":""},"categories":[4,18,3,7],"tags":[10905,99299,2353,2652],"acf":[],"yoast_head":"<!-- This site is optimized with the Yoast SEO plugin v20.1 - https:\/\/yoast.com\/wordpress\/plugins\/seo\/ -->\n<title>I quaranta giorni di libert\u00e0 dell&#039;Ossola<\/title>\n<meta name=\"description\" content=\"Il 10 settembre 1944 i partigiani liberarono Domodossola. Si speriment\u00f2 il ritorno alla vita democratica, con una giunta di diversi &quot;colori&quot; politici, giornali, dibattiti pubblici\" \/>\n<meta name=\"robots\" content=\"noindex, follow, max-snippet:-1, max-image-preview:large, max-video-preview:-1\" \/>\n<meta property=\"og:locale\" content=\"it_IT\" \/>\n<meta property=\"og:type\" content=\"article\" \/>\n<meta property=\"og:title\" content=\"I quaranta giorni di libert\u00e0 dell&#039;Ossola\" \/>\n<meta property=\"og:description\" content=\"Il 10 settembre 1944 i partigiani liberarono Domodossola. Si speriment\u00f2 il ritorno alla vita democratica, con una giunta di diversi &quot;colori&quot; politici, giornali, dibattiti pubblici\" \/>\n<meta property=\"og:url\" content=\"https:\/\/staging.varesenews.it\/2019\/09\/quaranta-giorni-liberta-dellossola\/851688\/\" \/>\n<meta property=\"og:site_name\" content=\"VareseNews\" \/>\n<meta property=\"article:publisher\" content=\"https:\/\/www.facebook.com\/varesenews\" \/>\n<meta property=\"article:published_time\" content=\"2019-09-10T09:16:52+00:00\" \/>\n<meta property=\"article:modified_time\" content=\"2020-10-01T13:02:49+00:00\" \/>\n<meta name=\"author\" content=\"Roberto Morandi\" \/>\n<meta name=\"twitter:card\" content=\"summary_large_image\" \/>\n<meta name=\"twitter:creator\" content=\"@ilmorands\" \/>\n<meta name=\"twitter:site\" content=\"@varesenews\" \/>\n<meta name=\"twitter:label1\" content=\"Scritto da\" \/>\n\t<meta name=\"twitter:data1\" content=\"Roberto Morandi\" \/>\n\t<meta name=\"twitter:label2\" content=\"Tempo di lettura stimato\" \/>\n\t<meta name=\"twitter:data2\" content=\"5 minuti\" \/>\n<script type=\"application\/ld+json\" class=\"yoast-schema-graph\">{\"@context\":\"https:\/\/schema.org\",\"@graph\":[{\"@type\":\"WebPage\",\"@id\":\"https:\/\/staging.varesenews.it\/2019\/09\/quaranta-giorni-liberta-dellossola\/851688\/\",\"url\":\"https:\/\/staging.varesenews.it\/2019\/09\/quaranta-giorni-liberta-dellossola\/851688\/\",\"name\":\"I quaranta giorni di libert\u00e0 dell'Ossola\",\"isPartOf\":{\"@id\":\"https:\/\/staging.varesenews.it\/#website\"},\"datePublished\":\"2019-09-10T09:16:52+00:00\",\"dateModified\":\"2020-10-01T13:02:49+00:00\",\"author\":{\"@id\":\"https:\/\/staging.varesenews.it\/#\/schema\/person\/efe592ae4c76536b551f89d8b6674bc3\"},\"description\":\"Il 10 settembre 1944 i partigiani liberarono Domodossola. Si speriment\u00f2 il ritorno alla vita democratica, con una giunta di diversi \\\"colori\\\" politici, giornali, dibattiti pubblici\",\"breadcrumb\":{\"@id\":\"https:\/\/staging.varesenews.it\/2019\/09\/quaranta-giorni-liberta-dellossola\/851688\/#breadcrumb\"},\"inLanguage\":\"it-IT\",\"potentialAction\":[{\"@type\":\"ReadAction\",\"target\":[\"https:\/\/staging.varesenews.it\/2019\/09\/quaranta-giorni-liberta-dellossola\/851688\/\"]}]},{\"@type\":\"BreadcrumbList\",\"@id\":\"https:\/\/staging.varesenews.it\/2019\/09\/quaranta-giorni-liberta-dellossola\/851688\/#breadcrumb\",\"itemListElement\":[{\"@type\":\"ListItem\",\"position\":1,\"name\":\"Home\",\"item\":\"https:\/\/www.varesenews.it\/\"},{\"@type\":\"ListItem\",\"position\":2,\"name\":\"I quaranta giorni di libert\u00e0 dell&#8217;Ossola\"}]},{\"@type\":\"WebSite\",\"@id\":\"https:\/\/staging.varesenews.it\/#website\",\"url\":\"https:\/\/staging.varesenews.it\/\",\"name\":\"VareseNews\",\"description\":\"\",\"potentialAction\":[{\"@type\":\"SearchAction\",\"target\":{\"@type\":\"EntryPoint\",\"urlTemplate\":\"https:\/\/staging.varesenews.it\/?s={search_term_string}\"},\"query-input\":\"required name=search_term_string\"}],\"inLanguage\":\"it-IT\"},{\"@type\":\"Person\",\"@id\":\"https:\/\/staging.varesenews.it\/#\/schema\/person\/efe592ae4c76536b551f89d8b6674bc3\",\"name\":\"Roberto Morandi\",\"image\":{\"@type\":\"ImageObject\",\"inLanguage\":\"it-IT\",\"@id\":\"https:\/\/staging.varesenews.it\/#\/schema\/person\/image\/\",\"url\":\"https:\/\/staging.varesenews.it\/wp-content\/uploads\/2020\/12\/roberto_morandi_colori_500.jpg\",\"contentUrl\":\"https:\/\/staging.varesenews.it\/wp-content\/uploads\/2020\/12\/roberto_morandi_colori_500.jpg\",\"caption\":\"Roberto Morandi\"},\"description\":\"Classe 1980, laureato in storia, mi occupo dell&rsquo;area di Gallarate e di Malpensa, di trasporti e mobilit&agrave;. Amo molto la dimensione della citt&agrave;, come luogo d&rsquo;incontro di persone diverse e come organismo che si trasforma costantemente. Mi piace anche raccontare le piccole e grandi vicende, anche locali, che compongono la Storia con la S maiuscola. Appassionato di bicicletta: la macchina perfetta per muoversi in citt&agrave; e per viaggiare.\",\"sameAs\":[\"https:\/\/twitter.com\/ilmorands\"],\"url\":\"https:\/\/staging.varesenews.it\/persona\/roberto-morandi1\/\"}]}<\/script>\n<!-- \/ Yoast SEO plugin. -->","yoast_head_json":{"title":"I quaranta giorni di libert\u00e0 dell'Ossola","description":"Il 10 settembre 1944 i partigiani liberarono Domodossola. Si speriment\u00f2 il ritorno alla vita democratica, con una giunta di diversi \"colori\" politici, giornali, dibattiti pubblici","robots":{"index":"noindex","follow":"follow","max-snippet":"max-snippet:-1","max-image-preview":"max-image-preview:large","max-video-preview":"max-video-preview:-1"},"og_locale":"it_IT","og_type":"article","og_title":"I quaranta giorni di libert\u00e0 dell'Ossola","og_description":"Il 10 settembre 1944 i partigiani liberarono Domodossola. Si speriment\u00f2 il ritorno alla vita democratica, con una giunta di diversi \"colori\" politici, giornali, dibattiti pubblici","og_url":"https:\/\/staging.varesenews.it\/2019\/09\/quaranta-giorni-liberta-dellossola\/851688\/","og_site_name":"VareseNews","article_publisher":"https:\/\/www.facebook.com\/varesenews","article_published_time":"2019-09-10T09:16:52+00:00","article_modified_time":"2020-10-01T13:02:49+00:00","author":"Roberto Morandi","twitter_card":"summary_large_image","twitter_creator":"@ilmorands","twitter_site":"@varesenews","twitter_misc":{"Scritto da":"Roberto Morandi","Tempo di lettura stimato":"5 minuti"},"schema":{"@context":"https:\/\/schema.org","@graph":[{"@type":"WebPage","@id":"https:\/\/staging.varesenews.it\/2019\/09\/quaranta-giorni-liberta-dellossola\/851688\/","url":"https:\/\/staging.varesenews.it\/2019\/09\/quaranta-giorni-liberta-dellossola\/851688\/","name":"I quaranta giorni di libert\u00e0 dell'Ossola","isPartOf":{"@id":"https:\/\/staging.varesenews.it\/#website"},"datePublished":"2019-09-10T09:16:52+00:00","dateModified":"2020-10-01T13:02:49+00:00","author":{"@id":"https:\/\/staging.varesenews.it\/#\/schema\/person\/efe592ae4c76536b551f89d8b6674bc3"},"description":"Il 10 settembre 1944 i partigiani liberarono Domodossola. Si speriment\u00f2 il ritorno alla vita democratica, con una giunta di diversi \"colori\" politici, giornali, dibattiti pubblici","breadcrumb":{"@id":"https:\/\/staging.varesenews.it\/2019\/09\/quaranta-giorni-liberta-dellossola\/851688\/#breadcrumb"},"inLanguage":"it-IT","potentialAction":[{"@type":"ReadAction","target":["https:\/\/staging.varesenews.it\/2019\/09\/quaranta-giorni-liberta-dellossola\/851688\/"]}]},{"@type":"BreadcrumbList","@id":"https:\/\/staging.varesenews.it\/2019\/09\/quaranta-giorni-liberta-dellossola\/851688\/#breadcrumb","itemListElement":[{"@type":"ListItem","position":1,"name":"Home","item":"https:\/\/www.varesenews.it\/"},{"@type":"ListItem","position":2,"name":"I quaranta giorni di libert\u00e0 dell&#8217;Ossola"}]},{"@type":"WebSite","@id":"https:\/\/staging.varesenews.it\/#website","url":"https:\/\/staging.varesenews.it\/","name":"VareseNews","description":"","potentialAction":[{"@type":"SearchAction","target":{"@type":"EntryPoint","urlTemplate":"https:\/\/staging.varesenews.it\/?s={search_term_string}"},"query-input":"required name=search_term_string"}],"inLanguage":"it-IT"},{"@type":"Person","@id":"https:\/\/staging.varesenews.it\/#\/schema\/person\/efe592ae4c76536b551f89d8b6674bc3","name":"Roberto Morandi","image":{"@type":"ImageObject","inLanguage":"it-IT","@id":"https:\/\/staging.varesenews.it\/#\/schema\/person\/image\/","url":"https:\/\/staging.varesenews.it\/wp-content\/uploads\/2020\/12\/roberto_morandi_colori_500.jpg","contentUrl":"https:\/\/staging.varesenews.it\/wp-content\/uploads\/2020\/12\/roberto_morandi_colori_500.jpg","caption":"Roberto Morandi"},"description":"Classe 1980, laureato in storia, mi occupo dell&rsquo;area di Gallarate e di Malpensa, di trasporti e mobilit&agrave;. Amo molto la dimensione della citt&agrave;, come luogo d&rsquo;incontro di persone diverse e come organismo che si trasforma costantemente. Mi piace anche raccontare le piccole e grandi vicende, anche locali, che compongono la Storia con la S maiuscola. Appassionato di bicicletta: la macchina perfetta per muoversi in citt&agrave; e per viaggiare.","sameAs":["https:\/\/twitter.com\/ilmorands"],"url":"https:\/\/staging.varesenews.it\/persona\/roberto-morandi1\/"}]}},"post_meta":{"_edit_lock":"1654630517:46","_edit_last":"46","_category_permalink":"a:1:{s:8:\"category\";s:2:\"18\";}","ratings_users":"0","ratings_score":"0","ratings_average":"0","foto":"756764","argomento":"Storia","_yoast_wpseo_content_score":"30","_jd_tweet_this":"yes","_wpt_short_url":"https:\/\/www.varesenews.it\/2019\/09\/quaranta-giorni-liberta-dellossola\/851688\/","_wp_jd_target":"https:\/\/www.varesenews.it\/2019\/09\/quaranta-giorni-liberta-dellossola\/851688\/","_jd_wp_twitter":"a:1:{i:0;s:121:\"I quaranta giorni di libert\u00e0 dell\u2019Ossola https:\/\/www.varesenews.it\/2019\/09\/quaranta-giorni-liberta-dellossola\/851688\/ \";}","_wpt_status_message":"Tweet inviato con successo.","_encloseme":"1"},"photos":[{"original":"https:\/\/staging.varesenews.it\/photogallery_new\/images\/2019\/09\/generico-2018-756764.jpg","full":"https:\/\/staging.varesenews.it\/photogallery_new\/images\/2019\/09\/generico-2018-756764.1024x768.jpg","large":"https:\/\/staging.varesenews.it\/photogallery_new\/images\/2019\/09\/generico-2018-756764.610x431.jpg"}],"_links":{"self":[{"href":"https:\/\/staging.varesenews.it\/swgapi\/v1\/wp\/v2\/posts\/851688"}],"collection":[{"href":"https:\/\/staging.varesenews.it\/swgapi\/v1\/wp\/v2\/posts"}],"about":[{"href":"https:\/\/staging.varesenews.it\/swgapi\/v1\/wp\/v2\/types\/post"}],"author":[{"embeddable":true,"href":"https:\/\/staging.varesenews.it\/swgapi\/v1\/wp\/v2\/users\/46"}],"replies":[{"embeddable":true,"href":"https:\/\/staging.varesenews.it\/swgapi\/v1\/wp\/v2\/comments?post=851688"}],"version-history":[{"count":0,"href":"https:\/\/staging.varesenews.it\/swgapi\/v1\/wp\/v2\/posts\/851688\/revisions"}],"wp:attachment":[{"href":"https:\/\/staging.varesenews.it\/swgapi\/v1\/wp\/v2\/media?parent=851688"}],"wp:term":[{"taxonomy":"category","embeddable":true,"href":"https:\/\/staging.varesenews.it\/swgapi\/v1\/wp\/v2\/categories?post=851688"},{"taxonomy":"post_tag","embeddable":true,"href":"https:\/\/staging.varesenews.it\/swgapi\/v1\/wp\/v2\/tags?post=851688"}],"curies":[{"name":"wp","href":"https:\/\/api.w.org\/{rel}","templated":true}]}}