{"id":852089,"date":"2019-09-11T12:20:09","date_gmt":"2019-09-11T10:20:09","guid":{"rendered":"https:\/\/www.varesenews.it\/?p=852089"},"modified":"2019-09-11T12:20:09","modified_gmt":"2019-09-11T10:20:09","slug":"servizi-parascolastici-rette-confermato","status":"publish","type":"post","link":"https:\/\/staging.varesenews.it\/2019\/09\/servizi-parascolastici-rette-confermato\/852089\/","title":{"rendered":"Servizi parascolastici e rette: tutto confermato"},"content":{"rendered":"<p class=\"p1\"><span class=\"s1\">Settimana di rientri per gli studenti di ogni ordine e grado della Lombardia. <strong>Domani, 12 settembre, la campanella suoner\u00e0 comunque per tutti.<\/strong><\/span><\/p>\n<p class=\"p1\"><span class=\"s1\">Dalla primaria sino alle superiori, parte un nuovo anno scolastico.<\/span><span class=\"s1\">\u00a0Domani, la maggior parte degli alunni rientrer\u00e0 nelle aule di <\/span><span class=\"s2\">primarie, medie e licei. <\/span><\/p>\n<p class=\"p2\"><span class=\"s1\"><strong>Riflettori saranno accesi sulla nuova scuola Pellico<\/strong> anche se tante sono le novit\u00e0 che accoglieranno gli studenti in diversi plessi cittadini. <\/span><\/p>\n<p class=\"p2\"><span class=\"s1\">I numeri sono in linea con gli scorsi anni e, soprattutto, per quanto riguarda<strong> nidi e materne, possono crescere<\/strong> nelle prossime settimane, con le iscrizioni ancora possibili per molti istituti.<\/span><\/p>\n<p><strong>IL SALUTO DELL&#8217;ASSESSORE DIMAGGIO<br \/>\n<\/strong><span class=\"s1\">\u00abA tutti gli alunni, le alunne e alle loro famiglie \u2013 le parole dell&#8217;<strong>assessore ai Servizi educativi Rossella Dimaggio<\/strong> \u2013 va il mio augurio per il nuovo anno di studi. Sulle nostre scuole stiamo investendo molto e questo perch\u00e9 siamo convinti che nelle aule si formi il futuro della nostra citt\u00e0 e dell&#8217;intero Paese. La qualit\u00e0 degli istituti varesini \u00e8 ottima e il nostro sforzo per mantenere e migliorare i servizi prosegue giorno dopo giorno, con l&#8217;impegno di garantire spazi e tempi adeguati sia al benessere dei pi\u00f9 piccoli che alla tranquillit\u00e0 dei loro genitori. Il mio sentito ringraziamento va ai dirigenti scolastici, ai docenti e agli educatori che quotidianamente si prendono cura dei nostri bambini e ragazzi\u00bb.<\/span><\/p>\n<p class=\"p3\"><span class=\"s1\"><strong>RETTE SCOLASTICHE<\/strong><br \/>\nPer quanto riguarda le rette delle <strong>scuole dell&#8217;infanzia e degli asili nido<\/strong> resta<strong> invariato il sistema tariffario<\/strong> adottato lo scorso anno. Il Comune di Varese ha inoltre aderito alla misura regionale \u201c<strong>Nidi Gratis 2019\/2020<\/strong>\u201d, che azzera la retta per i genitori residenti in Lombardia, lavoratori o che sono in possesso della dichiarazione di immediata disponibilit\u00e0 e del Patto di servizio personalizzato.<\/span><\/p>\n<p class=\"p3\"><span class=\"s1\"><b>SCUOLE DELL&#8217;INFANZIA<br \/>\n<\/b>\u00a0Attualmente le sezioni aperte nelle <strong>strutture pubbliche sono 12, per un totale di 273 alunni<\/strong>. Numeri cui si devono aggiungere anche i <strong>dieci bambini del servizio \u201csezione primavera\u201d di Avigno<\/strong> \u2013 partito lo scorso anno e che ha gi\u00e0 raggiunto il tutto esaurito anche per la sua seconda edizione \u2013 e che potranno crescere fino al 31 gennaio, data di chiusura delle iscrizioni. Il totale (283) \u00e8 comunque gi\u00e0 pari a quello dello scorso anno, quando i piccoli varesini presenti nelle scuole dell&#8217;infanzia comunali furono 286. Le <strong>iscrizioni sono ancora aperte per gli istituti di Avigno, Bizzozero e San Fermo<\/strong>; l&#8217;attivit\u00e0 didattica \u00e8 cominciata il 2 settembre per quanti gi\u00e0 frequentavano lo scorso anno, mentre marted\u00ec 17 inizieranno i nuovi iscritti. L&#8217;impegno di Palazzo Estense prosegue poi anche per quanto riguarda il <strong>sostegno alle sedici scuole dell&#8217;infanzia<\/strong> presenti a Varese: in virt\u00f9 della convezione esistente, infatti, il Comune assegna a ciascuna di esse <strong>1800 euro per ogni bambino iscritto<\/strong> e un contributo per l&#8217;assistenza di quanti hanno disabilit\u00e0 certificate.<\/span><\/p>\n<p class=\"p3\"><span class=\"s1\"><b>ASILI NIDO<br \/>\n<\/b>Gli iscritti all&#8217;anno scolastico 2019\/2020 nelle strutture comunali <strong>sono gi\u00e0 180;<\/strong> sar\u00e0 per\u00f2 possibile iscriversi ancora fino al prossimo 30 settembre.<\/span><\/p>\n<p class=\"p3\"><span class=\"s1\"><b>SPAZIO MAMME E BAMBINI<br \/>\n<\/b><\/span><span class=\"s1\">In questo caso si parla del servizio partito l\u2019anno scorso dedicato alle <strong>neomamme e ai loro bambini<\/strong>. Un luogo dove<strong> confrontarsi, fare ginnastica e massaggi<\/strong> con il proprio bambino, ricevere <strong>consigli sull\u2019allattamento e molto altro<\/strong>. Le attivit\u00e0, completamente <strong>gratuite<\/strong>, riprenderanno a partire<strong> da luned\u00ec 16\u00a0settembre<\/strong>\u00a0e si svolgeranno presso la scuola dell&#8217;infanzia di Bizzozero.<\/span><\/p>\n<p class=\"p3\"><span class=\"s1\"><b>SERVIZI PRESCUOLA, DOPOSCUOLA E MENSA<br \/>\n<\/b>Le iscrizioni a prescuola, doposcuola e mensa saranno riaperte <strong>dal 16 al 20 settembre,<\/strong> mentre per quanto riguarda la <strong>mensa curricolare ci si potr\u00e0 iscrivere da gioved\u00ec 12 a marted\u00ec 24<\/strong>. Il servizio mensa verr\u00e0 attivato<strong> in tutte le scuole primarie e in due scuole secondarie di primo grado.<\/strong><\/span><\/p>\n","protected":false},"excerpt":{"rendered":"<p>Alla vigilia dell&#8217;inizio d&#8217;anno scolastico, il Comune di Varese ricorda i termini per le iscrizioni ancora aperte<\/p>\n","protected":false},"author":33,"featured_media":0,"comment_status":"open","ping_status":"open","sticky":false,"template":"","format":"standard","meta":{"footnotes":""},"categories":[23,90,2],"tags":[1272,88576],"acf":[],"yoast_head":"<!-- This site is optimized with the Yoast SEO plugin v20.1 - https:\/\/yoast.com\/wordpress\/plugins\/seo\/ -->\n<title>Servizi parascolastici e rette: tutto confermato<\/title>\n<meta name=\"description\" content=\"Alla vigilia dell&#039;inizio d&#039;anno scolastico, il Comune di Varese ricorda i termini per le iscrizioni ancora aperte\" \/>\n<meta name=\"robots\" content=\"noindex, follow, max-snippet:-1, max-image-preview:large, max-video-preview:-1\" \/>\n<meta property=\"og:locale\" content=\"it_IT\" \/>\n<meta property=\"og:type\" content=\"article\" \/>\n<meta property=\"og:title\" content=\"Servizi parascolastici e rette: tutto confermato\" \/>\n<meta property=\"og:description\" content=\"Alla vigilia dell&#039;inizio d&#039;anno scolastico, il Comune di Varese ricorda i termini per le iscrizioni ancora aperte\" \/>\n<meta property=\"og:url\" content=\"https:\/\/staging.varesenews.it\/2019\/09\/servizi-parascolastici-rette-confermato\/852089\/\" \/>\n<meta property=\"og:site_name\" content=\"VareseNews\" \/>\n<meta property=\"article:publisher\" content=\"https:\/\/www.facebook.com\/varesenews\" \/>\n<meta property=\"article:author\" content=\"alessandra.toni7\" \/>\n<meta property=\"article:published_time\" content=\"2019-09-11T10:20:09+00:00\" \/>\n<meta name=\"author\" content=\"Alessandra Toni\" \/>\n<meta name=\"twitter:card\" content=\"summary_large_image\" \/>\n<meta name=\"twitter:creator\" content=\"@alessandra_toni\" \/>\n<meta name=\"twitter:site\" content=\"@varesenews\" \/>\n<meta name=\"twitter:label1\" content=\"Scritto da\" \/>\n\t<meta name=\"twitter:data1\" content=\"Alessandra Toni\" \/>\n\t<meta name=\"twitter:label2\" content=\"Tempo di lettura stimato\" \/>\n\t<meta name=\"twitter:data2\" content=\"3 minuti\" \/>\n<script type=\"application\/ld+json\" class=\"yoast-schema-graph\">{\"@context\":\"https:\/\/schema.org\",\"@graph\":[{\"@type\":\"WebPage\",\"@id\":\"https:\/\/staging.varesenews.it\/2019\/09\/servizi-parascolastici-rette-confermato\/852089\/\",\"url\":\"https:\/\/staging.varesenews.it\/2019\/09\/servizi-parascolastici-rette-confermato\/852089\/\",\"name\":\"Servizi parascolastici e rette: tutto confermato\",\"isPartOf\":{\"@id\":\"https:\/\/staging.varesenews.it\/#website\"},\"datePublished\":\"2019-09-11T10:20:09+00:00\",\"dateModified\":\"2019-09-11T10:20:09+00:00\",\"author\":{\"@id\":\"https:\/\/staging.varesenews.it\/#\/schema\/person\/2643ce123d4a3c9511e015dc548779b8\"},\"description\":\"Alla vigilia dell'inizio d'anno scolastico, il Comune di Varese ricorda i termini per le iscrizioni ancora aperte\",\"breadcrumb\":{\"@id\":\"https:\/\/staging.varesenews.it\/2019\/09\/servizi-parascolastici-rette-confermato\/852089\/#breadcrumb\"},\"inLanguage\":\"it-IT\",\"potentialAction\":[{\"@type\":\"ReadAction\",\"target\":[\"https:\/\/staging.varesenews.it\/2019\/09\/servizi-parascolastici-rette-confermato\/852089\/\"]}]},{\"@type\":\"BreadcrumbList\",\"@id\":\"https:\/\/staging.varesenews.it\/2019\/09\/servizi-parascolastici-rette-confermato\/852089\/#breadcrumb\",\"itemListElement\":[{\"@type\":\"ListItem\",\"position\":1,\"name\":\"Home\",\"item\":\"https:\/\/www.varesenews.it\/\"},{\"@type\":\"ListItem\",\"position\":2,\"name\":\"Servizi parascolastici e rette: tutto confermato\"}]},{\"@type\":\"WebSite\",\"@id\":\"https:\/\/staging.varesenews.it\/#website\",\"url\":\"https:\/\/staging.varesenews.it\/\",\"name\":\"VareseNews\",\"description\":\"\",\"potentialAction\":[{\"@type\":\"SearchAction\",\"target\":{\"@type\":\"EntryPoint\",\"urlTemplate\":\"https:\/\/staging.varesenews.it\/?s={search_term_string}\"},\"query-input\":\"required name=search_term_string\"}],\"inLanguage\":\"it-IT\"},{\"@type\":\"Person\",\"@id\":\"https:\/\/staging.varesenews.it\/#\/schema\/person\/2643ce123d4a3c9511e015dc548779b8\",\"name\":\"Alessandra Toni\",\"image\":{\"@type\":\"ImageObject\",\"inLanguage\":\"it-IT\",\"@id\":\"https:\/\/staging.varesenews.it\/#\/schema\/person\/image\/\",\"url\":\"https:\/\/staging.varesenews.it\/wp-content\/uploads\/2020\/12\/alessandra_toni_colori_500.jpg\",\"contentUrl\":\"https:\/\/staging.varesenews.it\/wp-content\/uploads\/2020\/12\/alessandra_toni_colori_500.jpg\",\"caption\":\"Alessandra Toni\"},\"description\":\"Sono entrata nella redazione di VareseNews nel lontano anno 2000. Ero reduce da una bellissima esperienza nella redazione giornalistica della TV Nuova Antennatre, sotto la direzione dell'indimenticabile direttore Adolfo Caldarini. Sono arrivata quando era ancora una piccola realt\u00e0 editoriale e insieme abbiamo fatto un lungo ed entusiasmante lavoro. Mi occupo prevalentemente di scuola e di sanit\u00e0, settori impegnativi di grande valore sociale.\u00a0\",\"sameAs\":[\"alessandra.toni7\",\"alessandra.toni\",\"https:\/\/twitter.com\/alessandra_toni\"],\"url\":\"https:\/\/staging.varesenews.it\/persona\/alessandra_toni1\/\"}]}<\/script>\n<!-- \/ Yoast SEO plugin. -->","yoast_head_json":{"title":"Servizi parascolastici e rette: tutto confermato","description":"Alla vigilia dell'inizio d'anno scolastico, il Comune di Varese ricorda i termini per le iscrizioni ancora aperte","robots":{"index":"noindex","follow":"follow","max-snippet":"max-snippet:-1","max-image-preview":"max-image-preview:large","max-video-preview":"max-video-preview:-1"},"og_locale":"it_IT","og_type":"article","og_title":"Servizi parascolastici e rette: tutto confermato","og_description":"Alla vigilia dell'inizio d'anno scolastico, il Comune di Varese ricorda i termini per le iscrizioni ancora aperte","og_url":"https:\/\/staging.varesenews.it\/2019\/09\/servizi-parascolastici-rette-confermato\/852089\/","og_site_name":"VareseNews","article_publisher":"https:\/\/www.facebook.com\/varesenews","article_author":"alessandra.toni7","article_published_time":"2019-09-11T10:20:09+00:00","author":"Alessandra Toni","twitter_card":"summary_large_image","twitter_creator":"@alessandra_toni","twitter_site":"@varesenews","twitter_misc":{"Scritto da":"Alessandra Toni","Tempo di lettura stimato":"3 minuti"},"schema":{"@context":"https:\/\/schema.org","@graph":[{"@type":"WebPage","@id":"https:\/\/staging.varesenews.it\/2019\/09\/servizi-parascolastici-rette-confermato\/852089\/","url":"https:\/\/staging.varesenews.it\/2019\/09\/servizi-parascolastici-rette-confermato\/852089\/","name":"Servizi parascolastici e rette: tutto confermato","isPartOf":{"@id":"https:\/\/staging.varesenews.it\/#website"},"datePublished":"2019-09-11T10:20:09+00:00","dateModified":"2019-09-11T10:20:09+00:00","author":{"@id":"https:\/\/staging.varesenews.it\/#\/schema\/person\/2643ce123d4a3c9511e015dc548779b8"},"description":"Alla vigilia dell'inizio d'anno scolastico, il Comune di Varese ricorda i termini per le iscrizioni ancora aperte","breadcrumb":{"@id":"https:\/\/staging.varesenews.it\/2019\/09\/servizi-parascolastici-rette-confermato\/852089\/#breadcrumb"},"inLanguage":"it-IT","potentialAction":[{"@type":"ReadAction","target":["https:\/\/staging.varesenews.it\/2019\/09\/servizi-parascolastici-rette-confermato\/852089\/"]}]},{"@type":"BreadcrumbList","@id":"https:\/\/staging.varesenews.it\/2019\/09\/servizi-parascolastici-rette-confermato\/852089\/#breadcrumb","itemListElement":[{"@type":"ListItem","position":1,"name":"Home","item":"https:\/\/www.varesenews.it\/"},{"@type":"ListItem","position":2,"name":"Servizi parascolastici e rette: tutto confermato"}]},{"@type":"WebSite","@id":"https:\/\/staging.varesenews.it\/#website","url":"https:\/\/staging.varesenews.it\/","name":"VareseNews","description":"","potentialAction":[{"@type":"SearchAction","target":{"@type":"EntryPoint","urlTemplate":"https:\/\/staging.varesenews.it\/?s={search_term_string}"},"query-input":"required name=search_term_string"}],"inLanguage":"it-IT"},{"@type":"Person","@id":"https:\/\/staging.varesenews.it\/#\/schema\/person\/2643ce123d4a3c9511e015dc548779b8","name":"Alessandra Toni","image":{"@type":"ImageObject","inLanguage":"it-IT","@id":"https:\/\/staging.varesenews.it\/#\/schema\/person\/image\/","url":"https:\/\/staging.varesenews.it\/wp-content\/uploads\/2020\/12\/alessandra_toni_colori_500.jpg","contentUrl":"https:\/\/staging.varesenews.it\/wp-content\/uploads\/2020\/12\/alessandra_toni_colori_500.jpg","caption":"Alessandra Toni"},"description":"Sono entrata nella redazione di VareseNews nel lontano anno 2000. Ero reduce da una bellissima esperienza nella redazione giornalistica della TV Nuova Antennatre, sotto la direzione dell'indimenticabile direttore Adolfo Caldarini. Sono arrivata quando era ancora una piccola realt\u00e0 editoriale e insieme abbiamo fatto un lungo ed entusiasmante lavoro. Mi occupo prevalentemente di scuola e di sanit\u00e0, settori impegnativi di grande valore sociale.\u00a0","sameAs":["alessandra.toni7","alessandra.toni","https:\/\/twitter.com\/alessandra_toni"],"url":"https:\/\/staging.varesenews.it\/persona\/alessandra_toni1\/"}]}},"post_meta":{"_edit_lock":"1568197560:33","_edit_last":"33","_category_permalink":"a:1:{s:8:\"category\";s:2:\"90\";}","foto":"745536","argomento":"Varese","_yoast_wpseo_content_score":"30","_jd_tweet_this":"yes","firma_come_redazione":"1","ratings_users":"0","ratings_score":"0","ratings_average":"0","_wpt_short_url":"https:\/\/www.varesenews.it\/2019\/09\/servizi-parascolastici-rette-confermato\/852089\/","_wp_jd_target":"https:\/\/www.varesenews.it\/2019\/09\/servizi-parascolastici-rette-confermato\/852089\/","_jd_wp_twitter":"a:1:{i:0;s:146:\"Servizi parascolastici e rette: tutto confermato https:\/\/www.varesenews.it\/2019\/09\/servizi-parascolastici-rette-confermato\/852089\/ #comunedivarese\";}","_wpt_status_message":"Tweet inviato con successo."},"photos":[{"original":"https:\/\/staging.varesenews.it\/photogallery_new\/images\/2019\/06\/scuola-cenetta-varese-745536.jpg","full":"https:\/\/staging.varesenews.it\/photogallery_new\/images\/2019\/06\/scuola-cenetta-varese-745536.1024x768.jpg","large":"https:\/\/staging.varesenews.it\/photogallery_new\/images\/2019\/06\/scuola-cenetta-varese-745536.610x431.jpg"}],"_links":{"self":[{"href":"https:\/\/staging.varesenews.it\/swgapi\/v1\/wp\/v2\/posts\/852089"}],"collection":[{"href":"https:\/\/staging.varesenews.it\/swgapi\/v1\/wp\/v2\/posts"}],"about":[{"href":"https:\/\/staging.varesenews.it\/swgapi\/v1\/wp\/v2\/types\/post"}],"author":[{"embeddable":true,"href":"https:\/\/staging.varesenews.it\/swgapi\/v1\/wp\/v2\/users\/33"}],"replies":[{"embeddable":true,"href":"https:\/\/staging.varesenews.it\/swgapi\/v1\/wp\/v2\/comments?post=852089"}],"version-history":[{"count":0,"href":"https:\/\/staging.varesenews.it\/swgapi\/v1\/wp\/v2\/posts\/852089\/revisions"}],"wp:attachment":[{"href":"https:\/\/staging.varesenews.it\/swgapi\/v1\/wp\/v2\/media?parent=852089"}],"wp:term":[{"taxonomy":"category","embeddable":true,"href":"https:\/\/staging.varesenews.it\/swgapi\/v1\/wp\/v2\/categories?post=852089"},{"taxonomy":"post_tag","embeddable":true,"href":"https:\/\/staging.varesenews.it\/swgapi\/v1\/wp\/v2\/tags?post=852089"}],"curies":[{"name":"wp","href":"https:\/\/api.w.org\/{rel}","templated":true}]}}