{"id":853348,"date":"2019-09-15T17:28:38","date_gmt":"2019-09-15T15:28:38","guid":{"rendered":"https:\/\/www.varesenews.it\/?p=853348"},"modified":"2019-09-15T20:00:16","modified_gmt":"2019-09-15T18:00:16","slug":"niente-affitto-ai-meridionali-scelgo-le-persone-oneste","status":"publish","type":"post","link":"https:\/\/staging.varesenews.it\/2019\/09\/niente-affitto-ai-meridionali-scelgo-le-persone-oneste\/853348\/","title":{"rendered":"&#8220;La mia casa? L&#8217;ho affittata a Forson, una persona brava e onesta&#8221;"},"content":{"rendered":"<p>Lo aveva gi\u00e0 fatto nel 2015 ed era stato uno dei primi, forse uno dei pochi. Silvio Aimetti sindaco di Comerio\u00a0 e portavoce della Rete civica provinciale degli amministratori, lo ha rifatto: <strong>ha affittato la sua casa a un giovane straniero, Forson, che ha ottenuto la protezione umanitaria dopo essere arrivato a Comerio come richiedente asilo.<\/strong><\/p>\n<p>Insomma, un tempo aveva offerto gratuitamente un suo appartamento ad un gruppo di profughi, rispondendo cos\u00ec alla sempre attuale provocazione :&#8221;Perch\u00e9 non li prendete a casa vostra?&#8221;, ora Aimetti <strong>ha spiegato in un post perch\u00e9 ritiene assurdo che nel 2019 ancora si neghi l&#8217;affitto ad una ragazza perch\u00e9 originaria del Sud Italia. (<a href=\"https:\/\/bari.repubblica.it\/cronaca\/2019\/09\/13\/news\/_io_salviniana_tu_foggiana_non_ti_affitto_la_casa_-235894293\/\">qui l&#8217;articolo di Repubblica<\/a>). <\/strong>Forson \u00e8 titolare di un permesso di protezione umanitaria, questo permette di avere documenti, lavoro e una casa.<\/p>\n<p>Il post s&#8217;intitola &#8220;affitti razziali&#8221;<\/p>\n<p>&#8220;Lui \u00e8 Forson, ospite nel progetto di accoglienza di Comerio di qualche anno fa, ha poi ottenuto la protezione umanitaria, si \u00e8 impegnato in attivit\u00e0 di volontariato, ha imparato l&#8217;italiano, ha trovato un lavoro regolare, ed <strong>ora vive in un appartamento di mia propriet\u00e0 pagando un regolare canone di affitto<\/strong>.<br \/>\nQuando ho saputo che cercava una casa, non avendo nel contempo altre richieste ed essendo la casa libera, ho deciso di affittarla a lui.<br \/>\nNon \u00e8 buonism<span class=\"text_exposed_show\">o (ci guadagno) e non mi fa impazzire scrivere questo post, per\u00f2 in un Paese in cui certa gente non affitta le proprie case motivando il fatto con l&#8217;essere razzista salviniana e scagliandosi contro meridionali, stranieri etc. credo occorra ribadire che le cose non funzionano cos\u00ec.<\/span><\/p>\n<p>Il nostro Paese ha un estremo bisogno di un flusso regolato di brave ed oneste persone che possano contribuire alla crescita civile e sociale di un&#8217;Italia che sta invecchiando sia dal punto di vista demografico che valoriale.&#8221;<\/p>\n<p>Nella foto Forson regge i secchi della spazzatura: &#8220;Concludo dicendo che ho messo questa foto perch\u00e9 una delle prime cose che mi ha chiesto Forson riguardava la gestione della raccolta differenziata dei rifiuti&#8221;.<\/p>\n<p><iframe loading=\"lazy\" style=\"border: none; overflow: hidden;\" src=\"https:\/\/www.facebook.com\/plugins\/post.php?href=https%3A%2F%2Fwww.facebook.com%2Fsilvio.aimetti%2Fposts%2F2608471349216641&amp;width=500\" width=\"500\" height=\"498\" frameborder=\"0\" scrolling=\"no\"><\/iframe><\/p>\n","protected":false},"excerpt":{"rendered":"<p>Dopo la notizia della donna che ha rifiutato di affittare la sua casa a una ragazza originaria del Sud, il sindaco Aimetti in un post ha spiegato perch\u00e9 ha scelto un ragazzo che ha ottenuto la protezione umanitaria <\/p>\n","protected":false},"author":49,"featured_media":0,"comment_status":"open","ping_status":"open","sticky":false,"template":"","format":"standard","meta":{"footnotes":""},"categories":[2],"tags":[1412,1631],"acf":[],"yoast_head":"<!-- This site is optimized with the Yoast SEO plugin v20.1 - https:\/\/yoast.com\/wordpress\/plugins\/seo\/ -->\n<title>&quot;La mia casa? L&#039;ho affittata a Forson, una persona brava e onesta&quot;<\/title>\n<meta name=\"description\" content=\"Dopo la notizia della donna che ha rifiutato di affittare la sua casa a una ragazza originaria del Sud, il sindaco Aimetti in un post ha spiegato perch\u00e9 ha scelto un ragazzo che ha ottenuto la protezione umanitaria\" \/>\n<meta name=\"robots\" content=\"noindex, follow, max-snippet:-1, max-image-preview:large, max-video-preview:-1\" \/>\n<meta property=\"og:locale\" content=\"it_IT\" \/>\n<meta property=\"og:type\" content=\"article\" \/>\n<meta property=\"og:title\" content=\"&quot;La mia casa? L&#039;ho affittata a Forson, una persona brava e onesta&quot;\" \/>\n<meta property=\"og:description\" content=\"Dopo la notizia della donna che ha rifiutato di affittare la sua casa a una ragazza originaria del Sud, il sindaco Aimetti in un post ha spiegato perch\u00e9 ha scelto un ragazzo che ha ottenuto la protezione umanitaria\" \/>\n<meta property=\"og:url\" content=\"https:\/\/staging.varesenews.it\/2019\/09\/niente-affitto-ai-meridionali-scelgo-le-persone-oneste\/853348\/\" \/>\n<meta property=\"og:site_name\" content=\"VareseNews\" \/>\n<meta property=\"article:publisher\" content=\"https:\/\/www.facebook.com\/varesenews\" \/>\n<meta property=\"article:author\" content=\"https:\/\/www.facebook.com\/roberta.bertolini.9\" \/>\n<meta property=\"article:published_time\" content=\"2019-09-15T15:28:38+00:00\" \/>\n<meta property=\"article:modified_time\" content=\"2019-09-15T18:00:16+00:00\" \/>\n<meta name=\"author\" content=\"Roberta Bertolini\" \/>\n<meta name=\"twitter:card\" content=\"summary_large_image\" \/>\n<meta name=\"twitter:creator\" content=\"@robybertolini\" \/>\n<meta name=\"twitter:site\" content=\"@varesenews\" \/>\n<meta name=\"twitter:label1\" content=\"Scritto da\" \/>\n\t<meta name=\"twitter:data1\" content=\"Roberta Bertolini\" \/>\n\t<meta name=\"twitter:label2\" content=\"Tempo di lettura stimato\" \/>\n\t<meta name=\"twitter:data2\" content=\"2 minuti\" \/>\n<script type=\"application\/ld+json\" class=\"yoast-schema-graph\">{\"@context\":\"https:\/\/schema.org\",\"@graph\":[{\"@type\":\"WebPage\",\"@id\":\"https:\/\/staging.varesenews.it\/2019\/09\/niente-affitto-ai-meridionali-scelgo-le-persone-oneste\/853348\/\",\"url\":\"https:\/\/staging.varesenews.it\/2019\/09\/niente-affitto-ai-meridionali-scelgo-le-persone-oneste\/853348\/\",\"name\":\"\\\"La mia casa? L'ho affittata a Forson, una persona brava e onesta\\\"\",\"isPartOf\":{\"@id\":\"https:\/\/staging.varesenews.it\/#website\"},\"datePublished\":\"2019-09-15T15:28:38+00:00\",\"dateModified\":\"2019-09-15T18:00:16+00:00\",\"author\":{\"@id\":\"https:\/\/staging.varesenews.it\/#\/schema\/person\/58fbd3e567d5c00f0a64d5137fef3e68\"},\"description\":\"Dopo la notizia della donna che ha rifiutato di affittare la sua casa a una ragazza originaria del Sud, il sindaco Aimetti in un post ha spiegato perch\u00e9 ha scelto un ragazzo che ha ottenuto la protezione umanitaria\",\"breadcrumb\":{\"@id\":\"https:\/\/staging.varesenews.it\/2019\/09\/niente-affitto-ai-meridionali-scelgo-le-persone-oneste\/853348\/#breadcrumb\"},\"inLanguage\":\"it-IT\",\"potentialAction\":[{\"@type\":\"ReadAction\",\"target\":[\"https:\/\/staging.varesenews.it\/2019\/09\/niente-affitto-ai-meridionali-scelgo-le-persone-oneste\/853348\/\"]}]},{\"@type\":\"BreadcrumbList\",\"@id\":\"https:\/\/staging.varesenews.it\/2019\/09\/niente-affitto-ai-meridionali-scelgo-le-persone-oneste\/853348\/#breadcrumb\",\"itemListElement\":[{\"@type\":\"ListItem\",\"position\":1,\"name\":\"Home\",\"item\":\"https:\/\/www.varesenews.it\/\"},{\"@type\":\"ListItem\",\"position\":2,\"name\":\"&#8220;La mia casa? L&#8217;ho affittata a Forson, una persona brava e onesta&#8221;\"}]},{\"@type\":\"WebSite\",\"@id\":\"https:\/\/staging.varesenews.it\/#website\",\"url\":\"https:\/\/staging.varesenews.it\/\",\"name\":\"VareseNews\",\"description\":\"\",\"potentialAction\":[{\"@type\":\"SearchAction\",\"target\":{\"@type\":\"EntryPoint\",\"urlTemplate\":\"https:\/\/staging.varesenews.it\/?s={search_term_string}\"},\"query-input\":\"required name=search_term_string\"}],\"inLanguage\":\"it-IT\"},{\"@type\":\"Person\",\"@id\":\"https:\/\/staging.varesenews.it\/#\/schema\/person\/58fbd3e567d5c00f0a64d5137fef3e68\",\"name\":\"Roberta Bertolini\",\"image\":{\"@type\":\"ImageObject\",\"inLanguage\":\"it-IT\",\"@id\":\"https:\/\/staging.varesenews.it\/#\/schema\/person\/image\/\",\"url\":\"https:\/\/staging.varesenews.it\/wp-content\/uploads\/2020\/12\/roberta_bertolini_colori_500.jpg\",\"contentUrl\":\"https:\/\/staging.varesenews.it\/wp-content\/uploads\/2020\/12\/roberta_bertolini_colori_500.jpg\",\"caption\":\"Roberta Bertolini\"},\"description\":\"Giornalista professionista dal 1991, sono passata, ormai molti anni fa, dalla carta al web. Oggi mi occupo di cronaca locale e guardo con curiosit&agrave; ed attenzione il mondo dei social. Parlo poco, ascolto molto.\",\"sameAs\":[\"https:\/\/www.facebook.com\/roberta.bertolini.9\",\"bettabertolini\",\"https:\/\/www.linkedin.com\/hp\/?dnr=v9e-Gp7a6_oxqTuQyZA0Lf4aEi4t91g6wMH\",\"https:\/\/twitter.com\/robybertolini\"],\"url\":\"https:\/\/staging.varesenews.it\/persona\/roberta-bertolini1\/\"}]}<\/script>\n<!-- \/ Yoast SEO plugin. -->","yoast_head_json":{"title":"\"La mia casa? L'ho affittata a Forson, una persona brava e onesta\"","description":"Dopo la notizia della donna che ha rifiutato di affittare la sua casa a una ragazza originaria del Sud, il sindaco Aimetti in un post ha spiegato perch\u00e9 ha scelto un ragazzo che ha ottenuto la protezione umanitaria","robots":{"index":"noindex","follow":"follow","max-snippet":"max-snippet:-1","max-image-preview":"max-image-preview:large","max-video-preview":"max-video-preview:-1"},"og_locale":"it_IT","og_type":"article","og_title":"\"La mia casa? L'ho affittata a Forson, una persona brava e onesta\"","og_description":"Dopo la notizia della donna che ha rifiutato di affittare la sua casa a una ragazza originaria del Sud, il sindaco Aimetti in un post ha spiegato perch\u00e9 ha scelto un ragazzo che ha ottenuto la protezione umanitaria","og_url":"https:\/\/staging.varesenews.it\/2019\/09\/niente-affitto-ai-meridionali-scelgo-le-persone-oneste\/853348\/","og_site_name":"VareseNews","article_publisher":"https:\/\/www.facebook.com\/varesenews","article_author":"https:\/\/www.facebook.com\/roberta.bertolini.9","article_published_time":"2019-09-15T15:28:38+00:00","article_modified_time":"2019-09-15T18:00:16+00:00","author":"Roberta Bertolini","twitter_card":"summary_large_image","twitter_creator":"@robybertolini","twitter_site":"@varesenews","twitter_misc":{"Scritto da":"Roberta Bertolini","Tempo di lettura stimato":"2 minuti"},"schema":{"@context":"https:\/\/schema.org","@graph":[{"@type":"WebPage","@id":"https:\/\/staging.varesenews.it\/2019\/09\/niente-affitto-ai-meridionali-scelgo-le-persone-oneste\/853348\/","url":"https:\/\/staging.varesenews.it\/2019\/09\/niente-affitto-ai-meridionali-scelgo-le-persone-oneste\/853348\/","name":"\"La mia casa? L'ho affittata a Forson, una persona brava e onesta\"","isPartOf":{"@id":"https:\/\/staging.varesenews.it\/#website"},"datePublished":"2019-09-15T15:28:38+00:00","dateModified":"2019-09-15T18:00:16+00:00","author":{"@id":"https:\/\/staging.varesenews.it\/#\/schema\/person\/58fbd3e567d5c00f0a64d5137fef3e68"},"description":"Dopo la notizia della donna che ha rifiutato di affittare la sua casa a una ragazza originaria del Sud, il sindaco Aimetti in un post ha spiegato perch\u00e9 ha scelto un ragazzo che ha ottenuto la protezione umanitaria","breadcrumb":{"@id":"https:\/\/staging.varesenews.it\/2019\/09\/niente-affitto-ai-meridionali-scelgo-le-persone-oneste\/853348\/#breadcrumb"},"inLanguage":"it-IT","potentialAction":[{"@type":"ReadAction","target":["https:\/\/staging.varesenews.it\/2019\/09\/niente-affitto-ai-meridionali-scelgo-le-persone-oneste\/853348\/"]}]},{"@type":"BreadcrumbList","@id":"https:\/\/staging.varesenews.it\/2019\/09\/niente-affitto-ai-meridionali-scelgo-le-persone-oneste\/853348\/#breadcrumb","itemListElement":[{"@type":"ListItem","position":1,"name":"Home","item":"https:\/\/www.varesenews.it\/"},{"@type":"ListItem","position":2,"name":"&#8220;La mia casa? L&#8217;ho affittata a Forson, una persona brava e onesta&#8221;"}]},{"@type":"WebSite","@id":"https:\/\/staging.varesenews.it\/#website","url":"https:\/\/staging.varesenews.it\/","name":"VareseNews","description":"","potentialAction":[{"@type":"SearchAction","target":{"@type":"EntryPoint","urlTemplate":"https:\/\/staging.varesenews.it\/?s={search_term_string}"},"query-input":"required name=search_term_string"}],"inLanguage":"it-IT"},{"@type":"Person","@id":"https:\/\/staging.varesenews.it\/#\/schema\/person\/58fbd3e567d5c00f0a64d5137fef3e68","name":"Roberta Bertolini","image":{"@type":"ImageObject","inLanguage":"it-IT","@id":"https:\/\/staging.varesenews.it\/#\/schema\/person\/image\/","url":"https:\/\/staging.varesenews.it\/wp-content\/uploads\/2020\/12\/roberta_bertolini_colori_500.jpg","contentUrl":"https:\/\/staging.varesenews.it\/wp-content\/uploads\/2020\/12\/roberta_bertolini_colori_500.jpg","caption":"Roberta Bertolini"},"description":"Giornalista professionista dal 1991, sono passata, ormai molti anni fa, dalla carta al web. Oggi mi occupo di cronaca locale e guardo con curiosit&agrave; ed attenzione il mondo dei social. Parlo poco, ascolto molto.","sameAs":["https:\/\/www.facebook.com\/roberta.bertolini.9","bettabertolini","https:\/\/www.linkedin.com\/hp\/?dnr=v9e-Gp7a6_oxqTuQyZA0Lf4aEi4t91g6wMH","https:\/\/twitter.com\/robybertolini"],"url":"https:\/\/staging.varesenews.it\/persona\/roberta-bertolini1\/"}]}},"post_meta":{"_edit_lock":"1568570628:49","_edit_last":"49","_category_permalink":"a:1:{s:8:\"category\";s:0:\"\";}","id_leggi_anche":"388297","foto":"757732","firma_come_redazione":"1","argomento":"Comerio","_yoast_wpseo_content_score":"30","_jd_tweet_this":"yes","ratings_users":"0","ratings_score":"0","ratings_average":"0","_wpt_short_url":"https:\/\/www.varesenews.it\/2019\/09\/niente-affitto-ai-meridionali-scelgo-le-persone-oneste\/853348\/","_wp_jd_target":"https:\/\/www.varesenews.it\/2019\/09\/niente-affitto-ai-meridionali-scelgo-le-persone-oneste\/853348\/","_jd_wp_twitter":"a:1:{i:0;s:185:\"\u201cNiente affitto ai meridionali? Io scelgo le persone oneste\u201d https:\/\/www.varesenews.it\/2019\/09\/niente-affitto-ai-meridionali-scelgo-le-persone-oneste\/853348\/ #comerio #silvioaimetti\";}","_wpt_status_message":"Tweet inviato con successo."},"photos":[{"original":"https:\/\/staging.varesenews.it\/photogallery_new\/images\/2019\/09\/sindaco-comerio-757732.jpg","full":"https:\/\/staging.varesenews.it\/photogallery_new\/images\/2019\/09\/sindaco-comerio-757732.1024x768.jpg","large":"https:\/\/staging.varesenews.it\/photogallery_new\/images\/2019\/09\/sindaco-comerio-757732.610x431.jpg"}],"_links":{"self":[{"href":"https:\/\/staging.varesenews.it\/swgapi\/v1\/wp\/v2\/posts\/853348"}],"collection":[{"href":"https:\/\/staging.varesenews.it\/swgapi\/v1\/wp\/v2\/posts"}],"about":[{"href":"https:\/\/staging.varesenews.it\/swgapi\/v1\/wp\/v2\/types\/post"}],"author":[{"embeddable":true,"href":"https:\/\/staging.varesenews.it\/swgapi\/v1\/wp\/v2\/users\/49"}],"replies":[{"embeddable":true,"href":"https:\/\/staging.varesenews.it\/swgapi\/v1\/wp\/v2\/comments?post=853348"}],"version-history":[{"count":0,"href":"https:\/\/staging.varesenews.it\/swgapi\/v1\/wp\/v2\/posts\/853348\/revisions"}],"wp:attachment":[{"href":"https:\/\/staging.varesenews.it\/swgapi\/v1\/wp\/v2\/media?parent=853348"}],"wp:term":[{"taxonomy":"category","embeddable":true,"href":"https:\/\/staging.varesenews.it\/swgapi\/v1\/wp\/v2\/categories?post=853348"},{"taxonomy":"post_tag","embeddable":true,"href":"https:\/\/staging.varesenews.it\/swgapi\/v1\/wp\/v2\/tags?post=853348"}],"curies":[{"name":"wp","href":"https:\/\/api.w.org\/{rel}","templated":true}]}}