{"id":853505,"date":"2019-09-16T11:13:34","date_gmt":"2019-09-16T09:13:34","guid":{"rendered":"https:\/\/www.varesenews.it\/?p=853505"},"modified":"2019-09-16T11:14:18","modified_gmt":"2019-09-16T09:14:18","slug":"dieci-anni-la-scomparsa-patrizia-rognoni","status":"publish","type":"post","link":"https:\/\/staging.varesenews.it\/2019\/09\/dieci-anni-la-scomparsa-patrizia-rognoni\/853505\/","title":{"rendered":"Dieci anni fa la scomparsa di Patrizia Rognoni"},"content":{"rendered":"<p>La verit\u00e0 su <strong>Patrizia Rognoni<\/strong> rimane un mistero.<\/p>\n<p><strong>Sono trascorsi dieci anni dalla scomparsa della donna di Castelveccana<\/strong>, della quale nulla si \u00e8 pi\u00f9 saputo dal 16 settembre 2009. L&#8217;inchiesta \u00e8 stata archiviata da tempo ma il caso resta irrisolto.<\/p>\n<blockquote class=\"wp-embedded-content\" data-secret=\"ZEQ4YAn3o2\"><p><a href=\"https:\/\/www.varesenews.it\/2016\/09\/patrizia-rognoni-inchiesta-archiviata-ma-la-verita-manca\/555246\/\">Patrizia Rognoni, inchiesta archiviata ma la verit\u00e0 manca<\/a><\/p><\/blockquote>\n<p><iframe class=\"wp-embedded-content\" sandbox=\"allow-scripts\" security=\"restricted\" style=\"position: absolute; clip: rect(1px, 1px, 1px, 1px);\" src=\"https:\/\/www.varesenews.it\/2016\/09\/patrizia-rognoni-inchiesta-archiviata-ma-la-verita-manca\/555246\/embed\/#?secret=ZEQ4YAn3o2\" data-secret=\"ZEQ4YAn3o2\" width=\"500\" height=\"282\" title=\"&#8220;Patrizia Rognoni, inchiesta archiviata ma la verit\u00e0 manca&#8221; &#8212; VareseNews\" frameborder=\"0\" marginwidth=\"0\" marginheight=\"0\" scrolling=\"no\"><\/iframe><\/p>\n<p>Irrisolto ma non dimenticato. Come ogni anno, in occasione di questo triste anniversario, <strong>gli amici e i conoscenti di Patrizia rinnovano l&#8217;appello affinch\u00e9 si riesca ad arrivare alla verit\u00e0 su quanto accaduto<\/strong>.<\/p>\n<p>&#8220;Cosa sono 10 anni? &#8211; scrive\u00a0<strong>Penelope Lombardia<\/strong>, il comitato che unisce e si fa portavoce delle\u00a0famiglie che hanno subito la scomparsa di un proprio caro -. A volte sembrano volare, in un attimo, altre volte, a pensarci, sembrano 1000. Quando per 10 anni non hai la possibilit\u00e0 di abbracciare una p<span class=\"text_exposed_show\">ersona a cui vuoi bene, di darle il buongiorno, di ascoltarla e di parlarle invece? Non hai una tomba su cui andare a piangerla, <strong>hai solo una valanga di domande a cui nessuno, in 10 anni, \u00e8 ancora riuscito a dare risposte<\/strong> perch\u00e9 \u00e8 cos\u00ec, Patrizia Rognoni \u00e8 stata archiviata! Le persone non si archiviano!\u00bb.<\/span><\/p>\n<p>Il gruppo di Facebook &#8220;Per la verit\u00e0 su Patrizia Rognoni&#8221; conta oltre ottocento iscritti e in molti, negli anni, hanno lanciato appelli per riuscire a scoprire qualcosa in pi\u00f9 su questa vicenda. Lo ha fatto <a href=\"https:\/\/www.varesenews.it\/2013\/03\/iacchetti-a-chi-l-ha-visto-la-scomparsa-di-patrizia-resta-un-mistero\/65395\/\">pi\u00f9 volte l&#8217;amico di Patrizia, Enzo Iacchetti<\/a> e del caso si \u00e8 occupata a lungo anche <a href=\"http:\/\/www.chilhavisto.rai.it\/dl\/clv\/Scomparsi\/ContentSet-be8ef8ac-8c18-42a7-b5e2-19e2c959ceb8.html\"><strong>la trasmissione di Rai Tre, Chi l&#8217;ha visto?<\/strong><\/a>.<\/p>\n","protected":false},"excerpt":{"rendered":"<p>Della donna non si hanno pi\u00f9 notizie dal 16 settembre 2009. Amici e conoscenti chiedono di continuare la ricerca della verit\u00e0 <\/p>\n","protected":false},"author":43,"featured_media":0,"comment_status":"open","ping_status":"open","sticky":false,"template":"","format":"standard","meta":{"footnotes":""},"categories":[2],"tags":[7233,1448,9734],"acf":[],"yoast_head":"<!-- This site is optimized with the Yoast SEO plugin v20.1 - https:\/\/yoast.com\/wordpress\/plugins\/seo\/ -->\n<title>Dieci anni fa la scomparsa di Patrizia Rognoni<\/title>\n<meta name=\"description\" content=\"Della donna non si hanno pi\u00f9 notizie dal 16 settembre 2009. Amici e conoscenti chiedono di continuare la ricerca della verit\u00e0\" \/>\n<meta name=\"robots\" content=\"noindex, follow, max-snippet:-1, max-image-preview:large, max-video-preview:-1\" \/>\n<meta property=\"og:locale\" content=\"it_IT\" \/>\n<meta property=\"og:type\" content=\"article\" \/>\n<meta property=\"og:title\" content=\"Dieci anni fa la scomparsa di Patrizia Rognoni\" \/>\n<meta property=\"og:description\" content=\"Della donna non si hanno pi\u00f9 notizie dal 16 settembre 2009. Amici e conoscenti chiedono di continuare la ricerca della verit\u00e0\" \/>\n<meta property=\"og:url\" content=\"https:\/\/www.varesenews.it\/2019\/09\/dieci-anni-la-scomparsa-patrizia-rognoni\/853505\/\" \/>\n<meta property=\"og:site_name\" content=\"VareseNews\" \/>\n<meta property=\"article:publisher\" content=\"https:\/\/www.facebook.com\/varesenews\" \/>\n<meta property=\"article:author\" content=\"https:\/\/www.facebook.com\/mariacarla.cebrelli\" \/>\n<meta property=\"article:published_time\" content=\"2019-09-16T09:13:34+00:00\" \/>\n<meta property=\"article:modified_time\" content=\"2019-09-16T09:14:18+00:00\" \/>\n<meta name=\"author\" content=\"Maria Carla Cebrelli\" \/>\n<meta name=\"twitter:card\" content=\"summary_large_image\" \/>\n<meta name=\"twitter:creator\" content=\"@pikapiketti\" \/>\n<meta name=\"twitter:site\" content=\"@varesenews\" \/>\n<meta name=\"twitter:label1\" content=\"Scritto da\" \/>\n\t<meta name=\"twitter:data1\" content=\"Maria Carla Cebrelli\" \/>\n\t<meta name=\"twitter:label2\" content=\"Tempo di lettura stimato\" \/>\n\t<meta name=\"twitter:data2\" content=\"1 minuto\" \/>\n<script type=\"application\/ld+json\" class=\"yoast-schema-graph\">{\"@context\":\"https:\/\/schema.org\",\"@graph\":[{\"@type\":\"WebPage\",\"@id\":\"https:\/\/www.varesenews.it\/2019\/09\/dieci-anni-la-scomparsa-patrizia-rognoni\/853505\/\",\"url\":\"https:\/\/www.varesenews.it\/2019\/09\/dieci-anni-la-scomparsa-patrizia-rognoni\/853505\/\",\"name\":\"Dieci anni fa la scomparsa di Patrizia Rognoni\",\"isPartOf\":{\"@id\":\"https:\/\/staging.varesenews.it\/#website\"},\"datePublished\":\"2019-09-16T09:13:34+00:00\",\"dateModified\":\"2019-09-16T09:14:18+00:00\",\"author\":{\"@id\":\"https:\/\/staging.varesenews.it\/#\/schema\/person\/5bf790e99d7ec50061119cc825c454de\"},\"description\":\"Della donna non si hanno pi\u00f9 notizie dal 16 settembre 2009. Amici e conoscenti chiedono di continuare la ricerca della verit\u00e0\",\"breadcrumb\":{\"@id\":\"https:\/\/www.varesenews.it\/2019\/09\/dieci-anni-la-scomparsa-patrizia-rognoni\/853505\/#breadcrumb\"},\"inLanguage\":\"it-IT\",\"potentialAction\":[{\"@type\":\"ReadAction\",\"target\":[\"https:\/\/www.varesenews.it\/2019\/09\/dieci-anni-la-scomparsa-patrizia-rognoni\/853505\/\"]}]},{\"@type\":\"BreadcrumbList\",\"@id\":\"https:\/\/www.varesenews.it\/2019\/09\/dieci-anni-la-scomparsa-patrizia-rognoni\/853505\/#breadcrumb\",\"itemListElement\":[{\"@type\":\"ListItem\",\"position\":1,\"name\":\"Home\",\"item\":\"https:\/\/www.varesenews.it\/\"},{\"@type\":\"ListItem\",\"position\":2,\"name\":\"Dieci anni fa la scomparsa di Patrizia Rognoni\"}]},{\"@type\":\"WebSite\",\"@id\":\"https:\/\/staging.varesenews.it\/#website\",\"url\":\"https:\/\/staging.varesenews.it\/\",\"name\":\"VareseNews\",\"description\":\"\",\"potentialAction\":[{\"@type\":\"SearchAction\",\"target\":{\"@type\":\"EntryPoint\",\"urlTemplate\":\"https:\/\/staging.varesenews.it\/?s={search_term_string}\"},\"query-input\":\"required name=search_term_string\"}],\"inLanguage\":\"it-IT\"},{\"@type\":\"Person\",\"@id\":\"https:\/\/staging.varesenews.it\/#\/schema\/person\/5bf790e99d7ec50061119cc825c454de\",\"name\":\"Maria Carla Cebrelli\",\"image\":{\"@type\":\"ImageObject\",\"inLanguage\":\"it-IT\",\"@id\":\"https:\/\/staging.varesenews.it\/#\/schema\/person\/image\/\",\"url\":\"https:\/\/staging.varesenews.it\/wp-content\/uploads\/2020\/12\/mariacarla_cebrelli_colori_500-1.jpg\",\"contentUrl\":\"https:\/\/staging.varesenews.it\/wp-content\/uploads\/2020\/12\/mariacarla_cebrelli_colori_500-1.jpg\",\"caption\":\"Maria Carla Cebrelli\"},\"description\":\"Economista di formazione, giornalista per passione. A VareseNews dal 2005, mi sono occupata negli anni di universit&agrave;, tematiche di confine, news locali e comunicazione nel settore sociale. Attualmente sono responsabile di VerbanoNews, del canale di VareseNews dedicato al Turismo e seguo i social dell'area business.\",\"sameAs\":[\"https:\/\/www.facebook.com\/mariacarla.cebrelli\",\"pikapiketti\",\"https:\/\/twitter.com\/pikapiketti\"],\"url\":\"https:\/\/staging.varesenews.it\/persona\/mariacarla-cebrelli1\/\"}]}<\/script>\n<!-- \/ Yoast SEO plugin. -->","yoast_head_json":{"title":"Dieci anni fa la scomparsa di Patrizia Rognoni","description":"Della donna non si hanno pi\u00f9 notizie dal 16 settembre 2009. Amici e conoscenti chiedono di continuare la ricerca della verit\u00e0","robots":{"index":"noindex","follow":"follow","max-snippet":"max-snippet:-1","max-image-preview":"max-image-preview:large","max-video-preview":"max-video-preview:-1"},"og_locale":"it_IT","og_type":"article","og_title":"Dieci anni fa la scomparsa di Patrizia Rognoni","og_description":"Della donna non si hanno pi\u00f9 notizie dal 16 settembre 2009. Amici e conoscenti chiedono di continuare la ricerca della verit\u00e0","og_url":"https:\/\/www.varesenews.it\/2019\/09\/dieci-anni-la-scomparsa-patrizia-rognoni\/853505\/","og_site_name":"VareseNews","article_publisher":"https:\/\/www.facebook.com\/varesenews","article_author":"https:\/\/www.facebook.com\/mariacarla.cebrelli","article_published_time":"2019-09-16T09:13:34+00:00","article_modified_time":"2019-09-16T09:14:18+00:00","author":"Maria Carla Cebrelli","twitter_card":"summary_large_image","twitter_creator":"@pikapiketti","twitter_site":"@varesenews","twitter_misc":{"Scritto da":"Maria Carla Cebrelli","Tempo di lettura stimato":"1 minuto"},"schema":{"@context":"https:\/\/schema.org","@graph":[{"@type":"WebPage","@id":"https:\/\/www.varesenews.it\/2019\/09\/dieci-anni-la-scomparsa-patrizia-rognoni\/853505\/","url":"https:\/\/www.varesenews.it\/2019\/09\/dieci-anni-la-scomparsa-patrizia-rognoni\/853505\/","name":"Dieci anni fa la scomparsa di Patrizia Rognoni","isPartOf":{"@id":"https:\/\/staging.varesenews.it\/#website"},"datePublished":"2019-09-16T09:13:34+00:00","dateModified":"2019-09-16T09:14:18+00:00","author":{"@id":"https:\/\/staging.varesenews.it\/#\/schema\/person\/5bf790e99d7ec50061119cc825c454de"},"description":"Della donna non si hanno pi\u00f9 notizie dal 16 settembre 2009. Amici e conoscenti chiedono di continuare la ricerca della verit\u00e0","breadcrumb":{"@id":"https:\/\/www.varesenews.it\/2019\/09\/dieci-anni-la-scomparsa-patrizia-rognoni\/853505\/#breadcrumb"},"inLanguage":"it-IT","potentialAction":[{"@type":"ReadAction","target":["https:\/\/www.varesenews.it\/2019\/09\/dieci-anni-la-scomparsa-patrizia-rognoni\/853505\/"]}]},{"@type":"BreadcrumbList","@id":"https:\/\/www.varesenews.it\/2019\/09\/dieci-anni-la-scomparsa-patrizia-rognoni\/853505\/#breadcrumb","itemListElement":[{"@type":"ListItem","position":1,"name":"Home","item":"https:\/\/www.varesenews.it\/"},{"@type":"ListItem","position":2,"name":"Dieci anni fa la scomparsa di Patrizia Rognoni"}]},{"@type":"WebSite","@id":"https:\/\/staging.varesenews.it\/#website","url":"https:\/\/staging.varesenews.it\/","name":"VareseNews","description":"","potentialAction":[{"@type":"SearchAction","target":{"@type":"EntryPoint","urlTemplate":"https:\/\/staging.varesenews.it\/?s={search_term_string}"},"query-input":"required name=search_term_string"}],"inLanguage":"it-IT"},{"@type":"Person","@id":"https:\/\/staging.varesenews.it\/#\/schema\/person\/5bf790e99d7ec50061119cc825c454de","name":"Maria Carla Cebrelli","image":{"@type":"ImageObject","inLanguage":"it-IT","@id":"https:\/\/staging.varesenews.it\/#\/schema\/person\/image\/","url":"https:\/\/staging.varesenews.it\/wp-content\/uploads\/2020\/12\/mariacarla_cebrelli_colori_500-1.jpg","contentUrl":"https:\/\/staging.varesenews.it\/wp-content\/uploads\/2020\/12\/mariacarla_cebrelli_colori_500-1.jpg","caption":"Maria Carla Cebrelli"},"description":"Economista di formazione, giornalista per passione. A VareseNews dal 2005, mi sono occupata negli anni di universit&agrave;, tematiche di confine, news locali e comunicazione nel settore sociale. Attualmente sono responsabile di VerbanoNews, del canale di VareseNews dedicato al Turismo e seguo i social dell'area business.","sameAs":["https:\/\/www.facebook.com\/mariacarla.cebrelli","pikapiketti","https:\/\/twitter.com\/pikapiketti"],"url":"https:\/\/staging.varesenews.it\/persona\/mariacarla-cebrelli1\/"}]}},"post_meta":{"_edit_lock":"1568625126:43","_edit_last":"43","_oembed_ecb419a34ae75a51fcf47bd554379658":"<blockquote class=\"wp-embedded-content\" data-secret=\"ZEQ4YAn3o2\"><a href=\"https:\/\/www.varesenews.it\/2016\/09\/patrizia-rognoni-inchiesta-archiviata-ma-la-verita-manca\/555246\/\">Patrizia Rognoni, inchiesta archiviata ma la verit\u00e0 manca<\/a><\/blockquote><iframe class=\"wp-embedded-content\" sandbox=\"allow-scripts\" security=\"restricted\" style=\"position: absolute; clip: rect(1px, 1px, 1px, 1px);\" src=\"https:\/\/www.varesenews.it\/2016\/09\/patrizia-rognoni-inchiesta-archiviata-ma-la-verita-manca\/555246\/embed\/#?secret=ZEQ4YAn3o2\" data-secret=\"ZEQ4YAn3o2\" width=\"500\" height=\"282\" title=\"&#8220;Patrizia Rognoni, inchiesta archiviata ma la verit\u00e0 manca&#8221; &#8212; VareseNews\" frameborder=\"0\" marginwidth=\"0\" marginheight=\"0\" scrolling=\"no\"><\/iframe>","_oembed_time_ecb419a34ae75a51fcf47bd554379658":"1568624756","_category_permalink":"a:1:{s:8:\"category\";s:0:\"\";}","ratings_users":"0","ratings_score":"0","ratings_average":"0","foto":"757881","firma_come_redazione":"1","argomento":"Castelveccana","_yoast_wpseo_content_score":"30","_jd_tweet_this":"yes","_wpt_short_url":"https:\/\/www.varesenews.it\/2019\/09\/dieci-anni-la-scomparsa-patrizia-rognoni\/853505\/","_wp_jd_target":"https:\/\/www.varesenews.it\/2019\/09\/dieci-anni-la-scomparsa-patrizia-rognoni\/853505\/","_jd_wp_twitter":"a:1:{i:0;s:159:\"Dieci anni fa la scomparsa di Patrizia Rognoni https:\/\/www.varesenews.it\/2019\/09\/dieci-anni-la-scomparsa-patrizia-rognoni\/853505\/ #chilhavisto #PatriziaRognoni\";}","_wpt_status_message":"Tweet inviato con successo.","nascondi_adsense":"1"},"photos":[{"original":"https:\/\/staging.varesenews.it\/photogallery_new\/images\/2019\/09\/patrizia-rognoni-757881.jpg","full":"https:\/\/staging.varesenews.it\/photogallery_new\/images\/2019\/09\/patrizia-rognoni-757881.1024x768.jpg","large":"https:\/\/staging.varesenews.it\/photogallery_new\/images\/2019\/09\/patrizia-rognoni-757881.610x431.jpg"}],"_links":{"self":[{"href":"https:\/\/staging.varesenews.it\/swgapi\/v1\/wp\/v2\/posts\/853505"}],"collection":[{"href":"https:\/\/staging.varesenews.it\/swgapi\/v1\/wp\/v2\/posts"}],"about":[{"href":"https:\/\/staging.varesenews.it\/swgapi\/v1\/wp\/v2\/types\/post"}],"author":[{"embeddable":true,"href":"https:\/\/staging.varesenews.it\/swgapi\/v1\/wp\/v2\/users\/43"}],"replies":[{"embeddable":true,"href":"https:\/\/staging.varesenews.it\/swgapi\/v1\/wp\/v2\/comments?post=853505"}],"version-history":[{"count":0,"href":"https:\/\/staging.varesenews.it\/swgapi\/v1\/wp\/v2\/posts\/853505\/revisions"}],"wp:attachment":[{"href":"https:\/\/staging.varesenews.it\/swgapi\/v1\/wp\/v2\/media?parent=853505"}],"wp:term":[{"taxonomy":"category","embeddable":true,"href":"https:\/\/staging.varesenews.it\/swgapi\/v1\/wp\/v2\/categories?post=853505"},{"taxonomy":"post_tag","embeddable":true,"href":"https:\/\/staging.varesenews.it\/swgapi\/v1\/wp\/v2\/tags?post=853505"}],"curies":[{"name":"wp","href":"https:\/\/api.w.org\/{rel}","templated":true}]}}