{"id":854213,"date":"2019-09-18T10:40:32","date_gmt":"2019-09-18T08:40:32","guid":{"rendered":"https:\/\/www.varesenews.it\/?p=854213"},"modified":"2019-09-18T13:09:55","modified_gmt":"2019-09-18T11:09:55","slug":"malnate-nominato-lassessore-alla-gentilezza","status":"publish","type":"post","link":"https:\/\/staging.varesenews.it\/2019\/09\/malnate-nominato-lassessore-alla-gentilezza\/854213\/","title":{"rendered":"Malnate, nominato l\u2019assessore alla Gentilezza"},"content":{"rendered":"<p class=\"p1\">Il Comune di Malnate ha accolto l&#8217;invito delle associazioni \u201cCor et amor\u201d e del \u201cMovimento Mezzopieno\u201d di riconoscere <b>all\u2019Assessore Maria Croci, la delega alla Gentilezza<\/b>. Il consigliere comunale che avr\u00e0 la delega e supporter\u00e0 l&#8217;assessore sar\u00e0 <strong>Cecilia Carangi.<\/strong><\/p>\n<p class=\"p1\">La proposta si inserisce nell&#8217;ambito della <b>Giornata nazionale dei giochi della gentilezza<\/b> che si terr\u00e0 in tutta Italia il 22 settembre.<\/p>\n<p class=\"p1\">La Giornata nazionale dei giochi della gentilezza \u00e8 nata per <b>il coinvolgimento dei bambini, delle scuole e delle amministrazioni di tutta Italia in un momento di gioco e sensibilizzazione sulla gentilezza.<\/b> La ricorrenza \u00e8 promossa dall\u2019associazione Cor et amor, che si occupa di favorire il benessere e una crescita serena di bambini e ragazzi, insieme al Movimento Mezzopieno, la rete italiana per la diffusione della positivit\u00e0.<\/p>\n<p class=\"p1\">Lo scopo della Giornata dedicata alla gentilezza \u00e8 quello di trattare quattro aspetti: i<strong>l comportamento, l\u2019ambiente e il decoro pubblico, la sicurezza stradale e l\u2019attenzione per la disabilit\u00e0.<\/strong> La \u201cbuona educazione\u201d potr\u00e0 essere affrontata approfondendo: le buone maniere nella quotidianit\u00e0; tenere puliti gli ambienti e gli spazi in cui si vive; muoversi per strada in sicurezza; prendersi cura delle persone pi\u00f9 fragili.<\/p>\n<p class=\"p1\">\u00abQuest\u2019anno vogliamo superare i 22.500 partecipanti &#8211; <strong>commenta Luca Nardi, presidente dell\u2019Associazione Cor et Amor<\/strong> &#8211; e promuovere, coinvolgendo i media e gli esperti del settore, l\u2019importanza di educare i bambini e i ragazzi alla gentilezza sin da piccoli, attraverso la collaborazione tra le diverse figure educative famiglia, istruzione e tempo libero, affinch\u00e9 possano crescere e diventare adulti felici, attenti al benessere della propria comunit\u00e0. Educare oggi alla gentilezza, \u00e8 un investimento etico, a breve e lungo termine. Oltre che nel presente, i benefici potranno essere colti nel lungo periodo, tra 20 o 30 anni, quando i bambini di oggi, saranno cresciuti e aggirano attivamente per mettere in pratica quanto appreso da piccoli\u00bb.<\/p>\n<p class=\"p1\">Nell\u2019ambito della Giornata nazionale dei giochi della gentilezza si intende sensibilizzare i Sindaci dei comuni italiani con l\u2019invito ad istituire l\u2019Assessorato alla gentilezza, assegnando ad assessori o consiglieri comunali una delega alla gentilezza, un incarico a costo zero, ma dal grande valore simbolico.<\/p>\n<p class=\"p1\">La proposta ai Sindaci italiani avanzata dalle associazioni promotrici della Giornata \u00e8 quindi di <strong>incaricare un assessore, o un consigliere sensibile al benessere di tutti, di occuparsi della buona educazione,<\/strong> del rispetto verso il prossimo e la cosa pubblica, di sensibilizzare i cittadini ai comportamenti positivi, a prendersi cura di chi soffre (es i malati, o le persone sole), o \u00e8 in difficolt\u00e0 (chi ha perso il lavoro, disabili, anziani, genitori separati con figli), ad accrescere lo spirito di Comunit\u00e0, oltre che favorire l\u2019unit\u00e0, a coinvolgere i propri concittadini e le associazioni in iniziative di cittadinanza attiva per il bene comune.<\/p>\n<p class=\"p1\">Con la gentilezza \u00e8 possibile prevenire e correggere molti comportamenti che danneggiano il vivere sereno di una comunit\u00e0.<\/p>\n","protected":false},"excerpt":{"rendered":"<p>Sar\u00e0 affidata a Maria Croci e alla consigliere Cecilia Carangi questa particolare delega, in concomitanza con la Giornata nazionale dei giochi della gentilezza<\/p>\n","protected":false},"author":37,"featured_media":0,"comment_status":"open","ping_status":"open","sticky":false,"template":"","format":"standard","meta":{"footnotes":""},"categories":[2],"tags":[99297,60141],"acf":[],"yoast_head":"<!-- This site is optimized with the Yoast SEO plugin v20.1 - https:\/\/yoast.com\/wordpress\/plugins\/seo\/ -->\n<title>Malnate, nominato l\u2019assessore alla Gentilezza<\/title>\n<meta name=\"description\" content=\"Sar\u00e0 affidata a Maria Croci e alla consigliere Cecilia Carangi questa particolare delega, in concomitanza con la Giornata nazionale dei giochi della gentilezza\" \/>\n<meta name=\"robots\" content=\"noindex, follow, max-snippet:-1, max-image-preview:large, max-video-preview:-1\" \/>\n<meta property=\"og:locale\" content=\"it_IT\" \/>\n<meta property=\"og:type\" content=\"article\" \/>\n<meta property=\"og:title\" content=\"Malnate, nominato l\u2019assessore alla Gentilezza\" \/>\n<meta property=\"og:description\" content=\"Sar\u00e0 affidata a Maria Croci e alla consigliere Cecilia Carangi questa particolare delega, in concomitanza con la Giornata nazionale dei giochi della gentilezza\" \/>\n<meta property=\"og:url\" content=\"https:\/\/staging.varesenews.it\/2019\/09\/malnate-nominato-lassessore-alla-gentilezza\/854213\/\" \/>\n<meta property=\"og:site_name\" content=\"VareseNews\" \/>\n<meta property=\"article:publisher\" content=\"https:\/\/www.facebook.com\/varesenews\" \/>\n<meta property=\"article:published_time\" content=\"2019-09-18T08:40:32+00:00\" \/>\n<meta property=\"article:modified_time\" content=\"2019-09-18T11:09:55+00:00\" \/>\n<meta name=\"author\" content=\"Francesco Mazzoleni\" \/>\n<meta name=\"twitter:card\" content=\"summary_large_image\" \/>\n<meta name=\"twitter:creator\" content=\"@fmazzof\" \/>\n<meta name=\"twitter:site\" content=\"@varesenews\" \/>\n<meta name=\"twitter:label1\" content=\"Scritto da\" \/>\n\t<meta name=\"twitter:data1\" content=\"Francesco Mazzoleni\" \/>\n\t<meta name=\"twitter:label2\" content=\"Tempo di lettura stimato\" \/>\n\t<meta name=\"twitter:data2\" content=\"2 minuti\" \/>\n<script type=\"application\/ld+json\" class=\"yoast-schema-graph\">{\"@context\":\"https:\/\/schema.org\",\"@graph\":[{\"@type\":\"WebPage\",\"@id\":\"https:\/\/staging.varesenews.it\/2019\/09\/malnate-nominato-lassessore-alla-gentilezza\/854213\/\",\"url\":\"https:\/\/staging.varesenews.it\/2019\/09\/malnate-nominato-lassessore-alla-gentilezza\/854213\/\",\"name\":\"Malnate, nominato l\u2019assessore alla Gentilezza\",\"isPartOf\":{\"@id\":\"https:\/\/staging.varesenews.it\/#website\"},\"datePublished\":\"2019-09-18T08:40:32+00:00\",\"dateModified\":\"2019-09-18T11:09:55+00:00\",\"author\":{\"@id\":\"https:\/\/staging.varesenews.it\/#\/schema\/person\/e82236e79160d30d4e1f942004ac3038\"},\"description\":\"Sar\u00e0 affidata a Maria Croci e alla consigliere Cecilia Carangi questa particolare delega, in concomitanza con la Giornata nazionale dei giochi della gentilezza\",\"breadcrumb\":{\"@id\":\"https:\/\/staging.varesenews.it\/2019\/09\/malnate-nominato-lassessore-alla-gentilezza\/854213\/#breadcrumb\"},\"inLanguage\":\"it-IT\",\"potentialAction\":[{\"@type\":\"ReadAction\",\"target\":[\"https:\/\/staging.varesenews.it\/2019\/09\/malnate-nominato-lassessore-alla-gentilezza\/854213\/\"]}]},{\"@type\":\"BreadcrumbList\",\"@id\":\"https:\/\/staging.varesenews.it\/2019\/09\/malnate-nominato-lassessore-alla-gentilezza\/854213\/#breadcrumb\",\"itemListElement\":[{\"@type\":\"ListItem\",\"position\":1,\"name\":\"Home\",\"item\":\"https:\/\/www.varesenews.it\/\"},{\"@type\":\"ListItem\",\"position\":2,\"name\":\"Malnate, nominato l\u2019assessore alla Gentilezza\"}]},{\"@type\":\"WebSite\",\"@id\":\"https:\/\/staging.varesenews.it\/#website\",\"url\":\"https:\/\/staging.varesenews.it\/\",\"name\":\"VareseNews\",\"description\":\"\",\"potentialAction\":[{\"@type\":\"SearchAction\",\"target\":{\"@type\":\"EntryPoint\",\"urlTemplate\":\"https:\/\/staging.varesenews.it\/?s={search_term_string}\"},\"query-input\":\"required name=search_term_string\"}],\"inLanguage\":\"it-IT\"},{\"@type\":\"Person\",\"@id\":\"https:\/\/staging.varesenews.it\/#\/schema\/person\/e82236e79160d30d4e1f942004ac3038\",\"name\":\"Francesco Mazzoleni\",\"image\":{\"@type\":\"ImageObject\",\"inLanguage\":\"it-IT\",\"@id\":\"https:\/\/staging.varesenews.it\/#\/schema\/person\/image\/\",\"url\":\"https:\/\/staging.varesenews.it\/wp-content\/uploads\/2020\/12\/francesco_mazzoleni_colori_500-1.jpg\",\"contentUrl\":\"https:\/\/staging.varesenews.it\/wp-content\/uploads\/2020\/12\/francesco_mazzoleni_colori_500-1.jpg\",\"caption\":\"Francesco Mazzoleni\"},\"description\":\"\\\"Uomo di campo\\\" della redazione sportiva. Nutro una vera passione per il calcio, che sia ad alti livelli, sui campi di provincia o in altri continenti. Sono nato a Varese nel 1984, vivo da sempre a Malnate e ho una laurea in Scienze Motorie. Ho mosso i primi passi a VareseNews da stagista nel 2002; nel 2008 ho iniziato a collaborare con maggiore continuit\u00e0 e dal 2018 sono giornalista professionista. Orgoglioso pap\u00e0 di Federico e Adelaide.\",\"sameAs\":[\"fmazzof\",\"it.linkedin.com\/in\/francescomazzolenif\",\"https:\/\/twitter.com\/fmazzof\"],\"url\":\"https:\/\/staging.varesenews.it\/persona\/francesco_mazzoleniferracini\/\"}]}<\/script>\n<!-- \/ Yoast SEO plugin. -->","yoast_head_json":{"title":"Malnate, nominato l\u2019assessore alla Gentilezza","description":"Sar\u00e0 affidata a Maria Croci e alla consigliere Cecilia Carangi questa particolare delega, in concomitanza con la Giornata nazionale dei giochi della gentilezza","robots":{"index":"noindex","follow":"follow","max-snippet":"max-snippet:-1","max-image-preview":"max-image-preview:large","max-video-preview":"max-video-preview:-1"},"og_locale":"it_IT","og_type":"article","og_title":"Malnate, nominato l\u2019assessore alla Gentilezza","og_description":"Sar\u00e0 affidata a Maria Croci e alla consigliere Cecilia Carangi questa particolare delega, in concomitanza con la Giornata nazionale dei giochi della gentilezza","og_url":"https:\/\/staging.varesenews.it\/2019\/09\/malnate-nominato-lassessore-alla-gentilezza\/854213\/","og_site_name":"VareseNews","article_publisher":"https:\/\/www.facebook.com\/varesenews","article_published_time":"2019-09-18T08:40:32+00:00","article_modified_time":"2019-09-18T11:09:55+00:00","author":"Francesco Mazzoleni","twitter_card":"summary_large_image","twitter_creator":"@fmazzof","twitter_site":"@varesenews","twitter_misc":{"Scritto da":"Francesco Mazzoleni","Tempo di lettura stimato":"2 minuti"},"schema":{"@context":"https:\/\/schema.org","@graph":[{"@type":"WebPage","@id":"https:\/\/staging.varesenews.it\/2019\/09\/malnate-nominato-lassessore-alla-gentilezza\/854213\/","url":"https:\/\/staging.varesenews.it\/2019\/09\/malnate-nominato-lassessore-alla-gentilezza\/854213\/","name":"Malnate, nominato l\u2019assessore alla Gentilezza","isPartOf":{"@id":"https:\/\/staging.varesenews.it\/#website"},"datePublished":"2019-09-18T08:40:32+00:00","dateModified":"2019-09-18T11:09:55+00:00","author":{"@id":"https:\/\/staging.varesenews.it\/#\/schema\/person\/e82236e79160d30d4e1f942004ac3038"},"description":"Sar\u00e0 affidata a Maria Croci e alla consigliere Cecilia Carangi questa particolare delega, in concomitanza con la Giornata nazionale dei giochi della gentilezza","breadcrumb":{"@id":"https:\/\/staging.varesenews.it\/2019\/09\/malnate-nominato-lassessore-alla-gentilezza\/854213\/#breadcrumb"},"inLanguage":"it-IT","potentialAction":[{"@type":"ReadAction","target":["https:\/\/staging.varesenews.it\/2019\/09\/malnate-nominato-lassessore-alla-gentilezza\/854213\/"]}]},{"@type":"BreadcrumbList","@id":"https:\/\/staging.varesenews.it\/2019\/09\/malnate-nominato-lassessore-alla-gentilezza\/854213\/#breadcrumb","itemListElement":[{"@type":"ListItem","position":1,"name":"Home","item":"https:\/\/www.varesenews.it\/"},{"@type":"ListItem","position":2,"name":"Malnate, nominato l\u2019assessore alla Gentilezza"}]},{"@type":"WebSite","@id":"https:\/\/staging.varesenews.it\/#website","url":"https:\/\/staging.varesenews.it\/","name":"VareseNews","description":"","potentialAction":[{"@type":"SearchAction","target":{"@type":"EntryPoint","urlTemplate":"https:\/\/staging.varesenews.it\/?s={search_term_string}"},"query-input":"required name=search_term_string"}],"inLanguage":"it-IT"},{"@type":"Person","@id":"https:\/\/staging.varesenews.it\/#\/schema\/person\/e82236e79160d30d4e1f942004ac3038","name":"Francesco Mazzoleni","image":{"@type":"ImageObject","inLanguage":"it-IT","@id":"https:\/\/staging.varesenews.it\/#\/schema\/person\/image\/","url":"https:\/\/staging.varesenews.it\/wp-content\/uploads\/2020\/12\/francesco_mazzoleni_colori_500-1.jpg","contentUrl":"https:\/\/staging.varesenews.it\/wp-content\/uploads\/2020\/12\/francesco_mazzoleni_colori_500-1.jpg","caption":"Francesco Mazzoleni"},"description":"\"Uomo di campo\" della redazione sportiva. Nutro una vera passione per il calcio, che sia ad alti livelli, sui campi di provincia o in altri continenti. Sono nato a Varese nel 1984, vivo da sempre a Malnate e ho una laurea in Scienze Motorie. Ho mosso i primi passi a VareseNews da stagista nel 2002; nel 2008 ho iniziato a collaborare con maggiore continuit\u00e0 e dal 2018 sono giornalista professionista. Orgoglioso pap\u00e0 di Federico e Adelaide.","sameAs":["fmazzof","it.linkedin.com\/in\/francescomazzolenif","https:\/\/twitter.com\/fmazzof"],"url":"https:\/\/staging.varesenews.it\/persona\/francesco_mazzoleniferracini\/"}]}},"post_meta":{"_edit_lock":"1568810334:37","_edit_last":"37","_category_permalink":"a:1:{s:8:\"category\";s:1:\"2\";}","foto":"758294","_yoast_wpseo_content_score":"30","_jd_tweet_this":"yes","id_leggi_anche":"847944,851670","firma_come_redazione":"1","argomento":"Malnate","ratings_users":"0","ratings_score":"0","ratings_average":"0","_wpt_short_url":"https:\/\/www.varesenews.it\/2019\/09\/malnate-nominato-lassessore-alla-gentilezza\/854213\/","_wp_jd_target":"https:\/\/www.varesenews.it\/2019\/09\/malnate-nominato-lassessore-alla-gentilezza\/854213\/","_jd_wp_twitter":"a:1:{i:0;s:150:\"Malnate, nominato l\u2019assessore alla Gentilezza https:\/\/www.varesenews.it\/2019\/09\/malnate-nominato-lassessore-alla-gentilezza\/854213\/ #comunedimalnate\";}","_wpt_status_message":"Tweet inviato con successo."},"photos":[{"original":"https:\/\/staging.varesenews.it\/photogallery_new\/images\/2019\/09\/assessorato-gentilezza-758294.jpg","full":"https:\/\/staging.varesenews.it\/photogallery_new\/images\/2019\/09\/assessorato-gentilezza-758294.1024x768.jpg","large":"https:\/\/staging.varesenews.it\/photogallery_new\/images\/2019\/09\/assessorato-gentilezza-758294.610x431.jpg"}],"_links":{"self":[{"href":"https:\/\/staging.varesenews.it\/swgapi\/v1\/wp\/v2\/posts\/854213"}],"collection":[{"href":"https:\/\/staging.varesenews.it\/swgapi\/v1\/wp\/v2\/posts"}],"about":[{"href":"https:\/\/staging.varesenews.it\/swgapi\/v1\/wp\/v2\/types\/post"}],"author":[{"embeddable":true,"href":"https:\/\/staging.varesenews.it\/swgapi\/v1\/wp\/v2\/users\/37"}],"replies":[{"embeddable":true,"href":"https:\/\/staging.varesenews.it\/swgapi\/v1\/wp\/v2\/comments?post=854213"}],"version-history":[{"count":0,"href":"https:\/\/staging.varesenews.it\/swgapi\/v1\/wp\/v2\/posts\/854213\/revisions"}],"wp:attachment":[{"href":"https:\/\/staging.varesenews.it\/swgapi\/v1\/wp\/v2\/media?parent=854213"}],"wp:term":[{"taxonomy":"category","embeddable":true,"href":"https:\/\/staging.varesenews.it\/swgapi\/v1\/wp\/v2\/categories?post=854213"},{"taxonomy":"post_tag","embeddable":true,"href":"https:\/\/staging.varesenews.it\/swgapi\/v1\/wp\/v2\/tags?post=854213"}],"curies":[{"name":"wp","href":"https:\/\/api.w.org\/{rel}","templated":true}]}}