{"id":854273,"date":"2019-09-18T12:58:14","date_gmt":"2019-09-18T10:58:14","guid":{"rendered":"https:\/\/www.varesenews.it\/?p=854273"},"modified":"2019-09-18T14:08:52","modified_gmt":"2019-09-18T12:08:52","slug":"la-pedemontana-deve-gratis","status":"publish","type":"post","link":"https:\/\/staging.varesenews.it\/2019\/09\/la-pedemontana-deve-gratis\/854273\/","title":{"rendered":"&#8220;La Pedemontana deve essere gratis&#8221;"},"content":{"rendered":"<p><strong>Pedemontana gratis.<\/strong> Sar\u00e0 questa la \u201cregina\u201d delle battaglie di <strong>Giuseppe Licata<\/strong>, eletto all\u2019unanimit\u00e0 <strong>rappresentante dei sindaci del Collegio di Vigilanza di Autostrada Pedemontana Lombarda.<\/strong><br \/>\nIl primo cittadino di Lozza prende il posto di Cristina Bertuletti, ex sindaco di Gazzada Schianno che per molti anni ha portato al tavolo di Pedemontana le istanze dei comuni che insistono sull\u2019arteria stradale.<\/p>\n<p>Licata (nella foto qui sotto) \u00e8 stata eletto con i voti di <strong>Gazzada Schianno, Morazzone, Vedano Olona, Buguggiate, Cantello, Malnate, Varese e Brunello<\/strong>. <div class=\"photo-inside-post\"><img decoding=\"async\" loading=\"lazy\" fetchpriority=\"low\" width=\"610\" height=\"431\" src=\"https:\/\/staging.varesenews.it\/photogallery_new\/images\/2019\/09\/lozza-generiche-758303.610x431.jpg\" alt=\"lozza generiche\"><\/div><\/p>\n<p>\u00abDi Pedemontana mi sono occupato a lungo sia come sindaco di Lozza sia come consigliere provinciale e conoscono bene tutte le problematiche &#8211; spiega-. <strong>Il tema principe sar\u00e0 il pagamento del pedaggio<\/strong>. Il presidente Roberto Castelli ha avviato una campagna che prevede <a href=\"https:\/\/www.varesenews.it\/2019\/01\/pedaggi-pedemontana-arrivano-gli-sconti-al-50\/786602\/\">sconti per le auto<\/a> ma che pu\u00f2 funzionare sulla parte di Pedemontana che purtroppo non ci riguarda. Il nostro tratto di tangenziale \u00e8 breve ed \u00e8 affiancata da una provinciale molto pi\u00f9 invitante, visto che \u00e8 gratuita. Non c\u2019\u00e8 sconto che tenga, quindi: <strong>se Pedemontana desidera che la sua strada venga utilizzata, dovr\u00e0 diventare gratis<\/strong>.<br \/>\nCi sono interessi privati degli investitori, lo capisco, ma io difendo l\u2019interesse pubblico\u00bb.<\/p>\n<p>L\u2019altro aspetto su cui il nuovo rappresentante dei sindaci insister\u00e0 riguarda le <strong>compensazioni ambientali<\/strong>, vale a dire il denaro che Pedemontana ha \u201cpromesso\u201d ai singoli comuni per realizzare opere migliorative, a compensazione, appunto, dei disagi patiti con la costruzione della strada :\u00ab<strong>Andr\u00f2 a chiedere garanzie sulla stabilit\u00e0 degli stanziamenti.<\/strong> Ci hanno promesso dei finanziamenti e tutti i sindaci hanno programmato lavori contando su quel denaro; ci vorr\u00e0 per\u00f2 del tempo per realizzare le opere e non vorremmo poi sentirci dire che i soldi sono finiti\u00bb.<\/p>\n<p>L\u2019altro tema caldo riguarda la realizzazione del <strong>secondo lotto di Pedemontana<\/strong>, quello che dalla folla di Malnate arriva al Valico del Gaggiolo: \u00abPresto incontrer\u00f2 i sindaci interessati dal progetto, ovvero quelli di Malnate e Cantello e raccoglier\u00f2 le loro perplessit\u00e0. Quel tratto sarebbe tutto interrato: Pedemontana dovrebbe realizzare una galleria lunga sei chilometri. Noi a Lozza ci siamo gi\u00e0 passati e sappiamo che cosa significhi, sia in termini di danni ambientali sia per i disagi che i cittadini devono sopportare a causa delle mine e degli scavi\u00bb.<\/p>\n<p>Altro risultato da portare a casa sar\u00e0 lo <strong>svincolo di Gazzada Schianno<\/strong>: \u00abQuella strozzatura \u00e8 davvero molto pericolosa &#8211; conclude Licata &#8211; ed \u00e8 arrivato il momento di trovare una soluzione. Parleremo anche di questo con Castelli. Insomma, di lavoro da fare ne avr\u00f2 parecchio\u00bb.<\/p>\n<p><a href=\"https:\/\/www.varesenews.it\/tag\/pedemontana-tag\/\">Tutti gli articoli su Pedemontana<\/a><\/p>\n","protected":false},"excerpt":{"rendered":"<p>Cos\u00ec Giuseppe Licata eletto rappresentate dei sindaci nel collegio di vigilanza di Autostrada Pedemontana Lombarda. &#8220;Il pedaggio e gli stanziamenti promessi ai Comuni sono i primi temi che andr\u00f2 a discutere&#8221;<\/p>\n","protected":false},"author":49,"featured_media":0,"comment_status":"open","ping_status":"open","sticky":false,"template":"","format":"standard","meta":{"footnotes":""},"categories":[2],"tags":[52776,41517,802],"acf":[],"yoast_head":"<!-- This site is optimized with the Yoast SEO plugin v20.1 - https:\/\/yoast.com\/wordpress\/plugins\/seo\/ -->\n<title>&quot;La Pedemontana deve essere gratis&quot;<\/title>\n<meta name=\"description\" content=\"Cos\u00ec Giuseppe Licata eletto rappresentate dei sindaci nel collegio di vigilanza di Autostrada Pedemontana Lombarda. &quot;Il pedaggio e gli stanziamenti promessi ai Comuni sono i primi temi che andr\u00f2 a discutere&quot;\" \/>\n<meta name=\"robots\" content=\"noindex, follow, max-snippet:-1, max-image-preview:large, max-video-preview:-1\" \/>\n<meta property=\"og:locale\" content=\"it_IT\" \/>\n<meta property=\"og:type\" content=\"article\" \/>\n<meta property=\"og:title\" content=\"&quot;La Pedemontana deve essere gratis&quot;\" \/>\n<meta property=\"og:description\" content=\"Cos\u00ec Giuseppe Licata eletto rappresentate dei sindaci nel collegio di vigilanza di Autostrada Pedemontana Lombarda. &quot;Il pedaggio e gli stanziamenti promessi ai Comuni sono i primi temi che andr\u00f2 a discutere&quot;\" \/>\n<meta property=\"og:url\" content=\"https:\/\/staging.varesenews.it\/2019\/09\/la-pedemontana-deve-gratis\/854273\/\" \/>\n<meta property=\"og:site_name\" content=\"VareseNews\" \/>\n<meta property=\"article:publisher\" content=\"https:\/\/www.facebook.com\/varesenews\" \/>\n<meta property=\"article:author\" content=\"https:\/\/www.facebook.com\/roberta.bertolini.9\" \/>\n<meta property=\"article:published_time\" content=\"2019-09-18T10:58:14+00:00\" \/>\n<meta property=\"article:modified_time\" content=\"2019-09-18T12:08:52+00:00\" \/>\n<meta name=\"author\" content=\"Roberta Bertolini\" \/>\n<meta name=\"twitter:card\" content=\"summary_large_image\" \/>\n<meta name=\"twitter:creator\" content=\"@robybertolini\" \/>\n<meta name=\"twitter:site\" content=\"@varesenews\" \/>\n<meta name=\"twitter:label1\" content=\"Scritto da\" \/>\n\t<meta name=\"twitter:data1\" content=\"Roberta Bertolini\" \/>\n\t<meta name=\"twitter:label2\" content=\"Tempo di lettura stimato\" \/>\n\t<meta name=\"twitter:data2\" content=\"2 minuti\" \/>\n<script type=\"application\/ld+json\" class=\"yoast-schema-graph\">{\"@context\":\"https:\/\/schema.org\",\"@graph\":[{\"@type\":\"WebPage\",\"@id\":\"https:\/\/staging.varesenews.it\/2019\/09\/la-pedemontana-deve-gratis\/854273\/\",\"url\":\"https:\/\/staging.varesenews.it\/2019\/09\/la-pedemontana-deve-gratis\/854273\/\",\"name\":\"\\\"La Pedemontana deve essere gratis\\\"\",\"isPartOf\":{\"@id\":\"https:\/\/staging.varesenews.it\/#website\"},\"datePublished\":\"2019-09-18T10:58:14+00:00\",\"dateModified\":\"2019-09-18T12:08:52+00:00\",\"author\":{\"@id\":\"https:\/\/staging.varesenews.it\/#\/schema\/person\/58fbd3e567d5c00f0a64d5137fef3e68\"},\"description\":\"Cos\u00ec Giuseppe Licata eletto rappresentate dei sindaci nel collegio di vigilanza di Autostrada Pedemontana Lombarda. \\\"Il pedaggio e gli stanziamenti promessi ai Comuni sono i primi temi che andr\u00f2 a discutere\\\"\",\"breadcrumb\":{\"@id\":\"https:\/\/staging.varesenews.it\/2019\/09\/la-pedemontana-deve-gratis\/854273\/#breadcrumb\"},\"inLanguage\":\"it-IT\",\"potentialAction\":[{\"@type\":\"ReadAction\",\"target\":[\"https:\/\/staging.varesenews.it\/2019\/09\/la-pedemontana-deve-gratis\/854273\/\"]}]},{\"@type\":\"BreadcrumbList\",\"@id\":\"https:\/\/staging.varesenews.it\/2019\/09\/la-pedemontana-deve-gratis\/854273\/#breadcrumb\",\"itemListElement\":[{\"@type\":\"ListItem\",\"position\":1,\"name\":\"Home\",\"item\":\"https:\/\/www.varesenews.it\/\"},{\"@type\":\"ListItem\",\"position\":2,\"name\":\"&#8220;La Pedemontana deve essere gratis&#8221;\"}]},{\"@type\":\"WebSite\",\"@id\":\"https:\/\/staging.varesenews.it\/#website\",\"url\":\"https:\/\/staging.varesenews.it\/\",\"name\":\"VareseNews\",\"description\":\"\",\"potentialAction\":[{\"@type\":\"SearchAction\",\"target\":{\"@type\":\"EntryPoint\",\"urlTemplate\":\"https:\/\/staging.varesenews.it\/?s={search_term_string}\"},\"query-input\":\"required name=search_term_string\"}],\"inLanguage\":\"it-IT\"},{\"@type\":\"Person\",\"@id\":\"https:\/\/staging.varesenews.it\/#\/schema\/person\/58fbd3e567d5c00f0a64d5137fef3e68\",\"name\":\"Roberta Bertolini\",\"image\":{\"@type\":\"ImageObject\",\"inLanguage\":\"it-IT\",\"@id\":\"https:\/\/staging.varesenews.it\/#\/schema\/person\/image\/\",\"url\":\"https:\/\/staging.varesenews.it\/wp-content\/uploads\/2020\/12\/roberta_bertolini_colori_500.jpg\",\"contentUrl\":\"https:\/\/staging.varesenews.it\/wp-content\/uploads\/2020\/12\/roberta_bertolini_colori_500.jpg\",\"caption\":\"Roberta Bertolini\"},\"description\":\"Giornalista professionista dal 1991, sono passata, ormai molti anni fa, dalla carta al web. Oggi mi occupo di cronaca locale e guardo con curiosit&agrave; ed attenzione il mondo dei social. Parlo poco, ascolto molto.\",\"sameAs\":[\"https:\/\/www.facebook.com\/roberta.bertolini.9\",\"bettabertolini\",\"https:\/\/www.linkedin.com\/hp\/?dnr=v9e-Gp7a6_oxqTuQyZA0Lf4aEi4t91g6wMH\",\"https:\/\/twitter.com\/robybertolini\"],\"url\":\"https:\/\/staging.varesenews.it\/persona\/roberta-bertolini1\/\"}]}<\/script>\n<!-- \/ Yoast SEO plugin. -->","yoast_head_json":{"title":"\"La Pedemontana deve essere gratis\"","description":"Cos\u00ec Giuseppe Licata eletto rappresentate dei sindaci nel collegio di vigilanza di Autostrada Pedemontana Lombarda. \"Il pedaggio e gli stanziamenti promessi ai Comuni sono i primi temi che andr\u00f2 a discutere\"","robots":{"index":"noindex","follow":"follow","max-snippet":"max-snippet:-1","max-image-preview":"max-image-preview:large","max-video-preview":"max-video-preview:-1"},"og_locale":"it_IT","og_type":"article","og_title":"\"La Pedemontana deve essere gratis\"","og_description":"Cos\u00ec Giuseppe Licata eletto rappresentate dei sindaci nel collegio di vigilanza di Autostrada Pedemontana Lombarda. \"Il pedaggio e gli stanziamenti promessi ai Comuni sono i primi temi che andr\u00f2 a discutere\"","og_url":"https:\/\/staging.varesenews.it\/2019\/09\/la-pedemontana-deve-gratis\/854273\/","og_site_name":"VareseNews","article_publisher":"https:\/\/www.facebook.com\/varesenews","article_author":"https:\/\/www.facebook.com\/roberta.bertolini.9","article_published_time":"2019-09-18T10:58:14+00:00","article_modified_time":"2019-09-18T12:08:52+00:00","author":"Roberta Bertolini","twitter_card":"summary_large_image","twitter_creator":"@robybertolini","twitter_site":"@varesenews","twitter_misc":{"Scritto da":"Roberta Bertolini","Tempo di lettura stimato":"2 minuti"},"schema":{"@context":"https:\/\/schema.org","@graph":[{"@type":"WebPage","@id":"https:\/\/staging.varesenews.it\/2019\/09\/la-pedemontana-deve-gratis\/854273\/","url":"https:\/\/staging.varesenews.it\/2019\/09\/la-pedemontana-deve-gratis\/854273\/","name":"\"La Pedemontana deve essere gratis\"","isPartOf":{"@id":"https:\/\/staging.varesenews.it\/#website"},"datePublished":"2019-09-18T10:58:14+00:00","dateModified":"2019-09-18T12:08:52+00:00","author":{"@id":"https:\/\/staging.varesenews.it\/#\/schema\/person\/58fbd3e567d5c00f0a64d5137fef3e68"},"description":"Cos\u00ec Giuseppe Licata eletto rappresentate dei sindaci nel collegio di vigilanza di Autostrada Pedemontana Lombarda. \"Il pedaggio e gli stanziamenti promessi ai Comuni sono i primi temi che andr\u00f2 a discutere\"","breadcrumb":{"@id":"https:\/\/staging.varesenews.it\/2019\/09\/la-pedemontana-deve-gratis\/854273\/#breadcrumb"},"inLanguage":"it-IT","potentialAction":[{"@type":"ReadAction","target":["https:\/\/staging.varesenews.it\/2019\/09\/la-pedemontana-deve-gratis\/854273\/"]}]},{"@type":"BreadcrumbList","@id":"https:\/\/staging.varesenews.it\/2019\/09\/la-pedemontana-deve-gratis\/854273\/#breadcrumb","itemListElement":[{"@type":"ListItem","position":1,"name":"Home","item":"https:\/\/www.varesenews.it\/"},{"@type":"ListItem","position":2,"name":"&#8220;La Pedemontana deve essere gratis&#8221;"}]},{"@type":"WebSite","@id":"https:\/\/staging.varesenews.it\/#website","url":"https:\/\/staging.varesenews.it\/","name":"VareseNews","description":"","potentialAction":[{"@type":"SearchAction","target":{"@type":"EntryPoint","urlTemplate":"https:\/\/staging.varesenews.it\/?s={search_term_string}"},"query-input":"required name=search_term_string"}],"inLanguage":"it-IT"},{"@type":"Person","@id":"https:\/\/staging.varesenews.it\/#\/schema\/person\/58fbd3e567d5c00f0a64d5137fef3e68","name":"Roberta Bertolini","image":{"@type":"ImageObject","inLanguage":"it-IT","@id":"https:\/\/staging.varesenews.it\/#\/schema\/person\/image\/","url":"https:\/\/staging.varesenews.it\/wp-content\/uploads\/2020\/12\/roberta_bertolini_colori_500.jpg","contentUrl":"https:\/\/staging.varesenews.it\/wp-content\/uploads\/2020\/12\/roberta_bertolini_colori_500.jpg","caption":"Roberta Bertolini"},"description":"Giornalista professionista dal 1991, sono passata, ormai molti anni fa, dalla carta al web. Oggi mi occupo di cronaca locale e guardo con curiosit&agrave; ed attenzione il mondo dei social. Parlo poco, ascolto molto.","sameAs":["https:\/\/www.facebook.com\/roberta.bertolini.9","bettabertolini","https:\/\/www.linkedin.com\/hp\/?dnr=v9e-Gp7a6_oxqTuQyZA0Lf4aEi4t91g6wMH","https:\/\/twitter.com\/robybertolini"],"url":"https:\/\/staging.varesenews.it\/persona\/roberta-bertolini1\/"}]}},"post_meta":{"_edit_lock":"1568808795:34","_edit_last":"34","_category_permalink":"a:1:{s:8:\"category\";s:0:\"\";}","foto":"487841","_yoast_wpseo_content_score":"30","_jd_tweet_this":"yes","firma-personalizzata":"Ro.Ber.","argomento":"Lozza","ratings_users":"0","ratings_score":"0","ratings_average":"0","_wpt_short_url":"https:\/\/www.varesenews.it\/2019\/09\/la-pedemontana-deve-gratis\/854273\/","_wp_jd_target":"https:\/\/www.varesenews.it\/2019\/09\/la-pedemontana-deve-gratis\/854273\/","_jd_wp_twitter":"a:1:{i:0;s:133:\"\u201cLa Pedemontana deve essere gratis\u201d https:\/\/www.varesenews.it\/2019\/09\/la-pedemontana-deve-gratis\/854273\/ #a60 #lozza #pedemontana\";}","_wpt_status_message":"Tweet inviato con successo."},"photos":[{"original":"https:\/\/staging.varesenews.it\/photogallery_new\/images\/2015\/10\/pedemontana-varese-487841.jpg","full":"https:\/\/staging.varesenews.it\/photogallery_new\/images\/2015\/10\/pedemontana-varese-487841.1024x768.jpg","large":"https:\/\/staging.varesenews.it\/photogallery_new\/images\/2015\/10\/pedemontana-varese-487841.610x431.jpg"}],"_links":{"self":[{"href":"https:\/\/staging.varesenews.it\/swgapi\/v1\/wp\/v2\/posts\/854273"}],"collection":[{"href":"https:\/\/staging.varesenews.it\/swgapi\/v1\/wp\/v2\/posts"}],"about":[{"href":"https:\/\/staging.varesenews.it\/swgapi\/v1\/wp\/v2\/types\/post"}],"author":[{"embeddable":true,"href":"https:\/\/staging.varesenews.it\/swgapi\/v1\/wp\/v2\/users\/49"}],"replies":[{"embeddable":true,"href":"https:\/\/staging.varesenews.it\/swgapi\/v1\/wp\/v2\/comments?post=854273"}],"version-history":[{"count":0,"href":"https:\/\/staging.varesenews.it\/swgapi\/v1\/wp\/v2\/posts\/854273\/revisions"}],"wp:attachment":[{"href":"https:\/\/staging.varesenews.it\/swgapi\/v1\/wp\/v2\/media?parent=854273"}],"wp:term":[{"taxonomy":"category","embeddable":true,"href":"https:\/\/staging.varesenews.it\/swgapi\/v1\/wp\/v2\/categories?post=854273"},{"taxonomy":"post_tag","embeddable":true,"href":"https:\/\/staging.varesenews.it\/swgapi\/v1\/wp\/v2\/tags?post=854273"}],"curies":[{"name":"wp","href":"https:\/\/api.w.org\/{rel}","templated":true}]}}