{"id":854403,"date":"2019-09-18T17:29:26","date_gmt":"2019-09-18T15:29:26","guid":{"rendered":"https:\/\/www.varesenews.it\/?p=854403"},"modified":"2019-09-19T08:32:22","modified_gmt":"2019-09-19T06:32:22","slug":"due-compagnie-rassegna-torna-latitudini","status":"publish","type":"post","link":"https:\/\/staging.varesenews.it\/2019\/09\/due-compagnie-rassegna-torna-latitudini\/854403\/","title":{"rendered":"Due compagnie per una rassegna, torna &#8220;Latitudini&#8221;"},"content":{"rendered":"<p>Hanno deciso di unire le forze per raggiungere obiettivi comuni e, ad un anno di distanza, si pu\u00f2 constatare che la collaborazione tra <strong><a href=\"https:\/\/www.facebook.com\/TeatroPeriferico\/\" target=\"_blank\" rel=\"noopener\">Teatro Periferico<\/a> e <a href=\"https:\/\/www.facebook.com\/yak.karakorumteatro\/\" target=\"_blank\" rel=\"noopener\">Karakorum teatro<\/a><\/strong> ha portato a buoni risultati. Tanto che le due compagnie, questa mattina (mercoled\u00ec 18 settembre), hanno presentato <strong>la seconda stagione di &#8220;Latitudini&#8221;,<\/strong> la rassegna che vedr\u00e0 in scena alcune delle migliore compagnie teatrali della scena contemporanea nazionale, oltre ad una nuova produzione.<\/p>\n<p>Fin dalla loro nascita infatti, le due compagnie si sono distinte per la volont\u00e0 di utilizzare il teatro per raccontare il territorio e i suoi cittadini, affrontando tematiche contemporanee. La collaborazione dunque, \u00e8 stata un&#8217;evoluzione naturale, \u00absiamo consapevoli di voler fare un teatro di qualit\u00e0, capace di uscire dagli spazi usuali. Un teatro che lavori su tematiche che riguardino mondi specifici e che parli al pubblico\u00bb, <strong>ha spiegato Paola Manfredi di Teatro Periferico<\/strong>. \u00abAbbiamo avuto fin dall&#8217;inizio una visione comune, unire risorse ed energie per arrivare ad una progettualit\u00e0 comune. Lo scorso anno \u00e8 stato un tentativo e quest&#8217;anno confermiamo questa bella collaborazione che si chiuder\u00e0 con una nuova produzione\u00bb, <strong>continua Stefano Beghi, di Karakorum Teatro.\u00a0<\/strong><\/p>\n<p>I\u00a0<strong>venti spettacoli, in programma da ottobre ad aprile, <\/strong>si chiuderanno con uno spettacolo realizzato dalle due compagnie: \u00abUn lavoro intenso, che tratter\u00e0 il tema sull&#8217;Alzheimer e che si intitoler\u00e0 &#8220;I cassetti non parlano&#8221;, frutto di una intensa documentazione raccolta tramite interviste a parenti, operatori, educatori\u00bb.<\/p>\n<p><a class=\"ui-selectee\" title=\"Modifica Foto\" href=\"https:\/\/www.varesenews.it\/photogallery_new\/bridge\/photos-edit.php?ID=758358\"><div class=\"photo-inside-post\"><img decoding=\"async\" loading=\"lazy\" fetchpriority=\"low\" width=\"610\" height=\"431\" src=\"https:\/\/staging.varesenews.it\/photogallery_new\/images\/2019\/09\/generico-2018-758358.610x431.jpg\" alt=\"Generico 2018\"><\/div><\/a><\/p>\n<p>Al fianco dell&#8217;offerta per il pubblico inoltre, <strong>prender\u00e0 il via la prima scuola di teatro contemporaneo della provincia di Varese,<\/strong> \u00abuna scuola di alta formazione, con peculiarit\u00e0 uniche che vuole formare professionisti preparati all&#8217;uso del teatro anche nell&#8217;educazione\u00bb, continua Manfredi.<\/p>\n<p>Tornando alla rassegna invece, apre il 19 ottobre e andr\u00e0 avanti fino ad aprile, alternando le serate <strong>tra il teatro di Cassano Valcuvia e lo Spazio Yak Teatro delle Bustecche di Varese<\/strong>. In scena ci saranno compagnie premiate con riconoscimenti, giovani artisti ed emergenti che presenteranno tematiche come l&#8217;adolescenza, l&#8217;immigrazione, la morte, l&#8217;identit\u00e0. Scorrendo il cartellone si trovano realt\u00e0 come Teatro Persona, Compagnia Piccolo Campo, Teatro dei Gordi,\u00a0Nina&#8217;s Drag Queens, Alt-Pong, Oyes, MaMiM\u00f2, Teatro dei Gordi, per citarne alcuni.\u00a0Prima degli spettacoli inoltre, si potr\u00e0 partecipare ad un aperitivo mentre, novit\u00e0 di quest&#8217;anno, saranno <strong>previste delle mattin\u00e8e dedicate agli studenti.\u00a0<\/strong><\/p>\n<p>Alla presentazione della rassegna &#8220;Latitudini&#8221;, hanno partecipato anche il sindaco di Cassano Valcuvia, Serena Barea che ha sottolineato, \u00abl&#8217;importanza di una realt\u00e0 come il Periferico nel paese, dal punto di vista culturale\u00bb, oltre al consigliere provinciale Marco Magrini che ha spiegato: \u00abCredo sia bello ed importante che queste due realt\u00e0 si incontrino e collaborino. Esperienze di questo tipo vanno sostenute\u00bb. Presente anche l&#8217;assessore Strazzi del comune di Varese che ha sottolineato: \u00abL&#8217;importanza di una rassegna che non solo offre una programmazione teatrale ma offre anche momenti di formazione e coinvolgimento dei giovani\u00bb.<\/p>\n<p>Una rassegna da non perdere dunque e con tanti appuntamenti, per tutte le et\u00e0.<\/p>\n<p><a href=\"https:\/\/www.karakorumteatro.it\/stagione-2019-2020\/\" target=\"_blank\" rel=\"noopener\">IL PROGRAMMA DELLA RASSEGNA LATITUDINI 2019\/2020<\/a><\/p>\n<p><em>Foto di Domenico Semeraro\u00a0<\/em><\/p>\n<p>&nbsp;<\/p>\n","protected":false},"excerpt":{"rendered":"<p>Teatro Periferico e Karakorum Teatro presentano la seconda edizione della rassegna che porta in scena venti spettacoli di alta qualit\u00e0 e una fruttuosa collaborazione <\/p>\n","protected":false},"author":32,"featured_media":0,"comment_status":"open","ping_status":"open","sticky":false,"template":"","format":"standard","meta":{"footnotes":""},"categories":[21,2],"tags":[64387,912],"acf":[],"yoast_head":"<!-- This site is optimized with the Yoast SEO plugin v20.1 - https:\/\/yoast.com\/wordpress\/plugins\/seo\/ -->\n<title>Due compagnie per una rassegna, torna &quot;Latitudini&quot;<\/title>\n<meta name=\"description\" content=\"Teatro Periferico e Karakorum Teatro presentano la seconda edizione della rassegna che porta in scena venti spettacoli di alta qualit\u00e0 e una fruttuosa collaborazione\" \/>\n<meta name=\"robots\" content=\"noindex, follow, max-snippet:-1, max-image-preview:large, max-video-preview:-1\" \/>\n<meta property=\"og:locale\" content=\"it_IT\" \/>\n<meta property=\"og:type\" content=\"article\" \/>\n<meta property=\"og:title\" content=\"Due compagnie per una rassegna, torna &quot;Latitudini&quot;\" \/>\n<meta property=\"og:description\" content=\"Teatro Periferico e Karakorum Teatro presentano la seconda edizione della rassegna che porta in scena venti spettacoli di alta qualit\u00e0 e una fruttuosa collaborazione\" \/>\n<meta property=\"og:url\" content=\"https:\/\/staging.varesenews.it\/2019\/09\/due-compagnie-rassegna-torna-latitudini\/854403\/\" \/>\n<meta property=\"og:site_name\" content=\"VareseNews\" \/>\n<meta property=\"article:publisher\" content=\"https:\/\/www.facebook.com\/varesenews\" \/>\n<meta property=\"article:published_time\" content=\"2019-09-18T15:29:26+00:00\" \/>\n<meta property=\"article:modified_time\" content=\"2019-09-19T06:32:22+00:00\" \/>\n<meta name=\"author\" content=\"Adelia Brigo\" \/>\n<meta name=\"twitter:card\" content=\"summary_large_image\" \/>\n<meta name=\"twitter:creator\" content=\"@AdeliaBrigo\" \/>\n<meta name=\"twitter:site\" content=\"@varesenews\" \/>\n<meta name=\"twitter:label1\" content=\"Scritto da\" \/>\n\t<meta name=\"twitter:data1\" content=\"Adelia Brigo\" \/>\n\t<meta name=\"twitter:label2\" content=\"Tempo di lettura stimato\" \/>\n\t<meta name=\"twitter:data2\" content=\"2 minuti\" \/>\n<script type=\"application\/ld+json\" class=\"yoast-schema-graph\">{\"@context\":\"https:\/\/schema.org\",\"@graph\":[{\"@type\":\"WebPage\",\"@id\":\"https:\/\/staging.varesenews.it\/2019\/09\/due-compagnie-rassegna-torna-latitudini\/854403\/\",\"url\":\"https:\/\/staging.varesenews.it\/2019\/09\/due-compagnie-rassegna-torna-latitudini\/854403\/\",\"name\":\"Due compagnie per una rassegna, torna \\\"Latitudini\\\"\",\"isPartOf\":{\"@id\":\"https:\/\/staging.varesenews.it\/#website\"},\"datePublished\":\"2019-09-18T15:29:26+00:00\",\"dateModified\":\"2019-09-19T06:32:22+00:00\",\"author\":{\"@id\":\"https:\/\/staging.varesenews.it\/#\/schema\/person\/272ac0f5b2dbfd572218c2d86e013f1a\"},\"description\":\"Teatro Periferico e Karakorum Teatro presentano la seconda edizione della rassegna che porta in scena venti spettacoli di alta qualit\u00e0 e una fruttuosa collaborazione\",\"breadcrumb\":{\"@id\":\"https:\/\/staging.varesenews.it\/2019\/09\/due-compagnie-rassegna-torna-latitudini\/854403\/#breadcrumb\"},\"inLanguage\":\"it-IT\",\"potentialAction\":[{\"@type\":\"ReadAction\",\"target\":[\"https:\/\/staging.varesenews.it\/2019\/09\/due-compagnie-rassegna-torna-latitudini\/854403\/\"]}]},{\"@type\":\"BreadcrumbList\",\"@id\":\"https:\/\/staging.varesenews.it\/2019\/09\/due-compagnie-rassegna-torna-latitudini\/854403\/#breadcrumb\",\"itemListElement\":[{\"@type\":\"ListItem\",\"position\":1,\"name\":\"Home\",\"item\":\"https:\/\/www.varesenews.it\/\"},{\"@type\":\"ListItem\",\"position\":2,\"name\":\"Due compagnie per una rassegna, torna &#8220;Latitudini&#8221;\"}]},{\"@type\":\"WebSite\",\"@id\":\"https:\/\/staging.varesenews.it\/#website\",\"url\":\"https:\/\/staging.varesenews.it\/\",\"name\":\"VareseNews\",\"description\":\"\",\"potentialAction\":[{\"@type\":\"SearchAction\",\"target\":{\"@type\":\"EntryPoint\",\"urlTemplate\":\"https:\/\/staging.varesenews.it\/?s={search_term_string}\"},\"query-input\":\"required name=search_term_string\"}],\"inLanguage\":\"it-IT\"},{\"@type\":\"Person\",\"@id\":\"https:\/\/staging.varesenews.it\/#\/schema\/person\/272ac0f5b2dbfd572218c2d86e013f1a\",\"name\":\"Adelia Brigo\",\"image\":{\"@type\":\"ImageObject\",\"inLanguage\":\"it-IT\",\"@id\":\"https:\/\/staging.varesenews.it\/#\/schema\/person\/image\/\",\"url\":\"https:\/\/staging.varesenews.it\/wp-content\/uploads\/2020\/12\/adelia_brigo_colori_500.jpg\",\"contentUrl\":\"https:\/\/staging.varesenews.it\/wp-content\/uploads\/2020\/12\/adelia_brigo_colori_500.jpg\",\"caption\":\"Adelia Brigo\"},\"description\":\"Giornalista pubblicista, lavoro a VareseNews dal 2007 e mi occupo di cronaca locale e del settore dedicato alla cultura. In questi anni ho seguito diversi progetti di comunicazione, amo sperimentare strategie per i Social Network e raccontare storie. Varesina, classe 1984, sono laureata in Scienze della Comunicazione.&nbsp;\",\"sameAs\":[\"AdeliaBrigo\",\"https:\/\/twitter.com\/AdeliaBrigo\"],\"url\":\"https:\/\/staging.varesenews.it\/persona\/adelia_brigo\/\"}]}<\/script>\n<!-- \/ Yoast SEO plugin. -->","yoast_head_json":{"title":"Due compagnie per una rassegna, torna \"Latitudini\"","description":"Teatro Periferico e Karakorum Teatro presentano la seconda edizione della rassegna che porta in scena venti spettacoli di alta qualit\u00e0 e una fruttuosa collaborazione","robots":{"index":"noindex","follow":"follow","max-snippet":"max-snippet:-1","max-image-preview":"max-image-preview:large","max-video-preview":"max-video-preview:-1"},"og_locale":"it_IT","og_type":"article","og_title":"Due compagnie per una rassegna, torna \"Latitudini\"","og_description":"Teatro Periferico e Karakorum Teatro presentano la seconda edizione della rassegna che porta in scena venti spettacoli di alta qualit\u00e0 e una fruttuosa collaborazione","og_url":"https:\/\/staging.varesenews.it\/2019\/09\/due-compagnie-rassegna-torna-latitudini\/854403\/","og_site_name":"VareseNews","article_publisher":"https:\/\/www.facebook.com\/varesenews","article_published_time":"2019-09-18T15:29:26+00:00","article_modified_time":"2019-09-19T06:32:22+00:00","author":"Adelia Brigo","twitter_card":"summary_large_image","twitter_creator":"@AdeliaBrigo","twitter_site":"@varesenews","twitter_misc":{"Scritto da":"Adelia Brigo","Tempo di lettura stimato":"2 minuti"},"schema":{"@context":"https:\/\/schema.org","@graph":[{"@type":"WebPage","@id":"https:\/\/staging.varesenews.it\/2019\/09\/due-compagnie-rassegna-torna-latitudini\/854403\/","url":"https:\/\/staging.varesenews.it\/2019\/09\/due-compagnie-rassegna-torna-latitudini\/854403\/","name":"Due compagnie per una rassegna, torna \"Latitudini\"","isPartOf":{"@id":"https:\/\/staging.varesenews.it\/#website"},"datePublished":"2019-09-18T15:29:26+00:00","dateModified":"2019-09-19T06:32:22+00:00","author":{"@id":"https:\/\/staging.varesenews.it\/#\/schema\/person\/272ac0f5b2dbfd572218c2d86e013f1a"},"description":"Teatro Periferico e Karakorum Teatro presentano la seconda edizione della rassegna che porta in scena venti spettacoli di alta qualit\u00e0 e una fruttuosa collaborazione","breadcrumb":{"@id":"https:\/\/staging.varesenews.it\/2019\/09\/due-compagnie-rassegna-torna-latitudini\/854403\/#breadcrumb"},"inLanguage":"it-IT","potentialAction":[{"@type":"ReadAction","target":["https:\/\/staging.varesenews.it\/2019\/09\/due-compagnie-rassegna-torna-latitudini\/854403\/"]}]},{"@type":"BreadcrumbList","@id":"https:\/\/staging.varesenews.it\/2019\/09\/due-compagnie-rassegna-torna-latitudini\/854403\/#breadcrumb","itemListElement":[{"@type":"ListItem","position":1,"name":"Home","item":"https:\/\/www.varesenews.it\/"},{"@type":"ListItem","position":2,"name":"Due compagnie per una rassegna, torna &#8220;Latitudini&#8221;"}]},{"@type":"WebSite","@id":"https:\/\/staging.varesenews.it\/#website","url":"https:\/\/staging.varesenews.it\/","name":"VareseNews","description":"","potentialAction":[{"@type":"SearchAction","target":{"@type":"EntryPoint","urlTemplate":"https:\/\/staging.varesenews.it\/?s={search_term_string}"},"query-input":"required name=search_term_string"}],"inLanguage":"it-IT"},{"@type":"Person","@id":"https:\/\/staging.varesenews.it\/#\/schema\/person\/272ac0f5b2dbfd572218c2d86e013f1a","name":"Adelia Brigo","image":{"@type":"ImageObject","inLanguage":"it-IT","@id":"https:\/\/staging.varesenews.it\/#\/schema\/person\/image\/","url":"https:\/\/staging.varesenews.it\/wp-content\/uploads\/2020\/12\/adelia_brigo_colori_500.jpg","contentUrl":"https:\/\/staging.varesenews.it\/wp-content\/uploads\/2020\/12\/adelia_brigo_colori_500.jpg","caption":"Adelia Brigo"},"description":"Giornalista pubblicista, lavoro a VareseNews dal 2007 e mi occupo di cronaca locale e del settore dedicato alla cultura. In questi anni ho seguito diversi progetti di comunicazione, amo sperimentare strategie per i Social Network e raccontare storie. Varesina, classe 1984, sono laureata in Scienze della Comunicazione.&nbsp;","sameAs":["AdeliaBrigo","https:\/\/twitter.com\/AdeliaBrigo"],"url":"https:\/\/staging.varesenews.it\/persona\/adelia_brigo\/"}]}},"post_meta":{"_edit_lock":"1568875036:32","_edit_last":"32","_category_permalink":"a:1:{s:8:\"category\";s:2:\"21\";}","ratings_users":"0","ratings_score":"0","ratings_average":"0","foto":"758354,758357","argomento":"Varese - Cassano Valcuvia","_yoast_wpseo_content_score":"30","_jd_tweet_this":"yes","_wpt_short_url":"https:\/\/www.varesenews.it\/2019\/09\/due-compagnie-rassegna-torna-latitudini\/854403\/","_wp_jd_target":"https:\/\/www.varesenews.it\/2019\/09\/due-compagnie-rassegna-torna-latitudini\/854403\/","_jd_wp_twitter":"a:1:{i:0;s:153:\"Due compagnie per una rassegna, torna \u201cLatitudini\u201d https:\/\/www.varesenews.it\/2019\/09\/due-compagnie-rassegna-torna-latitudini\/854403\/ #karakorumteatro\";}","_wpt_status_message":"Tweet inviato con successo."},"photos":[{"original":"https:\/\/staging.varesenews.it\/photogallery_new\/images\/2019\/09\/tempo-libero-generica-758354.jpg","full":"https:\/\/staging.varesenews.it\/photogallery_new\/images\/2019\/09\/tempo-libero-generica-758354.1024x768.jpg","large":"https:\/\/staging.varesenews.it\/photogallery_new\/images\/2019\/09\/tempo-libero-generica-758354.610x431.jpg"},{"original":"https:\/\/staging.varesenews.it\/photogallery_new\/images\/2019\/09\/generico-2018-758357.jpg","full":"https:\/\/staging.varesenews.it\/photogallery_new\/images\/2019\/09\/generico-2018-758357.1024x768.jpg","large":"https:\/\/staging.varesenews.it\/photogallery_new\/images\/2019\/09\/generico-2018-758357.610x431.jpg"}],"_links":{"self":[{"href":"https:\/\/staging.varesenews.it\/swgapi\/v1\/wp\/v2\/posts\/854403"}],"collection":[{"href":"https:\/\/staging.varesenews.it\/swgapi\/v1\/wp\/v2\/posts"}],"about":[{"href":"https:\/\/staging.varesenews.it\/swgapi\/v1\/wp\/v2\/types\/post"}],"author":[{"embeddable":true,"href":"https:\/\/staging.varesenews.it\/swgapi\/v1\/wp\/v2\/users\/32"}],"replies":[{"embeddable":true,"href":"https:\/\/staging.varesenews.it\/swgapi\/v1\/wp\/v2\/comments?post=854403"}],"version-history":[{"count":0,"href":"https:\/\/staging.varesenews.it\/swgapi\/v1\/wp\/v2\/posts\/854403\/revisions"}],"wp:attachment":[{"href":"https:\/\/staging.varesenews.it\/swgapi\/v1\/wp\/v2\/media?parent=854403"}],"wp:term":[{"taxonomy":"category","embeddable":true,"href":"https:\/\/staging.varesenews.it\/swgapi\/v1\/wp\/v2\/categories?post=854403"},{"taxonomy":"post_tag","embeddable":true,"href":"https:\/\/staging.varesenews.it\/swgapi\/v1\/wp\/v2\/tags?post=854403"}],"curies":[{"name":"wp","href":"https:\/\/api.w.org\/{rel}","templated":true}]}}