{"id":854608,"date":"2019-09-19T10:52:38","date_gmt":"2019-09-19T08:52:38","guid":{"rendered":"https:\/\/www.varesenews.it\/?p=854608"},"modified":"2019-09-22T18:11:39","modified_gmt":"2019-09-22T16:11:39","slug":"domenica-festa-centro-storico","status":"publish","type":"post","link":"https:\/\/staging.varesenews.it\/2019\/09\/domenica-festa-centro-storico\/854608\/","title":{"rendered":"Domenica di festa per il Centro Storico (rimandata di una settimana)"},"content":{"rendered":"<p><strong>LA MANIFESTAZIONE E&#8217; STATA RIMANDATA A DOMENICA 29 SETTEMBRE<\/strong><\/p>\n<p class=\"p1\"><strong><span style=\"color: #ff0000;\"><del>Domenica 22 settembre<\/del><\/span> torna la Festa del Centro Storico di Malnat<\/strong>e grazie alla grande e salda collaborazione tra <strong>Comitato del centro storico<\/strong>, associazioni e <strong>Amministrazione comunale.<\/strong> Si parte alle 11.30 con l&#8217;inaugurazione a suon di musica del <strong>Corpo Filarmonico Cittadino<\/strong>, la festa proseguir\u00e0 poi fino alle ore 23:00.<\/p>\n<p class=\"p1\">Tante le attivit\u00e0 in programma che animeranno le vie e le corti antiche di Malnate tra via Gramsci, piazza Cavour e la chiesetta di San Matteo. Si potr\u00e0 passeggiare ed entrare nelle corti vestite a festa e aperte al pubblico per questa giornata speciale, occasione unica per gustarsi l&#8217;atmosfera e le tradizioni di un tempo. Non mancheranno attivit\u00e0 divertenti per <strong>intrattenere bambini e adulti: mini gonfiabili, zucchero filato e pop corn a cura di Bottega delle Meraviglie,<\/strong> esibizione di arti marziali degli atleti di &#8220;L&#8217;essenza Taekwondo School&#8221;, sfilata di abiti d&#8217;epoca, letture ad alta voce per bambini con Gli Amici della Biblioteca, set fotografico con make up artist a cura di Stefano Disperati e Asia. Anima della giornata sar\u00e0 il concorso Corti in Festa con il tema &#8220;L&#8217;uomo e il tempo&#8221;, che premier\u00e0 la corte con la decorazione pi\u00f9 bella consegnando una targa di riconoscimento.<\/p>\n<p class=\"p1\">Novit\u00e0 di quest&#8217;anno saranno i <strong>&#8220;Giochi della gentilezza&#8221;<\/strong>. Il Comune di Malnate ha infatti <a href=\"https:\/\/www.varesenews.it\/2019\/09\/malnate-nominato-lassessore-alla-gentilezza\/854213\/\">aderito all&#8217; iniziativa promossa dall&#8217;associazione Cor et Amor<\/a>, riconoscendo a Maria Croci e Cecilia Carangi, rispettivamente il ruolo di Assessore e Consigliere delegato alla gentilezza. Una nomina simbolica ma di grande valore per tutta la cittadinanza, che si tradurr\u00e0 in <strong>progetti e azioni mirate ad educare alla gentilezza in ogni ambito della vita cittadina<\/strong> (gentilezza nel comportamento, nel rispetto dell&#8217;ambiente, nella sicurezza stradale, nell&#8217;empatia con gli altri), per non perdere il senso di umanit\u00e0 alla base di ogni rapporto armonioso. In occasione della Festa del Centro storico verranno presentate ufficialmente le due persone di riferimento e si faranno dei giochi divertenti per &#8220;allenare&#8221; la gentilezza.<\/p>\n<p class=\"p1\">Alle ore 21:00 il finale adatto per una festa romantica e artistica come questa: <strong>il concerto gospel a cura de La Compagnia della Gru presso la Chiesa di San Matteo,<\/strong> evento che ha emozionato molto nella scorsa edizione e che viene regalato con grande orgoglio a tutta la cittadinanza.<\/p>\n","protected":false},"excerpt":{"rendered":"<p>La festa \u00e8 stata rimandata al 29 settembre quando torner\u00e0 la giornata di festa organizzata dalla collaborazione tra il Comitato e l\u2019Amministrazione Comunale<\/p>\n","protected":false},"author":37,"featured_media":0,"comment_status":"open","ping_status":"open","sticky":false,"template":"","format":"standard","meta":{"footnotes":""},"categories":[23,21,2],"tags":[60141,99589,1229,158],"acf":[],"yoast_head":"<!-- This site is optimized with the Yoast SEO plugin v20.1 - https:\/\/yoast.com\/wordpress\/plugins\/seo\/ -->\n<title>Domenica di festa per il Centro Storico (rimandata di una settimana)<\/title>\n<meta name=\"description\" content=\"La festa \u00e8 stata rimandata al 29 settembre quando torner\u00e0 la giornata di festa organizzata dalla collaborazione tra il Comitato e l\u2019Amministrazione Comunale\" \/>\n<meta name=\"robots\" content=\"noindex, follow, max-snippet:-1, max-image-preview:large, max-video-preview:-1\" \/>\n<meta property=\"og:locale\" content=\"it_IT\" \/>\n<meta property=\"og:type\" content=\"article\" \/>\n<meta property=\"og:title\" content=\"Domenica di festa per il Centro Storico (rimandata di una settimana)\" \/>\n<meta property=\"og:description\" content=\"La festa \u00e8 stata rimandata al 29 settembre quando torner\u00e0 la giornata di festa organizzata dalla collaborazione tra il Comitato e l\u2019Amministrazione Comunale\" \/>\n<meta property=\"og:url\" content=\"https:\/\/staging.varesenews.it\/2019\/09\/domenica-festa-centro-storico\/854608\/\" \/>\n<meta property=\"og:site_name\" content=\"VareseNews\" \/>\n<meta property=\"article:publisher\" content=\"https:\/\/www.facebook.com\/varesenews\" \/>\n<meta property=\"article:published_time\" content=\"2019-09-19T08:52:38+00:00\" \/>\n<meta property=\"article:modified_time\" content=\"2019-09-22T16:11:39+00:00\" \/>\n<meta name=\"author\" content=\"Francesco Mazzoleni\" \/>\n<meta name=\"twitter:card\" content=\"summary_large_image\" \/>\n<meta name=\"twitter:creator\" content=\"@fmazzof\" \/>\n<meta name=\"twitter:site\" content=\"@varesenews\" \/>\n<meta name=\"twitter:label1\" content=\"Scritto da\" \/>\n\t<meta name=\"twitter:data1\" content=\"Francesco Mazzoleni\" \/>\n\t<meta name=\"twitter:label2\" content=\"Tempo di lettura stimato\" \/>\n\t<meta name=\"twitter:data2\" content=\"2 minuti\" \/>\n<script type=\"application\/ld+json\" class=\"yoast-schema-graph\">{\"@context\":\"https:\/\/schema.org\",\"@graph\":[{\"@type\":\"WebPage\",\"@id\":\"https:\/\/staging.varesenews.it\/2019\/09\/domenica-festa-centro-storico\/854608\/\",\"url\":\"https:\/\/staging.varesenews.it\/2019\/09\/domenica-festa-centro-storico\/854608\/\",\"name\":\"Domenica di festa per il Centro Storico (rimandata di una settimana)\",\"isPartOf\":{\"@id\":\"https:\/\/staging.varesenews.it\/#website\"},\"datePublished\":\"2019-09-19T08:52:38+00:00\",\"dateModified\":\"2019-09-22T16:11:39+00:00\",\"author\":{\"@id\":\"https:\/\/staging.varesenews.it\/#\/schema\/person\/e82236e79160d30d4e1f942004ac3038\"},\"description\":\"La festa \u00e8 stata rimandata al 29 settembre quando torner\u00e0 la giornata di festa organizzata dalla collaborazione tra il Comitato e l\u2019Amministrazione Comunale\",\"breadcrumb\":{\"@id\":\"https:\/\/staging.varesenews.it\/2019\/09\/domenica-festa-centro-storico\/854608\/#breadcrumb\"},\"inLanguage\":\"it-IT\",\"potentialAction\":[{\"@type\":\"ReadAction\",\"target\":[\"https:\/\/staging.varesenews.it\/2019\/09\/domenica-festa-centro-storico\/854608\/\"]}]},{\"@type\":\"BreadcrumbList\",\"@id\":\"https:\/\/staging.varesenews.it\/2019\/09\/domenica-festa-centro-storico\/854608\/#breadcrumb\",\"itemListElement\":[{\"@type\":\"ListItem\",\"position\":1,\"name\":\"Home\",\"item\":\"https:\/\/www.varesenews.it\/\"},{\"@type\":\"ListItem\",\"position\":2,\"name\":\"Domenica di festa per il Centro Storico (rimandata di una settimana)\"}]},{\"@type\":\"WebSite\",\"@id\":\"https:\/\/staging.varesenews.it\/#website\",\"url\":\"https:\/\/staging.varesenews.it\/\",\"name\":\"VareseNews\",\"description\":\"\",\"potentialAction\":[{\"@type\":\"SearchAction\",\"target\":{\"@type\":\"EntryPoint\",\"urlTemplate\":\"https:\/\/staging.varesenews.it\/?s={search_term_string}\"},\"query-input\":\"required name=search_term_string\"}],\"inLanguage\":\"it-IT\"},{\"@type\":\"Person\",\"@id\":\"https:\/\/staging.varesenews.it\/#\/schema\/person\/e82236e79160d30d4e1f942004ac3038\",\"name\":\"Francesco Mazzoleni\",\"image\":{\"@type\":\"ImageObject\",\"inLanguage\":\"it-IT\",\"@id\":\"https:\/\/staging.varesenews.it\/#\/schema\/person\/image\/\",\"url\":\"https:\/\/staging.varesenews.it\/wp-content\/uploads\/2020\/12\/francesco_mazzoleni_colori_500-1.jpg\",\"contentUrl\":\"https:\/\/staging.varesenews.it\/wp-content\/uploads\/2020\/12\/francesco_mazzoleni_colori_500-1.jpg\",\"caption\":\"Francesco Mazzoleni\"},\"description\":\"\\\"Uomo di campo\\\" della redazione sportiva. Nutro una vera passione per il calcio, che sia ad alti livelli, sui campi di provincia o in altri continenti. Sono nato a Varese nel 1984, vivo da sempre a Malnate e ho una laurea in Scienze Motorie. Ho mosso i primi passi a VareseNews da stagista nel 2002; nel 2008 ho iniziato a collaborare con maggiore continuit\u00e0 e dal 2018 sono giornalista professionista. Orgoglioso pap\u00e0 di Federico e Adelaide.\",\"sameAs\":[\"fmazzof\",\"it.linkedin.com\/in\/francescomazzolenif\",\"https:\/\/twitter.com\/fmazzof\"],\"url\":\"https:\/\/staging.varesenews.it\/persona\/francesco_mazzoleniferracini\/\"}]}<\/script>\n<!-- \/ Yoast SEO plugin. -->","yoast_head_json":{"title":"Domenica di festa per il Centro Storico (rimandata di una settimana)","description":"La festa \u00e8 stata rimandata al 29 settembre quando torner\u00e0 la giornata di festa organizzata dalla collaborazione tra il Comitato e l\u2019Amministrazione Comunale","robots":{"index":"noindex","follow":"follow","max-snippet":"max-snippet:-1","max-image-preview":"max-image-preview:large","max-video-preview":"max-video-preview:-1"},"og_locale":"it_IT","og_type":"article","og_title":"Domenica di festa per il Centro Storico (rimandata di una settimana)","og_description":"La festa \u00e8 stata rimandata al 29 settembre quando torner\u00e0 la giornata di festa organizzata dalla collaborazione tra il Comitato e l\u2019Amministrazione Comunale","og_url":"https:\/\/staging.varesenews.it\/2019\/09\/domenica-festa-centro-storico\/854608\/","og_site_name":"VareseNews","article_publisher":"https:\/\/www.facebook.com\/varesenews","article_published_time":"2019-09-19T08:52:38+00:00","article_modified_time":"2019-09-22T16:11:39+00:00","author":"Francesco Mazzoleni","twitter_card":"summary_large_image","twitter_creator":"@fmazzof","twitter_site":"@varesenews","twitter_misc":{"Scritto da":"Francesco Mazzoleni","Tempo di lettura stimato":"2 minuti"},"schema":{"@context":"https:\/\/schema.org","@graph":[{"@type":"WebPage","@id":"https:\/\/staging.varesenews.it\/2019\/09\/domenica-festa-centro-storico\/854608\/","url":"https:\/\/staging.varesenews.it\/2019\/09\/domenica-festa-centro-storico\/854608\/","name":"Domenica di festa per il Centro Storico (rimandata di una settimana)","isPartOf":{"@id":"https:\/\/staging.varesenews.it\/#website"},"datePublished":"2019-09-19T08:52:38+00:00","dateModified":"2019-09-22T16:11:39+00:00","author":{"@id":"https:\/\/staging.varesenews.it\/#\/schema\/person\/e82236e79160d30d4e1f942004ac3038"},"description":"La festa \u00e8 stata rimandata al 29 settembre quando torner\u00e0 la giornata di festa organizzata dalla collaborazione tra il Comitato e l\u2019Amministrazione Comunale","breadcrumb":{"@id":"https:\/\/staging.varesenews.it\/2019\/09\/domenica-festa-centro-storico\/854608\/#breadcrumb"},"inLanguage":"it-IT","potentialAction":[{"@type":"ReadAction","target":["https:\/\/staging.varesenews.it\/2019\/09\/domenica-festa-centro-storico\/854608\/"]}]},{"@type":"BreadcrumbList","@id":"https:\/\/staging.varesenews.it\/2019\/09\/domenica-festa-centro-storico\/854608\/#breadcrumb","itemListElement":[{"@type":"ListItem","position":1,"name":"Home","item":"https:\/\/www.varesenews.it\/"},{"@type":"ListItem","position":2,"name":"Domenica di festa per il Centro Storico (rimandata di una settimana)"}]},{"@type":"WebSite","@id":"https:\/\/staging.varesenews.it\/#website","url":"https:\/\/staging.varesenews.it\/","name":"VareseNews","description":"","potentialAction":[{"@type":"SearchAction","target":{"@type":"EntryPoint","urlTemplate":"https:\/\/staging.varesenews.it\/?s={search_term_string}"},"query-input":"required name=search_term_string"}],"inLanguage":"it-IT"},{"@type":"Person","@id":"https:\/\/staging.varesenews.it\/#\/schema\/person\/e82236e79160d30d4e1f942004ac3038","name":"Francesco Mazzoleni","image":{"@type":"ImageObject","inLanguage":"it-IT","@id":"https:\/\/staging.varesenews.it\/#\/schema\/person\/image\/","url":"https:\/\/staging.varesenews.it\/wp-content\/uploads\/2020\/12\/francesco_mazzoleni_colori_500-1.jpg","contentUrl":"https:\/\/staging.varesenews.it\/wp-content\/uploads\/2020\/12\/francesco_mazzoleni_colori_500-1.jpg","caption":"Francesco Mazzoleni"},"description":"\"Uomo di campo\" della redazione sportiva. Nutro una vera passione per il calcio, che sia ad alti livelli, sui campi di provincia o in altri continenti. Sono nato a Varese nel 1984, vivo da sempre a Malnate e ho una laurea in Scienze Motorie. Ho mosso i primi passi a VareseNews da stagista nel 2002; nel 2008 ho iniziato a collaborare con maggiore continuit\u00e0 e dal 2018 sono giornalista professionista. Orgoglioso pap\u00e0 di Federico e Adelaide.","sameAs":["fmazzof","it.linkedin.com\/in\/francescomazzolenif","https:\/\/twitter.com\/fmazzof"],"url":"https:\/\/staging.varesenews.it\/persona\/francesco_mazzoleniferracini\/"}]}},"post_meta":{"_edit_lock":"1569172257:52","_edit_last":"52","_category_permalink":"a:1:{s:8:\"category\";s:2:\"21\";}","ratings_users":"0","ratings_score":"0","ratings_average":"0","foto":"758423","firma_come_redazione":"1","argomento":"Malnate","_yoast_wpseo_focuskw_text_input":"festa centro storico malnate","_yoast_wpseo_focuskw":"festa centro storico malnate","_yoast_wpseo_linkdex":"66","_yoast_wpseo_content_score":"30","_jd_tweet_this":"yes","_wpt_short_url":"https:\/\/www.varesenews.it\/2019\/09\/domenica-festa-centro-storico\/854608\/","_wp_jd_target":"https:\/\/www.varesenews.it\/2019\/09\/domenica-festa-centro-storico\/854608\/","_jd_wp_twitter":"a:1:{i:0;s:150:\"Domenica di festa per il Centro Storico https:\/\/www.varesenews.it\/2019\/09\/domenica-festa-centro-storico\/854608\/ #comunedimalnate #tempolibero #weekend\";}","_wpt_status_message":"Tweet inviato con successo.","_yoast_wpseo_opengraph-title":"Domenica di festa per il Centro Storico (rimandata di una settimana)"},"photos":[{"original":"https:\/\/staging.varesenews.it\/photogallery_new\/images\/2019\/09\/festa-centro-storico-malnate-758423.jpg","full":"https:\/\/staging.varesenews.it\/photogallery_new\/images\/2019\/09\/festa-centro-storico-malnate-758423.1024x768.jpg","large":"https:\/\/staging.varesenews.it\/photogallery_new\/images\/2019\/09\/festa-centro-storico-malnate-758423.610x431.jpg"}],"_links":{"self":[{"href":"https:\/\/staging.varesenews.it\/swgapi\/v1\/wp\/v2\/posts\/854608"}],"collection":[{"href":"https:\/\/staging.varesenews.it\/swgapi\/v1\/wp\/v2\/posts"}],"about":[{"href":"https:\/\/staging.varesenews.it\/swgapi\/v1\/wp\/v2\/types\/post"}],"author":[{"embeddable":true,"href":"https:\/\/staging.varesenews.it\/swgapi\/v1\/wp\/v2\/users\/37"}],"replies":[{"embeddable":true,"href":"https:\/\/staging.varesenews.it\/swgapi\/v1\/wp\/v2\/comments?post=854608"}],"version-history":[{"count":0,"href":"https:\/\/staging.varesenews.it\/swgapi\/v1\/wp\/v2\/posts\/854608\/revisions"}],"wp:attachment":[{"href":"https:\/\/staging.varesenews.it\/swgapi\/v1\/wp\/v2\/media?parent=854608"}],"wp:term":[{"taxonomy":"category","embeddable":true,"href":"https:\/\/staging.varesenews.it\/swgapi\/v1\/wp\/v2\/categories?post=854608"},{"taxonomy":"post_tag","embeddable":true,"href":"https:\/\/staging.varesenews.it\/swgapi\/v1\/wp\/v2\/tags?post=854608"}],"curies":[{"name":"wp","href":"https:\/\/api.w.org\/{rel}","templated":true}]}}