{"id":854986,"date":"2019-09-19T22:25:41","date_gmt":"2019-09-19T20:25:41","guid":{"rendered":"https:\/\/www.varesenews.it\/?p=854986"},"modified":"2019-09-19T22:25:41","modified_gmt":"2019-09-19T20:25:41","slug":"lonate-pozzolo-nasce-lassessorato-alla-gentilezza","status":"publish","type":"post","link":"https:\/\/staging.varesenews.it\/2019\/09\/lonate-pozzolo-nasce-lassessorato-alla-gentilezza\/854986\/","title":{"rendered":"A Lonate Pozzolo nasce l&#8217;assessorato alla gentilezza"},"content":{"rendered":"<p dir=\"ltr\"><strong>Il 22 settembre 2019 \u00e8 la Giornata nazionale dei giochi della gentilezza.<\/strong> Si tratta della quarta edizione della giornata che intende promuovere la pratica della gentilezza nella quotidianit\u00e0 tramite il gioco ed \u00e8 proprio avvicinandosi a quella data che il sindaco di Linate Pozzolo Nadia Rosa ha annunciato la nascita dell&#8217;assessorato alla gentilezza.<\/p>\n<p dir=\"ltr\">\u00abEducare alla gentilezza \u00e8 un investimento etico, a breve e lungo termine -dice Rosa-. I comportamenti positivi, quali avere buone maniere nella quotidianit\u00e0, tenere puliti gli spazi in cui si vive, prendersi cura degli altri e specialmente dei pi\u00f9 fragili, sono fondamentali per sviluppare e promuovere un ambiente di vita sereno e orientato alla positivit\u00e0. <strong>\u00c8\u00a0per questo motivo che si \u00e8 aderito anche all\u2019invito di istituire l\u2019Assessorato alla gentilezza<\/strong>, ritenendolo coerente e in sintonia con il proprio programma politico, attribuendo in questo modo la delega di occuparsi della buona educazione, del rispetto verso il prossimo e la cosa pubblica e di sensibilizzare i cittadini ai comportamenti positivi. Con decreto n. 56 del 18\/09\/2019 <strong>pertanto ho conferito tale delega alla signora Melissa Derisi, integrando la sua delega<\/strong> a \u201cServizi Sociali, Politiche della Solidariet\u00e0, dell\u2019Immigrazione, Politiche Sociali e della Salute, Politiche per la Casa, Politiche per la Famiglia, Politiche per gli Anziani, Politiche per le Pari Opportunit\u00e0\u201d\u00bb.<\/p>\n<p dir=\"ltr\">La ricorrenza \u00e8 promossa dall\u2019associazione Cor et Amor, in collaborazione con il Movimento Mezzopieno, la rete italiana per la diffusione della positivit\u00e0.\u00a0Ogni anno si sottolinea un aspetto particolare della gentilezza e per il 2019 il tema affrontato \u00e8 la buona educazione.\u00a0Quest\u2019anno la giornata ha anche il Patrocinio di Legambiente, con cui c\u2019\u00e8 collaborazione anche in occasione di Puliamo il mondo che si svolge nella stessa giornata (a cui Lonate Pozzolo aderisce anche quest\u2019anno).<\/p>\n","protected":false},"excerpt":{"rendered":"<p>La decisione del Sindaco Nadia Rosa: &#8220;Educare alla gentilezza \u00e8 un investimento etico, a breve e lungo termine&#8221;<\/p>\n","protected":false},"author":42,"featured_media":0,"comment_status":"open","ping_status":"open","sticky":false,"template":"","format":"standard","meta":{"footnotes":""},"categories":[18,3,26,16],"tags":[99297,98971],"acf":[],"yoast_head":"<!-- This site is optimized with the Yoast SEO plugin v20.1 - https:\/\/yoast.com\/wordpress\/plugins\/seo\/ -->\n<title>A Lonate Pozzolo nasce l&#039;assessorato alla gentilezza<\/title>\n<meta name=\"description\" content=\"La decisione del Sindaco Nadia Rosa: &quot;Educare alla gentilezza \u00e8 un investimento etico, a breve e lungo termine&quot;\" \/>\n<meta name=\"robots\" content=\"noindex, follow, max-snippet:-1, max-image-preview:large, max-video-preview:-1\" \/>\n<meta property=\"og:locale\" content=\"it_IT\" \/>\n<meta property=\"og:type\" content=\"article\" \/>\n<meta property=\"og:title\" content=\"A Lonate Pozzolo nasce l&#039;assessorato alla gentilezza\" \/>\n<meta property=\"og:description\" content=\"La decisione del Sindaco Nadia Rosa: &quot;Educare alla gentilezza \u00e8 un investimento etico, a breve e lungo termine&quot;\" \/>\n<meta property=\"og:url\" content=\"https:\/\/staging.varesenews.it\/2019\/09\/lonate-pozzolo-nasce-lassessorato-alla-gentilezza\/854986\/\" \/>\n<meta property=\"og:site_name\" content=\"VareseNews\" \/>\n<meta property=\"article:publisher\" content=\"https:\/\/www.facebook.com\/varesenews\" \/>\n<meta property=\"article:published_time\" content=\"2019-09-19T20:25:41+00:00\" \/>\n<meta name=\"author\" content=\"Marco Corso\" \/>\n<meta name=\"twitter:card\" content=\"summary_large_image\" \/>\n<meta name=\"twitter:creator\" content=\"@varesenews\" \/>\n<meta name=\"twitter:site\" content=\"@varesenews\" \/>\n<meta name=\"twitter:label1\" content=\"Scritto da\" \/>\n\t<meta name=\"twitter:data1\" content=\"Marco Corso\" \/>\n\t<meta name=\"twitter:label2\" content=\"Tempo di lettura stimato\" \/>\n\t<meta name=\"twitter:data2\" content=\"1 minuto\" \/>\n<script type=\"application\/ld+json\" class=\"yoast-schema-graph\">{\"@context\":\"https:\/\/schema.org\",\"@graph\":[{\"@type\":\"WebPage\",\"@id\":\"https:\/\/staging.varesenews.it\/2019\/09\/lonate-pozzolo-nasce-lassessorato-alla-gentilezza\/854986\/\",\"url\":\"https:\/\/staging.varesenews.it\/2019\/09\/lonate-pozzolo-nasce-lassessorato-alla-gentilezza\/854986\/\",\"name\":\"A Lonate Pozzolo nasce l'assessorato alla gentilezza\",\"isPartOf\":{\"@id\":\"https:\/\/staging.varesenews.it\/#website\"},\"datePublished\":\"2019-09-19T20:25:41+00:00\",\"dateModified\":\"2019-09-19T20:25:41+00:00\",\"author\":{\"@id\":\"https:\/\/staging.varesenews.it\/#\/schema\/person\/f0b866bf1a4a7b2b1558574309a927fa\"},\"description\":\"La decisione del Sindaco Nadia Rosa: \\\"Educare alla gentilezza \u00e8 un investimento etico, a breve e lungo termine\\\"\",\"breadcrumb\":{\"@id\":\"https:\/\/staging.varesenews.it\/2019\/09\/lonate-pozzolo-nasce-lassessorato-alla-gentilezza\/854986\/#breadcrumb\"},\"inLanguage\":\"it-IT\",\"potentialAction\":[{\"@type\":\"ReadAction\",\"target\":[\"https:\/\/staging.varesenews.it\/2019\/09\/lonate-pozzolo-nasce-lassessorato-alla-gentilezza\/854986\/\"]}]},{\"@type\":\"BreadcrumbList\",\"@id\":\"https:\/\/staging.varesenews.it\/2019\/09\/lonate-pozzolo-nasce-lassessorato-alla-gentilezza\/854986\/#breadcrumb\",\"itemListElement\":[{\"@type\":\"ListItem\",\"position\":1,\"name\":\"Home\",\"item\":\"https:\/\/www.varesenews.it\/\"},{\"@type\":\"ListItem\",\"position\":2,\"name\":\"A Lonate Pozzolo nasce l&#8217;assessorato alla gentilezza\"}]},{\"@type\":\"WebSite\",\"@id\":\"https:\/\/staging.varesenews.it\/#website\",\"url\":\"https:\/\/staging.varesenews.it\/\",\"name\":\"VareseNews\",\"description\":\"\",\"potentialAction\":[{\"@type\":\"SearchAction\",\"target\":{\"@type\":\"EntryPoint\",\"urlTemplate\":\"https:\/\/staging.varesenews.it\/?s={search_term_string}\"},\"query-input\":\"required name=search_term_string\"}],\"inLanguage\":\"it-IT\"},{\"@type\":\"Person\",\"@id\":\"https:\/\/staging.varesenews.it\/#\/schema\/person\/f0b866bf1a4a7b2b1558574309a927fa\",\"name\":\"Marco Corso\",\"image\":{\"@type\":\"ImageObject\",\"inLanguage\":\"it-IT\",\"@id\":\"https:\/\/staging.varesenews.it\/#\/schema\/person\/image\/\",\"url\":\"https:\/\/staging.varesenews.it\/wp-content\/uploads\/2020\/12\/marco_corso_colori_500.jpg\",\"contentUrl\":\"https:\/\/staging.varesenews.it\/wp-content\/uploads\/2020\/12\/marco_corso_colori_500.jpg\",\"caption\":\"Marco Corso\"},\"description\":\"Classe 91, per diversi anni mi sono fregiato del titolo di pi&ugrave; giovane della redazione, ma adesso faccio il fratello maggiore alle nuove leve. Mi sono laureato nel 2013 in Scienze Sociali per la Globalizzazione alla Statale di Milano e nel 2015 mi sono diplomato in videogiornalismo alla Civica Scuola di Cinema di Milano. A VareseNews da 10 anni, ho seguito da sempre diversi progetti, partendo dalla mia Busto Arsizio per attraversare tutta la provincia. Adesso la \\\"sorvolo\\\" anche con il mio drone, regalando alle mie riprese sempre un punto di vista emozionale e narrativo sui luoghi e le vicende che racconto, ma rimanendo fedele alla cronaca. Quando non faccio il giornalista viaggio o mi arrampico sui monti, per guardare il mondo da altri punti di vista.\",\"sameAs\":[\"mar_corso\"],\"url\":\"https:\/\/staging.varesenews.it\/persona\/marco-corso1\/\"}]}<\/script>\n<!-- \/ Yoast SEO plugin. -->","yoast_head_json":{"title":"A Lonate Pozzolo nasce l'assessorato alla gentilezza","description":"La decisione del Sindaco Nadia Rosa: \"Educare alla gentilezza \u00e8 un investimento etico, a breve e lungo termine\"","robots":{"index":"noindex","follow":"follow","max-snippet":"max-snippet:-1","max-image-preview":"max-image-preview:large","max-video-preview":"max-video-preview:-1"},"og_locale":"it_IT","og_type":"article","og_title":"A Lonate Pozzolo nasce l'assessorato alla gentilezza","og_description":"La decisione del Sindaco Nadia Rosa: \"Educare alla gentilezza \u00e8 un investimento etico, a breve e lungo termine\"","og_url":"https:\/\/staging.varesenews.it\/2019\/09\/lonate-pozzolo-nasce-lassessorato-alla-gentilezza\/854986\/","og_site_name":"VareseNews","article_publisher":"https:\/\/www.facebook.com\/varesenews","article_published_time":"2019-09-19T20:25:41+00:00","author":"Marco Corso","twitter_card":"summary_large_image","twitter_creator":"@varesenews","twitter_site":"@varesenews","twitter_misc":{"Scritto da":"Marco Corso","Tempo di lettura stimato":"1 minuto"},"schema":{"@context":"https:\/\/schema.org","@graph":[{"@type":"WebPage","@id":"https:\/\/staging.varesenews.it\/2019\/09\/lonate-pozzolo-nasce-lassessorato-alla-gentilezza\/854986\/","url":"https:\/\/staging.varesenews.it\/2019\/09\/lonate-pozzolo-nasce-lassessorato-alla-gentilezza\/854986\/","name":"A Lonate Pozzolo nasce l'assessorato alla gentilezza","isPartOf":{"@id":"https:\/\/staging.varesenews.it\/#website"},"datePublished":"2019-09-19T20:25:41+00:00","dateModified":"2019-09-19T20:25:41+00:00","author":{"@id":"https:\/\/staging.varesenews.it\/#\/schema\/person\/f0b866bf1a4a7b2b1558574309a927fa"},"description":"La decisione del Sindaco Nadia Rosa: \"Educare alla gentilezza \u00e8 un investimento etico, a breve e lungo termine\"","breadcrumb":{"@id":"https:\/\/staging.varesenews.it\/2019\/09\/lonate-pozzolo-nasce-lassessorato-alla-gentilezza\/854986\/#breadcrumb"},"inLanguage":"it-IT","potentialAction":[{"@type":"ReadAction","target":["https:\/\/staging.varesenews.it\/2019\/09\/lonate-pozzolo-nasce-lassessorato-alla-gentilezza\/854986\/"]}]},{"@type":"BreadcrumbList","@id":"https:\/\/staging.varesenews.it\/2019\/09\/lonate-pozzolo-nasce-lassessorato-alla-gentilezza\/854986\/#breadcrumb","itemListElement":[{"@type":"ListItem","position":1,"name":"Home","item":"https:\/\/www.varesenews.it\/"},{"@type":"ListItem","position":2,"name":"A Lonate Pozzolo nasce l&#8217;assessorato alla gentilezza"}]},{"@type":"WebSite","@id":"https:\/\/staging.varesenews.it\/#website","url":"https:\/\/staging.varesenews.it\/","name":"VareseNews","description":"","potentialAction":[{"@type":"SearchAction","target":{"@type":"EntryPoint","urlTemplate":"https:\/\/staging.varesenews.it\/?s={search_term_string}"},"query-input":"required name=search_term_string"}],"inLanguage":"it-IT"},{"@type":"Person","@id":"https:\/\/staging.varesenews.it\/#\/schema\/person\/f0b866bf1a4a7b2b1558574309a927fa","name":"Marco Corso","image":{"@type":"ImageObject","inLanguage":"it-IT","@id":"https:\/\/staging.varesenews.it\/#\/schema\/person\/image\/","url":"https:\/\/staging.varesenews.it\/wp-content\/uploads\/2020\/12\/marco_corso_colori_500.jpg","contentUrl":"https:\/\/staging.varesenews.it\/wp-content\/uploads\/2020\/12\/marco_corso_colori_500.jpg","caption":"Marco Corso"},"description":"Classe 91, per diversi anni mi sono fregiato del titolo di pi&ugrave; giovane della redazione, ma adesso faccio il fratello maggiore alle nuove leve. Mi sono laureato nel 2013 in Scienze Sociali per la Globalizzazione alla Statale di Milano e nel 2015 mi sono diplomato in videogiornalismo alla Civica Scuola di Cinema di Milano. A VareseNews da 10 anni, ho seguito da sempre diversi progetti, partendo dalla mia Busto Arsizio per attraversare tutta la provincia. Adesso la \"sorvolo\" anche con il mio drone, regalando alle mie riprese sempre un punto di vista emozionale e narrativo sui luoghi e le vicende che racconto, ma rimanendo fedele alla cronaca. Quando non faccio il giornalista viaggio o mi arrampico sui monti, per guardare il mondo da altri punti di vista.","sameAs":["mar_corso"],"url":"https:\/\/staging.varesenews.it\/persona\/marco-corso1\/"}]}},"post_meta":{"_edit_lock":"1568926339:42","_edit_last":"42","_category_permalink":"a:1:{s:8:\"category\";s:0:\"\";}","foto":"758532","firma_come_redazione":"1","argomento":"Lonate Pozzolo","_yoast_wpseo_content_score":"30","_jd_tweet_this":"yes","ratings_users":"0","ratings_score":"0","ratings_average":"0","_wpt_short_url":"https:\/\/www.varesenews.it\/2019\/09\/lonate-pozzolo-nasce-lassessorato-alla-gentilezza\/854986\/","_wp_jd_target":"https:\/\/www.varesenews.it\/2019\/09\/lonate-pozzolo-nasce-lassessorato-alla-gentilezza\/854986\/","_jd_wp_twitter":"a:1:{i:0;s:158:\"A Lonate Pozzolo nasce l\u2019assessorato alla gentilezza https:\/\/www.varesenews.it\/2019\/09\/lonate-pozzolo-nasce-lassessorato-alla-gentilezza\/854986\/ #gentilezza\";}","_wpt_status_message":"Tweet inviato con successo."},"photos":[{"original":"https:\/\/staging.varesenews.it\/photogallery_new\/images\/2019\/09\/generico-2018-758532.jpg","full":"https:\/\/staging.varesenews.it\/photogallery_new\/images\/2019\/09\/generico-2018-758532.1024x768.jpg","large":"https:\/\/staging.varesenews.it\/photogallery_new\/images\/2019\/09\/generico-2018-758532.610x431.jpg"}],"_links":{"self":[{"href":"https:\/\/staging.varesenews.it\/swgapi\/v1\/wp\/v2\/posts\/854986"}],"collection":[{"href":"https:\/\/staging.varesenews.it\/swgapi\/v1\/wp\/v2\/posts"}],"about":[{"href":"https:\/\/staging.varesenews.it\/swgapi\/v1\/wp\/v2\/types\/post"}],"author":[{"embeddable":true,"href":"https:\/\/staging.varesenews.it\/swgapi\/v1\/wp\/v2\/users\/42"}],"replies":[{"embeddable":true,"href":"https:\/\/staging.varesenews.it\/swgapi\/v1\/wp\/v2\/comments?post=854986"}],"version-history":[{"count":0,"href":"https:\/\/staging.varesenews.it\/swgapi\/v1\/wp\/v2\/posts\/854986\/revisions"}],"wp:attachment":[{"href":"https:\/\/staging.varesenews.it\/swgapi\/v1\/wp\/v2\/media?parent=854986"}],"wp:term":[{"taxonomy":"category","embeddable":true,"href":"https:\/\/staging.varesenews.it\/swgapi\/v1\/wp\/v2\/categories?post=854986"},{"taxonomy":"post_tag","embeddable":true,"href":"https:\/\/staging.varesenews.it\/swgapi\/v1\/wp\/v2\/tags?post=854986"}],"curies":[{"name":"wp","href":"https:\/\/api.w.org\/{rel}","templated":true}]}}