{"id":855174,"date":"2019-09-20T15:32:41","date_gmt":"2019-09-20T13:32:41","guid":{"rendered":"https:\/\/www.varesenews.it\/?p=855174"},"modified":"2019-09-20T16:52:37","modified_gmt":"2019-09-20T14:52:37","slug":"millesimo-elicottero-aw139-leonardo-festeggia-suo-record","status":"publish","type":"post","link":"https:\/\/staging.varesenews.it\/2019\/09\/millesimo-elicottero-aw139-leonardo-festeggia-suo-record\/855174\/","title":{"rendered":"Con il millesimo elicottero AW139 Leonardo festeggia il suo record"},"content":{"rendered":"<p>\u00abMille di questi elicotteri\u00bb \u00e8 l&#8217;augurio che un pilota di Leonardo rivolge a un collega della Guardia di Finanza. Alle fiamme gialle \u00e8 stato appena consegnato il millesimo esemplare di\u00a0<strong>AW139. <\/strong><\/p>\n<p>Un traguardo storico per gli stabilimenti di Leonardo a\u00a0Vergiate, dove viene realizzato il velivolo che ha effettuato il primo volo nel 2001 nei cieli di Cascina Costa a Samarate. Si tratta del <strong>programma elicotteristico pi\u00f9 importante degli ultimi 15 anni<\/strong> a livello internazionale e i numeri dell&#8217;Aw139 sono l\u00ec a dimostrarlo:\u00a0vanta ordini per oltre 1100 unit\u00e0 da pi\u00f9 di 280 clienti di oltre 70 paesi di tutti i continenti. <strong>L&#8217;Aw139<\/strong> \u00e8 un concentrato di tecnologia che ha dimostrato negli anni un alto livello di <strong>affidabilit\u00e0 e duttilit\u00e0<\/strong> con quasi due milioni e mezzo di ore di volo da quando nel <strong>2004 venne fatta la prima consegna<\/strong>. Pi\u00f9 del <strong>30 per cento<\/strong> dei compiti svolti da questo elicottero sono di <strong>pubblica utilit\u00e0<\/strong>. Si va dalla ricerca e soccorso all&#8217;eliambulanza, dall&#8217;ordine pubblico alla protezione civile, fino all&#8217;antincendio. Un altro<strong> 30 per cento al trasporto offshore<\/strong>, circa il 2<strong>0% per compiti militari<\/strong>. Il resto per <strong>trasporto vip, istituzionale e corporate.<\/strong><\/p>\n<p>A celebrare la millesima consegna nello stabilimento Leonardo di Vergiate c&#8217;erano moltissime autorit\u00e0, civili e militari, molti politici, tra cui il comandante generale della guardia di finanza <strong>Giuseppe Zafarana<\/strong>, il presidente della Regione Lombardia, <strong>Attilio Fontana,<\/strong> il viceministro dello Sviluppo economico <strong>Stefano Buffagni<\/strong>, il deputato M5s <strong>Niccol\u00f2 Invidia<\/strong>, il presidente di Forza Italia <strong>Silvio Berlusconi<\/strong> e il leghista <strong>Giancarlo Giorgetti<\/strong>. In prima fila i vertici di Leonardo, l&#8217;amministratore delegato<strong> Alessandro Profumo<\/strong> e il direttore della divisione elicotteri<strong> Gian Piero Cutillo<\/strong>.<\/p>\n<p>\u00abQuello che celebriamo oggi &#8211; ha detto Profumo &#8211; \u00e8 l&#8217;affermazione globale dell&#8217;asset di un Paese. Grazie all&#8217;impegno, alle conoscenze e alle competenze professionali presenti in Leonardo e a prodotti come l&#8217;Aw139 la tecnologia e l&#8217;innovazione del volo sono un <strong>simbolo delle nostre capacit\u00e0 industriali<\/strong>. L&#8217;Aw139 \u00e8 l&#8217;esempio lampante del ruolo che Leonardo riveste e intende continuare ad avere nel mondo. \u00c8 lo specchio dei nostri valori: innovazione continua, internazionalizzazione, vicinanza al mercato e al cliente, valorizzazione delle risorse umane\u00bb.<\/p>\n<p><strong>La diretta della mattinata:<\/strong><\/p>\n<p><iframe loading=\"lazy\" style=\"border: none; overflow: hidden;\" src=\"https:\/\/www.facebook.com\/plugins\/video.php?href=https%3A%2F%2Fwww.facebook.com%2Fvaresenews%2Fvideos%2F553427515402512%2F&amp;show_text=0&amp;width=560\" width=\"560\" height=\"315\" frameborder=\"0\" scrolling=\"no\" allowfullscreen=\"allowfullscreen\"><\/iframe><\/p>\n<p>L&#8217;Aw139 \u00e8 presente in tutto il mondo: il <strong>30% in Europa<\/strong>, quasi altrettanto in <strong>Asia<\/strong> e <strong>Australasia<\/strong>, il <strong>15%<\/strong> nel continente americano seguito dal Medio Oriente. Per rispondere a questa domanda, l&#8217;azienda produce sia sulle linee di Vergiate che su quelle di Philadelphia negli Usa. \u00abCon l&#8217;AW139 &#8211; ha sottolineato Cutillo &#8211; Leonardo ha saputo dar vita a un programma con <strong>radici internazionali<\/strong> unico nel suo genere, dal successo globale e in grado di proiettarla ai vertici dell&#8217;industria elicotteristica\u00bb.<\/p>\n<p>La Lombardia pu\u00f2 vantare la presenza di un cluster aerospaziale che ha appena compiuto dieci anni. Il cluster conta\u00a0<strong>220 imprese<\/strong>\u00a0(di cui l\u201988% pmi e il 12% grandi imprese),\u00a0<strong>16mila addetti<\/strong>\u00a0(il 34% dei quali operanti nelle pmi e il 66% nelle grandi imprese), un giro d\u2019affari generato sul territorio di<strong>\u00a06 miliardi di euro e un export<\/strong>\u00a0che, con un valore di\u00a0<strong>1,4 miliardi di euro<\/strong>, rappresenta da solo un terzo del totale nazionale.<br \/>\n\u00abLeonardo \u00e8 una delle eccellenze della nostra regione &#8211; ha commentato il presidente <strong>Attilio Fontana<\/strong> &#8211; sia per la grande opportunit\u00e0 che offre dal punto di vista occupazionale, sia per la qualit\u00e0 della ricerca dell&#8217;innovazione del prodotto che riesce ad essere competitivo a livello mondiale. Un motivo di orgoglio per Regione Lombardia tenuto conto che quello dell&#8217;industria aeronautica \u00e8 un ambito estremamente difficile: un punto di riferimento al quale guardiamo con grande interesse e attenzione\u00bb.<\/p>\n","protected":false},"excerpt":{"rendered":"<p>Il velivolo \u00e8 stato consegnato alla Guardia di Finanza. Un traguardo storico: si tratta del programma elicotteristico pi\u00f9 importante degli ultimi 15 anni a livello internazionale<\/p>\n","protected":false},"author":45,"featured_media":0,"comment_status":"open","ping_status":"open","sticky":false,"template":"","format":"standard","meta":{"footnotes":""},"categories":[15,2],"tags":[3224,40764,42248],"acf":[],"yoast_head":"<!-- This site is optimized with the Yoast SEO plugin v20.1 - https:\/\/yoast.com\/wordpress\/plugins\/seo\/ -->\n<title>Con il millesimo elicottero AW139 Leonardo festeggia il suo record<\/title>\n<meta name=\"description\" content=\"Il velivolo \u00e8 stato consegnato alla Guardia di Finanza. Un traguardo storico: si tratta del programma elicotteristico pi\u00f9 importante degli ultimi 15 anni a livello internazionale\" \/>\n<meta name=\"robots\" content=\"noindex, follow, max-snippet:-1, max-image-preview:large, max-video-preview:-1\" \/>\n<meta property=\"og:locale\" content=\"it_IT\" \/>\n<meta property=\"og:type\" content=\"article\" \/>\n<meta property=\"og:title\" content=\"Con il millesimo elicottero AW139 Leonardo festeggia il suo record\" \/>\n<meta property=\"og:description\" content=\"Il velivolo \u00e8 stato consegnato alla Guardia di Finanza. Un traguardo storico: si tratta del programma elicotteristico pi\u00f9 importante degli ultimi 15 anni a livello internazionale\" \/>\n<meta property=\"og:url\" content=\"https:\/\/staging.varesenews.it\/2019\/09\/millesimo-elicottero-aw139-leonardo-festeggia-suo-record\/855174\/\" \/>\n<meta property=\"og:site_name\" content=\"VareseNews\" \/>\n<meta property=\"article:publisher\" content=\"https:\/\/www.facebook.com\/varesenews\" \/>\n<meta property=\"article:author\" content=\"https:\/\/www.facebook.com\/michele.mancino.5\" \/>\n<meta property=\"article:published_time\" content=\"2019-09-20T13:32:41+00:00\" \/>\n<meta property=\"article:modified_time\" content=\"2019-09-20T14:52:37+00:00\" \/>\n<meta name=\"author\" content=\"Michele Mancino\" \/>\n<meta name=\"twitter:card\" content=\"summary_large_image\" \/>\n<meta name=\"twitter:creator\" content=\"@micmancio\" \/>\n<meta name=\"twitter:site\" content=\"@varesenews\" \/>\n<meta name=\"twitter:label1\" content=\"Scritto da\" \/>\n\t<meta name=\"twitter:data1\" content=\"Michele Mancino\" \/>\n\t<meta name=\"twitter:label2\" content=\"Tempo di lettura stimato\" \/>\n\t<meta name=\"twitter:data2\" content=\"3 minuti\" \/>\n<script type=\"application\/ld+json\" class=\"yoast-schema-graph\">{\"@context\":\"https:\/\/schema.org\",\"@graph\":[{\"@type\":\"WebPage\",\"@id\":\"https:\/\/staging.varesenews.it\/2019\/09\/millesimo-elicottero-aw139-leonardo-festeggia-suo-record\/855174\/\",\"url\":\"https:\/\/staging.varesenews.it\/2019\/09\/millesimo-elicottero-aw139-leonardo-festeggia-suo-record\/855174\/\",\"name\":\"Con il millesimo elicottero AW139 Leonardo festeggia il suo record\",\"isPartOf\":{\"@id\":\"https:\/\/staging.varesenews.it\/#website\"},\"datePublished\":\"2019-09-20T13:32:41+00:00\",\"dateModified\":\"2019-09-20T14:52:37+00:00\",\"author\":{\"@id\":\"https:\/\/staging.varesenews.it\/#\/schema\/person\/308b491d3cb680ead199e5ff6c6ce540\"},\"description\":\"Il velivolo \u00e8 stato consegnato alla Guardia di Finanza. Un traguardo storico: si tratta del programma elicotteristico pi\u00f9 importante degli ultimi 15 anni a livello internazionale\",\"breadcrumb\":{\"@id\":\"https:\/\/staging.varesenews.it\/2019\/09\/millesimo-elicottero-aw139-leonardo-festeggia-suo-record\/855174\/#breadcrumb\"},\"inLanguage\":\"it-IT\",\"potentialAction\":[{\"@type\":\"ReadAction\",\"target\":[\"https:\/\/staging.varesenews.it\/2019\/09\/millesimo-elicottero-aw139-leonardo-festeggia-suo-record\/855174\/\"]}]},{\"@type\":\"BreadcrumbList\",\"@id\":\"https:\/\/staging.varesenews.it\/2019\/09\/millesimo-elicottero-aw139-leonardo-festeggia-suo-record\/855174\/#breadcrumb\",\"itemListElement\":[{\"@type\":\"ListItem\",\"position\":1,\"name\":\"Home\",\"item\":\"https:\/\/www.varesenews.it\/\"},{\"@type\":\"ListItem\",\"position\":2,\"name\":\"Con il millesimo elicottero AW139 Leonardo festeggia il suo record\"}]},{\"@type\":\"WebSite\",\"@id\":\"https:\/\/staging.varesenews.it\/#website\",\"url\":\"https:\/\/staging.varesenews.it\/\",\"name\":\"VareseNews\",\"description\":\"\",\"potentialAction\":[{\"@type\":\"SearchAction\",\"target\":{\"@type\":\"EntryPoint\",\"urlTemplate\":\"https:\/\/staging.varesenews.it\/?s={search_term_string}\"},\"query-input\":\"required name=search_term_string\"}],\"inLanguage\":\"it-IT\"},{\"@type\":\"Person\",\"@id\":\"https:\/\/staging.varesenews.it\/#\/schema\/person\/308b491d3cb680ead199e5ff6c6ce540\",\"name\":\"Michele Mancino\",\"image\":{\"@type\":\"ImageObject\",\"inLanguage\":\"it-IT\",\"@id\":\"https:\/\/staging.varesenews.it\/#\/schema\/person\/image\/\",\"url\":\"https:\/\/staging.varesenews.it\/wp-content\/uploads\/2020\/12\/michele_mancino_colori_500.jpg\",\"contentUrl\":\"https:\/\/staging.varesenews.it\/wp-content\/uploads\/2020\/12\/michele_mancino_colori_500.jpg\",\"caption\":\"Michele Mancino\"},\"description\":\"Sono a VareseNews da prima che nascesse. Ho inserito le prime notizie in una stringa di codice html, la lingua di internet. Aprivo i computer, cambiavo schede di rete e portavo i server dal provider. A met&agrave; degli anni &rsquo;90 il giornalista online doveva saper fare anche questo. Ho vissuto gli anni drammatici della bolla speculativa di Internet e quelli entusiastici della crescita, anni in cui VareseNews era un Davide in mezzo a tanti Golia. Poi sono arrivati i social, le nuove piattaforme e soprattutto gli smartphone, una postazione di lavoro racchiusa in una mano. Una nuova rivoluzione. Insomma, &egrave; stata, ed &egrave; ancora, un&rsquo;avventura entusiasmante perch&eacute; mi insegna giorno dopo giorno che il cambiamento &egrave; l&rsquo;unica certezza di questa fragile esistenza.\",\"sameAs\":[\"https:\/\/www.facebook.com\/michele.mancino.5\",\"micmancio\",\"Aggiorna le impostazioni del tuo profilo pubblicoit.linkedin.com\/pub\/michele-mancino\/28\/b71\/890\/it\",\"https:\/\/twitter.com\/micmancio\"],\"url\":\"https:\/\/staging.varesenews.it\/persona\/michele_mancino\/\"}]}<\/script>\n<!-- \/ Yoast SEO plugin. -->","yoast_head_json":{"title":"Con il millesimo elicottero AW139 Leonardo festeggia il suo record","description":"Il velivolo \u00e8 stato consegnato alla Guardia di Finanza. Un traguardo storico: si tratta del programma elicotteristico pi\u00f9 importante degli ultimi 15 anni a livello internazionale","robots":{"index":"noindex","follow":"follow","max-snippet":"max-snippet:-1","max-image-preview":"max-image-preview:large","max-video-preview":"max-video-preview:-1"},"og_locale":"it_IT","og_type":"article","og_title":"Con il millesimo elicottero AW139 Leonardo festeggia il suo record","og_description":"Il velivolo \u00e8 stato consegnato alla Guardia di Finanza. Un traguardo storico: si tratta del programma elicotteristico pi\u00f9 importante degli ultimi 15 anni a livello internazionale","og_url":"https:\/\/staging.varesenews.it\/2019\/09\/millesimo-elicottero-aw139-leonardo-festeggia-suo-record\/855174\/","og_site_name":"VareseNews","article_publisher":"https:\/\/www.facebook.com\/varesenews","article_author":"https:\/\/www.facebook.com\/michele.mancino.5","article_published_time":"2019-09-20T13:32:41+00:00","article_modified_time":"2019-09-20T14:52:37+00:00","author":"Michele Mancino","twitter_card":"summary_large_image","twitter_creator":"@micmancio","twitter_site":"@varesenews","twitter_misc":{"Scritto da":"Michele Mancino","Tempo di lettura stimato":"3 minuti"},"schema":{"@context":"https:\/\/schema.org","@graph":[{"@type":"WebPage","@id":"https:\/\/staging.varesenews.it\/2019\/09\/millesimo-elicottero-aw139-leonardo-festeggia-suo-record\/855174\/","url":"https:\/\/staging.varesenews.it\/2019\/09\/millesimo-elicottero-aw139-leonardo-festeggia-suo-record\/855174\/","name":"Con il millesimo elicottero AW139 Leonardo festeggia il suo record","isPartOf":{"@id":"https:\/\/staging.varesenews.it\/#website"},"datePublished":"2019-09-20T13:32:41+00:00","dateModified":"2019-09-20T14:52:37+00:00","author":{"@id":"https:\/\/staging.varesenews.it\/#\/schema\/person\/308b491d3cb680ead199e5ff6c6ce540"},"description":"Il velivolo \u00e8 stato consegnato alla Guardia di Finanza. Un traguardo storico: si tratta del programma elicotteristico pi\u00f9 importante degli ultimi 15 anni a livello internazionale","breadcrumb":{"@id":"https:\/\/staging.varesenews.it\/2019\/09\/millesimo-elicottero-aw139-leonardo-festeggia-suo-record\/855174\/#breadcrumb"},"inLanguage":"it-IT","potentialAction":[{"@type":"ReadAction","target":["https:\/\/staging.varesenews.it\/2019\/09\/millesimo-elicottero-aw139-leonardo-festeggia-suo-record\/855174\/"]}]},{"@type":"BreadcrumbList","@id":"https:\/\/staging.varesenews.it\/2019\/09\/millesimo-elicottero-aw139-leonardo-festeggia-suo-record\/855174\/#breadcrumb","itemListElement":[{"@type":"ListItem","position":1,"name":"Home","item":"https:\/\/www.varesenews.it\/"},{"@type":"ListItem","position":2,"name":"Con il millesimo elicottero AW139 Leonardo festeggia il suo record"}]},{"@type":"WebSite","@id":"https:\/\/staging.varesenews.it\/#website","url":"https:\/\/staging.varesenews.it\/","name":"VareseNews","description":"","potentialAction":[{"@type":"SearchAction","target":{"@type":"EntryPoint","urlTemplate":"https:\/\/staging.varesenews.it\/?s={search_term_string}"},"query-input":"required name=search_term_string"}],"inLanguage":"it-IT"},{"@type":"Person","@id":"https:\/\/staging.varesenews.it\/#\/schema\/person\/308b491d3cb680ead199e5ff6c6ce540","name":"Michele Mancino","image":{"@type":"ImageObject","inLanguage":"it-IT","@id":"https:\/\/staging.varesenews.it\/#\/schema\/person\/image\/","url":"https:\/\/staging.varesenews.it\/wp-content\/uploads\/2020\/12\/michele_mancino_colori_500.jpg","contentUrl":"https:\/\/staging.varesenews.it\/wp-content\/uploads\/2020\/12\/michele_mancino_colori_500.jpg","caption":"Michele Mancino"},"description":"Sono a VareseNews da prima che nascesse. Ho inserito le prime notizie in una stringa di codice html, la lingua di internet. Aprivo i computer, cambiavo schede di rete e portavo i server dal provider. A met&agrave; degli anni &rsquo;90 il giornalista online doveva saper fare anche questo. Ho vissuto gli anni drammatici della bolla speculativa di Internet e quelli entusiastici della crescita, anni in cui VareseNews era un Davide in mezzo a tanti Golia. Poi sono arrivati i social, le nuove piattaforme e soprattutto gli smartphone, una postazione di lavoro racchiusa in una mano. Una nuova rivoluzione. Insomma, &egrave; stata, ed &egrave; ancora, un&rsquo;avventura entusiasmante perch&eacute; mi insegna giorno dopo giorno che il cambiamento &egrave; l&rsquo;unica certezza di questa fragile esistenza.","sameAs":["https:\/\/www.facebook.com\/michele.mancino.5","micmancio","Aggiorna le impostazioni del tuo profilo pubblicoit.linkedin.com\/pub\/michele-mancino\/28\/b71\/890\/it","https:\/\/twitter.com\/micmancio"],"url":"https:\/\/staging.varesenews.it\/persona\/michele_mancino\/"}]}},"post_meta":{"_edit_lock":"1568991243:45","_edit_last":"45","_category_permalink":"a:1:{s:8:\"category\";s:2:\"15\";}","ratings_users":"0","ratings_score":"0","ratings_average":"0","foto":"758633","id_link_fotogallery":"855198","argomento":"Vergiate","_yoast_wpseo_content_score":"30","_jd_tweet_this":"yes","_wpt_short_url":"https:\/\/www.varesenews.it\/2019\/09\/millesimo-elicottero-aw139-leonardo-festeggia-suo-record\/855174\/","_wp_jd_target":"https:\/\/www.varesenews.it\/2019\/09\/millesimo-elicottero-aw139-leonardo-festeggia-suo-record\/855174\/","_jd_wp_twitter":"a:1:{i:0;s:182:\"Con il millesimo elicottero AW139 Leonardo festeggia il suo record https:\/\/www.varesenews.it\/2019\/09\/millesimo-elicottero-aw139-leonardo-festeggia-suo-record\/855174\/ #aw139 #leonardo\";}","_wpt_status_message":"Tweet inviato con successo.","id_video_vzaar":"20841318"},"photos":[{"original":"https:\/\/staging.varesenews.it\/photogallery_new\/images\/2019\/09\/leonardo-aw139-758633.jpg","full":"https:\/\/staging.varesenews.it\/photogallery_new\/images\/2019\/09\/leonardo-aw139-758633.1024x768.jpg","large":"https:\/\/staging.varesenews.it\/photogallery_new\/images\/2019\/09\/leonardo-aw139-758633.610x431.jpg"}],"_links":{"self":[{"href":"https:\/\/staging.varesenews.it\/swgapi\/v1\/wp\/v2\/posts\/855174"}],"collection":[{"href":"https:\/\/staging.varesenews.it\/swgapi\/v1\/wp\/v2\/posts"}],"about":[{"href":"https:\/\/staging.varesenews.it\/swgapi\/v1\/wp\/v2\/types\/post"}],"author":[{"embeddable":true,"href":"https:\/\/staging.varesenews.it\/swgapi\/v1\/wp\/v2\/users\/45"}],"replies":[{"embeddable":true,"href":"https:\/\/staging.varesenews.it\/swgapi\/v1\/wp\/v2\/comments?post=855174"}],"version-history":[{"count":0,"href":"https:\/\/staging.varesenews.it\/swgapi\/v1\/wp\/v2\/posts\/855174\/revisions"}],"wp:attachment":[{"href":"https:\/\/staging.varesenews.it\/swgapi\/v1\/wp\/v2\/media?parent=855174"}],"wp:term":[{"taxonomy":"category","embeddable":true,"href":"https:\/\/staging.varesenews.it\/swgapi\/v1\/wp\/v2\/categories?post=855174"},{"taxonomy":"post_tag","embeddable":true,"href":"https:\/\/staging.varesenews.it\/swgapi\/v1\/wp\/v2\/tags?post=855174"}],"curies":[{"name":"wp","href":"https:\/\/api.w.org\/{rel}","templated":true}]}}