{"id":856293,"date":"2019-09-24T12:29:31","date_gmt":"2019-09-24T10:29:31","guid":{"rendered":"https:\/\/www.varesenews.it\/?p=856293"},"modified":"2019-09-24T16:24:43","modified_gmt":"2019-09-24T14:24:43","slug":"asilo-principe-di-napoli-crenna-gallarate","status":"publish","type":"post","link":"https:\/\/staging.varesenews.it\/2019\/09\/asilo-principe-di-napoli-crenna-gallarate\/856293\/","title":{"rendered":"Un posto al sole per i pi\u00f9 piccoli: l&#8217;asilo &#8220;a misura di bambino&#8221; a Gallarate"},"content":{"rendered":"<p><strong>Un asilo di forme modernissime, affacciato dalla collina sulla citt\u00e0<\/strong>, pensato fin nei dettagli per le esigenze dei bambini.<br \/>\n<strong>Non \u00e8 un asilo di oggi, ma del 1940<\/strong>, costruito a <strong>Crenna<\/strong> di <strong>Gallarate<\/strong>: un edificio che oggi se ne sta un po\u2019 in disparte, ma che ha una storia interessante e valorizzata dall\u2019uso che ancora oggi si fa della struttura.<\/p>\n<p>La <strong>storia<\/strong> della struttura &#8211; che <strong>in origine si chiamava \u201cPrincipe di Napoli\u201d<\/strong> &#8211; \u00e8 stata ricostruita dall\u2019architetto <strong>Matteo Scaltritti<\/strong>, presidente della Societ\u00e0 Gallaratese degli Studi Patri, che ha analizzato anche il contesto pi\u00f9 ampio in cui s\u2019inserisce il progetto, presentato in <strong>un incontro &#8211; proprio dentro all\u2019asilo &#8211; organizzato<\/strong> in collaborazione con l&#8217;associazione <a href=\"https:\/\/viverecrenna.wordpress.com\" target=\"_blank\" rel=\"noopener\">Vivere Crenna<\/a> e con il <strong>Consorzio Scuole Materne<\/strong>, guidato da <strong>Francesca Vita D\u2019Alba.<\/strong><\/p>\n<p>L\u2019<strong>aggregazione di Crenna (e Cajello) al Comune di Gallarate<\/strong> nel <strong>1926<\/strong> aveva posto il problema di dotare anche questi due paesi &#8211; destinati a diventare quartieri &#8211; di infrastrutture moderne, compresi appunto asili e scuole. In questo quadro la ricerca di Scaltritti ha ricostruito passaggi importanti, ad esempio il <strong>progetto dell\u2019ingegner Talamona che aveva ipotizzato una scuola monumentale<\/strong> da realizzare sulla costa della collina, a fianco dei tornanti di via Nascimbene. Doveva essere dedicata a Mario Brumana, \u201cprotomartire fascista\u201d: Scaltritti ha ritrovato e presentato anche un disegno inedito della scuola.\u00a0Il progetto del Talamona alla fine non venne completato e la scuola elementare fu realizzata, nel 1932, in un terreno pi\u00f9 a Sud (a sinistra, guardando il profilo della collina da Gallarate), l\u2019odierno edificio di via Tommaso Gulli.<\/p>\n<p>Per arrivare ad avere \u201cedifici scolastici moderni, salutari e dignitosi\u201d<strong> mancava un asilo, che fu affidato appunto al prof.Franco Poggi<\/strong>, dell\u2019ufficio tecnico comunale cittadino, che ha progettato anche la sede delle attuali scuole Majno e la sede dell\u2019opera Nazionale Maternit\u00e0 e Infanzia in via Cavallotti-Carducci.<\/p>\n<p><strong>Venne scelto terreno a valle delle scuole, lungo la attuale via dei Mille<\/strong>: la zona aveva il grande vantaggio di <strong>una ampia esposizione a Sud<\/strong>. La memoria di famiglia tramanda (vero o impreciso, \u00e8 comunque un bell\u2019aneddoto) che i tecnici \u00aberano saliti dall\u2019ufficio tecnico in una giornata che<strong> era nebbiosa a Gallarate e arrivati a Crenna avevano trovato il sole<\/strong>\u00bb, come \u00e8 stato raccontato da alcuni crennesi all\u2019incontro di presentazione.<\/p>\n<p>L\u2019area per il nuovo asilo venne scelta anche perch\u00e9 <strong>vicina all\u2019altro edificio, quello delle scuole<\/strong>, con vantaggi per le famiglie nella quotidianit\u00e0: il <strong>bambino pi\u00f9 grande avrebbe potuto accompagnare il pi\u00f9 piccolo<\/strong>, evitando di distogliere i genitori dal lavoro nei campi o nelle officine. Fu cos\u00ec pensato un ingresso affacciato su un cortile sul retro della scuola elementare, anche se oggi l\u2019accesso \u00e8 stato spostato dal lato opposto, sul lato a valle.<\/p>\n<p><div class=\"photo-inside-post\"><img decoding=\"async\" loading=\"lazy\" fetchpriority=\"low\" width=\"610\" height=\"431\" src=\"https:\/\/staging.varesenews.it\/photogallery_new\/images\/2019\/09\/asilo-principe-di-napoli-crenna-gallarate-759437.610x431.jpg\" alt=\"Asilo Principe di Napoli - Crenna Gallarate\"><\/div> L&#8217;asilo visto dall&#8217;alto, in una foto aerea di Google: in origine il cortile d&#8217;ingresso era sul lato attiguo all&#8217;edificio delle scuole elementari (in basso nell&#8217;immagine)<\/p>\n<p>Rispetto a un edificio di un decennio prima come la Casa del Balilla di Gallarate o alle stesse scuole elementari di Crenna, che riflettevano una certa retorica monumentale del periodo fascista, l\u2019asilo era caratterizzato da \u00ab<strong>un modernismo che guarda a modelli aggiornati<\/strong> non solo nel contesto nazionale\u00bb, spiega Scaltritti: <strong>un edificio molto funzionale, con un atrio molto trasparente<\/strong> che invitava subito ad entrare. In origine dove accogliere 160 bambini, ma c\u2019era la possibilit\u00e0 di portare la capacit\u00e0 a 220 aumentando il numero di aule (dal 1940 \u00e8 sempre stato usato appunto come asilo, salvo una breve <strong>parentesi bellica in cui fu convertito in ospedale di convalescenza<\/strong> per soldati tedeschi).<\/p>\n<p><a href=\"http:\/\/www.varesenews.it\/wp-content\/uploads\/2019\/09\/asilo-gallarate-crenna.jpg\"><img loading=\"lazy\" decoding=\"async\" class=\"alignleft  wp-image-856303\" src=\"http:\/\/www.varesenews.it\/wp-content\/uploads\/2019\/09\/asilo-gallarate-crenna-300x297.jpg\" alt=\"\" width=\"333\" height=\"329\" srcset=\"https:\/\/staging.varesenews.it\/wp-content\/uploads\/2019\/09\/asilo-gallarate-crenna-300x297.jpg 300w, https:\/\/staging.varesenews.it\/wp-content\/uploads\/2019\/09\/asilo-gallarate-crenna.jpg 450w\" sizes=\"(max-width: 333px) 100vw, 333px\" \/><\/a>L\u2019edificio, oltre alle aule, comprendeva &#8211; e comprende ancora oggi &#8211; <strong>una rampa all\u2019aperto e a pendenza ridotta che scendeva nel giardino<\/strong>, uno spazio aperto ma coperto per attivit\u00e0 motorie, <strong>un salone molto luminoso<\/strong>, purtroppo modificato in seguito ribassando i soffitti ed eliminando una fascia di finestre.<strong> Spazi e dotazioni erano a misura di bambino<\/strong> e studiati con particolare attenzione, compresi gli angoli arrotondati che facilitavano anche le pulizie. Poggi &#8211; professore di Disegno Architettonico, diplomato all&#8217;Accademia di Firenze &#8211; lavor\u00f2 da progettista a tutto tondo, disegnando l\u2019edificio, gli interni, l\u2019arredamento (una parte esiste ancora oggi).<\/p>\n<p><strong>Poggi mise nel progetto anche la sua esperienza personale<\/strong>, dal momento che era diventato padre da pochi anni (nel 1932 e nel 1933), come hanno raccontato le nipoti intervenute in occasione della presentazione dello studio.<br \/>\nL\u2019elemento pi\u00f9 interessante era<strong> la scalinata<\/strong> che dal piano superiore &#8211; livello dell\u2019ingresso originale &#8211; scendeva al piano a valle:<strong> l\u2019architetto progett\u00f2 una scala con gradini bassi e allungati<\/strong>, che fossero a misura di bambino e aiutassero ad affrontare il dislivello tra un piano e l\u2019altro.<\/p>\n<div class=\"photo-inside-post\"><img decoding=\"async\" loading=\"lazy\" fetchpriority=\"low\" width=\"610\" height=\"431\" src=\"https:\/\/staging.varesenews.it\/photogallery_new\/images\/2019\/09\/asilo-principe-di-napoli-crenna-gallarate-759433.610x431.jpg\" alt=\"Asilo Principe di Napoli - Crenna Gallarate\"><\/div>\n<p>Non solo: <strong>fu studiata una pavimentazione a due colori<\/strong>. Ancora oggi un gradino in pietra di colore ocra si alterna a un gradino rossiccio. Era un modo &#8211; geniale, per i tempi &#8211; per aiutare i bambini a muoversi in sicurezza. Anche qui il progettista aveva messo tutta la sua esperienza, ha svelato la nipote, l&#8217;architetto Elena Poggi: \u00abIl suo secondogenito infatti era ipovedente: quel bambino era mio pap\u00e0, il figlio nato nel 1933\u00bb.<\/p>\n","protected":false},"excerpt":{"rendered":"<p>Fu costruito nel 1940, con soluzioni molto moderne e superando le forme monumentali e retoriche del periodo. Scelte che nascevano anche dall&#8217;esperienza personale di chi disegn\u00f2 l&#8217;edificio<\/p>\n","protected":false},"author":46,"featured_media":0,"comment_status":"open","ping_status":"open","sticky":false,"template":"","format":"standard","meta":{"footnotes":""},"categories":[18,3],"tags":[8365,99737],"acf":[],"yoast_head":"<!-- This site is optimized with the Yoast SEO plugin v20.1 - https:\/\/yoast.com\/wordpress\/plugins\/seo\/ -->\n<title>Un posto al sole per i pi\u00f9 piccoli: l&#039;asilo &quot;a misura di bambino&quot; a Gallarate<\/title>\n<meta name=\"description\" content=\"Fu costruito nel 1940, con soluzioni molto moderne e superando le forme monumentali e retoriche del periodo. Scelte che nascevano anche dall&#039;esperienza personale di chi disegn\u00f2 l&#039;edificio\" \/>\n<meta name=\"robots\" content=\"noindex, follow, max-snippet:-1, max-image-preview:large, max-video-preview:-1\" \/>\n<meta property=\"og:locale\" content=\"it_IT\" \/>\n<meta property=\"og:type\" content=\"article\" \/>\n<meta property=\"og:title\" content=\"Un posto al sole per i pi\u00f9 piccoli: l&#039;asilo &quot;a misura di bambino&quot; a Gallarate\" \/>\n<meta property=\"og:description\" content=\"Fu costruito nel 1940, con soluzioni molto moderne e superando le forme monumentali e retoriche del periodo. Scelte che nascevano anche dall&#039;esperienza personale di chi disegn\u00f2 l&#039;edificio\" \/>\n<meta property=\"og:url\" content=\"https:\/\/staging.varesenews.it\/2019\/09\/asilo-principe-di-napoli-crenna-gallarate\/856293\/\" \/>\n<meta property=\"og:site_name\" content=\"VareseNews\" \/>\n<meta property=\"article:publisher\" content=\"https:\/\/www.facebook.com\/varesenews\" \/>\n<meta property=\"article:published_time\" content=\"2019-09-24T10:29:31+00:00\" \/>\n<meta property=\"article:modified_time\" content=\"2019-09-24T14:24:43+00:00\" \/>\n<meta property=\"og:image\" content=\"http:\/\/www.varesenews.it\/wp-content\/uploads\/2019\/09\/asilo-gallarate-crenna-300x297.jpg\" \/>\n<meta name=\"author\" content=\"Roberto Morandi\" \/>\n<meta name=\"twitter:card\" content=\"summary_large_image\" \/>\n<meta name=\"twitter:creator\" content=\"@ilmorands\" \/>\n<meta name=\"twitter:site\" content=\"@varesenews\" \/>\n<meta name=\"twitter:label1\" content=\"Scritto da\" \/>\n\t<meta name=\"twitter:data1\" content=\"Roberto Morandi\" \/>\n\t<meta name=\"twitter:label2\" content=\"Tempo di lettura stimato\" \/>\n\t<meta name=\"twitter:data2\" content=\"4 minuti\" \/>\n<script type=\"application\/ld+json\" class=\"yoast-schema-graph\">{\"@context\":\"https:\/\/schema.org\",\"@graph\":[{\"@type\":\"WebPage\",\"@id\":\"https:\/\/staging.varesenews.it\/2019\/09\/asilo-principe-di-napoli-crenna-gallarate\/856293\/\",\"url\":\"https:\/\/staging.varesenews.it\/2019\/09\/asilo-principe-di-napoli-crenna-gallarate\/856293\/\",\"name\":\"Un posto al sole per i pi\u00f9 piccoli: l'asilo \\\"a misura di bambino\\\" a Gallarate\",\"isPartOf\":{\"@id\":\"https:\/\/staging.varesenews.it\/#website\"},\"datePublished\":\"2019-09-24T10:29:31+00:00\",\"dateModified\":\"2019-09-24T14:24:43+00:00\",\"author\":{\"@id\":\"https:\/\/staging.varesenews.it\/#\/schema\/person\/efe592ae4c76536b551f89d8b6674bc3\"},\"description\":\"Fu costruito nel 1940, con soluzioni molto moderne e superando le forme monumentali e retoriche del periodo. Scelte che nascevano anche dall'esperienza personale di chi disegn\u00f2 l'edificio\",\"breadcrumb\":{\"@id\":\"https:\/\/staging.varesenews.it\/2019\/09\/asilo-principe-di-napoli-crenna-gallarate\/856293\/#breadcrumb\"},\"inLanguage\":\"it-IT\",\"potentialAction\":[{\"@type\":\"ReadAction\",\"target\":[\"https:\/\/staging.varesenews.it\/2019\/09\/asilo-principe-di-napoli-crenna-gallarate\/856293\/\"]}]},{\"@type\":\"BreadcrumbList\",\"@id\":\"https:\/\/staging.varesenews.it\/2019\/09\/asilo-principe-di-napoli-crenna-gallarate\/856293\/#breadcrumb\",\"itemListElement\":[{\"@type\":\"ListItem\",\"position\":1,\"name\":\"Home\",\"item\":\"https:\/\/www.varesenews.it\/\"},{\"@type\":\"ListItem\",\"position\":2,\"name\":\"Un posto al sole per i pi\u00f9 piccoli: l&#8217;asilo &#8220;a misura di bambino&#8221; a Gallarate\"}]},{\"@type\":\"WebSite\",\"@id\":\"https:\/\/staging.varesenews.it\/#website\",\"url\":\"https:\/\/staging.varesenews.it\/\",\"name\":\"VareseNews\",\"description\":\"\",\"potentialAction\":[{\"@type\":\"SearchAction\",\"target\":{\"@type\":\"EntryPoint\",\"urlTemplate\":\"https:\/\/staging.varesenews.it\/?s={search_term_string}\"},\"query-input\":\"required name=search_term_string\"}],\"inLanguage\":\"it-IT\"},{\"@type\":\"Person\",\"@id\":\"https:\/\/staging.varesenews.it\/#\/schema\/person\/efe592ae4c76536b551f89d8b6674bc3\",\"name\":\"Roberto Morandi\",\"image\":{\"@type\":\"ImageObject\",\"inLanguage\":\"it-IT\",\"@id\":\"https:\/\/staging.varesenews.it\/#\/schema\/person\/image\/\",\"url\":\"https:\/\/staging.varesenews.it\/wp-content\/uploads\/2020\/12\/roberto_morandi_colori_500.jpg\",\"contentUrl\":\"https:\/\/staging.varesenews.it\/wp-content\/uploads\/2020\/12\/roberto_morandi_colori_500.jpg\",\"caption\":\"Roberto Morandi\"},\"description\":\"Classe 1980, laureato in storia, mi occupo dell&rsquo;area di Gallarate e di Malpensa, di trasporti e mobilit&agrave;. Amo molto la dimensione della citt&agrave;, come luogo d&rsquo;incontro di persone diverse e come organismo che si trasforma costantemente. Mi piace anche raccontare le piccole e grandi vicende, anche locali, che compongono la Storia con la S maiuscola. Appassionato di bicicletta: la macchina perfetta per muoversi in citt&agrave; e per viaggiare.\",\"sameAs\":[\"https:\/\/twitter.com\/ilmorands\"],\"url\":\"https:\/\/staging.varesenews.it\/persona\/roberto-morandi1\/\"}]}<\/script>\n<!-- \/ Yoast SEO plugin. -->","yoast_head_json":{"title":"Un posto al sole per i pi\u00f9 piccoli: l'asilo \"a misura di bambino\" a Gallarate","description":"Fu costruito nel 1940, con soluzioni molto moderne e superando le forme monumentali e retoriche del periodo. Scelte che nascevano anche dall'esperienza personale di chi disegn\u00f2 l'edificio","robots":{"index":"noindex","follow":"follow","max-snippet":"max-snippet:-1","max-image-preview":"max-image-preview:large","max-video-preview":"max-video-preview:-1"},"og_locale":"it_IT","og_type":"article","og_title":"Un posto al sole per i pi\u00f9 piccoli: l'asilo \"a misura di bambino\" a Gallarate","og_description":"Fu costruito nel 1940, con soluzioni molto moderne e superando le forme monumentali e retoriche del periodo. Scelte che nascevano anche dall'esperienza personale di chi disegn\u00f2 l'edificio","og_url":"https:\/\/staging.varesenews.it\/2019\/09\/asilo-principe-di-napoli-crenna-gallarate\/856293\/","og_site_name":"VareseNews","article_publisher":"https:\/\/www.facebook.com\/varesenews","article_published_time":"2019-09-24T10:29:31+00:00","article_modified_time":"2019-09-24T14:24:43+00:00","og_image":[{"url":"http:\/\/www.varesenews.it\/wp-content\/uploads\/2019\/09\/asilo-gallarate-crenna-300x297.jpg"}],"author":"Roberto Morandi","twitter_card":"summary_large_image","twitter_creator":"@ilmorands","twitter_site":"@varesenews","twitter_misc":{"Scritto da":"Roberto Morandi","Tempo di lettura stimato":"4 minuti"},"schema":{"@context":"https:\/\/schema.org","@graph":[{"@type":"WebPage","@id":"https:\/\/staging.varesenews.it\/2019\/09\/asilo-principe-di-napoli-crenna-gallarate\/856293\/","url":"https:\/\/staging.varesenews.it\/2019\/09\/asilo-principe-di-napoli-crenna-gallarate\/856293\/","name":"Un posto al sole per i pi\u00f9 piccoli: l'asilo \"a misura di bambino\" a Gallarate","isPartOf":{"@id":"https:\/\/staging.varesenews.it\/#website"},"datePublished":"2019-09-24T10:29:31+00:00","dateModified":"2019-09-24T14:24:43+00:00","author":{"@id":"https:\/\/staging.varesenews.it\/#\/schema\/person\/efe592ae4c76536b551f89d8b6674bc3"},"description":"Fu costruito nel 1940, con soluzioni molto moderne e superando le forme monumentali e retoriche del periodo. Scelte che nascevano anche dall'esperienza personale di chi disegn\u00f2 l'edificio","breadcrumb":{"@id":"https:\/\/staging.varesenews.it\/2019\/09\/asilo-principe-di-napoli-crenna-gallarate\/856293\/#breadcrumb"},"inLanguage":"it-IT","potentialAction":[{"@type":"ReadAction","target":["https:\/\/staging.varesenews.it\/2019\/09\/asilo-principe-di-napoli-crenna-gallarate\/856293\/"]}]},{"@type":"BreadcrumbList","@id":"https:\/\/staging.varesenews.it\/2019\/09\/asilo-principe-di-napoli-crenna-gallarate\/856293\/#breadcrumb","itemListElement":[{"@type":"ListItem","position":1,"name":"Home","item":"https:\/\/www.varesenews.it\/"},{"@type":"ListItem","position":2,"name":"Un posto al sole per i pi\u00f9 piccoli: l&#8217;asilo &#8220;a misura di bambino&#8221; a Gallarate"}]},{"@type":"WebSite","@id":"https:\/\/staging.varesenews.it\/#website","url":"https:\/\/staging.varesenews.it\/","name":"VareseNews","description":"","potentialAction":[{"@type":"SearchAction","target":{"@type":"EntryPoint","urlTemplate":"https:\/\/staging.varesenews.it\/?s={search_term_string}"},"query-input":"required name=search_term_string"}],"inLanguage":"it-IT"},{"@type":"Person","@id":"https:\/\/staging.varesenews.it\/#\/schema\/person\/efe592ae4c76536b551f89d8b6674bc3","name":"Roberto Morandi","image":{"@type":"ImageObject","inLanguage":"it-IT","@id":"https:\/\/staging.varesenews.it\/#\/schema\/person\/image\/","url":"https:\/\/staging.varesenews.it\/wp-content\/uploads\/2020\/12\/roberto_morandi_colori_500.jpg","contentUrl":"https:\/\/staging.varesenews.it\/wp-content\/uploads\/2020\/12\/roberto_morandi_colori_500.jpg","caption":"Roberto Morandi"},"description":"Classe 1980, laureato in storia, mi occupo dell&rsquo;area di Gallarate e di Malpensa, di trasporti e mobilit&agrave;. Amo molto la dimensione della citt&agrave;, come luogo d&rsquo;incontro di persone diverse e come organismo che si trasforma costantemente. Mi piace anche raccontare le piccole e grandi vicende, anche locali, che compongono la Storia con la S maiuscola. Appassionato di bicicletta: la macchina perfetta per muoversi in citt&agrave; e per viaggiare.","sameAs":["https:\/\/twitter.com\/ilmorands"],"url":"https:\/\/staging.varesenews.it\/persona\/roberto-morandi1\/"}]}},"post_meta":{"_edit_lock":"1569334950:46","_edit_last":"46","_category_permalink":"a:1:{s:8:\"category\";s:1:\"3\";}","ratings_users":"0","ratings_score":"0","ratings_average":"0","foto":"759439","id_link_fotogallery":"856305","argomento":"Gallarate","_yoast_wpseo_content_score":"30","_jd_tweet_this":"yes","_wpt_short_url":"https:\/\/www.varesenews.it\/2019\/09\/un-posto-al-sole-piu-piccoli-lasilo-misura-bambino-gallarate\/856293\/","_wp_jd_target":"https:\/\/www.varesenews.it\/2019\/09\/un-posto-al-sole-piu-piccoli-lasilo-misura-bambino-gallarate\/856293\/","_jd_wp_twitter":"a:1:{i:0;s:201:\"Un posto al sole per i pi\u00f9 piccoli: l\u2019asilo \u201ca misura di bambino\u201d a Gallarate https:\/\/www.varesenews.it\/2019\/09\/un-posto-al-sole-piu-piccoli-lasilo-misura-bambino-gallarate\/856293\/ #architettura\";}","_wpt_status_message":"Tweet inviato con successo.","_wp_old_slug":"un-posto-al-sole-piu-piccoli-lasilo-misura-bambino-gallarate"},"photos":[{"original":"https:\/\/staging.varesenews.it\/photogallery_new\/images\/2019\/09\/crenna-generica-759439.jpg","full":"https:\/\/staging.varesenews.it\/photogallery_new\/images\/2019\/09\/crenna-generica-759439.1024x768.jpg","large":"https:\/\/staging.varesenews.it\/photogallery_new\/images\/2019\/09\/crenna-generica-759439.610x431.jpg"}],"_links":{"self":[{"href":"https:\/\/staging.varesenews.it\/swgapi\/v1\/wp\/v2\/posts\/856293"}],"collection":[{"href":"https:\/\/staging.varesenews.it\/swgapi\/v1\/wp\/v2\/posts"}],"about":[{"href":"https:\/\/staging.varesenews.it\/swgapi\/v1\/wp\/v2\/types\/post"}],"author":[{"embeddable":true,"href":"https:\/\/staging.varesenews.it\/swgapi\/v1\/wp\/v2\/users\/46"}],"replies":[{"embeddable":true,"href":"https:\/\/staging.varesenews.it\/swgapi\/v1\/wp\/v2\/comments?post=856293"}],"version-history":[{"count":0,"href":"https:\/\/staging.varesenews.it\/swgapi\/v1\/wp\/v2\/posts\/856293\/revisions"}],"wp:attachment":[{"href":"https:\/\/staging.varesenews.it\/swgapi\/v1\/wp\/v2\/media?parent=856293"}],"wp:term":[{"taxonomy":"category","embeddable":true,"href":"https:\/\/staging.varesenews.it\/swgapi\/v1\/wp\/v2\/categories?post=856293"},{"taxonomy":"post_tag","embeddable":true,"href":"https:\/\/staging.varesenews.it\/swgapi\/v1\/wp\/v2\/tags?post=856293"}],"curies":[{"name":"wp","href":"https:\/\/api.w.org\/{rel}","templated":true}]}}