{"id":85654,"date":"2012-06-19T00:00:00","date_gmt":"2012-06-19T00:00:00","guid":{"rendered":""},"modified":"2012-06-19T00:00:00","modified_gmt":"2012-06-19T00:00:00","slug":"bruna-brambilla-voleva-cambiare-il-mondo","status":"publish","type":"post","link":"https:\/\/staging.varesenews.it\/2012\/06\/bruna-brambilla-voleva-cambiare-il-mondo\/85654\/","title":{"rendered":"Bruna Brambilla voleva cambiare il mondo"},"content":{"rendered":"<p><img loading=\"lazy\" decoding=\"async\" border=\"1\" hspace=\"5\" alt=\"\" vspace=\"5\" align=\"left\" width=\"250\" height=\"188\" src=\"https:\/\/www3.varesenews.it\/immagini_articoli\/201206\/tmax600x480_25773292_bruna14.jpg\" \/>Il nipotino <strong>Leon <\/strong>ha portato un disegno al nonno Mario. Su quel disegno c&#8217;era il mondo. &laquo;Qui c&#8217;&egrave; anche la nonna Bruna&raquo;. Solo i bambini sono capaci di rendere cos&igrave; bene il senso di appartenenza alle persone, soprattutto quando non ci sono pi&ugrave; e sfuggono al regno delle cose sensibili. E il mondo si &egrave; radunato per salutare <strong>Bruna Brambilla<\/strong>, nel luogo che le era pi&ugrave; caro: la <strong>Piramide di piazza De Salvo, il cuore delle Bustecche di Varese. <br \/>\n<\/strong>Il sudore si fonde alle lacrime, la nostalgia&nbsp;del passato&nbsp;cerca&nbsp;conforto nel&nbsp;presente.&nbsp;&Egrave;&nbsp;un commiato carico di energia positiva, la stessa che Bruna metteva in ogni cosa che faceva, a partire dall&#8217;Universauser una fucina di corsi, proposte, impegno politico e civile. &laquo;La nostra famiglia &ndash; dice il marito <strong>Mario Agostinelli <\/strong>&ndash; &egrave; stata resa bella da questo rapporto con l&#8217;esterno. E noi siamo venuti qui perch&eacute; questo &egrave; un luogo per abbracciarla, perch&eacute; qui c&#8217;&egrave; conforto e c&#8217;&egrave; vita tra noi e Bruna&raquo;.<br \/>\nUna donna che <strong>&laquo;apparteneva a quelli che vogliono cambiare il mondo<\/strong>&raquo; ha detto <strong>Rocco Cord&igrave; <\/strong>che con lei aveva condiviso mille battaglie per l&#8217;emancipazione del quartiere. E Bruna Brambilla in qualche modo il mondo&nbsp;lo ha cambiato, lasciando un testimone carico di esempio e di impegno speso in prima persona. Dopo la laurea aveva scelto di insegnare dove imparano &quot;gli ultimi&quot;, le <strong>150 ore<\/strong>, poi aveva fatto il <strong>sindaco di Venegono Superiore <\/strong>e infine si era dedicata al sindacato, all&#8217;Auser e alla &ldquo;sua&rdquo; Universauser. &laquo;Era riservata, determinata, limpida &ndash; continua Agostinelli &#8211; Era molto donna . Il suo era un calvinismo temperato dalla gentilezza. Non riesco a misurarmi con questo vuoto perch&eacute; una moglie la si sceglie tutti i giorni e oggi io non la posso scegliere pi&ugrave;&raquo;.<br \/>\nA salutarla c&#8217;&egrave; il sindacato,&nbsp;soprattutto lo <strong>Spi-&nbsp;<\/strong><strong>Cgil<\/strong>, e tutto l&#8217;associazionismo varesino: dalle <strong>Acli all&#8217;Anolf <\/strong>passando per <strong>l&#8217;Anpi<\/strong>, <strong>Legambiente<\/strong>, <strong>Ciclocitt&agrave;, Libera e il Movimento consumatori<\/strong>. E ancora:&nbsp;<strong>l&#8217;Istituto storico varesino &quot;Luigi Ambrosoli&quot;,&nbsp;<\/strong>i <strong>vertici di Auser <\/strong>e il direttivo <strong>di Universauser<\/strong>, la scuola media <strong>Anna Frank<\/strong>,&nbsp;<strong>Arci<\/strong>, <strong>Agenda 21<\/strong>,&nbsp;<strong>Filmstudio<\/strong>, <strong>Uisp<\/strong>, cooperativa <strong>Nuova Urbanistica e Coop<\/strong>.&nbsp;Gli amici di sempre e i vicini di casa, i politici e gli abitanti del quartiere. La sensazione netta &egrave; che un&#8217;intera comunit&agrave; di persone sia rimasta orfana di questa madre. <br \/>\n<img loading=\"lazy\" decoding=\"async\" border=\"1\" hspace=\"5\" alt=\"\" vspace=\"5\" align=\"right\" width=\"300\" height=\"225\" src=\"https:\/\/www3.varesenews.it\/immagini_articoli\/201206\/tmax600x480_1304227856_bruna15.jpg\" \/>La commozione sale quando prende la parola la <strong>figlia Lucia<\/strong>. L&#8217;intimit&agrave; dei ricordi famigliari non crea imbarazzo, anzi, si fonde con naturalezza in<strong>&nbsp;<\/strong>un <strong>momento di dolore pubblico<\/strong>.&nbsp;&laquo;L&#8217;ho incontrata in cucina &ndash; dice Lucia &ndash; e ho appoggiato la mia testa sulle sue gambe: ero nell&#8217;unico posto dove volevo essere. Questo&nbsp;presente forte, energico, mi ha dato una nuova relazione con la speranza attraverso un percorso duro. Cerchiamo Bruna con un pizzico di silenzio e ognuno faccia battere il suo cuore&raquo;.<br \/>\nBruna non ha mai smesso di progettare. In un letto di <strong>ospedale<\/strong>, in attesa dell&#8217;operazione al cuore, telefonava agli amici <strong>dell&#8217;Universauser<\/strong> perch&eacute; &laquo;c&#8217;era molto da fare&raquo;. Lei che aveva superato tutte le distinzioni della sinistra, che non credeva alle ricette facili ma che &laquo;amava ascoltare e trovare soluzioni facendo un passo alla volta&raquo;.<br \/>\n&laquo;C&#8217;&egrave; l&#8217;orgoglio di essere stati militanti del <strong>Pci, <\/strong>un aspetto che ci ha reso sereni,&nbsp;in una dimensione civile, pacata&raquo; dice ancora Mario.&nbsp;<br \/>\nIn prima fila in c&#8217;&egrave; il figlio <strong>Guido<\/strong>, la nuora, il genero e i <strong>quattro nipoti<\/strong>: Leon, Clara, Tot&ograve; e Zeno. Un quinto &egrave; in arrivo. Nonno Mario li alza uno a uno a testimonianza di un impegno pubblico che &egrave; andato di pari passo con quello famigliare. E l&igrave; c&#8217;&egrave; il mondo che piange con loro.<\/p>\n","protected":false},"excerpt":{"rendered":"<p>Piazza De Salvo ha salutato la presidente di Universauser. Un commiato dove l&#8217;intimit\u00e0 famigliare si \u00e8 trasformata in un momento di dolore pubblico. I funerali si terranno mercoled\u00ec 20 giugno alle 11 a Venegono Superiore<\/p>\n","protected":false},"author":10,"featured_media":0,"comment_status":"open","ping_status":"open","sticky":false,"template":"","format":"standard","meta":{"footnotes":""},"categories":[5,2],"tags":[1349,1179,19847],"acf":[],"yoast_head":"<!-- This site is optimized with the Yoast SEO plugin v20.1 - https:\/\/yoast.com\/wordpress\/plugins\/seo\/ -->\n<title>Bruna Brambilla voleva cambiare il mondo<\/title>\n<meta name=\"description\" content=\"Piazza De Salvo ha salutato la presidente di Universauser. Un commiato dove l&#039;intimit\u00e0 famigliare si \u00e8 trasformata in un momento di dolore pubblico. I funerali si terranno mercoled\u00ec 20 giugno alle 11 a Venegono Superiore\" \/>\n<meta name=\"robots\" content=\"noindex, follow, max-snippet:-1, max-image-preview:large, max-video-preview:-1\" \/>\n<meta property=\"og:locale\" content=\"it_IT\" \/>\n<meta property=\"og:type\" content=\"article\" \/>\n<meta property=\"og:title\" content=\"Bruna Brambilla voleva cambiare il mondo\" \/>\n<meta property=\"og:description\" content=\"Piazza De Salvo ha salutato la presidente di Universauser. Un commiato dove l&#039;intimit\u00e0 famigliare si \u00e8 trasformata in un momento di dolore pubblico. I funerali si terranno mercoled\u00ec 20 giugno alle 11 a Venegono Superiore\" \/>\n<meta property=\"og:url\" content=\"https:\/\/staging.varesenews.it\/2012\/06\/bruna-brambilla-voleva-cambiare-il-mondo\/85654\/\" \/>\n<meta property=\"og:site_name\" content=\"VareseNews\" \/>\n<meta property=\"article:publisher\" content=\"https:\/\/www.facebook.com\/varesenews\" \/>\n<meta property=\"article:published_time\" content=\"2012-06-19T00:00:00+00:00\" \/>\n<meta property=\"og:image\" content=\"https:\/\/www3.varesenews.it\/immagini_articoli\/201206\/tmax600x480_25773292_bruna14.jpg\" \/>\n<meta name=\"author\" content=\"Redazione VareseNews\" \/>\n<meta name=\"twitter:card\" content=\"summary_large_image\" \/>\n<meta name=\"twitter:creator\" content=\"@varesenews\" \/>\n<meta name=\"twitter:site\" content=\"@varesenews\" \/>\n<meta name=\"twitter:label1\" content=\"Scritto da\" \/>\n\t<meta name=\"twitter:data1\" content=\"Redazione VareseNews\" \/>\n\t<meta name=\"twitter:label2\" content=\"Tempo di lettura stimato\" \/>\n\t<meta name=\"twitter:data2\" content=\"3 minuti\" \/>\n<script type=\"application\/ld+json\" class=\"yoast-schema-graph\">{\"@context\":\"https:\/\/schema.org\",\"@graph\":[{\"@type\":\"WebPage\",\"@id\":\"https:\/\/staging.varesenews.it\/2012\/06\/bruna-brambilla-voleva-cambiare-il-mondo\/85654\/\",\"url\":\"https:\/\/staging.varesenews.it\/2012\/06\/bruna-brambilla-voleva-cambiare-il-mondo\/85654\/\",\"name\":\"Bruna Brambilla voleva cambiare il mondo\",\"isPartOf\":{\"@id\":\"https:\/\/staging.varesenews.it\/#website\"},\"datePublished\":\"2012-06-19T00:00:00+00:00\",\"dateModified\":\"2012-06-19T00:00:00+00:00\",\"author\":{\"@id\":\"https:\/\/staging.varesenews.it\/#\/schema\/person\/fb20c4da0b7b16c291707a20db73e169\"},\"description\":\"Piazza De Salvo ha salutato la presidente di Universauser. Un commiato dove l'intimit\u00e0 famigliare si \u00e8 trasformata in un momento di dolore pubblico. I funerali si terranno mercoled\u00ec 20 giugno alle 11 a Venegono Superiore\",\"breadcrumb\":{\"@id\":\"https:\/\/staging.varesenews.it\/2012\/06\/bruna-brambilla-voleva-cambiare-il-mondo\/85654\/#breadcrumb\"},\"inLanguage\":\"it-IT\",\"potentialAction\":[{\"@type\":\"ReadAction\",\"target\":[\"https:\/\/staging.varesenews.it\/2012\/06\/bruna-brambilla-voleva-cambiare-il-mondo\/85654\/\"]}]},{\"@type\":\"BreadcrumbList\",\"@id\":\"https:\/\/staging.varesenews.it\/2012\/06\/bruna-brambilla-voleva-cambiare-il-mondo\/85654\/#breadcrumb\",\"itemListElement\":[{\"@type\":\"ListItem\",\"position\":1,\"name\":\"Home\",\"item\":\"https:\/\/www.varesenews.it\/\"},{\"@type\":\"ListItem\",\"position\":2,\"name\":\"Bruna Brambilla voleva cambiare il mondo\"}]},{\"@type\":\"WebSite\",\"@id\":\"https:\/\/staging.varesenews.it\/#website\",\"url\":\"https:\/\/staging.varesenews.it\/\",\"name\":\"VareseNews\",\"description\":\"\",\"potentialAction\":[{\"@type\":\"SearchAction\",\"target\":{\"@type\":\"EntryPoint\",\"urlTemplate\":\"https:\/\/staging.varesenews.it\/?s={search_term_string}\"},\"query-input\":\"required name=search_term_string\"}],\"inLanguage\":\"it-IT\"},{\"@type\":\"Person\",\"@id\":\"https:\/\/staging.varesenews.it\/#\/schema\/person\/fb20c4da0b7b16c291707a20db73e169\",\"name\":\"Redazione VareseNews\",\"image\":{\"@type\":\"ImageObject\",\"inLanguage\":\"it-IT\",\"@id\":\"https:\/\/staging.varesenews.it\/#\/schema\/person\/image\/\",\"url\":\"https:\/\/staging.varesenews.it\/wp-content\/uploads\/2020\/12\/logo_VN_colori_500.png\",\"contentUrl\":\"https:\/\/staging.varesenews.it\/wp-content\/uploads\/2020\/12\/logo_VN_colori_500.png\",\"caption\":\"Redazione VareseNews\"},\"url\":\"https:\/\/staging.varesenews.it\/persona\/redazione1\/\"}]}<\/script>\n<!-- \/ Yoast SEO plugin. -->","yoast_head_json":{"title":"Bruna Brambilla voleva cambiare il mondo","description":"Piazza De Salvo ha salutato la presidente di Universauser. Un commiato dove l'intimit\u00e0 famigliare si \u00e8 trasformata in un momento di dolore pubblico. I funerali si terranno mercoled\u00ec 20 giugno alle 11 a Venegono Superiore","robots":{"index":"noindex","follow":"follow","max-snippet":"max-snippet:-1","max-image-preview":"max-image-preview:large","max-video-preview":"max-video-preview:-1"},"og_locale":"it_IT","og_type":"article","og_title":"Bruna Brambilla voleva cambiare il mondo","og_description":"Piazza De Salvo ha salutato la presidente di Universauser. Un commiato dove l'intimit\u00e0 famigliare si \u00e8 trasformata in un momento di dolore pubblico. I funerali si terranno mercoled\u00ec 20 giugno alle 11 a Venegono Superiore","og_url":"https:\/\/staging.varesenews.it\/2012\/06\/bruna-brambilla-voleva-cambiare-il-mondo\/85654\/","og_site_name":"VareseNews","article_publisher":"https:\/\/www.facebook.com\/varesenews","article_published_time":"2012-06-19T00:00:00+00:00","og_image":[{"url":"https:\/\/www3.varesenews.it\/immagini_articoli\/201206\/tmax600x480_25773292_bruna14.jpg"}],"author":"Redazione VareseNews","twitter_card":"summary_large_image","twitter_creator":"@varesenews","twitter_site":"@varesenews","twitter_misc":{"Scritto da":"Redazione VareseNews","Tempo di lettura stimato":"3 minuti"},"schema":{"@context":"https:\/\/schema.org","@graph":[{"@type":"WebPage","@id":"https:\/\/staging.varesenews.it\/2012\/06\/bruna-brambilla-voleva-cambiare-il-mondo\/85654\/","url":"https:\/\/staging.varesenews.it\/2012\/06\/bruna-brambilla-voleva-cambiare-il-mondo\/85654\/","name":"Bruna Brambilla voleva cambiare il mondo","isPartOf":{"@id":"https:\/\/staging.varesenews.it\/#website"},"datePublished":"2012-06-19T00:00:00+00:00","dateModified":"2012-06-19T00:00:00+00:00","author":{"@id":"https:\/\/staging.varesenews.it\/#\/schema\/person\/fb20c4da0b7b16c291707a20db73e169"},"description":"Piazza De Salvo ha salutato la presidente di Universauser. Un commiato dove l'intimit\u00e0 famigliare si \u00e8 trasformata in un momento di dolore pubblico. I funerali si terranno mercoled\u00ec 20 giugno alle 11 a Venegono Superiore","breadcrumb":{"@id":"https:\/\/staging.varesenews.it\/2012\/06\/bruna-brambilla-voleva-cambiare-il-mondo\/85654\/#breadcrumb"},"inLanguage":"it-IT","potentialAction":[{"@type":"ReadAction","target":["https:\/\/staging.varesenews.it\/2012\/06\/bruna-brambilla-voleva-cambiare-il-mondo\/85654\/"]}]},{"@type":"BreadcrumbList","@id":"https:\/\/staging.varesenews.it\/2012\/06\/bruna-brambilla-voleva-cambiare-il-mondo\/85654\/#breadcrumb","itemListElement":[{"@type":"ListItem","position":1,"name":"Home","item":"https:\/\/www.varesenews.it\/"},{"@type":"ListItem","position":2,"name":"Bruna Brambilla voleva cambiare il mondo"}]},{"@type":"WebSite","@id":"https:\/\/staging.varesenews.it\/#website","url":"https:\/\/staging.varesenews.it\/","name":"VareseNews","description":"","potentialAction":[{"@type":"SearchAction","target":{"@type":"EntryPoint","urlTemplate":"https:\/\/staging.varesenews.it\/?s={search_term_string}"},"query-input":"required name=search_term_string"}],"inLanguage":"it-IT"},{"@type":"Person","@id":"https:\/\/staging.varesenews.it\/#\/schema\/person\/fb20c4da0b7b16c291707a20db73e169","name":"Redazione VareseNews","image":{"@type":"ImageObject","inLanguage":"it-IT","@id":"https:\/\/staging.varesenews.it\/#\/schema\/person\/image\/","url":"https:\/\/staging.varesenews.it\/wp-content\/uploads\/2020\/12\/logo_VN_colori_500.png","contentUrl":"https:\/\/staging.varesenews.it\/wp-content\/uploads\/2020\/12\/logo_VN_colori_500.png","caption":"Redazione VareseNews"},"url":"https:\/\/staging.varesenews.it\/persona\/redazione1\/"}]}},"post_meta":{"id_old":"237097","argomento":"Varese","autore_old":"m.m.","id_link_fotogallery":"302974","video":"318495"},"photos":[],"_links":{"self":[{"href":"https:\/\/staging.varesenews.it\/swgapi\/v1\/wp\/v2\/posts\/85654"}],"collection":[{"href":"https:\/\/staging.varesenews.it\/swgapi\/v1\/wp\/v2\/posts"}],"about":[{"href":"https:\/\/staging.varesenews.it\/swgapi\/v1\/wp\/v2\/types\/post"}],"author":[{"embeddable":true,"href":"https:\/\/staging.varesenews.it\/swgapi\/v1\/wp\/v2\/users\/10"}],"replies":[{"embeddable":true,"href":"https:\/\/staging.varesenews.it\/swgapi\/v1\/wp\/v2\/comments?post=85654"}],"version-history":[{"count":0,"href":"https:\/\/staging.varesenews.it\/swgapi\/v1\/wp\/v2\/posts\/85654\/revisions"}],"wp:attachment":[{"href":"https:\/\/staging.varesenews.it\/swgapi\/v1\/wp\/v2\/media?parent=85654"}],"wp:term":[{"taxonomy":"category","embeddable":true,"href":"https:\/\/staging.varesenews.it\/swgapi\/v1\/wp\/v2\/categories?post=85654"},{"taxonomy":"post_tag","embeddable":true,"href":"https:\/\/staging.varesenews.it\/swgapi\/v1\/wp\/v2\/tags?post=85654"}],"curies":[{"name":"wp","href":"https:\/\/api.w.org\/{rel}","templated":true}]}}