{"id":857650,"date":"2019-09-27T19:01:31","date_gmt":"2019-09-27T17:01:31","guid":{"rendered":"https:\/\/www.varesenews.it\/?p=857650"},"modified":"2019-09-27T19:01:31","modified_gmt":"2019-09-27T17:01:31","slug":"ufficio-anagrafe-si-amplia-lorario-apertura-al-pubblico","status":"publish","type":"post","link":"https:\/\/staging.varesenews.it\/2019\/09\/ufficio-anagrafe-si-amplia-lorario-apertura-al-pubblico\/857650\/","title":{"rendered":"Ufficio Anagrafe, si amplia l&#8217;orario di apertura al pubblico"},"content":{"rendered":"<p><strong>Dal 1 ottobre i servizi demografici amplieranno l\u2019orario di apertura al pubblico.<\/strong><br \/>\nOltre ad assicurare l&#8217;apertura ordinaria degli sportelli al mattino, dal luned\u00ec al sabato tranne il gioved\u00ec, gli uffici dei servizi demografici, anagrafe, stato civile ed elettorale saranno aperti anche due pomeriggi alla settimana, il marted\u00ec e mercoled\u00ec dalle ore 15.00 alle ore 17.30, per ricevere i cittadini che avranno fissato un appuntamento (sul sito istituzionale <a href=\"https:\/\/codaweb.teom.it\/COMUNE%20DI%20BUSTO%20ARSIZIO\">a questo link<\/a> o tramite l&#8217;ufficio relazioni con il pubblico).<\/p>\n<p>Si tratta di<strong> una risposta all\u2019esigenza dei cittadini che non hanno la possibilit\u00e0 di recarsi negli uffici comunali la mattina<\/strong>, anche nell&#8217;ottica della conciliazione dei tempi vita-lavoro, ma anche di un\u2019iniziativa che contribuir\u00e0 ad accorciare i tempi di attesa degli utenti che si rivolgono agli uffici negli orari di apertura mattutini. Su base settimanale gli uffici risulteranno aperti cinque ore in pi\u00f9 con un incremento di oltre il 20% rispetto all&#8217;orario attualmente in essere.<\/p>\n<p>\u201cDopo il successo della sperimentazione del sistema di prenotazione per il rilascio della carta di identit\u00e0 elettronica, ampliamo gli orari con due pomeriggi: abbiamo scelto il marted\u00ec e il mercoled\u00ec perch\u00e9 negli stessi pomeriggi sono aperti anche gli altri uffici comunali e quindi il cittadino pu\u00f2 recarsi in pi\u00f9 uffici nel medesimo pomeriggio. &#8211; ha commentato l\u2019assessore ai Servizi demografici (e anche al Personale e all\u2019Informatica) Gigi Farioli) &#8211; La sperimentazione \u00e8 stata progettata in totale accordo con i dipendenti che turneranno nei pomeriggi indicati. Il progetto va nella direzione di una Pubblica Amministrazione sempre meno referenziale e sempre pi\u00f9 efficace nel rispondere alle necessit\u00e0 dei cittadini\u201d.<\/p>\n<p>Il nuovo progetto, avviato per ora in via sperimentale, prevede l&#8217;accesso agli sportelli, oltre che per il rilascio della carta d&#8217;identit\u00e0 elettronica, anche per altri servizi di notevole importanza, quali la registrazione della dichiarazione di residenza e il rinnovo della dichiarazione di dimora abituale, per quanto riguarda l&#8217;ufficio anagrafe; la celebrazione di matrimoni e unioni civili, le pubblicazioni di matrimonio, i giuramenti di cittadinanza, gli accordi di separazione e divorzio, le disposizioni anticipate di trattamento per quanto riguarda l&#8217;ufficio stato civile.<\/p>\n<p>Il nuovo orario di apertura al pubblico sar\u00e0 quindi il seguente:<br \/>\nsede centrale:<br \/>\nlun.- mar.- mer. &#8211; ven. 8.30\/12.30<br \/>\nmar.- mer. 15.00\/17.30 su appuntamento<br \/>\nsabato 8.30\/12.30 su appuntamento<br \/>\nsede decentrata Borsano:<br \/>\n9.00\/12.30 mer. su appuntamento<\/p>\n<p>In orario pomeridiano e al sabato i servizi su appuntamento saranno i seguenti:<\/p>\n<h2><strong>Ufficio anagrafe<\/strong><\/h2>\n<p><strong>mar. &#8211; mer.<\/strong><br \/>\nrilascio carte d&#8217;identit\u00e0 elettroniche<br \/>\nregistrazione dichiarazioni di residenza<br \/>\nrinnovo dichiarazione dimora abituale<br \/>\n<strong>sabato<\/strong><br \/>\nrilascio carte d&#8217;identit\u00e0 elettroniche<br \/>\nregistrazione dichiarazioni di residenza<br \/>\nrilascio certificazioni (accesso libero)<\/p>\n<h2><strong>Ufficio stato civile<\/strong><\/h2>\n<p><strong>mar. &#8211; mer.<\/strong><br \/>\ncelebrazione matrimoni civili\/unioni civili (solo marted\u00ec)<br \/>\npubblicazioni di matrimonio (solo mercoled\u00ec)<br \/>\naccordi di separazione\/divorzio<br \/>\nregistrazione dichiarazioni anticipate di trattamento (DAT)<br \/>\ngiuramenti di cittadinanza<br \/>\nriconoscimenti<\/p>\n<p><strong>sabato<\/strong><br \/>\npubblicazioni di matrimonio\/matrimoni civili<br \/>\ndenunce di morte (accesso libero)<br \/>\ndenunce di nascita (accesso libero)<br \/>\nrilascio certificazioni (accesso libero)<br \/>\nUlteriori informazioni sui servizi offerti dagli uffici sono disponibili sul sito istituzionale.<\/p>\n<p>Si ricorda che per agevolare i cittadini sono attivi anche alcuni servizi on line (sempre dal sito del Comune www.comune.bustoarsizio.va.it, alla pagine dedicata ai servizi on line) che consentono di effettuare alcune operazioni senza recarsi allo sportello, e in particolare:<\/p>\n<h2><strong>1. Istanze on line<\/strong><\/h2>\n<p>Il servizio permette di presentare in modalit\u00e0 digitale, utilizzando la modulistica pubblicata sul sito, le seguenti richieste:<\/p>\n<p>STATO CIVILE<br \/>\n&#8211; Richiesta concessione della sala di Villa Tosi per matrimonio\/unione civile<br \/>\n&#8211; Richiesta di indicazione del nome in applicazione dell&#8217;art. 36 del D.P.R 3 novembre 2000 n. 396<br \/>\n&#8211; Richiesta concessione della sala del camino di Villa Calcaterra per matrimonio\/unione civile<br \/>\n&#8211; Richiesta concessione di un locale della sede comunale per matrimonio\/unione civile<br \/>\nELETTORALE<br \/>\n&#8211; Richiesta di iscrizione all&#8217;albo degli scrutatori<br \/>\n&#8211; Richiesta di iscrizione all&#8217;albo dei presidenti di seggio<br \/>\n&#8211; Richiesta di cancellazione dall&#8217;albo dei presidenti di seggio<br \/>\n&#8211; Richiesta di iscrizione all&#8217;albo dei giudici popolari<br \/>\n&#8211; Richiesta di cancellazione dall&#8217;albo dei giudici popolari<br \/>\nANAGRAFE<br \/>\n&#8211; Richiesta di iscrizione nello schedario della popolazione temporanea<\/p>\n<h2>2. Certificati on line:<\/h2>\n<p>Il servizio di certificazione on-line permette di evitare le code allo sportello e di richiedere e stampare comodamente da casa i certificati anagrafici e di stato civile, emessi con firma e timbro digitale, per s\u00e9 e per i componenti del proprio nucleo familiare. Il servizio consente anche di stampare autocertificazioni\/dichiarazioni sostitutive precompilate.<\/p>\n<p>Si possono richiedere i seguenti certificati:<br \/>\n\u2022certificato contestuale di famiglia (residenza \u2013 cittadinanza)<br \/>\n\u2022certificato di godimento dei diritti politici<br \/>\n\u2022certificato contestuale di singolo (residenza \u2013 cittadinanza \u2013 nascita)<br \/>\n\u2022certificato di residenza e cittadinanza<br \/>\n\u2022certificato di esistenza in vita<br \/>\n\u2022certificato anagrafico di nascita<br \/>\n\u2022certificato anagrafico di matrimonio<br \/>\n\u2022certificato di cittadinanza<br \/>\n\u2022certificato di stato di famiglia<br \/>\n\u2022certificato di residenza<br \/>\n\u2022certificato di stato libero<br \/>\n\u2022certificato di nascita (a partire dall&#8217;anno 1948)<br \/>\n\u2022certificato di matrimonio (a partire dall&#8217;anno 1988)<br \/>\n\u2022certificato di morte (a partire dall&#8217;anno 2000)<\/p>\n<h2>3. convenzioni con enti:<\/h2>\n<p>l\u2019amministrazione ha attivato alcune convenzioni che permettono l\u2019accesso alla banca dati anagrafica per la consultazione delle posizioni con numerosi enti sul territorio (Comando Carabinieri di Busto Arsizio, Commissariato Polizia di Stato di Busto Arsizio, Guardia di finanza Comando Provinciale di Varese, INAIL direzione territoriale di Varese, ALER Azienda Lombarda per l&#8217;Edilizia Residenziale di Varese \u2013 Como \u2013 Monza Brianza e Busto Arsizio, ASST Valle Olona, oltre che Ordine Avvocati di Busto Arsizio (da ottobre 2018)).<\/p>\n","protected":false},"excerpt":{"rendered":"<p>L&#8217;assessorato al personale guidato da Gigi Farioli ha studiato una risposta all\u2019esigenza dei cittadini che non hanno la possibilit\u00e0 di recarsi negli uffici comunali la mattina<\/p>\n","protected":false},"author":47,"featured_media":0,"comment_status":"open","ping_status":"open","sticky":false,"template":"","format":"standard","meta":{"footnotes":""},"categories":[4],"tags":[99856,15931],"acf":[],"yoast_head":"<!-- This site is optimized with the Yoast SEO plugin v20.1 - https:\/\/yoast.com\/wordpress\/plugins\/seo\/ -->\n<title>Ufficio Anagrafe, si amplia l&#039;orario di apertura al pubblico<\/title>\n<meta name=\"description\" content=\"L&#039;assessorato al personale guidato da Gigi Farioli ha studiato una risposta all\u2019esigenza dei cittadini che non hanno la possibilit\u00e0 di recarsi negli uffici comunali la mattina\" \/>\n<meta name=\"robots\" content=\"noindex, follow, max-snippet:-1, max-image-preview:large, max-video-preview:-1\" \/>\n<meta property=\"og:locale\" content=\"it_IT\" \/>\n<meta property=\"og:type\" content=\"article\" \/>\n<meta property=\"og:title\" content=\"Ufficio Anagrafe, si amplia l&#039;orario di apertura al pubblico\" \/>\n<meta property=\"og:description\" content=\"L&#039;assessorato al personale guidato da Gigi Farioli ha studiato una risposta all\u2019esigenza dei cittadini che non hanno la possibilit\u00e0 di recarsi negli uffici comunali la mattina\" \/>\n<meta property=\"og:url\" content=\"https:\/\/staging.varesenews.it\/2019\/09\/ufficio-anagrafe-si-amplia-lorario-apertura-al-pubblico\/857650\/\" \/>\n<meta property=\"og:site_name\" content=\"VareseNews\" \/>\n<meta property=\"article:publisher\" content=\"https:\/\/www.facebook.com\/varesenews\" \/>\n<meta property=\"article:published_time\" content=\"2019-09-27T17:01:31+00:00\" \/>\n<meta name=\"author\" content=\"Orlando Mastrillo\" \/>\n<meta name=\"twitter:card\" content=\"summary_large_image\" \/>\n<meta name=\"twitter:creator\" content=\"@nando_mastrillo\" \/>\n<meta name=\"twitter:site\" content=\"@varesenews\" \/>\n<meta name=\"twitter:label1\" content=\"Scritto da\" \/>\n\t<meta name=\"twitter:data1\" content=\"Orlando Mastrillo\" \/>\n\t<meta name=\"twitter:label2\" content=\"Tempo di lettura stimato\" \/>\n\t<meta name=\"twitter:data2\" content=\"4 minuti\" \/>\n<script type=\"application\/ld+json\" class=\"yoast-schema-graph\">{\"@context\":\"https:\/\/schema.org\",\"@graph\":[{\"@type\":\"WebPage\",\"@id\":\"https:\/\/staging.varesenews.it\/2019\/09\/ufficio-anagrafe-si-amplia-lorario-apertura-al-pubblico\/857650\/\",\"url\":\"https:\/\/staging.varesenews.it\/2019\/09\/ufficio-anagrafe-si-amplia-lorario-apertura-al-pubblico\/857650\/\",\"name\":\"Ufficio Anagrafe, si amplia l'orario di apertura al pubblico\",\"isPartOf\":{\"@id\":\"https:\/\/staging.varesenews.it\/#website\"},\"datePublished\":\"2019-09-27T17:01:31+00:00\",\"dateModified\":\"2019-09-27T17:01:31+00:00\",\"author\":{\"@id\":\"https:\/\/staging.varesenews.it\/#\/schema\/person\/14c47ccce537a9058dddce296f10b296\"},\"description\":\"L'assessorato al personale guidato da Gigi Farioli ha studiato una risposta all\u2019esigenza dei cittadini che non hanno la possibilit\u00e0 di recarsi negli uffici comunali la mattina\",\"breadcrumb\":{\"@id\":\"https:\/\/staging.varesenews.it\/2019\/09\/ufficio-anagrafe-si-amplia-lorario-apertura-al-pubblico\/857650\/#breadcrumb\"},\"inLanguage\":\"it-IT\",\"potentialAction\":[{\"@type\":\"ReadAction\",\"target\":[\"https:\/\/staging.varesenews.it\/2019\/09\/ufficio-anagrafe-si-amplia-lorario-apertura-al-pubblico\/857650\/\"]}]},{\"@type\":\"BreadcrumbList\",\"@id\":\"https:\/\/staging.varesenews.it\/2019\/09\/ufficio-anagrafe-si-amplia-lorario-apertura-al-pubblico\/857650\/#breadcrumb\",\"itemListElement\":[{\"@type\":\"ListItem\",\"position\":1,\"name\":\"Home\",\"item\":\"https:\/\/www.varesenews.it\/\"},{\"@type\":\"ListItem\",\"position\":2,\"name\":\"Ufficio Anagrafe, si amplia l&#8217;orario di apertura al pubblico\"}]},{\"@type\":\"WebSite\",\"@id\":\"https:\/\/staging.varesenews.it\/#website\",\"url\":\"https:\/\/staging.varesenews.it\/\",\"name\":\"VareseNews\",\"description\":\"\",\"potentialAction\":[{\"@type\":\"SearchAction\",\"target\":{\"@type\":\"EntryPoint\",\"urlTemplate\":\"https:\/\/staging.varesenews.it\/?s={search_term_string}\"},\"query-input\":\"required name=search_term_string\"}],\"inLanguage\":\"it-IT\"},{\"@type\":\"Person\",\"@id\":\"https:\/\/staging.varesenews.it\/#\/schema\/person\/14c47ccce537a9058dddce296f10b296\",\"name\":\"Orlando Mastrillo\",\"image\":{\"@type\":\"ImageObject\",\"inLanguage\":\"it-IT\",\"@id\":\"https:\/\/staging.varesenews.it\/#\/schema\/person\/image\/\",\"url\":\"https:\/\/staging.varesenews.it\/wp-content\/uploads\/2020\/12\/orlando_mastrillo_colori_500.jpg\",\"contentUrl\":\"https:\/\/staging.varesenews.it\/wp-content\/uploads\/2020\/12\/orlando_mastrillo_colori_500.jpg\",\"caption\":\"Orlando Mastrillo\"},\"description\":\"Nasco a Luino nel 1981, ho iniziato questo lavoro nell'estate del 2003 nella redazione de Il Giorno di Varese e dall'anno successivo ho intrapreso la collaborazione con VareseNews. Dopo anni nell'Alto Varesotto mi sono trasferito a Busto Arsizio nel 2007, territorio che ho iniziato a seguire e che seguo tutt'oggi. Nel 2013 sono diventato giornalista professionista. Mi occupo di cronaca politica, giudiziaria e nera in una vasta area che comprende anche parte della Valle Olona e il Legnanese. Sono sposato con Valeria Arini e ho due splendide figlie.\",\"sameAs\":[\"or_ma\",\"https:\/\/twitter.com\/nando_mastrillo\"],\"url\":\"https:\/\/staging.varesenews.it\/persona\/orlando-mastrillo1\/\"}]}<\/script>\n<!-- \/ Yoast SEO plugin. -->","yoast_head_json":{"title":"Ufficio Anagrafe, si amplia l'orario di apertura al pubblico","description":"L'assessorato al personale guidato da Gigi Farioli ha studiato una risposta all\u2019esigenza dei cittadini che non hanno la possibilit\u00e0 di recarsi negli uffici comunali la mattina","robots":{"index":"noindex","follow":"follow","max-snippet":"max-snippet:-1","max-image-preview":"max-image-preview:large","max-video-preview":"max-video-preview:-1"},"og_locale":"it_IT","og_type":"article","og_title":"Ufficio Anagrafe, si amplia l'orario di apertura al pubblico","og_description":"L'assessorato al personale guidato da Gigi Farioli ha studiato una risposta all\u2019esigenza dei cittadini che non hanno la possibilit\u00e0 di recarsi negli uffici comunali la mattina","og_url":"https:\/\/staging.varesenews.it\/2019\/09\/ufficio-anagrafe-si-amplia-lorario-apertura-al-pubblico\/857650\/","og_site_name":"VareseNews","article_publisher":"https:\/\/www.facebook.com\/varesenews","article_published_time":"2019-09-27T17:01:31+00:00","author":"Orlando Mastrillo","twitter_card":"summary_large_image","twitter_creator":"@nando_mastrillo","twitter_site":"@varesenews","twitter_misc":{"Scritto da":"Orlando Mastrillo","Tempo di lettura stimato":"4 minuti"},"schema":{"@context":"https:\/\/schema.org","@graph":[{"@type":"WebPage","@id":"https:\/\/staging.varesenews.it\/2019\/09\/ufficio-anagrafe-si-amplia-lorario-apertura-al-pubblico\/857650\/","url":"https:\/\/staging.varesenews.it\/2019\/09\/ufficio-anagrafe-si-amplia-lorario-apertura-al-pubblico\/857650\/","name":"Ufficio Anagrafe, si amplia l'orario di apertura al pubblico","isPartOf":{"@id":"https:\/\/staging.varesenews.it\/#website"},"datePublished":"2019-09-27T17:01:31+00:00","dateModified":"2019-09-27T17:01:31+00:00","author":{"@id":"https:\/\/staging.varesenews.it\/#\/schema\/person\/14c47ccce537a9058dddce296f10b296"},"description":"L'assessorato al personale guidato da Gigi Farioli ha studiato una risposta all\u2019esigenza dei cittadini che non hanno la possibilit\u00e0 di recarsi negli uffici comunali la mattina","breadcrumb":{"@id":"https:\/\/staging.varesenews.it\/2019\/09\/ufficio-anagrafe-si-amplia-lorario-apertura-al-pubblico\/857650\/#breadcrumb"},"inLanguage":"it-IT","potentialAction":[{"@type":"ReadAction","target":["https:\/\/staging.varesenews.it\/2019\/09\/ufficio-anagrafe-si-amplia-lorario-apertura-al-pubblico\/857650\/"]}]},{"@type":"BreadcrumbList","@id":"https:\/\/staging.varesenews.it\/2019\/09\/ufficio-anagrafe-si-amplia-lorario-apertura-al-pubblico\/857650\/#breadcrumb","itemListElement":[{"@type":"ListItem","position":1,"name":"Home","item":"https:\/\/www.varesenews.it\/"},{"@type":"ListItem","position":2,"name":"Ufficio Anagrafe, si amplia l&#8217;orario di apertura al pubblico"}]},{"@type":"WebSite","@id":"https:\/\/staging.varesenews.it\/#website","url":"https:\/\/staging.varesenews.it\/","name":"VareseNews","description":"","potentialAction":[{"@type":"SearchAction","target":{"@type":"EntryPoint","urlTemplate":"https:\/\/staging.varesenews.it\/?s={search_term_string}"},"query-input":"required name=search_term_string"}],"inLanguage":"it-IT"},{"@type":"Person","@id":"https:\/\/staging.varesenews.it\/#\/schema\/person\/14c47ccce537a9058dddce296f10b296","name":"Orlando Mastrillo","image":{"@type":"ImageObject","inLanguage":"it-IT","@id":"https:\/\/staging.varesenews.it\/#\/schema\/person\/image\/","url":"https:\/\/staging.varesenews.it\/wp-content\/uploads\/2020\/12\/orlando_mastrillo_colori_500.jpg","contentUrl":"https:\/\/staging.varesenews.it\/wp-content\/uploads\/2020\/12\/orlando_mastrillo_colori_500.jpg","caption":"Orlando Mastrillo"},"description":"Nasco a Luino nel 1981, ho iniziato questo lavoro nell'estate del 2003 nella redazione de Il Giorno di Varese e dall'anno successivo ho intrapreso la collaborazione con VareseNews. Dopo anni nell'Alto Varesotto mi sono trasferito a Busto Arsizio nel 2007, territorio che ho iniziato a seguire e che seguo tutt'oggi. Nel 2013 sono diventato giornalista professionista. Mi occupo di cronaca politica, giudiziaria e nera in una vasta area che comprende anche parte della Valle Olona e il Legnanese. Sono sposato con Valeria Arini e ho due splendide figlie.","sameAs":["or_ma","https:\/\/twitter.com\/nando_mastrillo"],"url":"https:\/\/staging.varesenews.it\/persona\/orlando-mastrillo1\/"}]}},"post_meta":{"_edit_lock":"1569604140:47","_edit_last":"47","_category_permalink":"a:1:{s:8:\"category\";s:0:\"\";}","ratings_users":"0","ratings_score":"0","ratings_average":"0","foto":"208222","argomento":"Busto Arsizio","_yoast_wpseo_content_score":"30","_jd_tweet_this":"yes","_wpt_short_url":"https:\/\/www.varesenews.it\/2019\/09\/ufficio-anagrafe-si-amplia-lorario-apertura-al-pubblico\/857650\/","_wp_jd_target":"https:\/\/www.varesenews.it\/2019\/09\/ufficio-anagrafe-si-amplia-lorario-apertura-al-pubblico\/857650\/","_jd_wp_twitter":"a:1:{i:0;s:177:\"Ufficio Anagrafe, si amplia l\u2019orario di apertura al pubblico https:\/\/www.varesenews.it\/2019\/09\/ufficio-anagrafe-si-amplia-lorario-apertura-al-pubblico\/857650\/ #ufficioanagrafe\";}","_wpt_status_message":"Tweet inviato con successo."},"photos":[{"original":"https:\/\/staging.varesenews.it\/photogallery_new\/images\/2011\/07\/anagrafe-ufficio-busto-arsizio-comune-documenti-208222.jpg","full":"https:\/\/staging.varesenews.it\/photogallery_new\/images\/2011\/07\/anagrafe-ufficio-busto-arsizio-comune-documenti-208222.1024x768.jpg","large":"https:\/\/staging.varesenews.it\/photogallery_new\/images\/2011\/07\/anagrafe-ufficio-busto-arsizio-comune-documenti-208222.610x431.jpg"}],"_links":{"self":[{"href":"https:\/\/staging.varesenews.it\/swgapi\/v1\/wp\/v2\/posts\/857650"}],"collection":[{"href":"https:\/\/staging.varesenews.it\/swgapi\/v1\/wp\/v2\/posts"}],"about":[{"href":"https:\/\/staging.varesenews.it\/swgapi\/v1\/wp\/v2\/types\/post"}],"author":[{"embeddable":true,"href":"https:\/\/staging.varesenews.it\/swgapi\/v1\/wp\/v2\/users\/47"}],"replies":[{"embeddable":true,"href":"https:\/\/staging.varesenews.it\/swgapi\/v1\/wp\/v2\/comments?post=857650"}],"version-history":[{"count":0,"href":"https:\/\/staging.varesenews.it\/swgapi\/v1\/wp\/v2\/posts\/857650\/revisions"}],"wp:attachment":[{"href":"https:\/\/staging.varesenews.it\/swgapi\/v1\/wp\/v2\/media?parent=857650"}],"wp:term":[{"taxonomy":"category","embeddable":true,"href":"https:\/\/staging.varesenews.it\/swgapi\/v1\/wp\/v2\/categories?post=857650"},{"taxonomy":"post_tag","embeddable":true,"href":"https:\/\/staging.varesenews.it\/swgapi\/v1\/wp\/v2\/tags?post=857650"}],"curies":[{"name":"wp","href":"https:\/\/api.w.org\/{rel}","templated":true}]}}