{"id":858654,"date":"2019-10-01T14:24:34","date_gmt":"2019-10-01T12:24:34","guid":{"rendered":"https:\/\/www.varesenews.it\/?p=858654"},"modified":"2019-10-01T14:24:34","modified_gmt":"2019-10-01T12:24:34","slug":"casa-allasta-amaro-destino-proprieta-del-plan-bregano","status":"publish","type":"post","link":"https:\/\/staging.varesenews.it\/2019\/10\/casa-allasta-amaro-destino-proprieta-del-plan-bregano\/858654\/","title":{"rendered":"Casa all&#8217;asta: amaro destino per una propriet\u00e0 del Plan di Bregano"},"content":{"rendered":"<p class=\"p1\"><strong>Nuovo doloroso atto per il Plan di Bregano<\/strong>. Andr\u00e0 presto all\u2019asta una casa con annesso garage di un proprietario che non ha versato le spese condominiali.<\/p>\n<p class=\"p1\">La ragione occorre cercarla sempre <strong>nella diatriba di \u201ccondominio\u201d<\/strong> di questo complesso di ville a schiera costruito negli anni \u201970.<\/p>\n<p class=\"p1\">Da tempo <strong>Maurizio Fulgenzi e Gianni Armiraglio<\/strong> si battono nei tribunali per vedere cancellare quella definizione di \u201ccondominio\u201d che ha di fatto cambiato gli impegni economici di chi ha acquistato casa appena completata l\u2019opera edilizia: \u00abIl condomino &#8211; spiega <strong>Fulgenzi in una nota a Firma \u201cCasa degli Italiani\u201d<\/strong> lista con cui \u00e8 stato eletto in consiglio comunale a Bregano &#8211; non \u00e8 proprietario delle cos\u00ec dette \u201c<strong>parti comuni<\/strong>\u201d (che comuni non sono) ed ha anche sporto una denuncia per truffa, di cui non si \u00e8 minimamente tenuto conto, motivata dalle richieste di spese per propriet\u00e0 non sue volte per\u00f2 a nascondere il \u201cfalso condominio\u201d, denuncia prontamente e come al solito archiviata. In realt\u00e0 il condomino, come ampiamente dimostrato, non possiede tali parti comuni che sono di propriet\u00e0 di altre persone, neppure condomini, come risulta dai rispettivi rogiti, alle quali persone si bada bene di non chiedere nulla come morosit\u00e0 altrimenti, \u00e8 chiaro, cadrebbe tutto il castello di carta del \u201csedicente condominio Plan di Bregano\u201d\u00bb.<\/p>\n<p class=\"p1\">Numerosi gli atti giudiziari e le azioni che <strong>Fulgenzi e Armiraglio hanno intentato nel corso degli anni<\/strong> con esiti contrari alle loro aspettative. Sentenze che loro considerano non corrette tanto da spingerli a proseguire in altre sedi la loro battaglia.<br \/>\nL\u2019azione che \u00e8 avvenuta anche a livello amministrativo, con domande formali poste al sindaco su cui si \u00e8 aperto anche un caso in Prefettura per il comportamento dello stesso primo cittadino.<\/p>\n<p class=\"p1\">I problemi per il Plan, dunque, proseguono : \u00abI casi di persone costrette a pagare spese condominiali del Plan di Bregano per propriet\u00e0 non loro<span class=\"Apple-converted-space\">\u00a0 <\/span>&#8211; <strong>accusa Fulgenzi<\/strong><span class=\"Apple-converted-space\">\u00a0 <\/span>&#8211; si stanno moltiplicando e su questi persone vengono fatte pressioni e minacce di ingiunzione se non si sottomettono a questo sistema palesemente illegale. Ai nuovi proprietari vengono, ovviamente, imputate le spese delle cos\u00ec dette \u201cparti comuni\u201d che, inconsapevolmente, pagano. Quanti siano i casi non \u00e8 noto ma dimostrano inequivocabilmente la natura non supercondominiale del Plan di Bregano. Recentemente ci si \u00e8 resi conto che per gli immobili abitativi del Plan di Bregano e per le autorimesse esistono soltanto delle licenze edilizie irregolari (nulle) mentre per le \u201cparti comuni\u201d non vi \u00e8 alcuna licenza. Gli immobili, quindi, potrebbero essere tutti abusivi ed i rogiti di vendita tutti nulli per il disposto della Legge 765\/67 come sancito anche dalla Corte di Cassazione con Sentenza a Sezioni Unite n. 8230 del 29\/01\/2019 o dallo Studio n. 5389\/C del Consiglio Nazionale del Notariato\u00bb.<\/p>\n<p class=\"p1\">\u00abPenso &#8211; conclude Fulgenzi &#8211; che non sia necessario aggiungere altro ricordando che nel passato era stato proposto un tavolo di discussione presso la Prefettura di Varese, mai attuato e due richieste di commissariamento del Comune di Bregano, ambedue respinte. Poi in Italia si vuole la politica del cambiamento, quando non si riesce, o meglio non si vuole riuscire, a far rispettare le leggi, neppure in un comune di poco pi\u00f9 di ottocento abitanti. E poi si parla di mafia\u00bb.<\/p>\n","protected":false},"excerpt":{"rendered":"<p>Si era rifiutato di pagare le spese condominiali ritenendole non dovute. L&#8217;opposizione denuncia nuovamente l&#8217;anomalia del condominio<\/p>\n","protected":false},"author":33,"featured_media":0,"comment_status":"open","ping_status":"open","sticky":false,"template":"","format":"standard","meta":{"footnotes":""},"categories":[2],"tags":[99990],"acf":[],"yoast_head":"<!-- This site is optimized with the Yoast SEO plugin v20.1 - https:\/\/yoast.com\/wordpress\/plugins\/seo\/ -->\n<title>Casa all&#039;asta: amaro destino per una propriet\u00e0 del Plan di Bregano<\/title>\n<meta name=\"description\" content=\"Si era rifiutato di pagare le spese condominiali ritenendole non dovute. L&#039;opposizione denuncia nuovamente l&#039;anomalia del condominio\" \/>\n<meta name=\"robots\" content=\"noindex, follow, max-snippet:-1, max-image-preview:large, max-video-preview:-1\" \/>\n<meta property=\"og:locale\" content=\"it_IT\" \/>\n<meta property=\"og:type\" content=\"article\" \/>\n<meta property=\"og:title\" content=\"Casa all&#039;asta: amaro destino per una propriet\u00e0 del Plan di Bregano\" \/>\n<meta property=\"og:description\" content=\"Si era rifiutato di pagare le spese condominiali ritenendole non dovute. L&#039;opposizione denuncia nuovamente l&#039;anomalia del condominio\" \/>\n<meta property=\"og:url\" content=\"https:\/\/www.varesenews.it\/2019\/10\/casa-allasta-amaro-destino-proprieta-del-plan-bregano\/858654\/\" \/>\n<meta property=\"og:site_name\" content=\"VareseNews\" \/>\n<meta property=\"article:publisher\" content=\"https:\/\/www.facebook.com\/varesenews\" \/>\n<meta property=\"article:author\" content=\"alessandra.toni7\" \/>\n<meta property=\"article:published_time\" content=\"2019-10-01T12:24:34+00:00\" \/>\n<meta name=\"author\" content=\"Alessandra Toni\" \/>\n<meta name=\"twitter:card\" content=\"summary_large_image\" \/>\n<meta name=\"twitter:creator\" content=\"@alessandra_toni\" \/>\n<meta name=\"twitter:site\" content=\"@varesenews\" \/>\n<meta name=\"twitter:label1\" content=\"Scritto da\" \/>\n\t<meta name=\"twitter:data1\" content=\"Alessandra Toni\" \/>\n\t<meta name=\"twitter:label2\" content=\"Tempo di lettura stimato\" \/>\n\t<meta name=\"twitter:data2\" content=\"3 minuti\" \/>\n<script type=\"application\/ld+json\" class=\"yoast-schema-graph\">{\"@context\":\"https:\/\/schema.org\",\"@graph\":[{\"@type\":\"WebPage\",\"@id\":\"https:\/\/www.varesenews.it\/2019\/10\/casa-allasta-amaro-destino-proprieta-del-plan-bregano\/858654\/\",\"url\":\"https:\/\/www.varesenews.it\/2019\/10\/casa-allasta-amaro-destino-proprieta-del-plan-bregano\/858654\/\",\"name\":\"Casa all'asta: amaro destino per una propriet\u00e0 del Plan di Bregano\",\"isPartOf\":{\"@id\":\"https:\/\/staging.varesenews.it\/#website\"},\"datePublished\":\"2019-10-01T12:24:34+00:00\",\"dateModified\":\"2019-10-01T12:24:34+00:00\",\"author\":{\"@id\":\"https:\/\/staging.varesenews.it\/#\/schema\/person\/2643ce123d4a3c9511e015dc548779b8\"},\"description\":\"Si era rifiutato di pagare le spese condominiali ritenendole non dovute. L'opposizione denuncia nuovamente l'anomalia del condominio\",\"breadcrumb\":{\"@id\":\"https:\/\/www.varesenews.it\/2019\/10\/casa-allasta-amaro-destino-proprieta-del-plan-bregano\/858654\/#breadcrumb\"},\"inLanguage\":\"it-IT\",\"potentialAction\":[{\"@type\":\"ReadAction\",\"target\":[\"https:\/\/www.varesenews.it\/2019\/10\/casa-allasta-amaro-destino-proprieta-del-plan-bregano\/858654\/\"]}]},{\"@type\":\"BreadcrumbList\",\"@id\":\"https:\/\/www.varesenews.it\/2019\/10\/casa-allasta-amaro-destino-proprieta-del-plan-bregano\/858654\/#breadcrumb\",\"itemListElement\":[{\"@type\":\"ListItem\",\"position\":1,\"name\":\"Home\",\"item\":\"https:\/\/www.varesenews.it\/\"},{\"@type\":\"ListItem\",\"position\":2,\"name\":\"Casa all&#8217;asta: amaro destino per una propriet\u00e0 del Plan di Bregano\"}]},{\"@type\":\"WebSite\",\"@id\":\"https:\/\/staging.varesenews.it\/#website\",\"url\":\"https:\/\/staging.varesenews.it\/\",\"name\":\"VareseNews\",\"description\":\"\",\"potentialAction\":[{\"@type\":\"SearchAction\",\"target\":{\"@type\":\"EntryPoint\",\"urlTemplate\":\"https:\/\/staging.varesenews.it\/?s={search_term_string}\"},\"query-input\":\"required name=search_term_string\"}],\"inLanguage\":\"it-IT\"},{\"@type\":\"Person\",\"@id\":\"https:\/\/staging.varesenews.it\/#\/schema\/person\/2643ce123d4a3c9511e015dc548779b8\",\"name\":\"Alessandra Toni\",\"image\":{\"@type\":\"ImageObject\",\"inLanguage\":\"it-IT\",\"@id\":\"https:\/\/staging.varesenews.it\/#\/schema\/person\/image\/\",\"url\":\"https:\/\/staging.varesenews.it\/wp-content\/uploads\/2020\/12\/alessandra_toni_colori_500.jpg\",\"contentUrl\":\"https:\/\/staging.varesenews.it\/wp-content\/uploads\/2020\/12\/alessandra_toni_colori_500.jpg\",\"caption\":\"Alessandra Toni\"},\"description\":\"Sono entrata nella redazione di VareseNews nel lontano anno 2000. Ero reduce da una bellissima esperienza nella redazione giornalistica della TV Nuova Antennatre, sotto la direzione dell'indimenticabile direttore Adolfo Caldarini. Sono arrivata quando era ancora una piccola realt\u00e0 editoriale e insieme abbiamo fatto un lungo ed entusiasmante lavoro. Mi occupo prevalentemente di scuola e di sanit\u00e0, settori impegnativi di grande valore sociale.\u00a0\",\"sameAs\":[\"alessandra.toni7\",\"alessandra.toni\",\"https:\/\/twitter.com\/alessandra_toni\"],\"url\":\"https:\/\/staging.varesenews.it\/persona\/alessandra_toni1\/\"}]}<\/script>\n<!-- \/ Yoast SEO plugin. -->","yoast_head_json":{"title":"Casa all'asta: amaro destino per una propriet\u00e0 del Plan di Bregano","description":"Si era rifiutato di pagare le spese condominiali ritenendole non dovute. L'opposizione denuncia nuovamente l'anomalia del condominio","robots":{"index":"noindex","follow":"follow","max-snippet":"max-snippet:-1","max-image-preview":"max-image-preview:large","max-video-preview":"max-video-preview:-1"},"og_locale":"it_IT","og_type":"article","og_title":"Casa all'asta: amaro destino per una propriet\u00e0 del Plan di Bregano","og_description":"Si era rifiutato di pagare le spese condominiali ritenendole non dovute. L'opposizione denuncia nuovamente l'anomalia del condominio","og_url":"https:\/\/www.varesenews.it\/2019\/10\/casa-allasta-amaro-destino-proprieta-del-plan-bregano\/858654\/","og_site_name":"VareseNews","article_publisher":"https:\/\/www.facebook.com\/varesenews","article_author":"alessandra.toni7","article_published_time":"2019-10-01T12:24:34+00:00","author":"Alessandra Toni","twitter_card":"summary_large_image","twitter_creator":"@alessandra_toni","twitter_site":"@varesenews","twitter_misc":{"Scritto da":"Alessandra Toni","Tempo di lettura stimato":"3 minuti"},"schema":{"@context":"https:\/\/schema.org","@graph":[{"@type":"WebPage","@id":"https:\/\/www.varesenews.it\/2019\/10\/casa-allasta-amaro-destino-proprieta-del-plan-bregano\/858654\/","url":"https:\/\/www.varesenews.it\/2019\/10\/casa-allasta-amaro-destino-proprieta-del-plan-bregano\/858654\/","name":"Casa all'asta: amaro destino per una propriet\u00e0 del Plan di Bregano","isPartOf":{"@id":"https:\/\/staging.varesenews.it\/#website"},"datePublished":"2019-10-01T12:24:34+00:00","dateModified":"2019-10-01T12:24:34+00:00","author":{"@id":"https:\/\/staging.varesenews.it\/#\/schema\/person\/2643ce123d4a3c9511e015dc548779b8"},"description":"Si era rifiutato di pagare le spese condominiali ritenendole non dovute. L'opposizione denuncia nuovamente l'anomalia del condominio","breadcrumb":{"@id":"https:\/\/www.varesenews.it\/2019\/10\/casa-allasta-amaro-destino-proprieta-del-plan-bregano\/858654\/#breadcrumb"},"inLanguage":"it-IT","potentialAction":[{"@type":"ReadAction","target":["https:\/\/www.varesenews.it\/2019\/10\/casa-allasta-amaro-destino-proprieta-del-plan-bregano\/858654\/"]}]},{"@type":"BreadcrumbList","@id":"https:\/\/www.varesenews.it\/2019\/10\/casa-allasta-amaro-destino-proprieta-del-plan-bregano\/858654\/#breadcrumb","itemListElement":[{"@type":"ListItem","position":1,"name":"Home","item":"https:\/\/www.varesenews.it\/"},{"@type":"ListItem","position":2,"name":"Casa all&#8217;asta: amaro destino per una propriet\u00e0 del Plan di Bregano"}]},{"@type":"WebSite","@id":"https:\/\/staging.varesenews.it\/#website","url":"https:\/\/staging.varesenews.it\/","name":"VareseNews","description":"","potentialAction":[{"@type":"SearchAction","target":{"@type":"EntryPoint","urlTemplate":"https:\/\/staging.varesenews.it\/?s={search_term_string}"},"query-input":"required name=search_term_string"}],"inLanguage":"it-IT"},{"@type":"Person","@id":"https:\/\/staging.varesenews.it\/#\/schema\/person\/2643ce123d4a3c9511e015dc548779b8","name":"Alessandra Toni","image":{"@type":"ImageObject","inLanguage":"it-IT","@id":"https:\/\/staging.varesenews.it\/#\/schema\/person\/image\/","url":"https:\/\/staging.varesenews.it\/wp-content\/uploads\/2020\/12\/alessandra_toni_colori_500.jpg","contentUrl":"https:\/\/staging.varesenews.it\/wp-content\/uploads\/2020\/12\/alessandra_toni_colori_500.jpg","caption":"Alessandra Toni"},"description":"Sono entrata nella redazione di VareseNews nel lontano anno 2000. Ero reduce da una bellissima esperienza nella redazione giornalistica della TV Nuova Antennatre, sotto la direzione dell'indimenticabile direttore Adolfo Caldarini. Sono arrivata quando era ancora una piccola realt\u00e0 editoriale e insieme abbiamo fatto un lungo ed entusiasmante lavoro. Mi occupo prevalentemente di scuola e di sanit\u00e0, settori impegnativi di grande valore sociale.\u00a0","sameAs":["alessandra.toni7","alessandra.toni","https:\/\/twitter.com\/alessandra_toni"],"url":"https:\/\/staging.varesenews.it\/persona\/alessandra_toni1\/"}]}},"post_meta":{"_edit_lock":"1569932675:33","_edit_last":"33","_category_permalink":"a:1:{s:8:\"category\";s:0:\"\";}","foto":"485108","firma_come_redazione":"1","argomento":"Bregano","_yoast_wpseo_content_score":"30","_jd_tweet_this":"yes","ratings_users":"0","ratings_score":"0","ratings_average":"0","_wpt_short_url":"https:\/\/www.varesenews.it\/2019\/10\/casa-allasta-amaro-destino-proprieta-del-plan-bregano\/858654\/","_wp_jd_target":"https:\/\/www.varesenews.it\/2019\/10\/casa-allasta-amaro-destino-proprieta-del-plan-bregano\/858654\/","_jd_wp_twitter":"a:1:{i:0;s:178:\"Casa all\u2019asta: amaro destino per una propriet\u00e0 del Plan di Bregano https:\/\/www.varesenews.it\/2019\/10\/casa-allasta-amaro-destino-proprieta-del-plan-bregano\/858654\/ #planbregano\";}","_wpt_status_message":"Tweet inviato con successo."},"photos":[{"original":"https:\/\/staging.varesenews.it\/photogallery_new\/images\/2015\/09\/141tour-bregano-485108.jpg","full":"https:\/\/staging.varesenews.it\/photogallery_new\/images\/2015\/09\/141tour-bregano-485108.1024x768.jpg","large":"https:\/\/staging.varesenews.it\/photogallery_new\/images\/2015\/09\/141tour-bregano-485108.610x431.jpg"}],"_links":{"self":[{"href":"https:\/\/staging.varesenews.it\/swgapi\/v1\/wp\/v2\/posts\/858654"}],"collection":[{"href":"https:\/\/staging.varesenews.it\/swgapi\/v1\/wp\/v2\/posts"}],"about":[{"href":"https:\/\/staging.varesenews.it\/swgapi\/v1\/wp\/v2\/types\/post"}],"author":[{"embeddable":true,"href":"https:\/\/staging.varesenews.it\/swgapi\/v1\/wp\/v2\/users\/33"}],"replies":[{"embeddable":true,"href":"https:\/\/staging.varesenews.it\/swgapi\/v1\/wp\/v2\/comments?post=858654"}],"version-history":[{"count":0,"href":"https:\/\/staging.varesenews.it\/swgapi\/v1\/wp\/v2\/posts\/858654\/revisions"}],"wp:attachment":[{"href":"https:\/\/staging.varesenews.it\/swgapi\/v1\/wp\/v2\/media?parent=858654"}],"wp:term":[{"taxonomy":"category","embeddable":true,"href":"https:\/\/staging.varesenews.it\/swgapi\/v1\/wp\/v2\/categories?post=858654"},{"taxonomy":"post_tag","embeddable":true,"href":"https:\/\/staging.varesenews.it\/swgapi\/v1\/wp\/v2\/tags?post=858654"}],"curies":[{"name":"wp","href":"https:\/\/api.w.org\/{rel}","templated":true}]}}