{"id":859698,"date":"2019-10-04T10:29:16","date_gmt":"2019-10-04T08:29:16","guid":{"rendered":"https:\/\/www.varesenews.it\/?p=859698"},"modified":"2019-10-04T10:29:16","modified_gmt":"2019-10-04T08:29:16","slug":"coppa-italia-eccellenza-avanza-verbano","status":"publish","type":"post","link":"https:\/\/staging.varesenews.it\/2019\/10\/coppa-italia-eccellenza-avanza-verbano\/859698\/","title":{"rendered":"Coppa Italia Eccellenza, avanza il Verbano"},"content":{"rendered":"<p><em>(Foto Facebook &#8211;\u00a0<a id=\"js_61r\" class=\"_hli\" href=\"https:\/\/www.facebook.com\/vertovesecalcio\/?__xts__%5B0%5D=68.ARBJwCUoslSffRI9hI5R6Jw-InqR6by1xIaTmnCAkj9YTXW_B2M91SqAy0cH-jhgZ-c83GWrIimklVQ30v0jQJ_e9ZQYG4ZiXTIma1g6T5nQxdbbp77wR_wIq6MSelhHi-7OkaMvlnIVHMih-61fzXiS750NlbNz92gGvL_Gt0SEiMUoeGnuGetSlZb6YEE35eDMwowQUi9k_5xQf7i4wYNrMyH5D44p8opsQBE03Dsm7fak9vJEA74Vl_HvtgzCzBqJr-jaMPPUUxlgkzNeazMmLePXwca1diP6RuxgufoDQFqbkFbiThXv_uPnsRKv408M&amp;__tn__=k%2AF&amp;tn-str=k%2AF\" data-ft=\"{&quot;tn&quot;:&quot;k&quot;}\" data-hovercard=\"\/ajax\/hovercard\/page.php?id=527979814024382&amp;extragetparams=%7B%22tn-str%22%3A%22k%2AF%22%7D\" data-hovercard-prefer-more-content-show=\"1\" aria-describedby=\"u_c3_1\" aria-owns=\"\">Vertovese Calcio<\/a>)<\/em><\/p>\n<p class=\"p1\">Settimana di Coppa Italia per l\u2019Eccellenza. Tra mercoled\u00ec 2 e gioved\u00ec 3 ottobre sono andati in scena gli ottavi di finale della competizione lombarda.<\/p>\n<p class=\"p1\">L\u2019unica varesotto impegnata era il Verbano, che mercoled\u00ec 2 ottobre a Besozzo ha battuto 3-1 la Vertovese conquistando i quarti di finale.<\/p>\n<p class=\"p1\">Marted\u00ec il Fenegr\u00f2 ha espugnato 2-1 Settimo Milanese, mentre la Grumellese si \u00e8 imposta 3-0 sull\u2019AlbinoGandino.<\/p>\n<p class=\"p1\">Mercoled\u00ec hanno passato il turno il Valcalepio, 3-1 a Calvairate, la Casatese, 2-0 sulla Rhodesnse, l\u2019Ardor Lazzate che ha battuto 4-2 la Castanese e il Telgate, vittorioso 1-0 sull\u2019Alcione.<\/p>\n<p class=\"p1\">Gioved\u00ec l\u2019ultima sfida, il derby pavese tra Vogherese e Pavia \u00e8 stato vinto ai calci di rigore dal Pavia di mister Giuliano Melosi dopo lo 0-0 dei tempi regolamentari.<\/p>\n","protected":false},"excerpt":{"rendered":"<p>I rossoneri battono 3-1 la Vertovese e accedono ai quarti di finale<\/p>\n","protected":false},"author":37,"featured_media":0,"comment_status":"open","ping_status":"open","sticky":false,"template":"","format":"standard","meta":{"footnotes":""},"categories":[14],"tags":[144,50857,18966],"acf":[],"yoast_head":"<!-- This site is optimized with the Yoast SEO plugin v20.1 - https:\/\/yoast.com\/wordpress\/plugins\/seo\/ -->\n<title>Coppa Italia Eccellenza, avanza il Verbano<\/title>\n<meta name=\"description\" content=\"I rossoneri battono 3-1 la Vertovese e accedono ai quarti di finale\" \/>\n<meta name=\"robots\" content=\"noindex, follow, max-snippet:-1, max-image-preview:large, max-video-preview:-1\" \/>\n<meta property=\"og:locale\" content=\"it_IT\" \/>\n<meta property=\"og:type\" content=\"article\" \/>\n<meta property=\"og:title\" content=\"Coppa Italia Eccellenza, avanza il Verbano\" \/>\n<meta property=\"og:description\" content=\"I rossoneri battono 3-1 la Vertovese e accedono ai quarti di finale\" \/>\n<meta property=\"og:url\" content=\"https:\/\/staging.varesenews.it\/2019\/10\/coppa-italia-eccellenza-avanza-verbano\/859698\/\" \/>\n<meta property=\"og:site_name\" content=\"VareseNews\" \/>\n<meta property=\"article:publisher\" content=\"https:\/\/www.facebook.com\/varesenews\" \/>\n<meta property=\"article:published_time\" content=\"2019-10-04T08:29:16+00:00\" \/>\n<meta name=\"author\" content=\"Francesco Mazzoleni\" \/>\n<meta name=\"twitter:card\" content=\"summary_large_image\" \/>\n<meta name=\"twitter:creator\" content=\"@fmazzof\" \/>\n<meta name=\"twitter:site\" content=\"@varesenews\" \/>\n<meta name=\"twitter:label1\" content=\"Scritto da\" \/>\n\t<meta name=\"twitter:data1\" content=\"Francesco Mazzoleni\" \/>\n\t<meta name=\"twitter:label2\" content=\"Tempo di lettura stimato\" \/>\n\t<meta name=\"twitter:data2\" content=\"1 minuto\" \/>\n<script type=\"application\/ld+json\" class=\"yoast-schema-graph\">{\"@context\":\"https:\/\/schema.org\",\"@graph\":[{\"@type\":\"WebPage\",\"@id\":\"https:\/\/staging.varesenews.it\/2019\/10\/coppa-italia-eccellenza-avanza-verbano\/859698\/\",\"url\":\"https:\/\/staging.varesenews.it\/2019\/10\/coppa-italia-eccellenza-avanza-verbano\/859698\/\",\"name\":\"Coppa Italia Eccellenza, avanza il Verbano\",\"isPartOf\":{\"@id\":\"https:\/\/staging.varesenews.it\/#website\"},\"datePublished\":\"2019-10-04T08:29:16+00:00\",\"dateModified\":\"2019-10-04T08:29:16+00:00\",\"author\":{\"@id\":\"https:\/\/staging.varesenews.it\/#\/schema\/person\/e82236e79160d30d4e1f942004ac3038\"},\"description\":\"I rossoneri battono 3-1 la Vertovese e accedono ai quarti di finale\",\"breadcrumb\":{\"@id\":\"https:\/\/staging.varesenews.it\/2019\/10\/coppa-italia-eccellenza-avanza-verbano\/859698\/#breadcrumb\"},\"inLanguage\":\"it-IT\",\"potentialAction\":[{\"@type\":\"ReadAction\",\"target\":[\"https:\/\/staging.varesenews.it\/2019\/10\/coppa-italia-eccellenza-avanza-verbano\/859698\/\"]}]},{\"@type\":\"BreadcrumbList\",\"@id\":\"https:\/\/staging.varesenews.it\/2019\/10\/coppa-italia-eccellenza-avanza-verbano\/859698\/#breadcrumb\",\"itemListElement\":[{\"@type\":\"ListItem\",\"position\":1,\"name\":\"Home\",\"item\":\"https:\/\/www.varesenews.it\/\"},{\"@type\":\"ListItem\",\"position\":2,\"name\":\"Coppa Italia Eccellenza, avanza il Verbano\"}]},{\"@type\":\"WebSite\",\"@id\":\"https:\/\/staging.varesenews.it\/#website\",\"url\":\"https:\/\/staging.varesenews.it\/\",\"name\":\"VareseNews\",\"description\":\"\",\"potentialAction\":[{\"@type\":\"SearchAction\",\"target\":{\"@type\":\"EntryPoint\",\"urlTemplate\":\"https:\/\/staging.varesenews.it\/?s={search_term_string}\"},\"query-input\":\"required name=search_term_string\"}],\"inLanguage\":\"it-IT\"},{\"@type\":\"Person\",\"@id\":\"https:\/\/staging.varesenews.it\/#\/schema\/person\/e82236e79160d30d4e1f942004ac3038\",\"name\":\"Francesco Mazzoleni\",\"image\":{\"@type\":\"ImageObject\",\"inLanguage\":\"it-IT\",\"@id\":\"https:\/\/staging.varesenews.it\/#\/schema\/person\/image\/\",\"url\":\"https:\/\/staging.varesenews.it\/wp-content\/uploads\/2020\/12\/francesco_mazzoleni_colori_500-1.jpg\",\"contentUrl\":\"https:\/\/staging.varesenews.it\/wp-content\/uploads\/2020\/12\/francesco_mazzoleni_colori_500-1.jpg\",\"caption\":\"Francesco Mazzoleni\"},\"description\":\"\\\"Uomo di campo\\\" della redazione sportiva. Nutro una vera passione per il calcio, che sia ad alti livelli, sui campi di provincia o in altri continenti. Sono nato a Varese nel 1984, vivo da sempre a Malnate e ho una laurea in Scienze Motorie. Ho mosso i primi passi a VareseNews da stagista nel 2002; nel 2008 ho iniziato a collaborare con maggiore continuit\u00e0 e dal 2018 sono giornalista professionista. Orgoglioso pap\u00e0 di Federico e Adelaide.\",\"sameAs\":[\"fmazzof\",\"it.linkedin.com\/in\/francescomazzolenif\",\"https:\/\/twitter.com\/fmazzof\"],\"url\":\"https:\/\/staging.varesenews.it\/persona\/francesco_mazzoleniferracini\/\"}]}<\/script>\n<!-- \/ Yoast SEO plugin. -->","yoast_head_json":{"title":"Coppa Italia Eccellenza, avanza il Verbano","description":"I rossoneri battono 3-1 la Vertovese e accedono ai quarti di finale","robots":{"index":"noindex","follow":"follow","max-snippet":"max-snippet:-1","max-image-preview":"max-image-preview:large","max-video-preview":"max-video-preview:-1"},"og_locale":"it_IT","og_type":"article","og_title":"Coppa Italia Eccellenza, avanza il Verbano","og_description":"I rossoneri battono 3-1 la Vertovese e accedono ai quarti di finale","og_url":"https:\/\/staging.varesenews.it\/2019\/10\/coppa-italia-eccellenza-avanza-verbano\/859698\/","og_site_name":"VareseNews","article_publisher":"https:\/\/www.facebook.com\/varesenews","article_published_time":"2019-10-04T08:29:16+00:00","author":"Francesco Mazzoleni","twitter_card":"summary_large_image","twitter_creator":"@fmazzof","twitter_site":"@varesenews","twitter_misc":{"Scritto da":"Francesco Mazzoleni","Tempo di lettura stimato":"1 minuto"},"schema":{"@context":"https:\/\/schema.org","@graph":[{"@type":"WebPage","@id":"https:\/\/staging.varesenews.it\/2019\/10\/coppa-italia-eccellenza-avanza-verbano\/859698\/","url":"https:\/\/staging.varesenews.it\/2019\/10\/coppa-italia-eccellenza-avanza-verbano\/859698\/","name":"Coppa Italia Eccellenza, avanza il Verbano","isPartOf":{"@id":"https:\/\/staging.varesenews.it\/#website"},"datePublished":"2019-10-04T08:29:16+00:00","dateModified":"2019-10-04T08:29:16+00:00","author":{"@id":"https:\/\/staging.varesenews.it\/#\/schema\/person\/e82236e79160d30d4e1f942004ac3038"},"description":"I rossoneri battono 3-1 la Vertovese e accedono ai quarti di finale","breadcrumb":{"@id":"https:\/\/staging.varesenews.it\/2019\/10\/coppa-italia-eccellenza-avanza-verbano\/859698\/#breadcrumb"},"inLanguage":"it-IT","potentialAction":[{"@type":"ReadAction","target":["https:\/\/staging.varesenews.it\/2019\/10\/coppa-italia-eccellenza-avanza-verbano\/859698\/"]}]},{"@type":"BreadcrumbList","@id":"https:\/\/staging.varesenews.it\/2019\/10\/coppa-italia-eccellenza-avanza-verbano\/859698\/#breadcrumb","itemListElement":[{"@type":"ListItem","position":1,"name":"Home","item":"https:\/\/www.varesenews.it\/"},{"@type":"ListItem","position":2,"name":"Coppa Italia Eccellenza, avanza il Verbano"}]},{"@type":"WebSite","@id":"https:\/\/staging.varesenews.it\/#website","url":"https:\/\/staging.varesenews.it\/","name":"VareseNews","description":"","potentialAction":[{"@type":"SearchAction","target":{"@type":"EntryPoint","urlTemplate":"https:\/\/staging.varesenews.it\/?s={search_term_string}"},"query-input":"required name=search_term_string"}],"inLanguage":"it-IT"},{"@type":"Person","@id":"https:\/\/staging.varesenews.it\/#\/schema\/person\/e82236e79160d30d4e1f942004ac3038","name":"Francesco Mazzoleni","image":{"@type":"ImageObject","inLanguage":"it-IT","@id":"https:\/\/staging.varesenews.it\/#\/schema\/person\/image\/","url":"https:\/\/staging.varesenews.it\/wp-content\/uploads\/2020\/12\/francesco_mazzoleni_colori_500-1.jpg","contentUrl":"https:\/\/staging.varesenews.it\/wp-content\/uploads\/2020\/12\/francesco_mazzoleni_colori_500-1.jpg","caption":"Francesco Mazzoleni"},"description":"\"Uomo di campo\" della redazione sportiva. Nutro una vera passione per il calcio, che sia ad alti livelli, sui campi di provincia o in altri continenti. Sono nato a Varese nel 1984, vivo da sempre a Malnate e ho una laurea in Scienze Motorie. Ho mosso i primi passi a VareseNews da stagista nel 2002; nel 2008 ho iniziato a collaborare con maggiore continuit\u00e0 e dal 2018 sono giornalista professionista. Orgoglioso pap\u00e0 di Federico e Adelaide.","sameAs":["fmazzof","it.linkedin.com\/in\/francescomazzolenif","https:\/\/twitter.com\/fmazzof"],"url":"https:\/\/staging.varesenews.it\/persona\/francesco_mazzoleniferracini\/"}]}},"post_meta":{"_edit_lock":"1570183490:37","_edit_last":"37","_category_permalink":"a:1:{s:8:\"category\";s:2:\"14\";}","ratings_users":"0","ratings_score":"0","ratings_average":"0","foto":"761572","firma_come_redazione":"1","argomento":"Calcio - Dilettanti","_yoast_wpseo_content_score":"30","_jd_tweet_this":"yes","_wpt_short_url":"https:\/\/www.varesenews.it\/2019\/10\/coppa-italia-eccellenza-avanza-verbano\/859698\/","_wp_jd_target":"https:\/\/www.varesenews.it\/2019\/10\/coppa-italia-eccellenza-avanza-verbano\/859698\/","_jd_wp_twitter":"a:1:{i:0;s:146:\"Coppa Italia Eccellenza, avanza il Verbano https:\/\/www.varesenews.it\/2019\/10\/coppa-italia-eccellenza-avanza-verbano\/859698\/ #calcio #verbanocalcio\";}","_wpt_status_message":"Tweet inviato con successo."},"photos":[{"original":"https:\/\/staging.varesenews.it\/photogallery_new\/images\/2019\/10\/verbano-vertovese-calcio-761572.jpg","full":"https:\/\/staging.varesenews.it\/photogallery_new\/images\/2019\/10\/verbano-vertovese-calcio-761572.1024x768.jpg","large":"https:\/\/staging.varesenews.it\/photogallery_new\/images\/2019\/10\/verbano-vertovese-calcio-761572.610x431.jpg"}],"_links":{"self":[{"href":"https:\/\/staging.varesenews.it\/swgapi\/v1\/wp\/v2\/posts\/859698"}],"collection":[{"href":"https:\/\/staging.varesenews.it\/swgapi\/v1\/wp\/v2\/posts"}],"about":[{"href":"https:\/\/staging.varesenews.it\/swgapi\/v1\/wp\/v2\/types\/post"}],"author":[{"embeddable":true,"href":"https:\/\/staging.varesenews.it\/swgapi\/v1\/wp\/v2\/users\/37"}],"replies":[{"embeddable":true,"href":"https:\/\/staging.varesenews.it\/swgapi\/v1\/wp\/v2\/comments?post=859698"}],"version-history":[{"count":0,"href":"https:\/\/staging.varesenews.it\/swgapi\/v1\/wp\/v2\/posts\/859698\/revisions"}],"wp:attachment":[{"href":"https:\/\/staging.varesenews.it\/swgapi\/v1\/wp\/v2\/media?parent=859698"}],"wp:term":[{"taxonomy":"category","embeddable":true,"href":"https:\/\/staging.varesenews.it\/swgapi\/v1\/wp\/v2\/categories?post=859698"},{"taxonomy":"post_tag","embeddable":true,"href":"https:\/\/staging.varesenews.it\/swgapi\/v1\/wp\/v2\/tags?post=859698"}],"curies":[{"name":"wp","href":"https:\/\/api.w.org\/{rel}","templated":true}]}}