{"id":861091,"date":"2019-10-08T18:31:24","date_gmt":"2019-10-08T16:31:24","guid":{"rendered":"https:\/\/www.varesenews.it\/?p=861091"},"modified":"2019-10-08T20:15:05","modified_gmt":"2019-10-08T18:15:05","slug":"varese-cerca-sette-nuovi-vigili","status":"publish","type":"post","link":"https:\/\/staging.varesenews.it\/2019\/10\/varese-cerca-sette-nuovi-vigili\/861091\/","title":{"rendered":"Varese cerca sette nuovi vigili"},"content":{"rendered":"<p>Palazzo Estense ha pubblicato questa mattina, 8 ottobre,\u00a0 il <a href=\"https:\/\/www.comune.varese.it\/concorsi\">bando del concorso pubblico per esami <\/a>che porter\u00e0 all&#8217;assunzione di quattro agenti di Polizia locale entro la fine dell&#8217;anno, cui se ne aggiungeranno altri tre nel 2020.<\/p>\n<p>Il bando rester\u00e0 aperto fino a gioved\u00ec 7 novembre ed \u00e8 pubblicato sull&#8217;albo pretorio comunale, alla pagina \u201cRicerca di personale\/Concorsi\u201d e sull&#8217;homepage del sito di Palazzo Estense. Per partecipare \u00e8 necessario essere in possesso dei requisiti generale per l&#8217;accesso al pubblico impiego, di un diploma di scuola media superiore o di un diploma di maturit\u00e0, della patente di guida categoria B e avere un&#8217;et\u00e0 massima di 35 anni.<\/p>\n<p>La domanda di partecipazione potr\u00e0 essere consegnata direttamente all<strong>&#8216;ufficio Ricerca e selezione del personale di Villa Baragiola<\/strong> (dal luned\u00ec al venerd\u00ec, dalle 8.30 alle 12.00); trasmessa mediante raccomandata a\/r, con fotocopia di un documento di riconoscimento e indirizzata a Comune di Varese \u2013 ufficio Ricerca e selezione del personale \u2013 via Sacco n.5 \u2013 21100 Varese; via posta elettronica certificata all&#8217;indirizzo protocollo@comune.varese.legalmail.it, indicando nell&#8217;oggetto: \u201ccognome\/nome, concorso n. 7 Agenti di Polizia Locale\u201d.<\/p>\n<p>\u00abUna maggiore presenza \u2013 afferma il vicesindaco <strong>Daniele Zanzi<\/strong> \u2013 per aumentare sempre pi\u00f9 la sicurezza in citt\u00e0. Ancora una volta dalla nostra amministrazione arrivano risposte concrete: con questa nuova iniziativa renderemo possibili pi\u00f9 efficaci presidi sia in centro che nei quartieri\u00bb.<\/p>\n","protected":false},"excerpt":{"rendered":"<p>Quattro entro fine anno, tre nel 2020: pubblicto Il bando per il concorso pubblico<\/p>\n","protected":false},"author":48,"featured_media":0,"comment_status":"open","ping_status":"open","sticky":false,"template":"","format":"standard","meta":{"footnotes":""},"categories":[2],"tags":[15406],"acf":[],"yoast_head":"<!-- This site is optimized with the Yoast SEO plugin v20.1 - https:\/\/yoast.com\/wordpress\/plugins\/seo\/ -->\n<title>Varese cerca sette nuovi vigili<\/title>\n<meta name=\"description\" content=\"Quattro entro fine anno, tre nel 2020: pubblicto Il bando per il concorso pubblico\" \/>\n<meta name=\"robots\" content=\"noindex, follow, max-snippet:-1, max-image-preview:large, max-video-preview:-1\" \/>\n<meta property=\"og:locale\" content=\"it_IT\" \/>\n<meta property=\"og:type\" content=\"article\" \/>\n<meta property=\"og:title\" content=\"Varese cerca sette nuovi vigili\" \/>\n<meta property=\"og:description\" content=\"Quattro entro fine anno, tre nel 2020: pubblicto Il bando per il concorso pubblico\" \/>\n<meta property=\"og:url\" content=\"https:\/\/staging.varesenews.it\/2019\/10\/varese-cerca-sette-nuovi-vigili\/861091\/\" \/>\n<meta property=\"og:site_name\" content=\"VareseNews\" \/>\n<meta property=\"article:publisher\" content=\"https:\/\/www.facebook.com\/varesenews\" \/>\n<meta property=\"article:author\" content=\"https:\/\/www.facebook.com\/stefaniaradman\" \/>\n<meta property=\"article:published_time\" content=\"2019-10-08T16:31:24+00:00\" \/>\n<meta property=\"article:modified_time\" content=\"2019-10-08T18:15:05+00:00\" \/>\n<meta name=\"author\" content=\"Stefania Radman\" \/>\n<meta name=\"twitter:card\" content=\"summary_large_image\" \/>\n<meta name=\"twitter:creator\" content=\"@LaRadman\" \/>\n<meta name=\"twitter:site\" content=\"@varesenews\" \/>\n<meta name=\"twitter:label1\" content=\"Scritto da\" \/>\n\t<meta name=\"twitter:data1\" content=\"Stefania Radman\" \/>\n\t<meta name=\"twitter:label2\" content=\"Tempo di lettura stimato\" \/>\n\t<meta name=\"twitter:data2\" content=\"1 minuto\" \/>\n<script type=\"application\/ld+json\" class=\"yoast-schema-graph\">{\"@context\":\"https:\/\/schema.org\",\"@graph\":[{\"@type\":\"WebPage\",\"@id\":\"https:\/\/staging.varesenews.it\/2019\/10\/varese-cerca-sette-nuovi-vigili\/861091\/\",\"url\":\"https:\/\/staging.varesenews.it\/2019\/10\/varese-cerca-sette-nuovi-vigili\/861091\/\",\"name\":\"Varese cerca sette nuovi vigili\",\"isPartOf\":{\"@id\":\"https:\/\/staging.varesenews.it\/#website\"},\"datePublished\":\"2019-10-08T16:31:24+00:00\",\"dateModified\":\"2019-10-08T18:15:05+00:00\",\"author\":{\"@id\":\"https:\/\/staging.varesenews.it\/#\/schema\/person\/995d2e6a31c67237a9a1bc1f0079f3aa\"},\"description\":\"Quattro entro fine anno, tre nel 2020: pubblicto Il bando per il concorso pubblico\",\"breadcrumb\":{\"@id\":\"https:\/\/staging.varesenews.it\/2019\/10\/varese-cerca-sette-nuovi-vigili\/861091\/#breadcrumb\"},\"inLanguage\":\"it-IT\",\"potentialAction\":[{\"@type\":\"ReadAction\",\"target\":[\"https:\/\/staging.varesenews.it\/2019\/10\/varese-cerca-sette-nuovi-vigili\/861091\/\"]}]},{\"@type\":\"BreadcrumbList\",\"@id\":\"https:\/\/staging.varesenews.it\/2019\/10\/varese-cerca-sette-nuovi-vigili\/861091\/#breadcrumb\",\"itemListElement\":[{\"@type\":\"ListItem\",\"position\":1,\"name\":\"Home\",\"item\":\"https:\/\/www.varesenews.it\/\"},{\"@type\":\"ListItem\",\"position\":2,\"name\":\"Varese cerca sette nuovi vigili\"}]},{\"@type\":\"WebSite\",\"@id\":\"https:\/\/staging.varesenews.it\/#website\",\"url\":\"https:\/\/staging.varesenews.it\/\",\"name\":\"VareseNews\",\"description\":\"\",\"potentialAction\":[{\"@type\":\"SearchAction\",\"target\":{\"@type\":\"EntryPoint\",\"urlTemplate\":\"https:\/\/staging.varesenews.it\/?s={search_term_string}\"},\"query-input\":\"required name=search_term_string\"}],\"inLanguage\":\"it-IT\"},{\"@type\":\"Person\",\"@id\":\"https:\/\/staging.varesenews.it\/#\/schema\/person\/995d2e6a31c67237a9a1bc1f0079f3aa\",\"name\":\"Stefania Radman\",\"image\":{\"@type\":\"ImageObject\",\"inLanguage\":\"it-IT\",\"@id\":\"https:\/\/staging.varesenews.it\/#\/schema\/person\/image\/\",\"url\":\"https:\/\/staging.varesenews.it\/wp-content\/uploads\/2020\/12\/stefania_radman_colori_500.jpg\",\"contentUrl\":\"https:\/\/staging.varesenews.it\/wp-content\/uploads\/2020\/12\/stefania_radman_colori_500.jpg\",\"caption\":\"Stefania Radman\"},\"description\":\"Varesina dal 1991, lavoro dal 2000 per Varesenews.it, prima come responsabile della pagina dell&rsquo;economia, poi della pagina life, ora della citt&agrave; di Varese.Ma sono (e sono stata) anche altro: per esempio, agli albori delle radio private ero dj in una radio milanese, Onda Radio. Da 20 anni sono corrispondente da Varese di Radio Popolare e ho collaborato con Espresso, Repubblica, Diario della Settimana, Italia Oggi. &ldquo;Smanettona&rdquo; da sempre, ho aperto il mio primo sito personale con Geocities nei primi anni novanta (chi se lo ricorda?) e i miei primi blog in Splinder all&rsquo;inizio del 2000. Ora sono sui social: qui quasi sempre sono semplicemente \\\"LaRadman&rdquo;.\",\"sameAs\":[\"http:\/\/laradman.blogspot.it\",\"https:\/\/www.facebook.com\/stefaniaradman\",\"@LaRadman\",\"https:\/\/www.linkedin.com\/in\/stefaniaradman\",\"https:\/\/twitter.com\/LaRadman\"],\"url\":\"https:\/\/staging.varesenews.it\/persona\/stefania-radman1\/\"}]}<\/script>\n<!-- \/ Yoast SEO plugin. -->","yoast_head_json":{"title":"Varese cerca sette nuovi vigili","description":"Quattro entro fine anno, tre nel 2020: pubblicto Il bando per il concorso pubblico","robots":{"index":"noindex","follow":"follow","max-snippet":"max-snippet:-1","max-image-preview":"max-image-preview:large","max-video-preview":"max-video-preview:-1"},"og_locale":"it_IT","og_type":"article","og_title":"Varese cerca sette nuovi vigili","og_description":"Quattro entro fine anno, tre nel 2020: pubblicto Il bando per il concorso pubblico","og_url":"https:\/\/staging.varesenews.it\/2019\/10\/varese-cerca-sette-nuovi-vigili\/861091\/","og_site_name":"VareseNews","article_publisher":"https:\/\/www.facebook.com\/varesenews","article_author":"https:\/\/www.facebook.com\/stefaniaradman","article_published_time":"2019-10-08T16:31:24+00:00","article_modified_time":"2019-10-08T18:15:05+00:00","author":"Stefania Radman","twitter_card":"summary_large_image","twitter_creator":"@LaRadman","twitter_site":"@varesenews","twitter_misc":{"Scritto da":"Stefania Radman","Tempo di lettura stimato":"1 minuto"},"schema":{"@context":"https:\/\/schema.org","@graph":[{"@type":"WebPage","@id":"https:\/\/staging.varesenews.it\/2019\/10\/varese-cerca-sette-nuovi-vigili\/861091\/","url":"https:\/\/staging.varesenews.it\/2019\/10\/varese-cerca-sette-nuovi-vigili\/861091\/","name":"Varese cerca sette nuovi vigili","isPartOf":{"@id":"https:\/\/staging.varesenews.it\/#website"},"datePublished":"2019-10-08T16:31:24+00:00","dateModified":"2019-10-08T18:15:05+00:00","author":{"@id":"https:\/\/staging.varesenews.it\/#\/schema\/person\/995d2e6a31c67237a9a1bc1f0079f3aa"},"description":"Quattro entro fine anno, tre nel 2020: pubblicto Il bando per il concorso pubblico","breadcrumb":{"@id":"https:\/\/staging.varesenews.it\/2019\/10\/varese-cerca-sette-nuovi-vigili\/861091\/#breadcrumb"},"inLanguage":"it-IT","potentialAction":[{"@type":"ReadAction","target":["https:\/\/staging.varesenews.it\/2019\/10\/varese-cerca-sette-nuovi-vigili\/861091\/"]}]},{"@type":"BreadcrumbList","@id":"https:\/\/staging.varesenews.it\/2019\/10\/varese-cerca-sette-nuovi-vigili\/861091\/#breadcrumb","itemListElement":[{"@type":"ListItem","position":1,"name":"Home","item":"https:\/\/www.varesenews.it\/"},{"@type":"ListItem","position":2,"name":"Varese cerca sette nuovi vigili"}]},{"@type":"WebSite","@id":"https:\/\/staging.varesenews.it\/#website","url":"https:\/\/staging.varesenews.it\/","name":"VareseNews","description":"","potentialAction":[{"@type":"SearchAction","target":{"@type":"EntryPoint","urlTemplate":"https:\/\/staging.varesenews.it\/?s={search_term_string}"},"query-input":"required name=search_term_string"}],"inLanguage":"it-IT"},{"@type":"Person","@id":"https:\/\/staging.varesenews.it\/#\/schema\/person\/995d2e6a31c67237a9a1bc1f0079f3aa","name":"Stefania Radman","image":{"@type":"ImageObject","inLanguage":"it-IT","@id":"https:\/\/staging.varesenews.it\/#\/schema\/person\/image\/","url":"https:\/\/staging.varesenews.it\/wp-content\/uploads\/2020\/12\/stefania_radman_colori_500.jpg","contentUrl":"https:\/\/staging.varesenews.it\/wp-content\/uploads\/2020\/12\/stefania_radman_colori_500.jpg","caption":"Stefania Radman"},"description":"Varesina dal 1991, lavoro dal 2000 per Varesenews.it, prima come responsabile della pagina dell&rsquo;economia, poi della pagina life, ora della citt&agrave; di Varese.Ma sono (e sono stata) anche altro: per esempio, agli albori delle radio private ero dj in una radio milanese, Onda Radio. Da 20 anni sono corrispondente da Varese di Radio Popolare e ho collaborato con Espresso, Repubblica, Diario della Settimana, Italia Oggi. &ldquo;Smanettona&rdquo; da sempre, ho aperto il mio primo sito personale con Geocities nei primi anni novanta (chi se lo ricorda?) e i miei primi blog in Splinder all&rsquo;inizio del 2000. Ora sono sui social: qui quasi sempre sono semplicemente \"LaRadman&rdquo;.","sameAs":["http:\/\/laradman.blogspot.it","https:\/\/www.facebook.com\/stefaniaradman","@LaRadman","https:\/\/www.linkedin.com\/in\/stefaniaradman","https:\/\/twitter.com\/LaRadman"],"url":"https:\/\/staging.varesenews.it\/persona\/stefania-radman1\/"}]}},"post_meta":{"_edit_lock":"1570569250:52","_edit_last":"52","_category_permalink":"a:1:{s:8:\"category\";s:0:\"\";}","ratings_users":"0","ratings_score":"0","ratings_average":"0","foto":"745592","argomento":"Varese","_yoast_wpseo_focuskw_text_input":"vigili","_yoast_wpseo_focuskw":"vigili","_yoast_wpseo_linkdex":"51","_yoast_wpseo_content_score":"30","_jd_tweet_this":"yes","_wpt_short_url":"https:\/\/www.varesenews.it\/2019\/10\/varese-cerca-sette-nuovi-vigili\/861091\/","_wp_jd_target":"https:\/\/www.varesenews.it\/2019\/10\/varese-cerca-sette-nuovi-vigili\/861091\/","_jd_wp_twitter":"a:1:{i:0;s:119:\"Varese cerca sette nuovi vigili https:\/\/www.varesenews.it\/2019\/10\/varese-cerca-sette-nuovi-vigili\/861091\/ #vigiliurbani\";}","_wpt_status_message":"Tweet inviato con successo.","firma_come_redazione":"1"},"photos":[{"original":"https:\/\/staging.varesenews.it\/photogallery_new\/images\/2019\/06\/generico-2018-745592.jpg","full":"https:\/\/staging.varesenews.it\/photogallery_new\/images\/2019\/06\/generico-2018-745592.1024x768.jpg","large":"https:\/\/staging.varesenews.it\/photogallery_new\/images\/2019\/06\/generico-2018-745592.610x431.jpg"}],"_links":{"self":[{"href":"https:\/\/staging.varesenews.it\/swgapi\/v1\/wp\/v2\/posts\/861091"}],"collection":[{"href":"https:\/\/staging.varesenews.it\/swgapi\/v1\/wp\/v2\/posts"}],"about":[{"href":"https:\/\/staging.varesenews.it\/swgapi\/v1\/wp\/v2\/types\/post"}],"author":[{"embeddable":true,"href":"https:\/\/staging.varesenews.it\/swgapi\/v1\/wp\/v2\/users\/48"}],"replies":[{"embeddable":true,"href":"https:\/\/staging.varesenews.it\/swgapi\/v1\/wp\/v2\/comments?post=861091"}],"version-history":[{"count":0,"href":"https:\/\/staging.varesenews.it\/swgapi\/v1\/wp\/v2\/posts\/861091\/revisions"}],"wp:attachment":[{"href":"https:\/\/staging.varesenews.it\/swgapi\/v1\/wp\/v2\/media?parent=861091"}],"wp:term":[{"taxonomy":"category","embeddable":true,"href":"https:\/\/staging.varesenews.it\/swgapi\/v1\/wp\/v2\/categories?post=861091"},{"taxonomy":"post_tag","embeddable":true,"href":"https:\/\/staging.varesenews.it\/swgapi\/v1\/wp\/v2\/tags?post=861091"}],"curies":[{"name":"wp","href":"https:\/\/api.w.org\/{rel}","templated":true}]}}